{"id":33935,"date":"2025-09-16T19:57:14","date_gmt":"2025-09-16T17:57:14","guid":{"rendered":"https:\/\/www.ladiagonale.net\/?p=33935"},"modified":"2025-09-16T19:57:15","modified_gmt":"2025-09-16T17:57:15","slug":"golovin-absent-plusieurs-semaines","status":"publish","type":"post","link":"https:\/\/www.ladiagonale.net\/index.php\/2025\/09\/16\/golovin-absent-plusieurs-semaines\/","title":{"rendered":"Golovin absent plusieurs semaines"},"content":{"rendered":"\n<p>Plut\u00f4t en jambes lors des premi\u00e8res semaines de comp\u00e9tition, Aleksandr Golovin se voit d\u00e9j\u00e0 coup\u00e9 dans son \u00e9lan. Touch\u00e9 \u00e0 l\u2019ischio de la cuisse droite, le Russe avait \u00e9t\u00e9 pr\u00e9serv\u00e9 pour la rencontre contre Auxerre samedi mais il devrait en rater plusieurs encore. Selon l\u2019<em>AFP<\/em>, les examens r\u00e9alis\u00e9s auraient r\u00e9v\u00e9l\u00e9 une blessure plus s\u00e9rieuse que celle initialement diagnostiqu\u00e9e et le staff aurait d\u00e9j\u00e0 ent\u00e9rin\u00e9 son forfait pour les prochaines semaines.<\/p>\n\n\n\n<p>Le milieu de terrain de 29 ans ne sera pas du d\u00e9placement \u00e0 Bruges, jeudi, en Ligue des champions mais il devrait aussi manquer les matches contre Metz (21 septembre), Lorient (27 septembre) et possiblement Manchester City le 1er octobre. L\u2019agence de presse indique que sa pr\u00e9sence pour le derby contre Nice, pr\u00e9vu le 5 octobre, pourrait \u00e9galement \u00eatre compromise. Pour l\u2019ASM, il faudra donc pouvoir compter rapidement sur Ansu Fati, qui doit faire son retour dans le groupe pour Bruges, et Stanis Idumbo, actuellement en reprise.<\/p>\n","protected":false},"excerpt":{"rendered":"<p>Plut\u00f4t en jambes lors des premi\u00e8res semaines de comp\u00e9tition, Aleksandr Golovin se voit d\u00e9j\u00e0 coup\u00e9 dans son \u00e9lan. Touch\u00e9 \u00e0 l\u2019ischio de la cuisse droite, le Russe avait \u00e9t\u00e9 pr\u00e9serv\u00e9 pour la rencontre contre Auxerre samedi mais il devrait en rater plusieurs encore. Selon l\u2019AFP, les examens r\u00e9alis\u00e9s auraient r\u00e9v\u00e9l\u00e9 une blessure plus s\u00e9rieuse que [&#8230;]\n","protected":false},"author":2,"featured_media":0,"comment_status":"closed","ping_status":"open","sticky":false,"template":"","format":"standard","meta":[],"categories":[4,6,1035],"tags":[184,86,196],"yoast_head":"<!-- This site is optimized with the Yoast SEO plugin v19.8 - https:\/\/yoast.com\/wordpress\/plugins\/seo\/ -->\n<title>Golovin absent plusieurs semaines - La Diagonale<\/title>\n<meta name=\"robots\" content=\"index, follow, max-snippet:-1, max-image-preview:large, max-video-preview:-1\" \/>\n<link rel=\"canonical\" href=\"https:\/\/www.ladiagonale.net\/index.php\/2025\/09\/16\/golovin-absent-plusieurs-semaines\/\" \/>\n<meta property=\"og:locale\" content=\"fr_FR\" \/>\n<meta property=\"og:type\" content=\"article\" \/>\n<meta property=\"og:title\" content=\"Golovin absent plusieurs semaines - La Diagonale\" \/>\n<meta property=\"og:description\" content=\"Plut\u00f4t en jambes lors des premi\u00e8res semaines de comp\u00e9tition, Aleksandr Golovin se voit d\u00e9j\u00e0 coup\u00e9 dans son \u00e9lan. Touch\u00e9 \u00e0 l\u2019ischio de la cuisse droite, le Russe avait \u00e9t\u00e9 pr\u00e9serv\u00e9 pour la rencontre contre Auxerre samedi mais il devrait en rater plusieurs encore. Selon l\u2019AFP, les examens r\u00e9alis\u00e9s auraient r\u00e9v\u00e9l\u00e9 une blessure plus s\u00e9rieuse que [...]\" \/>\n<meta property=\"og:url\" content=\"https:\/\/www.ladiagonale.net\/index.php\/2025\/09\/16\/golovin-absent-plusieurs-semaines\/\" \/>\n<meta property=\"og:site_name\" content=\"La Diagonale\" \/>\n<meta property=\"article:published_time\" content=\"2025-09-16T17:57:14+00:00\" \/>\n<meta property=\"article:modified_time\" content=\"2025-09-16T17:57:15+00:00\" \/>\n<meta property=\"og:image\" content=\"https:\/\/www.ladiagonale.net\/wp-content\/uploads\/2025\/07\/Golovin-cercle.png\" \/>\n\t<meta property=\"og:image:width\" content=\"1160\" \/>\n\t<meta property=\"og:image:height\" content=\"650\" \/>\n\t<meta property=\"og:image:type\" content=\"image\/png\" \/>\n<meta name=\"author\" content=\"Damien Dellerba\" \/>\n<meta name=\"twitter:card\" content=\"summary_large_image\" \/>\n<meta name=\"twitter:image\" content=\"https:\/\/www.ladiagonale.net\/wp-content\/uploads\/2025\/07\/Golovin-cercle.png\" \/>\n<meta name=\"twitter:label1\" content=\"\u00c9crit par\" \/>\n\t<meta name=\"twitter:data1\" content=\"Damien Dellerba\" \/>\n\t<meta name=\"twitter:label2\" content=\"Dur\u00e9e de lecture estim\u00e9e\" \/>\n\t<meta name=\"twitter:data2\" content=\"1 minute\" \/>\n<script type=\"application\/ld+json\" class=\"yoast-schema-graph\">{\"@context\":\"https:\/\/schema.org\",\"@graph\":[{\"@type\":\"WebPage\",\"@id\":\"https:\/\/www.ladiagonale.net\/index.php\/2025\/09\/16\/golovin-absent-plusieurs-semaines\/\",\"url\":\"https:\/\/www.ladiagonale.net\/index.php\/2025\/09\/16\/golovin-absent-plusieurs-semaines\/\",\"name\":\"Golovin absent plusieurs semaines - La Diagonale\",\"isPartOf\":{\"@id\":\"https:\/\/www.ladiagonale.net\/#website\"},\"datePublished\":\"2025-09-16T17:57:14+00:00\",\"dateModified\":\"2025-09-16T17:57:15+00:00\",\"author\":{\"@id\":\"https:\/\/www.ladiagonale.net\/#\/schema\/person\/79ff1e7b0853ed01b2aa26e64ad300bf\"},\"breadcrumb\":{\"@id\":\"https:\/\/www.ladiagonale.net\/index.php\/2025\/09\/16\/golovin-absent-plusieurs-semaines\/#breadcrumb\"},\"inLanguage\":\"fr-FR\",\"potentialAction\":[{\"@type\":\"ReadAction\",\"target\":[\"https:\/\/www.ladiagonale.net\/index.php\/2025\/09\/16\/golovin-absent-plusieurs-semaines\/\"]}]},{\"@type\":\"BreadcrumbList\",\"@id\":\"https:\/\/www.ladiagonale.net\/index.php\/2025\/09\/16\/golovin-absent-plusieurs-semaines\/#breadcrumb\",\"itemListElement\":[{\"@type\":\"ListItem\",\"position\":1,\"name\":\"Accueil\",\"item\":\"https:\/\/www.ladiagonale.net\/\"},{\"@type\":\"ListItem\",\"position\":2,\"name\":\"Golovin absent plusieurs semaines\"}]},{\"@type\":\"WebSite\",\"@id\":\"https:\/\/www.ladiagonale.net\/#website\",\"url\":\"https:\/\/www.ladiagonale.net\/\",\"name\":\"La Diagonale\",\"description\":\"Le site des supporters de l&#039;AS Monaco FC\",\"potentialAction\":[{\"@type\":\"SearchAction\",\"target\":{\"@type\":\"EntryPoint\",\"urlTemplate\":\"https:\/\/www.ladiagonale.net\/?s={search_term_string}\"},\"query-input\":\"required name=search_term_string\"}],\"inLanguage\":\"fr-FR\"},{\"@type\":\"Person\",\"@id\":\"https:\/\/www.ladiagonale.net\/#\/schema\/person\/79ff1e7b0853ed01b2aa26e64ad300bf\",\"name\":\"Damien Dellerba\",\"image\":{\"@type\":\"ImageObject\",\"inLanguage\":\"fr-FR\",\"@id\":\"https:\/\/www.ladiagonale.net\/#\/schema\/person\/image\/\",\"url\":\"https:\/\/secure.gravatar.com\/avatar\/c7850e06d3ff63cdbaee88b7fc16e2f0?s=96&d=mm&r=g\",\"contentUrl\":\"https:\/\/secure.gravatar.com\/avatar\/c7850e06d3ff63cdbaee88b7fc16e2f0?s=96&d=mm&r=g\",\"caption\":\"Damien Dellerba\"},\"url\":\"https:\/\/www.ladiagonale.net\/index.php\/author\/damien\/\"}]}<\/script>\n<!-- \/ Yoast SEO plugin. -->","yoast_head_json":{"title":"Golovin absent plusieurs semaines - La Diagonale","robots":{"index":"index","follow":"follow","max-snippet":"max-snippet:-1","max-image-preview":"max-image-preview:large","max-video-preview":"max-video-preview:-1"},"canonical":"https:\/\/www.ladiagonale.net\/index.php\/2025\/09\/16\/golovin-absent-plusieurs-semaines\/","og_locale":"fr_FR","og_type":"article","og_title":"Golovin absent plusieurs semaines - La Diagonale","og_description":"Plut\u00f4t en jambes lors des premi\u00e8res semaines de comp\u00e9tition, Aleksandr Golovin se voit d\u00e9j\u00e0 coup\u00e9 dans son \u00e9lan. Touch\u00e9 \u00e0 l\u2019ischio de la cuisse droite, le Russe avait \u00e9t\u00e9 pr\u00e9serv\u00e9 pour la rencontre contre Auxerre samedi mais il devrait en rater plusieurs encore. Selon l\u2019AFP, les examens r\u00e9alis\u00e9s auraient r\u00e9v\u00e9l\u00e9 une blessure plus s\u00e9rieuse que [...]","og_url":"https:\/\/www.ladiagonale.net\/index.php\/2025\/09\/16\/golovin-absent-plusieurs-semaines\/","og_site_name":"La Diagonale","article_published_time":"2025-09-16T17:57:14+00:00","article_modified_time":"2025-09-16T17:57:15+00:00","og_image":[{"width":1160,"height":650,"url":"https:\/\/www.ladiagonale.net\/wp-content\/uploads\/2025\/07\/Golovin-cercle.png","type":"image\/png"}],"author":"Damien Dellerba","twitter_card":"summary_large_image","twitter_image":"https:\/\/www.ladiagonale.net\/wp-content\/uploads\/2025\/07\/Golovin-cercle.png","twitter_misc":{"\u00c9crit par":"Damien Dellerba","Dur\u00e9e de lecture estim\u00e9e":"1 minute"},"schema":{"@context":"https:\/\/schema.org","@graph":[{"@type":"WebPage","@id":"https:\/\/www.ladiagonale.net\/index.php\/2025\/09\/16\/golovin-absent-plusieurs-semaines\/","url":"https:\/\/www.ladiagonale.net\/index.php\/2025\/09\/16\/golovin-absent-plusieurs-semaines\/","name":"Golovin absent plusieurs semaines - La Diagonale","isPartOf":{"@id":"https:\/\/www.ladiagonale.net\/#website"},"datePublished":"2025-09-16T17:57:14+00:00","dateModified":"2025-09-16T17:57:15+00:00","author":{"@id":"https:\/\/www.ladiagonale.net\/#\/schema\/person\/79ff1e7b0853ed01b2aa26e64ad300bf"},"breadcrumb":{"@id":"https:\/\/www.ladiagonale.net\/index.php\/2025\/09\/16\/golovin-absent-plusieurs-semaines\/#breadcrumb"},"inLanguage":"fr-FR","potentialAction":[{"@type":"ReadAction","target":["https:\/\/www.ladiagonale.net\/index.php\/2025\/09\/16\/golovin-absent-plusieurs-semaines\/"]}]},{"@type":"BreadcrumbList","@id":"https:\/\/www.ladiagonale.net\/index.php\/2025\/09\/16\/golovin-absent-plusieurs-semaines\/#breadcrumb","itemListElement":[{"@type":"ListItem","position":1,"name":"Accueil","item":"https:\/\/www.ladiagonale.net\/"},{"@type":"ListItem","position":2,"name":"Golovin absent plusieurs semaines"}]},{"@type":"WebSite","@id":"https:\/\/www.ladiagonale.net\/#website","url":"https:\/\/www.ladiagonale.net\/","name":"La Diagonale","description":"Le site des supporters de l&#039;AS Monaco FC","potentialAction":[{"@type":"SearchAction","target":{"@type":"EntryPoint","urlTemplate":"https:\/\/www.ladiagonale.net\/?s={search_term_string}"},"query-input":"required name=search_term_string"}],"inLanguage":"fr-FR"},{"@type":"Person","@id":"https:\/\/www.ladiagonale.net\/#\/schema\/person\/79ff1e7b0853ed01b2aa26e64ad300bf","name":"Damien Dellerba","image":{"@type":"ImageObject","inLanguage":"fr-FR","@id":"https:\/\/www.ladiagonale.net\/#\/schema\/person\/image\/","url":"https:\/\/secure.gravatar.com\/avatar\/c7850e06d3ff63cdbaee88b7fc16e2f0?s=96&d=mm&r=g","contentUrl":"https:\/\/secure.gravatar.com\/avatar\/c7850e06d3ff63cdbaee88b7fc16e2f0?s=96&d=mm&r=g","caption":"Damien Dellerba"},"url":"https:\/\/www.ladiagonale.net\/index.php\/author\/damien\/"}]}},"_links":{"self":[{"href":"https:\/\/www.ladiagonale.net\/index.php\/wp-json\/wp\/v2\/posts\/33935"}],"collection":[{"href":"https:\/\/www.ladiagonale.net\/index.php\/wp-json\/wp\/v2\/posts"}],"about":[{"href":"https:\/\/www.ladiagonale.net\/index.php\/wp-json\/wp\/v2\/types\/post"}],"author":[{"embeddable":true,"href":"https:\/\/www.ladiagonale.net\/index.php\/wp-json\/wp\/v2\/users\/2"}],"replies":[{"embeddable":true,"href":"https:\/\/www.ladiagonale.net\/index.php\/wp-json\/wp\/v2\/comments?post=33935"}],"version-history":[{"count":2,"href":"https:\/\/www.ladiagonale.net\/index.php\/wp-json\/wp\/v2\/posts\/33935\/revisions"}],"predecessor-version":[{"id":33937,"href":"https:\/\/www.ladiagonale.net\/index.php\/wp-json\/wp\/v2\/posts\/33935\/revisions\/33937"}],"wp:attachment":[{"href":"https:\/\/www.ladiagonale.net\/index.php\/wp-json\/wp\/v2\/media?parent=33935"}],"wp:term":[{"taxonomy":"category","embeddable":true,"href":"https:\/\/www.ladiagonale.net\/index.php\/wp-json\/wp\/v2\/categories?post=33935"},{"taxonomy":"post_tag","embeddable":true,"href":"https:\/\/www.ladiagonale.net\/index.php\/wp-json\/wp\/v2\/tags?post=33935"}],"curies":[{"name":"wp","href":"https:\/\/api.w.org\/{rel}","templated":true}]}}