{"id":33943,"date":"2025-09-17T16:12:51","date_gmt":"2025-09-17T14:12:51","guid":{"rendered":"https:\/\/www.ladiagonale.net\/?p=33943"},"modified":"2025-09-17T16:12:52","modified_gmt":"2025-09-17T14:12:52","slug":"pour-bruges-un-arbitre-novice-en-ligue-des-champions","status":"publish","type":"post","link":"https:\/\/www.ladiagonale.net\/index.php\/2025\/09\/17\/pour-bruges-un-arbitre-novice-en-ligue-des-champions\/","title":{"rendered":"Pour Bruges, un arbitre novice en Ligue des champions"},"content":{"rendered":"\n<p>L\u2019AS Monaco avait sans doute regrett\u00e9 la nomination de Maurizio Mariani, un arbitre italien relativement peu exp\u00e9riment\u00e9 en Ligue des champions, lors du barrage aller contre Benfica <em>(0-1, le 12 f\u00e9vrier)<\/em>. Pour affronter Bruges, jeudi, lors de la premi\u00e8re lev\u00e9e de Ligue des champions, celui-ci sera compl\u00e8tement novice. Simone Sozza, arbitre italien de 38 ans, va en effet diriger son tout premier match dans la comp\u00e9tition.<\/p>\n\n\n\n<p>Il sera assist\u00e9 par Alessio Berti et de Davide Imperiale. Aleandro Di Paolo et Carlos del Cerro Grande seront les arbitres \u00e0 la vid\u00e9o. \u00c0 noter que le quatri\u00e8me arbitre, Davide Massa, avait arbitr\u00e9 l&rsquo;ASM lors de son d\u00e9placement \u00e0 Arsenal l&rsquo;ann\u00e9e derni\u00e8re <em>(0-3, le 11 d\u00e9cembre 2024)<\/em>.<\/p>\n","protected":false},"excerpt":{"rendered":"<p>L\u2019AS Monaco avait sans doute regrett\u00e9 la nomination de Maurizio Mariani, un arbitre italien relativement peu exp\u00e9riment\u00e9 en Ligue des champions, lors du barrage aller contre Benfica (0-1, le 12 f\u00e9vrier). Pour affronter Bruges, jeudi, lors de la premi\u00e8re lev\u00e9e de Ligue des champions, celui-ci sera compl\u00e8tement novice. Simone Sozza, arbitre italien de 38 ans, [&#8230;]\n","protected":false},"author":2,"featured_media":0,"comment_status":"open","ping_status":"open","sticky":false,"template":"","format":"standard","meta":[],"categories":[6,1001],"tags":[156,86,1130,287,1131],"yoast_head":"<!-- This site is optimized with the Yoast SEO plugin v19.8 - https:\/\/yoast.com\/wordpress\/plugins\/seo\/ -->\n<title>Pour Bruges, un arbitre novice en Ligue des champions - La Diagonale<\/title>\n<meta name=\"robots\" content=\"index, follow, max-snippet:-1, max-image-preview:large, max-video-preview:-1\" \/>\n<link rel=\"canonical\" href=\"https:\/\/www.ladiagonale.net\/index.php\/2025\/09\/17\/pour-bruges-un-arbitre-novice-en-ligue-des-champions\/\" \/>\n<meta property=\"og:locale\" content=\"fr_FR\" \/>\n<meta property=\"og:type\" content=\"article\" \/>\n<meta property=\"og:title\" content=\"Pour Bruges, un arbitre novice en Ligue des champions - La Diagonale\" \/>\n<meta property=\"og:description\" content=\"L\u2019AS Monaco avait sans doute regrett\u00e9 la nomination de Maurizio Mariani, un arbitre italien relativement peu exp\u00e9riment\u00e9 en Ligue des champions, lors du barrage aller contre Benfica (0-1, le 12 f\u00e9vrier). Pour affronter Bruges, jeudi, lors de la premi\u00e8re lev\u00e9e de Ligue des champions, celui-ci sera compl\u00e8tement novice. Simone Sozza, arbitre italien de 38 ans, [...]\" \/>\n<meta property=\"og:url\" content=\"https:\/\/www.ladiagonale.net\/index.php\/2025\/09\/17\/pour-bruges-un-arbitre-novice-en-ligue-des-champions\/\" \/>\n<meta property=\"og:site_name\" content=\"La Diagonale\" \/>\n<meta property=\"article:published_time\" content=\"2025-09-17T14:12:51+00:00\" \/>\n<meta property=\"article:modified_time\" content=\"2025-09-17T14:12:52+00:00\" \/>\n<meta property=\"og:image\" content=\"https:\/\/www.ladiagonale.net\/wp-content\/uploads\/2025\/09\/Sozza.png\" \/>\n\t<meta property=\"og:image:width\" content=\"1160\" \/>\n\t<meta property=\"og:image:height\" content=\"650\" \/>\n\t<meta property=\"og:image:type\" content=\"image\/png\" \/>\n<meta name=\"author\" content=\"Damien Dellerba\" \/>\n<meta name=\"twitter:card\" content=\"summary_large_image\" \/>\n<meta name=\"twitter:image\" content=\"https:\/\/www.ladiagonale.net\/wp-content\/uploads\/2025\/09\/Sozza.png\" \/>\n<meta name=\"twitter:label1\" content=\"\u00c9crit par\" \/>\n\t<meta name=\"twitter:data1\" content=\"Damien Dellerba\" \/>\n\t<meta name=\"twitter:label2\" content=\"Dur\u00e9e de lecture estim\u00e9e\" \/>\n\t<meta name=\"twitter:data2\" content=\"1 minute\" \/>\n<script type=\"application\/ld+json\" class=\"yoast-schema-graph\">{\"@context\":\"https:\/\/schema.org\",\"@graph\":[{\"@type\":\"WebPage\",\"@id\":\"https:\/\/www.ladiagonale.net\/index.php\/2025\/09\/17\/pour-bruges-un-arbitre-novice-en-ligue-des-champions\/\",\"url\":\"https:\/\/www.ladiagonale.net\/index.php\/2025\/09\/17\/pour-bruges-un-arbitre-novice-en-ligue-des-champions\/\",\"name\":\"Pour Bruges, un arbitre novice en Ligue des champions - La Diagonale\",\"isPartOf\":{\"@id\":\"https:\/\/www.ladiagonale.net\/#website\"},\"datePublished\":\"2025-09-17T14:12:51+00:00\",\"dateModified\":\"2025-09-17T14:12:52+00:00\",\"author\":{\"@id\":\"https:\/\/www.ladiagonale.net\/#\/schema\/person\/79ff1e7b0853ed01b2aa26e64ad300bf\"},\"breadcrumb\":{\"@id\":\"https:\/\/www.ladiagonale.net\/index.php\/2025\/09\/17\/pour-bruges-un-arbitre-novice-en-ligue-des-champions\/#breadcrumb\"},\"inLanguage\":\"fr-FR\",\"potentialAction\":[{\"@type\":\"ReadAction\",\"target\":[\"https:\/\/www.ladiagonale.net\/index.php\/2025\/09\/17\/pour-bruges-un-arbitre-novice-en-ligue-des-champions\/\"]}]},{\"@type\":\"BreadcrumbList\",\"@id\":\"https:\/\/www.ladiagonale.net\/index.php\/2025\/09\/17\/pour-bruges-un-arbitre-novice-en-ligue-des-champions\/#breadcrumb\",\"itemListElement\":[{\"@type\":\"ListItem\",\"position\":1,\"name\":\"Accueil\",\"item\":\"https:\/\/www.ladiagonale.net\/\"},{\"@type\":\"ListItem\",\"position\":2,\"name\":\"Pour Bruges, un arbitre novice en Ligue des champions\"}]},{\"@type\":\"WebSite\",\"@id\":\"https:\/\/www.ladiagonale.net\/#website\",\"url\":\"https:\/\/www.ladiagonale.net\/\",\"name\":\"La Diagonale\",\"description\":\"Le site des supporters de l&#039;AS Monaco FC\",\"potentialAction\":[{\"@type\":\"SearchAction\",\"target\":{\"@type\":\"EntryPoint\",\"urlTemplate\":\"https:\/\/www.ladiagonale.net\/?s={search_term_string}\"},\"query-input\":\"required name=search_term_string\"}],\"inLanguage\":\"fr-FR\"},{\"@type\":\"Person\",\"@id\":\"https:\/\/www.ladiagonale.net\/#\/schema\/person\/79ff1e7b0853ed01b2aa26e64ad300bf\",\"name\":\"Damien Dellerba\",\"image\":{\"@type\":\"ImageObject\",\"inLanguage\":\"fr-FR\",\"@id\":\"https:\/\/www.ladiagonale.net\/#\/schema\/person\/image\/\",\"url\":\"https:\/\/secure.gravatar.com\/avatar\/c7850e06d3ff63cdbaee88b7fc16e2f0?s=96&d=mm&r=g\",\"contentUrl\":\"https:\/\/secure.gravatar.com\/avatar\/c7850e06d3ff63cdbaee88b7fc16e2f0?s=96&d=mm&r=g\",\"caption\":\"Damien Dellerba\"},\"url\":\"https:\/\/www.ladiagonale.net\/index.php\/author\/damien\/\"}]}<\/script>\n<!-- \/ Yoast SEO plugin. -->","yoast_head_json":{"title":"Pour Bruges, un arbitre novice en Ligue des champions - La Diagonale","robots":{"index":"index","follow":"follow","max-snippet":"max-snippet:-1","max-image-preview":"max-image-preview:large","max-video-preview":"max-video-preview:-1"},"canonical":"https:\/\/www.ladiagonale.net\/index.php\/2025\/09\/17\/pour-bruges-un-arbitre-novice-en-ligue-des-champions\/","og_locale":"fr_FR","og_type":"article","og_title":"Pour Bruges, un arbitre novice en Ligue des champions - La Diagonale","og_description":"L\u2019AS Monaco avait sans doute regrett\u00e9 la nomination de Maurizio Mariani, un arbitre italien relativement peu exp\u00e9riment\u00e9 en Ligue des champions, lors du barrage aller contre Benfica (0-1, le 12 f\u00e9vrier). Pour affronter Bruges, jeudi, lors de la premi\u00e8re lev\u00e9e de Ligue des champions, celui-ci sera compl\u00e8tement novice. Simone Sozza, arbitre italien de 38 ans, [...]","og_url":"https:\/\/www.ladiagonale.net\/index.php\/2025\/09\/17\/pour-bruges-un-arbitre-novice-en-ligue-des-champions\/","og_site_name":"La Diagonale","article_published_time":"2025-09-17T14:12:51+00:00","article_modified_time":"2025-09-17T14:12:52+00:00","og_image":[{"width":1160,"height":650,"url":"https:\/\/www.ladiagonale.net\/wp-content\/uploads\/2025\/09\/Sozza.png","type":"image\/png"}],"author":"Damien Dellerba","twitter_card":"summary_large_image","twitter_image":"https:\/\/www.ladiagonale.net\/wp-content\/uploads\/2025\/09\/Sozza.png","twitter_misc":{"\u00c9crit par":"Damien Dellerba","Dur\u00e9e de lecture estim\u00e9e":"1 minute"},"schema":{"@context":"https:\/\/schema.org","@graph":[{"@type":"WebPage","@id":"https:\/\/www.ladiagonale.net\/index.php\/2025\/09\/17\/pour-bruges-un-arbitre-novice-en-ligue-des-champions\/","url":"https:\/\/www.ladiagonale.net\/index.php\/2025\/09\/17\/pour-bruges-un-arbitre-novice-en-ligue-des-champions\/","name":"Pour Bruges, un arbitre novice en Ligue des champions - La Diagonale","isPartOf":{"@id":"https:\/\/www.ladiagonale.net\/#website"},"datePublished":"2025-09-17T14:12:51+00:00","dateModified":"2025-09-17T14:12:52+00:00","author":{"@id":"https:\/\/www.ladiagonale.net\/#\/schema\/person\/79ff1e7b0853ed01b2aa26e64ad300bf"},"breadcrumb":{"@id":"https:\/\/www.ladiagonale.net\/index.php\/2025\/09\/17\/pour-bruges-un-arbitre-novice-en-ligue-des-champions\/#breadcrumb"},"inLanguage":"fr-FR","potentialAction":[{"@type":"ReadAction","target":["https:\/\/www.ladiagonale.net\/index.php\/2025\/09\/17\/pour-bruges-un-arbitre-novice-en-ligue-des-champions\/"]}]},{"@type":"BreadcrumbList","@id":"https:\/\/www.ladiagonale.net\/index.php\/2025\/09\/17\/pour-bruges-un-arbitre-novice-en-ligue-des-champions\/#breadcrumb","itemListElement":[{"@type":"ListItem","position":1,"name":"Accueil","item":"https:\/\/www.ladiagonale.net\/"},{"@type":"ListItem","position":2,"name":"Pour Bruges, un arbitre novice en Ligue des champions"}]},{"@type":"WebSite","@id":"https:\/\/www.ladiagonale.net\/#website","url":"https:\/\/www.ladiagonale.net\/","name":"La Diagonale","description":"Le site des supporters de l&#039;AS Monaco FC","potentialAction":[{"@type":"SearchAction","target":{"@type":"EntryPoint","urlTemplate":"https:\/\/www.ladiagonale.net\/?s={search_term_string}"},"query-input":"required name=search_term_string"}],"inLanguage":"fr-FR"},{"@type":"Person","@id":"https:\/\/www.ladiagonale.net\/#\/schema\/person\/79ff1e7b0853ed01b2aa26e64ad300bf","name":"Damien Dellerba","image":{"@type":"ImageObject","inLanguage":"fr-FR","@id":"https:\/\/www.ladiagonale.net\/#\/schema\/person\/image\/","url":"https:\/\/secure.gravatar.com\/avatar\/c7850e06d3ff63cdbaee88b7fc16e2f0?s=96&d=mm&r=g","contentUrl":"https:\/\/secure.gravatar.com\/avatar\/c7850e06d3ff63cdbaee88b7fc16e2f0?s=96&d=mm&r=g","caption":"Damien Dellerba"},"url":"https:\/\/www.ladiagonale.net\/index.php\/author\/damien\/"}]}},"_links":{"self":[{"href":"https:\/\/www.ladiagonale.net\/index.php\/wp-json\/wp\/v2\/posts\/33943"}],"collection":[{"href":"https:\/\/www.ladiagonale.net\/index.php\/wp-json\/wp\/v2\/posts"}],"about":[{"href":"https:\/\/www.ladiagonale.net\/index.php\/wp-json\/wp\/v2\/types\/post"}],"author":[{"embeddable":true,"href":"https:\/\/www.ladiagonale.net\/index.php\/wp-json\/wp\/v2\/users\/2"}],"replies":[{"embeddable":true,"href":"https:\/\/www.ladiagonale.net\/index.php\/wp-json\/wp\/v2\/comments?post=33943"}],"version-history":[{"count":1,"href":"https:\/\/www.ladiagonale.net\/index.php\/wp-json\/wp\/v2\/posts\/33943\/revisions"}],"predecessor-version":[{"id":33945,"href":"https:\/\/www.ladiagonale.net\/index.php\/wp-json\/wp\/v2\/posts\/33943\/revisions\/33945"}],"wp:attachment":[{"href":"https:\/\/www.ladiagonale.net\/index.php\/wp-json\/wp\/v2\/media?parent=33943"}],"wp:term":[{"taxonomy":"category","embeddable":true,"href":"https:\/\/www.ladiagonale.net\/index.php\/wp-json\/wp\/v2\/categories?post=33943"},{"taxonomy":"post_tag","embeddable":true,"href":"https:\/\/www.ladiagonale.net\/index.php\/wp-json\/wp\/v2\/tags?post=33943"}],"curies":[{"name":"wp","href":"https:\/\/api.w.org\/{rel}","templated":true}]}}