{"id":34534,"date":"2025-10-09T16:27:53","date_gmt":"2025-10-09T14:27:53","guid":{"rendered":"https:\/\/www.ladiagonale.net\/?p=34534"},"modified":"2025-10-09T16:27:54","modified_gmt":"2025-10-09T14:27:54","slug":"salisu-buteur-avec-le-ghana-2","status":"publish","type":"post","link":"https:\/\/www.ladiagonale.net\/index.php\/2025\/10\/09\/salisu-buteur-avec-le-ghana-2\/","title":{"rendered":"Salisu buteur avec le Ghana"},"content":{"rendered":"\n<p>En difficult\u00e9 avec l\u2019AS Monaco, o\u00f9 il n&rsquo;a jou\u00e9 que trois matches cette saison et n\u2019appara\u00eet que comme le quatri\u00e8me choix dans la hi\u00e9rarchie, Mohammed Salisu se refait une sant\u00e9 en s\u00e9lection avec le Ghana. Le d\u00e9fenseur central, titularis\u00e9 contre la R\u00e9publique centrafricaine pour l\u2019avant-dernier match des \u00e9liminatoires de la Coupe du monde 2026, y est m\u00eame all\u00e9 de son but. En reprenant un corner de Kudus, le Mon\u00e9gasque a ouvert le score pour les <em>Black Stars<\/em>, qui ont ensuite d\u00e9roul\u00e9 (5-0).<\/p>\n\n\n\n<blockquote class=\"twitter-tweet\"><p lang=\"en\" dir=\"ltr\">Mohammed Salisu&#39;s goal against Central African Republic <a href=\"https:\/\/t.co\/9R3OjAAm6u\">pic.twitter.com\/9R3OjAAm6u<\/a><\/p>&mdash; Shaban Mohammed (@ShabanMo9) <a href=\"https:\/\/twitter.com\/ShabanMo9\/status\/1975965227528421383?ref_src=twsrc%5Etfw\">October 8, 2025<\/a><\/blockquote> <script async src=\"https:\/\/platform.twitter.com\/widgets.js\" charset=\"utf-8\"><\/script> \n\n\n\n<p>Mais ce succ\u00e8s ne permet pas encore au Ghana de savourer une qualification pour la Coupe du monde, seulement de s&rsquo;en approcher. Leader de son groupe, avec trois points d&rsquo;avance sur Madagascar, la s\u00e9lection dirig\u00e9e par Otto Addo devra attendre la derni\u00e8re journ\u00e9e et la rencontre face aux Comores, pr\u00e9vue dimanche (21h) pour valider son ticket pour les \u00c9tats-Unis, le Canada et le Mexique.<\/p>\n","protected":false},"excerpt":{"rendered":"<p>En difficult\u00e9 avec l\u2019AS Monaco, o\u00f9 il n&rsquo;a jou\u00e9 que trois matches cette saison et n\u2019appara\u00eet que comme le quatri\u00e8me choix dans la hi\u00e9rarchie, Mohammed Salisu se refait une sant\u00e9 en s\u00e9lection avec le Ghana. Le d\u00e9fenseur central, titularis\u00e9 contre la R\u00e9publique centrafricaine pour l\u2019avant-dernier match des \u00e9liminatoires de la Coupe du monde 2026, y [&#8230;]\n","protected":false},"author":2,"featured_media":0,"comment_status":"open","ping_status":"open","sticky":false,"template":"","format":"standard","meta":[],"categories":[6,1111],"tags":[86,757,618,116],"yoast_head":"<!-- This site is optimized with the Yoast SEO plugin v19.8 - https:\/\/yoast.com\/wordpress\/plugins\/seo\/ -->\n<title>Salisu buteur avec le Ghana - La Diagonale<\/title>\n<meta name=\"robots\" content=\"index, follow, max-snippet:-1, max-image-preview:large, max-video-preview:-1\" \/>\n<link rel=\"canonical\" href=\"https:\/\/www.ladiagonale.net\/index.php\/2025\/10\/09\/salisu-buteur-avec-le-ghana-2\/\" \/>\n<meta property=\"og:locale\" content=\"fr_FR\" \/>\n<meta property=\"og:type\" content=\"article\" \/>\n<meta property=\"og:title\" content=\"Salisu buteur avec le Ghana - La Diagonale\" \/>\n<meta property=\"og:description\" content=\"En difficult\u00e9 avec l\u2019AS Monaco, o\u00f9 il n&rsquo;a jou\u00e9 que trois matches cette saison et n\u2019appara\u00eet que comme le quatri\u00e8me choix dans la hi\u00e9rarchie, Mohammed Salisu se refait une sant\u00e9 en s\u00e9lection avec le Ghana. Le d\u00e9fenseur central, titularis\u00e9 contre la R\u00e9publique centrafricaine pour l\u2019avant-dernier match des \u00e9liminatoires de la Coupe du monde 2026, y [...]\" \/>\n<meta property=\"og:url\" content=\"https:\/\/www.ladiagonale.net\/index.php\/2025\/10\/09\/salisu-buteur-avec-le-ghana-2\/\" \/>\n<meta property=\"og:site_name\" content=\"La Diagonale\" \/>\n<meta property=\"article:published_time\" content=\"2025-10-09T14:27:53+00:00\" \/>\n<meta property=\"article:modified_time\" content=\"2025-10-09T14:27:54+00:00\" \/>\n<meta property=\"og:image\" content=\"https:\/\/www.ladiagonale.net\/wp-content\/uploads\/2024\/01\/salisu-ghana.png\" \/>\n\t<meta property=\"og:image:width\" content=\"1160\" \/>\n\t<meta property=\"og:image:height\" content=\"650\" \/>\n\t<meta property=\"og:image:type\" content=\"image\/png\" \/>\n<meta name=\"author\" content=\"Damien Dellerba\" \/>\n<meta name=\"twitter:card\" content=\"summary_large_image\" \/>\n<meta name=\"twitter:image\" content=\"https:\/\/www.ladiagonale.net\/wp-content\/uploads\/2024\/01\/salisu-ghana.png\" \/>\n<meta name=\"twitter:label1\" content=\"\u00c9crit par\" \/>\n\t<meta name=\"twitter:data1\" content=\"Damien Dellerba\" \/>\n\t<meta name=\"twitter:label2\" content=\"Dur\u00e9e de lecture estim\u00e9e\" \/>\n\t<meta name=\"twitter:data2\" content=\"1 minute\" \/>\n<script type=\"application\/ld+json\" class=\"yoast-schema-graph\">{\"@context\":\"https:\/\/schema.org\",\"@graph\":[{\"@type\":\"WebPage\",\"@id\":\"https:\/\/www.ladiagonale.net\/index.php\/2025\/10\/09\/salisu-buteur-avec-le-ghana-2\/\",\"url\":\"https:\/\/www.ladiagonale.net\/index.php\/2025\/10\/09\/salisu-buteur-avec-le-ghana-2\/\",\"name\":\"Salisu buteur avec le Ghana - La Diagonale\",\"isPartOf\":{\"@id\":\"https:\/\/www.ladiagonale.net\/#website\"},\"datePublished\":\"2025-10-09T14:27:53+00:00\",\"dateModified\":\"2025-10-09T14:27:54+00:00\",\"author\":{\"@id\":\"https:\/\/www.ladiagonale.net\/#\/schema\/person\/79ff1e7b0853ed01b2aa26e64ad300bf\"},\"breadcrumb\":{\"@id\":\"https:\/\/www.ladiagonale.net\/index.php\/2025\/10\/09\/salisu-buteur-avec-le-ghana-2\/#breadcrumb\"},\"inLanguage\":\"fr-FR\",\"potentialAction\":[{\"@type\":\"ReadAction\",\"target\":[\"https:\/\/www.ladiagonale.net\/index.php\/2025\/10\/09\/salisu-buteur-avec-le-ghana-2\/\"]}]},{\"@type\":\"BreadcrumbList\",\"@id\":\"https:\/\/www.ladiagonale.net\/index.php\/2025\/10\/09\/salisu-buteur-avec-le-ghana-2\/#breadcrumb\",\"itemListElement\":[{\"@type\":\"ListItem\",\"position\":1,\"name\":\"Accueil\",\"item\":\"https:\/\/www.ladiagonale.net\/\"},{\"@type\":\"ListItem\",\"position\":2,\"name\":\"Salisu buteur avec le Ghana\"}]},{\"@type\":\"WebSite\",\"@id\":\"https:\/\/www.ladiagonale.net\/#website\",\"url\":\"https:\/\/www.ladiagonale.net\/\",\"name\":\"La Diagonale\",\"description\":\"Le site des supporters de l&#039;AS Monaco FC\",\"potentialAction\":[{\"@type\":\"SearchAction\",\"target\":{\"@type\":\"EntryPoint\",\"urlTemplate\":\"https:\/\/www.ladiagonale.net\/?s={search_term_string}\"},\"query-input\":\"required name=search_term_string\"}],\"inLanguage\":\"fr-FR\"},{\"@type\":\"Person\",\"@id\":\"https:\/\/www.ladiagonale.net\/#\/schema\/person\/79ff1e7b0853ed01b2aa26e64ad300bf\",\"name\":\"Damien Dellerba\",\"image\":{\"@type\":\"ImageObject\",\"inLanguage\":\"fr-FR\",\"@id\":\"https:\/\/www.ladiagonale.net\/#\/schema\/person\/image\/\",\"url\":\"https:\/\/secure.gravatar.com\/avatar\/c7850e06d3ff63cdbaee88b7fc16e2f0?s=96&d=mm&r=g\",\"contentUrl\":\"https:\/\/secure.gravatar.com\/avatar\/c7850e06d3ff63cdbaee88b7fc16e2f0?s=96&d=mm&r=g\",\"caption\":\"Damien Dellerba\"},\"url\":\"https:\/\/www.ladiagonale.net\/index.php\/author\/damien\/\"}]}<\/script>\n<!-- \/ Yoast SEO plugin. -->","yoast_head_json":{"title":"Salisu buteur avec le Ghana - La Diagonale","robots":{"index":"index","follow":"follow","max-snippet":"max-snippet:-1","max-image-preview":"max-image-preview:large","max-video-preview":"max-video-preview:-1"},"canonical":"https:\/\/www.ladiagonale.net\/index.php\/2025\/10\/09\/salisu-buteur-avec-le-ghana-2\/","og_locale":"fr_FR","og_type":"article","og_title":"Salisu buteur avec le Ghana - La Diagonale","og_description":"En difficult\u00e9 avec l\u2019AS Monaco, o\u00f9 il n&rsquo;a jou\u00e9 que trois matches cette saison et n\u2019appara\u00eet que comme le quatri\u00e8me choix dans la hi\u00e9rarchie, Mohammed Salisu se refait une sant\u00e9 en s\u00e9lection avec le Ghana. Le d\u00e9fenseur central, titularis\u00e9 contre la R\u00e9publique centrafricaine pour l\u2019avant-dernier match des \u00e9liminatoires de la Coupe du monde 2026, y [...]","og_url":"https:\/\/www.ladiagonale.net\/index.php\/2025\/10\/09\/salisu-buteur-avec-le-ghana-2\/","og_site_name":"La Diagonale","article_published_time":"2025-10-09T14:27:53+00:00","article_modified_time":"2025-10-09T14:27:54+00:00","og_image":[{"width":1160,"height":650,"url":"https:\/\/www.ladiagonale.net\/wp-content\/uploads\/2024\/01\/salisu-ghana.png","type":"image\/png"}],"author":"Damien Dellerba","twitter_card":"summary_large_image","twitter_image":"https:\/\/www.ladiagonale.net\/wp-content\/uploads\/2024\/01\/salisu-ghana.png","twitter_misc":{"\u00c9crit par":"Damien Dellerba","Dur\u00e9e de lecture estim\u00e9e":"1 minute"},"schema":{"@context":"https:\/\/schema.org","@graph":[{"@type":"WebPage","@id":"https:\/\/www.ladiagonale.net\/index.php\/2025\/10\/09\/salisu-buteur-avec-le-ghana-2\/","url":"https:\/\/www.ladiagonale.net\/index.php\/2025\/10\/09\/salisu-buteur-avec-le-ghana-2\/","name":"Salisu buteur avec le Ghana - La Diagonale","isPartOf":{"@id":"https:\/\/www.ladiagonale.net\/#website"},"datePublished":"2025-10-09T14:27:53+00:00","dateModified":"2025-10-09T14:27:54+00:00","author":{"@id":"https:\/\/www.ladiagonale.net\/#\/schema\/person\/79ff1e7b0853ed01b2aa26e64ad300bf"},"breadcrumb":{"@id":"https:\/\/www.ladiagonale.net\/index.php\/2025\/10\/09\/salisu-buteur-avec-le-ghana-2\/#breadcrumb"},"inLanguage":"fr-FR","potentialAction":[{"@type":"ReadAction","target":["https:\/\/www.ladiagonale.net\/index.php\/2025\/10\/09\/salisu-buteur-avec-le-ghana-2\/"]}]},{"@type":"BreadcrumbList","@id":"https:\/\/www.ladiagonale.net\/index.php\/2025\/10\/09\/salisu-buteur-avec-le-ghana-2\/#breadcrumb","itemListElement":[{"@type":"ListItem","position":1,"name":"Accueil","item":"https:\/\/www.ladiagonale.net\/"},{"@type":"ListItem","position":2,"name":"Salisu buteur avec le Ghana"}]},{"@type":"WebSite","@id":"https:\/\/www.ladiagonale.net\/#website","url":"https:\/\/www.ladiagonale.net\/","name":"La Diagonale","description":"Le site des supporters de l&#039;AS Monaco FC","potentialAction":[{"@type":"SearchAction","target":{"@type":"EntryPoint","urlTemplate":"https:\/\/www.ladiagonale.net\/?s={search_term_string}"},"query-input":"required name=search_term_string"}],"inLanguage":"fr-FR"},{"@type":"Person","@id":"https:\/\/www.ladiagonale.net\/#\/schema\/person\/79ff1e7b0853ed01b2aa26e64ad300bf","name":"Damien Dellerba","image":{"@type":"ImageObject","inLanguage":"fr-FR","@id":"https:\/\/www.ladiagonale.net\/#\/schema\/person\/image\/","url":"https:\/\/secure.gravatar.com\/avatar\/c7850e06d3ff63cdbaee88b7fc16e2f0?s=96&d=mm&r=g","contentUrl":"https:\/\/secure.gravatar.com\/avatar\/c7850e06d3ff63cdbaee88b7fc16e2f0?s=96&d=mm&r=g","caption":"Damien Dellerba"},"url":"https:\/\/www.ladiagonale.net\/index.php\/author\/damien\/"}]}},"_links":{"self":[{"href":"https:\/\/www.ladiagonale.net\/index.php\/wp-json\/wp\/v2\/posts\/34534"}],"collection":[{"href":"https:\/\/www.ladiagonale.net\/index.php\/wp-json\/wp\/v2\/posts"}],"about":[{"href":"https:\/\/www.ladiagonale.net\/index.php\/wp-json\/wp\/v2\/types\/post"}],"author":[{"embeddable":true,"href":"https:\/\/www.ladiagonale.net\/index.php\/wp-json\/wp\/v2\/users\/2"}],"replies":[{"embeddable":true,"href":"https:\/\/www.ladiagonale.net\/index.php\/wp-json\/wp\/v2\/comments?post=34534"}],"version-history":[{"count":1,"href":"https:\/\/www.ladiagonale.net\/index.php\/wp-json\/wp\/v2\/posts\/34534\/revisions"}],"predecessor-version":[{"id":34535,"href":"https:\/\/www.ladiagonale.net\/index.php\/wp-json\/wp\/v2\/posts\/34534\/revisions\/34535"}],"wp:attachment":[{"href":"https:\/\/www.ladiagonale.net\/index.php\/wp-json\/wp\/v2\/media?parent=34534"}],"wp:term":[{"taxonomy":"category","embeddable":true,"href":"https:\/\/www.ladiagonale.net\/index.php\/wp-json\/wp\/v2\/categories?post=34534"},{"taxonomy":"post_tag","embeddable":true,"href":"https:\/\/www.ladiagonale.net\/index.php\/wp-json\/wp\/v2\/tags?post=34534"}],"curies":[{"name":"wp","href":"https:\/\/api.w.org\/{rel}","templated":true}]}}