{"id":34730,"date":"2025-10-17T18:11:07","date_gmt":"2025-10-17T16:11:07","guid":{"rendered":"https:\/\/www.ladiagonale.net\/?p=34730"},"modified":"2025-10-17T18:11:08","modified_gmt":"2025-10-17T16:11:08","slug":"pocognoli-jattends-de-mon-equipe-quelle-joue-avec-une-bonne-attitude","status":"publish","type":"post","link":"https:\/\/www.ladiagonale.net\/index.php\/2025\/10\/17\/pocognoli-jattends-de-mon-equipe-quelle-joue-avec-une-bonne-attitude\/","title":{"rendered":"Pocognoli : \u00ab&nbsp;J\u2019attends de mon \u00e9quipe qu\u2019elle joue avec une bonne attitude&nbsp;\u00bb"},"content":{"rendered":"\n<p>Samedi, \u00e0 Angers, S\u00e9bastien Pocognoli va vivre sa premi\u00e8re rencontre sur le banc de l\u2019AS Monaco. Le technicien belge est impatient de vivre ce moment : \u00ab\u00a0<em>Bien s\u00fbr que j\u2019ai h\u00e2te de d\u00e9marrer, je me sens bien sur un terrain et sur un banc de touche. La derni\u00e8re ligne droite c\u2019est important pour un coach, car tu as envie de voir se r\u00e9aliser ce que tu as travaill\u00e9 \u00e0 l\u2019entra\u00eenement durant la semaine. Il y a donc une forme d\u2019excitation, car j\u2019ai envie de voir rapidement comment se comporte mon \u00e9quipe.<\/em>\u00a0\u00bb<\/p>\n\n\n\n<p>Le transfuge du Club Bruges esp\u00e8re justement voir un bon visage de son \u00e9quipe \u00e0 Angers : \u00ab\u00a0<em>J\u2019attends de mon \u00e9quipe qu\u2019elle joue avec une bonne attitude sur le terrain, un esprit positif, conqu\u00e9rant, en ayant conscience qu\u2019il est difficile de jouer l\u00e0-bas. Si on joue avec nos principes, ceux que j\u2019essaye de transmettre, je serai d\u00e9j\u00e0 tr\u00e8s content, m\u00eame si tout ne sera pas parfait, j\u2019en suis conscient ! Mais c\u2019est pour \u00e7a que je suis l\u00e0, pour progresser de semaine en semaine.<\/em>\u00a0\u00bb<\/p>\n\n\n\n<p>Le nouvel entra\u00eeneur mon\u00e9gasque \u00e9tait en tout cas satisfait de l\u2019\u00e9tat d\u2019esprit affich\u00e9 sur les premiers jours pass\u00e9s au contact du groupe : \u00ab\u00a0<em>En tout cas, j\u2019ai trouv\u00e9 un groupe avec une bonne \u00e9nergie. L\u2019ambiance \u00e9tait bonne et les cadres \u00e9taient tr\u00e8s ouverts aux meetings organis\u00e9s. J\u2019esp\u00e8re donc qu\u2019on aura un bon premier match pour valider tout \u00e7a, ce qui nous permettra d\u2019acc\u00e9l\u00e9rer le processus.\u00a0<\/em>\u00bb<\/p>\n\n\n\n<blockquote class=\"wp-block-quote\"><p><em>\u00ab\u00a0J\u2019essaie de ne pas me fixer de timing pour mettre en place ma philosophie de jeu<\/em> \u00bb<\/p><cite>S\u00e9bastien Pocognoli<\/cite><\/blockquote>\n\n\n\n<p>Pocognoli a expliqu\u00e9 son travail sur ses premiers jours : \u00ab\u00a0<em>J\u2019essaie de mettre un cadre en fonction de ma philosophie, et qu\u2019elle colle avec les qualit\u00e9s des joueurs, mais je pense que \u00e7a peut bien fonctionner. Le but est de leur donner un plan pr\u00e9cis, m\u00eame si nous n\u2019avons pas beaucoup de temps pour travailler cette semaine. Je m\u2019attends \u00e0 ce qu\u2019on puisse d\u00e9j\u00e0 voir cela demain \u00e0 Angers, surtout en termes de structure avec et sans ballon. \u00c0 partir de l\u00e0, j\u2019esp\u00e8re qu\u2019on pourra cr\u00e9er du bon football.<\/em>\u00a0\u00bb<\/p>\n\n\n\n<p>Tout en ayant conscience que le temps et les blessures jouent contre lui : \u00ab\u00a0<em>J\u2019essaie de ne pas me fixer de timing pour mettre en place ma philosophie de jeu. D\u2019autant que pour le moment, il faut \u00eatre r\u00e9aliste, il y a beaucoup d\u2019absents, m\u00eame si je ne vois pas \u00e7a comme une excuse, car \u00e7a me permet aussi de voir d\u2019autres joueurs et essayer peut-\u00eatre d\u2019autres animations qui pourraient me donner plus de possibilit\u00e9s. Donc c\u2019est mon objectif d\u2019avoir une r\u00e9ponse sur le court terme, avant d\u2019avoir davantage d\u2019options une fois que le groupe sera au complet.\u00a0<\/em>\u00bb<\/p>\n\n\n\n<p>Parmi les r\u00e9ponses rapides \u00e0 trouver, celle sur la n\u00e9cessit\u00e9 de faire progresser l\u2019\u00e9quipe dans l\u2019aspect d\u00e9fensif : \u00ab\u00a0<em>J\u2019essaye toujours, en tant qu\u2019ancien lat\u00e9ral, de me mettre \u00e0 la place de mes d\u00e9fenseurs. Quand je jouais, j\u2019utilisais beaucoup les joueurs devant moi pour me prot\u00e9ger au maximum, donc j\u2019esp\u00e8re qu\u2019on pourra mettre en place un bloc \u00e9quipe qui puisse donner le moins d\u2019opportunit\u00e9s possible \u00e0 l\u2019adversaire et d\u2019\u00e9viter de mettre notre d\u00e9fense et notre gardien en danger. C\u2019est pour cela que je parle de structure, mais si parfois les qualit\u00e9s individuelles de l\u2019adversaire peuvent faire la diff\u00e9rence.<\/em>\u00a0\u00bb<\/p>\n\n\n","protected":false},"excerpt":{"rendered":"<p>Samedi, \u00e0 Angers, S\u00e9bastien Pocognoli va vivre sa premi\u00e8re rencontre sur le banc de l\u2019AS Monaco. Le technicien belge est impatient de vivre ce moment : \u00ab\u00a0Bien s\u00fbr que j\u2019ai h\u00e2te de d\u00e9marrer, je me sens bien sur un terrain et sur un banc de touche. La derni\u00e8re ligne droite c\u2019est important pour un coach, [&#8230;]\n","protected":false},"author":2,"featured_media":0,"comment_status":"open","ping_status":"open","sticky":false,"template":"","format":"standard","meta":[],"categories":[6,1000],"tags":[475,86,94,1140],"yoast_head":"<!-- This site is optimized with the Yoast SEO plugin v19.8 - https:\/\/yoast.com\/wordpress\/plugins\/seo\/ -->\n<title>Pocognoli : \u00ab&nbsp;J\u2019attends de mon \u00e9quipe qu\u2019elle joue avec une bonne attitude&nbsp;\u00bb - La Diagonale<\/title>\n<meta name=\"robots\" content=\"index, follow, max-snippet:-1, max-image-preview:large, max-video-preview:-1\" \/>\n<link rel=\"canonical\" href=\"https:\/\/www.ladiagonale.net\/index.php\/2025\/10\/17\/pocognoli-jattends-de-mon-equipe-quelle-joue-avec-une-bonne-attitude\/\" \/>\n<meta property=\"og:locale\" content=\"fr_FR\" \/>\n<meta property=\"og:type\" content=\"article\" \/>\n<meta property=\"og:title\" content=\"Pocognoli : \u00ab&nbsp;J\u2019attends de mon \u00e9quipe qu\u2019elle joue avec une bonne attitude&nbsp;\u00bb - La Diagonale\" \/>\n<meta property=\"og:description\" content=\"Samedi, \u00e0 Angers, S\u00e9bastien Pocognoli va vivre sa premi\u00e8re rencontre sur le banc de l\u2019AS Monaco. Le technicien belge est impatient de vivre ce moment : \u00ab\u00a0Bien s\u00fbr que j\u2019ai h\u00e2te de d\u00e9marrer, je me sens bien sur un terrain et sur un banc de touche. La derni\u00e8re ligne droite c\u2019est important pour un coach, [...]\" \/>\n<meta property=\"og:url\" content=\"https:\/\/www.ladiagonale.net\/index.php\/2025\/10\/17\/pocognoli-jattends-de-mon-equipe-quelle-joue-avec-une-bonne-attitude\/\" \/>\n<meta property=\"og:site_name\" content=\"La Diagonale\" \/>\n<meta property=\"article:published_time\" content=\"2025-10-17T16:11:07+00:00\" \/>\n<meta property=\"article:modified_time\" content=\"2025-10-17T16:11:08+00:00\" \/>\n<meta property=\"og:image\" content=\"https:\/\/www.ladiagonale.net\/wp-content\/uploads\/2025\/10\/Pocognoli2.png\" \/>\n\t<meta property=\"og:image:width\" content=\"1160\" \/>\n\t<meta property=\"og:image:height\" content=\"650\" \/>\n\t<meta property=\"og:image:type\" content=\"image\/png\" \/>\n<meta name=\"author\" content=\"Damien Dellerba\" \/>\n<meta name=\"twitter:card\" content=\"summary_large_image\" \/>\n<meta name=\"twitter:image\" content=\"https:\/\/www.ladiagonale.net\/wp-content\/uploads\/2025\/10\/Pocognoli2.png\" \/>\n<meta name=\"twitter:label1\" content=\"\u00c9crit par\" \/>\n\t<meta name=\"twitter:data1\" content=\"Damien Dellerba\" \/>\n\t<meta name=\"twitter:label2\" content=\"Dur\u00e9e de lecture estim\u00e9e\" \/>\n\t<meta name=\"twitter:data2\" content=\"3 minutes\" \/>\n<script type=\"application\/ld+json\" class=\"yoast-schema-graph\">{\"@context\":\"https:\/\/schema.org\",\"@graph\":[{\"@type\":\"WebPage\",\"@id\":\"https:\/\/www.ladiagonale.net\/index.php\/2025\/10\/17\/pocognoli-jattends-de-mon-equipe-quelle-joue-avec-une-bonne-attitude\/\",\"url\":\"https:\/\/www.ladiagonale.net\/index.php\/2025\/10\/17\/pocognoli-jattends-de-mon-equipe-quelle-joue-avec-une-bonne-attitude\/\",\"name\":\"Pocognoli : \u00ab&nbsp;J\u2019attends de mon \u00e9quipe qu\u2019elle joue avec une bonne attitude&nbsp;\u00bb - La Diagonale\",\"isPartOf\":{\"@id\":\"https:\/\/www.ladiagonale.net\/#website\"},\"datePublished\":\"2025-10-17T16:11:07+00:00\",\"dateModified\":\"2025-10-17T16:11:08+00:00\",\"author\":{\"@id\":\"https:\/\/www.ladiagonale.net\/#\/schema\/person\/79ff1e7b0853ed01b2aa26e64ad300bf\"},\"breadcrumb\":{\"@id\":\"https:\/\/www.ladiagonale.net\/index.php\/2025\/10\/17\/pocognoli-jattends-de-mon-equipe-quelle-joue-avec-une-bonne-attitude\/#breadcrumb\"},\"inLanguage\":\"fr-FR\",\"potentialAction\":[{\"@type\":\"ReadAction\",\"target\":[\"https:\/\/www.ladiagonale.net\/index.php\/2025\/10\/17\/pocognoli-jattends-de-mon-equipe-quelle-joue-avec-une-bonne-attitude\/\"]}]},{\"@type\":\"BreadcrumbList\",\"@id\":\"https:\/\/www.ladiagonale.net\/index.php\/2025\/10\/17\/pocognoli-jattends-de-mon-equipe-quelle-joue-avec-une-bonne-attitude\/#breadcrumb\",\"itemListElement\":[{\"@type\":\"ListItem\",\"position\":1,\"name\":\"Accueil\",\"item\":\"https:\/\/www.ladiagonale.net\/\"},{\"@type\":\"ListItem\",\"position\":2,\"name\":\"Pocognoli : \u00ab&nbsp;J\u2019attends de mon \u00e9quipe qu\u2019elle joue avec une bonne attitude&nbsp;\u00bb\"}]},{\"@type\":\"WebSite\",\"@id\":\"https:\/\/www.ladiagonale.net\/#website\",\"url\":\"https:\/\/www.ladiagonale.net\/\",\"name\":\"La Diagonale\",\"description\":\"Le site des supporters de l&#039;AS Monaco FC\",\"potentialAction\":[{\"@type\":\"SearchAction\",\"target\":{\"@type\":\"EntryPoint\",\"urlTemplate\":\"https:\/\/www.ladiagonale.net\/?s={search_term_string}\"},\"query-input\":\"required name=search_term_string\"}],\"inLanguage\":\"fr-FR\"},{\"@type\":\"Person\",\"@id\":\"https:\/\/www.ladiagonale.net\/#\/schema\/person\/79ff1e7b0853ed01b2aa26e64ad300bf\",\"name\":\"Damien Dellerba\",\"image\":{\"@type\":\"ImageObject\",\"inLanguage\":\"fr-FR\",\"@id\":\"https:\/\/www.ladiagonale.net\/#\/schema\/person\/image\/\",\"url\":\"https:\/\/secure.gravatar.com\/avatar\/c7850e06d3ff63cdbaee88b7fc16e2f0?s=96&d=mm&r=g\",\"contentUrl\":\"https:\/\/secure.gravatar.com\/avatar\/c7850e06d3ff63cdbaee88b7fc16e2f0?s=96&d=mm&r=g\",\"caption\":\"Damien Dellerba\"},\"url\":\"https:\/\/www.ladiagonale.net\/index.php\/author\/damien\/\"}]}<\/script>\n<!-- \/ Yoast SEO plugin. -->","yoast_head_json":{"title":"Pocognoli : \u00ab&nbsp;J\u2019attends de mon \u00e9quipe qu\u2019elle joue avec une bonne attitude&nbsp;\u00bb - La Diagonale","robots":{"index":"index","follow":"follow","max-snippet":"max-snippet:-1","max-image-preview":"max-image-preview:large","max-video-preview":"max-video-preview:-1"},"canonical":"https:\/\/www.ladiagonale.net\/index.php\/2025\/10\/17\/pocognoli-jattends-de-mon-equipe-quelle-joue-avec-une-bonne-attitude\/","og_locale":"fr_FR","og_type":"article","og_title":"Pocognoli : \u00ab&nbsp;J\u2019attends de mon \u00e9quipe qu\u2019elle joue avec une bonne attitude&nbsp;\u00bb - La Diagonale","og_description":"Samedi, \u00e0 Angers, S\u00e9bastien Pocognoli va vivre sa premi\u00e8re rencontre sur le banc de l\u2019AS Monaco. Le technicien belge est impatient de vivre ce moment : \u00ab\u00a0Bien s\u00fbr que j\u2019ai h\u00e2te de d\u00e9marrer, je me sens bien sur un terrain et sur un banc de touche. La derni\u00e8re ligne droite c\u2019est important pour un coach, [...]","og_url":"https:\/\/www.ladiagonale.net\/index.php\/2025\/10\/17\/pocognoli-jattends-de-mon-equipe-quelle-joue-avec-une-bonne-attitude\/","og_site_name":"La Diagonale","article_published_time":"2025-10-17T16:11:07+00:00","article_modified_time":"2025-10-17T16:11:08+00:00","og_image":[{"width":1160,"height":650,"url":"https:\/\/www.ladiagonale.net\/wp-content\/uploads\/2025\/10\/Pocognoli2.png","type":"image\/png"}],"author":"Damien Dellerba","twitter_card":"summary_large_image","twitter_image":"https:\/\/www.ladiagonale.net\/wp-content\/uploads\/2025\/10\/Pocognoli2.png","twitter_misc":{"\u00c9crit par":"Damien Dellerba","Dur\u00e9e de lecture estim\u00e9e":"3 minutes"},"schema":{"@context":"https:\/\/schema.org","@graph":[{"@type":"WebPage","@id":"https:\/\/www.ladiagonale.net\/index.php\/2025\/10\/17\/pocognoli-jattends-de-mon-equipe-quelle-joue-avec-une-bonne-attitude\/","url":"https:\/\/www.ladiagonale.net\/index.php\/2025\/10\/17\/pocognoli-jattends-de-mon-equipe-quelle-joue-avec-une-bonne-attitude\/","name":"Pocognoli : \u00ab&nbsp;J\u2019attends de mon \u00e9quipe qu\u2019elle joue avec une bonne attitude&nbsp;\u00bb - La Diagonale","isPartOf":{"@id":"https:\/\/www.ladiagonale.net\/#website"},"datePublished":"2025-10-17T16:11:07+00:00","dateModified":"2025-10-17T16:11:08+00:00","author":{"@id":"https:\/\/www.ladiagonale.net\/#\/schema\/person\/79ff1e7b0853ed01b2aa26e64ad300bf"},"breadcrumb":{"@id":"https:\/\/www.ladiagonale.net\/index.php\/2025\/10\/17\/pocognoli-jattends-de-mon-equipe-quelle-joue-avec-une-bonne-attitude\/#breadcrumb"},"inLanguage":"fr-FR","potentialAction":[{"@type":"ReadAction","target":["https:\/\/www.ladiagonale.net\/index.php\/2025\/10\/17\/pocognoli-jattends-de-mon-equipe-quelle-joue-avec-une-bonne-attitude\/"]}]},{"@type":"BreadcrumbList","@id":"https:\/\/www.ladiagonale.net\/index.php\/2025\/10\/17\/pocognoli-jattends-de-mon-equipe-quelle-joue-avec-une-bonne-attitude\/#breadcrumb","itemListElement":[{"@type":"ListItem","position":1,"name":"Accueil","item":"https:\/\/www.ladiagonale.net\/"},{"@type":"ListItem","position":2,"name":"Pocognoli : \u00ab&nbsp;J\u2019attends de mon \u00e9quipe qu\u2019elle joue avec une bonne attitude&nbsp;\u00bb"}]},{"@type":"WebSite","@id":"https:\/\/www.ladiagonale.net\/#website","url":"https:\/\/www.ladiagonale.net\/","name":"La Diagonale","description":"Le site des supporters de l&#039;AS Monaco FC","potentialAction":[{"@type":"SearchAction","target":{"@type":"EntryPoint","urlTemplate":"https:\/\/www.ladiagonale.net\/?s={search_term_string}"},"query-input":"required name=search_term_string"}],"inLanguage":"fr-FR"},{"@type":"Person","@id":"https:\/\/www.ladiagonale.net\/#\/schema\/person\/79ff1e7b0853ed01b2aa26e64ad300bf","name":"Damien Dellerba","image":{"@type":"ImageObject","inLanguage":"fr-FR","@id":"https:\/\/www.ladiagonale.net\/#\/schema\/person\/image\/","url":"https:\/\/secure.gravatar.com\/avatar\/c7850e06d3ff63cdbaee88b7fc16e2f0?s=96&d=mm&r=g","contentUrl":"https:\/\/secure.gravatar.com\/avatar\/c7850e06d3ff63cdbaee88b7fc16e2f0?s=96&d=mm&r=g","caption":"Damien Dellerba"},"url":"https:\/\/www.ladiagonale.net\/index.php\/author\/damien\/"}]}},"_links":{"self":[{"href":"https:\/\/www.ladiagonale.net\/index.php\/wp-json\/wp\/v2\/posts\/34730"}],"collection":[{"href":"https:\/\/www.ladiagonale.net\/index.php\/wp-json\/wp\/v2\/posts"}],"about":[{"href":"https:\/\/www.ladiagonale.net\/index.php\/wp-json\/wp\/v2\/types\/post"}],"author":[{"embeddable":true,"href":"https:\/\/www.ladiagonale.net\/index.php\/wp-json\/wp\/v2\/users\/2"}],"replies":[{"embeddable":true,"href":"https:\/\/www.ladiagonale.net\/index.php\/wp-json\/wp\/v2\/comments?post=34730"}],"version-history":[{"count":1,"href":"https:\/\/www.ladiagonale.net\/index.php\/wp-json\/wp\/v2\/posts\/34730\/revisions"}],"predecessor-version":[{"id":34731,"href":"https:\/\/www.ladiagonale.net\/index.php\/wp-json\/wp\/v2\/posts\/34730\/revisions\/34731"}],"wp:attachment":[{"href":"https:\/\/www.ladiagonale.net\/index.php\/wp-json\/wp\/v2\/media?parent=34730"}],"wp:term":[{"taxonomy":"category","embeddable":true,"href":"https:\/\/www.ladiagonale.net\/index.php\/wp-json\/wp\/v2\/categories?post=34730"},{"taxonomy":"post_tag","embeddable":true,"href":"https:\/\/www.ladiagonale.net\/index.php\/wp-json\/wp\/v2\/tags?post=34730"}],"curies":[{"name":"wp","href":"https:\/\/api.w.org\/{rel}","templated":true}]}}