{"id":34732,"date":"2025-10-17T19:01:16","date_gmt":"2025-10-17T17:01:16","guid":{"rendered":"https:\/\/www.ladiagonale.net\/?p=34732"},"modified":"2025-10-17T19:01:17","modified_gmt":"2025-10-17T17:01:17","slug":"kehrer-pocognoli-est-precis-et-clair-dans-sa-communication","status":"publish","type":"post","link":"https:\/\/www.ladiagonale.net\/index.php\/2025\/10\/17\/kehrer-pocognoli-est-precis-et-clair-dans-sa-communication\/","title":{"rendered":"Kehrer : \u00ab\u00a0Pocognoli est pr\u00e9cis et clair dans sa communication\u00a0\u00bb"},"content":{"rendered":"\n\n\n<p>Apr\u00e8s un peu plus de deux saisons pass\u00e9es avec Adi H\u00fctter, les joueurs de l\u2019AS Monaco doivent d\u00e9sormais s\u2019adapter \u00e0 un nouveau coach, S\u00e9bastien Pocognoli, arriv\u00e9 en d\u00e9but de semaine. Pour Thilo Kehrer, cela va motiver beaucoup de jeunes joueurs : \u00ab\u00a0<em>Ceux qui sont ici sont motiv\u00e9s et souhaitent montrer le meilleur devant le nouveau coach. Les \u00e9changes avec lui nous ont fait comprendre que l\u2019un des mots d\u2019ordre est l\u2019intensit\u00e9. (\u2026) L\u2019entra\u00eeneur est tr\u00e8s actif dans sa mani\u00e8re d\u2019entra\u00eener, tr\u00e8s impliqu\u00e9 dans ses s\u00e9ances. Personnellement, j\u2019appr\u00e9cie \u00e7a, car \u00e7a ram\u00e8ne une bonne dynamique.<\/em>\u00a0\u00bb<\/p>\n\n\n\n<p>Le vice-capitaine mon\u00e9gasque, qui portera le brassard contre Angers ce samedi, a lou\u00e9 la clart\u00e9 du technicien belge : \u00ab\u00a0<em>Nous avons fait un point sur la situation dans laquelle nous sommes \u00e0 ce moment de la saison. Il est pr\u00e9cis et clair dans sa communication, ce qui fait que nous pouvons nous adapter rapidement \u00e0 sa philosophie. Les premiers jours sont bas\u00e9s sur \u00e7a. Enfin, la rigueur fait partie des points qu\u2019il veut mettre en place. Plusieurs choses sont \u00e0 travailler, mais le coach et son staff nous ont donn\u00e9 les bases, et la rigueur ainsi que la mentalit\u00e9 en font partie.<\/em>\u00a0\u00bb<\/p>\n\n\n\n<blockquote class=\"wp-block-quote\"><p>\u00ab\u00a0Deux semaines pour apprendre \u00e0 se conna\u00eetre et se reconnecter entre nous\u00a0\u00bb<\/p><cite>Thilo Kehrer<\/cite><\/blockquote>\n\n\n\n<p>Kehrer a tout de m\u00eame eu quelques mots de remerciements pour H\u00fctter, dont <a href=\"https:\/\/www.ladiagonale.net\/index.php\/2025\/10\/11\/zakaria-rend-hommage-a-hutter\/\" target=\"_blank\" rel=\"noreferrer noopener\">les soutiens ont \u00e9t\u00e9 plut\u00f4t rares<\/a> sur les r\u00e9seaux : \u00ab\u00a0<em>Je tiens d\u2019ailleurs \u00e0 remercier, personnellement et au nom de toute l\u2019\u00e9quipe, Adi H\u00fctter pour ces deux derni\u00e8res saisons et demie, pour tout le chemin parcouru ensemble ! Les joueurs et le staff ont appr\u00e9ci\u00e9 travailler avec lui, et il faut savoir \u00eatre reconnaissant de ce qu\u2019Adi a donn\u00e9. Dans le football, toutes les parties impliqu\u00e9es ont des responsabilit\u00e9s. Sur le terrain, nous les joueurs, nous n\u2019avons pas eu les performances voulues en ce d\u00e9but de saison, donc nous avons tous nos responsabilit\u00e9s !<\/em>\u00a0\u00bb<\/p>\n\n\n\n<p>Avec Pocognoli, c\u2019est donc un nouveau d\u00e9part et il faudra le valider \u00e0 Angers : \u00ab\u00a0<em>Nous sommes tr\u00e8s motiv\u00e9s car nous savons qu\u2019en Ligue 1 tous les matchs sont difficiles, chaque r\u00e9sultat se m\u00e9rite. Avec l\u2019exp\u00e9rience, je sais qu\u2019il n\u2019y a pas de match cadeau et il faut respecter chaque \u00e9quipe du championnat. On se pr\u00e9pare donc de la meilleure fa\u00e7on pour cette rencontre. M\u00eame si sur le papier on peut penser que, comme Angers est 17e, l\u2019AS Monaco doit gagner ce match, en r\u00e9alit\u00e9 ce n\u2019est pas si facile, il faut donc prendre ce rendez-vous avec s\u00e9rieux. On verra rapidement comment nous nous adaptons mais ce sont deux semaines pour apprendre \u00e0 se conna\u00eetre et se reconnecter entre nous mais l\u2019\u00e9nergie du groupe va dans ce sens !<\/em>\u00a0\u00bb<\/p>\n\n\n\n<p>Sur un plan plus personnel, Kehrer a \u00e9voqu\u00e9 sa situation, lui qui n\u2019a pas \u00e9t\u00e9 titulaire indiscutable en ce d\u00e9but de saison :\u00ab\u00a0<em>Dans une carri\u00e8re, il y a des phases o\u00f9 tout va bien et on a l\u2019impression de voler sur un terrain, et parfois c\u2019est plus difficile. Ce d\u00e9but de saison \u00e9tait un petit peu plus difficile pour moi, mais ce n\u2019est pas quelque chose de grave, \u00e7a arrive parfois dans une carri\u00e8re. (\u2026) Il y a des dynamiques dans une \u00e9quipe, un entra\u00eeneur qui a ses id\u00e9es et qui d\u00e9cide du onze titulaire. Tout le monde ne peut pas toujours jouer, mais il faut avoir confiance en soi et garder en t\u00eate que le travail va toujours payer. En tant que comp\u00e9titeur, je veux toujours jouer !<\/em>\u00a0\u00bb<\/p>\n","protected":false},"excerpt":{"rendered":"<p>Apr\u00e8s un peu plus de deux saisons pass\u00e9es avec Adi H\u00fctter, les joueurs de l\u2019AS Monaco doivent d\u00e9sormais s\u2019adapter \u00e0 un nouveau coach, S\u00e9bastien Pocognoli, arriv\u00e9 en d\u00e9but de semaine. Pour Thilo Kehrer, cela va motiver beaucoup de jeunes joueurs : \u00ab\u00a0Ceux qui sont ici sont motiv\u00e9s et souhaitent montrer le meilleur devant le nouveau [&#8230;]\n","protected":false},"author":2,"featured_media":0,"comment_status":"open","ping_status":"open","sticky":false,"template":"","format":"standard","meta":[],"categories":[6],"tags":[475,86,94,1140,756],"yoast_head":"<!-- This site is optimized with the Yoast SEO plugin v19.8 - https:\/\/yoast.com\/wordpress\/plugins\/seo\/ -->\n<title>Kehrer : \u00ab\u00a0Pocognoli est pr\u00e9cis et clair dans sa communication\u00a0\u00bb - La Diagonale<\/title>\n<meta name=\"robots\" content=\"index, follow, max-snippet:-1, max-image-preview:large, max-video-preview:-1\" \/>\n<link rel=\"canonical\" href=\"https:\/\/www.ladiagonale.net\/index.php\/2025\/10\/17\/kehrer-pocognoli-est-precis-et-clair-dans-sa-communication\/\" \/>\n<meta property=\"og:locale\" content=\"fr_FR\" \/>\n<meta property=\"og:type\" content=\"article\" \/>\n<meta property=\"og:title\" content=\"Kehrer : \u00ab\u00a0Pocognoli est pr\u00e9cis et clair dans sa communication\u00a0\u00bb - La Diagonale\" \/>\n<meta property=\"og:description\" content=\"Apr\u00e8s un peu plus de deux saisons pass\u00e9es avec Adi H\u00fctter, les joueurs de l\u2019AS Monaco doivent d\u00e9sormais s\u2019adapter \u00e0 un nouveau coach, S\u00e9bastien Pocognoli, arriv\u00e9 en d\u00e9but de semaine. Pour Thilo Kehrer, cela va motiver beaucoup de jeunes joueurs : \u00ab\u00a0Ceux qui sont ici sont motiv\u00e9s et souhaitent montrer le meilleur devant le nouveau [...]\" \/>\n<meta property=\"og:url\" content=\"https:\/\/www.ladiagonale.net\/index.php\/2025\/10\/17\/kehrer-pocognoli-est-precis-et-clair-dans-sa-communication\/\" \/>\n<meta property=\"og:site_name\" content=\"La Diagonale\" \/>\n<meta property=\"article:published_time\" content=\"2025-10-17T17:01:16+00:00\" \/>\n<meta property=\"article:modified_time\" content=\"2025-10-17T17:01:17+00:00\" \/>\n<meta property=\"og:image\" content=\"https:\/\/www.ladiagonale.net\/wp-content\/uploads\/2025\/10\/Kehrer-Bruges.png\" \/>\n\t<meta property=\"og:image:width\" content=\"1160\" \/>\n\t<meta property=\"og:image:height\" content=\"650\" \/>\n\t<meta property=\"og:image:type\" content=\"image\/png\" \/>\n<meta name=\"author\" content=\"Damien Dellerba\" \/>\n<meta name=\"twitter:card\" content=\"summary_large_image\" \/>\n<meta name=\"twitter:image\" content=\"https:\/\/www.ladiagonale.net\/wp-content\/uploads\/2025\/10\/Kehrer-Bruges.png\" \/>\n<meta name=\"twitter:label1\" content=\"\u00c9crit par\" \/>\n\t<meta name=\"twitter:data1\" content=\"Damien Dellerba\" \/>\n\t<meta name=\"twitter:label2\" content=\"Dur\u00e9e de lecture estim\u00e9e\" \/>\n\t<meta name=\"twitter:data2\" content=\"3 minutes\" \/>\n<script type=\"application\/ld+json\" class=\"yoast-schema-graph\">{\"@context\":\"https:\/\/schema.org\",\"@graph\":[{\"@type\":\"WebPage\",\"@id\":\"https:\/\/www.ladiagonale.net\/index.php\/2025\/10\/17\/kehrer-pocognoli-est-precis-et-clair-dans-sa-communication\/\",\"url\":\"https:\/\/www.ladiagonale.net\/index.php\/2025\/10\/17\/kehrer-pocognoli-est-precis-et-clair-dans-sa-communication\/\",\"name\":\"Kehrer : \u00ab\u00a0Pocognoli est pr\u00e9cis et clair dans sa communication\u00a0\u00bb - La Diagonale\",\"isPartOf\":{\"@id\":\"https:\/\/www.ladiagonale.net\/#website\"},\"datePublished\":\"2025-10-17T17:01:16+00:00\",\"dateModified\":\"2025-10-17T17:01:17+00:00\",\"author\":{\"@id\":\"https:\/\/www.ladiagonale.net\/#\/schema\/person\/79ff1e7b0853ed01b2aa26e64ad300bf\"},\"breadcrumb\":{\"@id\":\"https:\/\/www.ladiagonale.net\/index.php\/2025\/10\/17\/kehrer-pocognoli-est-precis-et-clair-dans-sa-communication\/#breadcrumb\"},\"inLanguage\":\"fr-FR\",\"potentialAction\":[{\"@type\":\"ReadAction\",\"target\":[\"https:\/\/www.ladiagonale.net\/index.php\/2025\/10\/17\/kehrer-pocognoli-est-precis-et-clair-dans-sa-communication\/\"]}]},{\"@type\":\"BreadcrumbList\",\"@id\":\"https:\/\/www.ladiagonale.net\/index.php\/2025\/10\/17\/kehrer-pocognoli-est-precis-et-clair-dans-sa-communication\/#breadcrumb\",\"itemListElement\":[{\"@type\":\"ListItem\",\"position\":1,\"name\":\"Accueil\",\"item\":\"https:\/\/www.ladiagonale.net\/\"},{\"@type\":\"ListItem\",\"position\":2,\"name\":\"Kehrer : \u00ab\u00a0Pocognoli est pr\u00e9cis et clair dans sa communication\u00a0\u00bb\"}]},{\"@type\":\"WebSite\",\"@id\":\"https:\/\/www.ladiagonale.net\/#website\",\"url\":\"https:\/\/www.ladiagonale.net\/\",\"name\":\"La Diagonale\",\"description\":\"Le site des supporters de l&#039;AS Monaco FC\",\"potentialAction\":[{\"@type\":\"SearchAction\",\"target\":{\"@type\":\"EntryPoint\",\"urlTemplate\":\"https:\/\/www.ladiagonale.net\/?s={search_term_string}\"},\"query-input\":\"required name=search_term_string\"}],\"inLanguage\":\"fr-FR\"},{\"@type\":\"Person\",\"@id\":\"https:\/\/www.ladiagonale.net\/#\/schema\/person\/79ff1e7b0853ed01b2aa26e64ad300bf\",\"name\":\"Damien Dellerba\",\"image\":{\"@type\":\"ImageObject\",\"inLanguage\":\"fr-FR\",\"@id\":\"https:\/\/www.ladiagonale.net\/#\/schema\/person\/image\/\",\"url\":\"https:\/\/secure.gravatar.com\/avatar\/c7850e06d3ff63cdbaee88b7fc16e2f0?s=96&d=mm&r=g\",\"contentUrl\":\"https:\/\/secure.gravatar.com\/avatar\/c7850e06d3ff63cdbaee88b7fc16e2f0?s=96&d=mm&r=g\",\"caption\":\"Damien Dellerba\"},\"url\":\"https:\/\/www.ladiagonale.net\/index.php\/author\/damien\/\"}]}<\/script>\n<!-- \/ Yoast SEO plugin. -->","yoast_head_json":{"title":"Kehrer : \u00ab\u00a0Pocognoli est pr\u00e9cis et clair dans sa communication\u00a0\u00bb - La Diagonale","robots":{"index":"index","follow":"follow","max-snippet":"max-snippet:-1","max-image-preview":"max-image-preview:large","max-video-preview":"max-video-preview:-1"},"canonical":"https:\/\/www.ladiagonale.net\/index.php\/2025\/10\/17\/kehrer-pocognoli-est-precis-et-clair-dans-sa-communication\/","og_locale":"fr_FR","og_type":"article","og_title":"Kehrer : \u00ab\u00a0Pocognoli est pr\u00e9cis et clair dans sa communication\u00a0\u00bb - La Diagonale","og_description":"Apr\u00e8s un peu plus de deux saisons pass\u00e9es avec Adi H\u00fctter, les joueurs de l\u2019AS Monaco doivent d\u00e9sormais s\u2019adapter \u00e0 un nouveau coach, S\u00e9bastien Pocognoli, arriv\u00e9 en d\u00e9but de semaine. Pour Thilo Kehrer, cela va motiver beaucoup de jeunes joueurs : \u00ab\u00a0Ceux qui sont ici sont motiv\u00e9s et souhaitent montrer le meilleur devant le nouveau [...]","og_url":"https:\/\/www.ladiagonale.net\/index.php\/2025\/10\/17\/kehrer-pocognoli-est-precis-et-clair-dans-sa-communication\/","og_site_name":"La Diagonale","article_published_time":"2025-10-17T17:01:16+00:00","article_modified_time":"2025-10-17T17:01:17+00:00","og_image":[{"width":1160,"height":650,"url":"https:\/\/www.ladiagonale.net\/wp-content\/uploads\/2025\/10\/Kehrer-Bruges.png","type":"image\/png"}],"author":"Damien Dellerba","twitter_card":"summary_large_image","twitter_image":"https:\/\/www.ladiagonale.net\/wp-content\/uploads\/2025\/10\/Kehrer-Bruges.png","twitter_misc":{"\u00c9crit par":"Damien Dellerba","Dur\u00e9e de lecture estim\u00e9e":"3 minutes"},"schema":{"@context":"https:\/\/schema.org","@graph":[{"@type":"WebPage","@id":"https:\/\/www.ladiagonale.net\/index.php\/2025\/10\/17\/kehrer-pocognoli-est-precis-et-clair-dans-sa-communication\/","url":"https:\/\/www.ladiagonale.net\/index.php\/2025\/10\/17\/kehrer-pocognoli-est-precis-et-clair-dans-sa-communication\/","name":"Kehrer : \u00ab\u00a0Pocognoli est pr\u00e9cis et clair dans sa communication\u00a0\u00bb - La Diagonale","isPartOf":{"@id":"https:\/\/www.ladiagonale.net\/#website"},"datePublished":"2025-10-17T17:01:16+00:00","dateModified":"2025-10-17T17:01:17+00:00","author":{"@id":"https:\/\/www.ladiagonale.net\/#\/schema\/person\/79ff1e7b0853ed01b2aa26e64ad300bf"},"breadcrumb":{"@id":"https:\/\/www.ladiagonale.net\/index.php\/2025\/10\/17\/kehrer-pocognoli-est-precis-et-clair-dans-sa-communication\/#breadcrumb"},"inLanguage":"fr-FR","potentialAction":[{"@type":"ReadAction","target":["https:\/\/www.ladiagonale.net\/index.php\/2025\/10\/17\/kehrer-pocognoli-est-precis-et-clair-dans-sa-communication\/"]}]},{"@type":"BreadcrumbList","@id":"https:\/\/www.ladiagonale.net\/index.php\/2025\/10\/17\/kehrer-pocognoli-est-precis-et-clair-dans-sa-communication\/#breadcrumb","itemListElement":[{"@type":"ListItem","position":1,"name":"Accueil","item":"https:\/\/www.ladiagonale.net\/"},{"@type":"ListItem","position":2,"name":"Kehrer : \u00ab\u00a0Pocognoli est pr\u00e9cis et clair dans sa communication\u00a0\u00bb"}]},{"@type":"WebSite","@id":"https:\/\/www.ladiagonale.net\/#website","url":"https:\/\/www.ladiagonale.net\/","name":"La Diagonale","description":"Le site des supporters de l&#039;AS Monaco FC","potentialAction":[{"@type":"SearchAction","target":{"@type":"EntryPoint","urlTemplate":"https:\/\/www.ladiagonale.net\/?s={search_term_string}"},"query-input":"required name=search_term_string"}],"inLanguage":"fr-FR"},{"@type":"Person","@id":"https:\/\/www.ladiagonale.net\/#\/schema\/person\/79ff1e7b0853ed01b2aa26e64ad300bf","name":"Damien Dellerba","image":{"@type":"ImageObject","inLanguage":"fr-FR","@id":"https:\/\/www.ladiagonale.net\/#\/schema\/person\/image\/","url":"https:\/\/secure.gravatar.com\/avatar\/c7850e06d3ff63cdbaee88b7fc16e2f0?s=96&d=mm&r=g","contentUrl":"https:\/\/secure.gravatar.com\/avatar\/c7850e06d3ff63cdbaee88b7fc16e2f0?s=96&d=mm&r=g","caption":"Damien Dellerba"},"url":"https:\/\/www.ladiagonale.net\/index.php\/author\/damien\/"}]}},"_links":{"self":[{"href":"https:\/\/www.ladiagonale.net\/index.php\/wp-json\/wp\/v2\/posts\/34732"}],"collection":[{"href":"https:\/\/www.ladiagonale.net\/index.php\/wp-json\/wp\/v2\/posts"}],"about":[{"href":"https:\/\/www.ladiagonale.net\/index.php\/wp-json\/wp\/v2\/types\/post"}],"author":[{"embeddable":true,"href":"https:\/\/www.ladiagonale.net\/index.php\/wp-json\/wp\/v2\/users\/2"}],"replies":[{"embeddable":true,"href":"https:\/\/www.ladiagonale.net\/index.php\/wp-json\/wp\/v2\/comments?post=34732"}],"version-history":[{"count":1,"href":"https:\/\/www.ladiagonale.net\/index.php\/wp-json\/wp\/v2\/posts\/34732\/revisions"}],"predecessor-version":[{"id":34733,"href":"https:\/\/www.ladiagonale.net\/index.php\/wp-json\/wp\/v2\/posts\/34732\/revisions\/34733"}],"wp:attachment":[{"href":"https:\/\/www.ladiagonale.net\/index.php\/wp-json\/wp\/v2\/media?parent=34732"}],"wp:term":[{"taxonomy":"category","embeddable":true,"href":"https:\/\/www.ladiagonale.net\/index.php\/wp-json\/wp\/v2\/categories?post=34732"},{"taxonomy":"post_tag","embeddable":true,"href":"https:\/\/www.ladiagonale.net\/index.php\/wp-json\/wp\/v2\/tags?post=34732"}],"curies":[{"name":"wp","href":"https:\/\/api.w.org\/{rel}","templated":true}]}}