{"id":34746,"date":"2025-10-19T15:14:28","date_gmt":"2025-10-19T13:14:28","guid":{"rendered":"https:\/\/www.ladiagonale.net\/?p=34746"},"modified":"2025-11-02T12:22:07","modified_gmt":"2025-11-02T11:22:07","slug":"succes-de-prestige-pour-les-u19-contre-lom","status":"publish","type":"post","link":"https:\/\/www.ladiagonale.net\/index.php\/2025\/10\/19\/succes-de-prestige-pour-les-u19-contre-lom\/","title":{"rendered":"Succ\u00e8s de prestige pour les U19 contre l&rsquo;OM"},"content":{"rendered":"\n\n\n<p>Apr\u00e8s deux r\u00e9sultats nuls, les U19 de l&rsquo;AS Monaco ont mis \u00e0 profit leurs deux semaines de pr\u00e9paration pour battre l&rsquo;Olympique de Marseille (2-1), en 9e journ\u00e9e de championnat. Les Rouge et Blanc se sont impos\u00e9 gr\u00e2ce notamment \u00e0 un but de l&rsquo;in\u00e9vitable Nah\u00ebl Haddani (68<sup>e<\/sup>), d\u00e9j\u00e0 auteur de sa sixi\u00e8me r\u00e9alisation en sept rencontres de championnat, qui a r\u00e9pondu \u00e0 l&rsquo;ouverture du score marseillaise intervenue quelques minutes plus t\u00f4t (65<sup>e<\/sup>). En fin de rencontre, c&rsquo;est Kenan Moulangou qui a donn\u00e9 la victoire \u00e0 l&rsquo;ASM (81<sup>e<\/sup>).<\/p>\n\n\n\n<p>Gr\u00e2ce \u00e0 ce succ\u00e8s, les joueurs de Fr\u00e9d\u00e9ric Barilaro reprennent la deuxi\u00e8me place au classement, derri\u00e8re la Gaz\u00e9lec Ajaccio. Une partie du groupe des U19 va d\u00e9sormais devoir se projeter sur la <em>Youth League<\/em> et la r\u00e9ception de Tottenham. Pour ce qui est du championnat, la confrontation contre Toulouse pour la 10<sup>e<\/sup> journ\u00e9e aura lieu le 1<sup>er<\/sup> novembre.<\/p>\n","protected":false},"excerpt":{"rendered":"<p>Apr\u00e8s deux r\u00e9sultats nuls, les U19 de l&rsquo;AS Monaco ont mis \u00e0 profit leurs deux semaines de pr\u00e9paration pour battre l&rsquo;Olympique de Marseille (2-1), en 9e journ\u00e9e de championnat. Les Rouge et Blanc se sont impos\u00e9 gr\u00e2ce notamment \u00e0 un but de l&rsquo;in\u00e9vitable Nah\u00ebl Haddani (68e), d\u00e9j\u00e0 auteur de sa sixi\u00e8me r\u00e9alisation en sept rencontres [&#8230;]\n","protected":false},"author":2,"featured_media":0,"comment_status":"open","ping_status":"open","sticky":false,"template":"","format":"standard","meta":[],"categories":[1110,6],"tags":[76,86,112],"yoast_head":"<!-- This site is optimized with the Yoast SEO plugin v19.8 - https:\/\/yoast.com\/wordpress\/plugins\/seo\/ -->\n<title>Succ\u00e8s de prestige pour les U19 contre l&#039;OM - La Diagonale<\/title>\n<meta name=\"robots\" content=\"index, follow, max-snippet:-1, max-image-preview:large, max-video-preview:-1\" \/>\n<link rel=\"canonical\" href=\"https:\/\/www.ladiagonale.net\/index.php\/2025\/10\/19\/succes-de-prestige-pour-les-u19-contre-lom\/\" \/>\n<meta property=\"og:locale\" content=\"fr_FR\" \/>\n<meta property=\"og:type\" content=\"article\" \/>\n<meta property=\"og:title\" content=\"Succ\u00e8s de prestige pour les U19 contre l&#039;OM - La Diagonale\" \/>\n<meta property=\"og:description\" content=\"Apr\u00e8s deux r\u00e9sultats nuls, les U19 de l&rsquo;AS Monaco ont mis \u00e0 profit leurs deux semaines de pr\u00e9paration pour battre l&rsquo;Olympique de Marseille (2-1), en 9e journ\u00e9e de championnat. Les Rouge et Blanc se sont impos\u00e9 gr\u00e2ce notamment \u00e0 un but de l&rsquo;in\u00e9vitable Nah\u00ebl Haddani (68e), d\u00e9j\u00e0 auteur de sa sixi\u00e8me r\u00e9alisation en sept rencontres [...]\" \/>\n<meta property=\"og:url\" content=\"https:\/\/www.ladiagonale.net\/index.php\/2025\/10\/19\/succes-de-prestige-pour-les-u19-contre-lom\/\" \/>\n<meta property=\"og:site_name\" content=\"La Diagonale\" \/>\n<meta property=\"article:published_time\" content=\"2025-10-19T13:14:28+00:00\" \/>\n<meta property=\"article:modified_time\" content=\"2025-11-02T11:22:07+00:00\" \/>\n<meta property=\"og:image\" content=\"https:\/\/www.ladiagonale.net\/wp-content\/uploads\/2025\/08\/Dodo-Haddani.png\" \/>\n\t<meta property=\"og:image:width\" content=\"1160\" \/>\n\t<meta property=\"og:image:height\" content=\"650\" \/>\n\t<meta property=\"og:image:type\" content=\"image\/png\" \/>\n<meta name=\"author\" content=\"Damien Dellerba\" \/>\n<meta name=\"twitter:card\" content=\"summary_large_image\" \/>\n<meta name=\"twitter:image\" content=\"https:\/\/www.ladiagonale.net\/wp-content\/uploads\/2025\/08\/Dodo-Haddani.png\" \/>\n<meta name=\"twitter:label1\" content=\"\u00c9crit par\" \/>\n\t<meta name=\"twitter:data1\" content=\"Damien Dellerba\" \/>\n\t<meta name=\"twitter:label2\" content=\"Dur\u00e9e de lecture estim\u00e9e\" \/>\n\t<meta name=\"twitter:data2\" content=\"1 minute\" \/>\n<script type=\"application\/ld+json\" class=\"yoast-schema-graph\">{\"@context\":\"https:\/\/schema.org\",\"@graph\":[{\"@type\":\"WebPage\",\"@id\":\"https:\/\/www.ladiagonale.net\/index.php\/2025\/10\/19\/succes-de-prestige-pour-les-u19-contre-lom\/\",\"url\":\"https:\/\/www.ladiagonale.net\/index.php\/2025\/10\/19\/succes-de-prestige-pour-les-u19-contre-lom\/\",\"name\":\"Succ\u00e8s de prestige pour les U19 contre l'OM - La Diagonale\",\"isPartOf\":{\"@id\":\"https:\/\/www.ladiagonale.net\/#website\"},\"datePublished\":\"2025-10-19T13:14:28+00:00\",\"dateModified\":\"2025-11-02T11:22:07+00:00\",\"author\":{\"@id\":\"https:\/\/www.ladiagonale.net\/#\/schema\/person\/79ff1e7b0853ed01b2aa26e64ad300bf\"},\"breadcrumb\":{\"@id\":\"https:\/\/www.ladiagonale.net\/index.php\/2025\/10\/19\/succes-de-prestige-pour-les-u19-contre-lom\/#breadcrumb\"},\"inLanguage\":\"fr-FR\",\"potentialAction\":[{\"@type\":\"ReadAction\",\"target\":[\"https:\/\/www.ladiagonale.net\/index.php\/2025\/10\/19\/succes-de-prestige-pour-les-u19-contre-lom\/\"]}]},{\"@type\":\"BreadcrumbList\",\"@id\":\"https:\/\/www.ladiagonale.net\/index.php\/2025\/10\/19\/succes-de-prestige-pour-les-u19-contre-lom\/#breadcrumb\",\"itemListElement\":[{\"@type\":\"ListItem\",\"position\":1,\"name\":\"Accueil\",\"item\":\"https:\/\/www.ladiagonale.net\/\"},{\"@type\":\"ListItem\",\"position\":2,\"name\":\"Succ\u00e8s de prestige pour les U19 contre l&rsquo;OM\"}]},{\"@type\":\"WebSite\",\"@id\":\"https:\/\/www.ladiagonale.net\/#website\",\"url\":\"https:\/\/www.ladiagonale.net\/\",\"name\":\"La Diagonale\",\"description\":\"Le site des supporters de l&#039;AS Monaco FC\",\"potentialAction\":[{\"@type\":\"SearchAction\",\"target\":{\"@type\":\"EntryPoint\",\"urlTemplate\":\"https:\/\/www.ladiagonale.net\/?s={search_term_string}\"},\"query-input\":\"required name=search_term_string\"}],\"inLanguage\":\"fr-FR\"},{\"@type\":\"Person\",\"@id\":\"https:\/\/www.ladiagonale.net\/#\/schema\/person\/79ff1e7b0853ed01b2aa26e64ad300bf\",\"name\":\"Damien Dellerba\",\"image\":{\"@type\":\"ImageObject\",\"inLanguage\":\"fr-FR\",\"@id\":\"https:\/\/www.ladiagonale.net\/#\/schema\/person\/image\/\",\"url\":\"https:\/\/secure.gravatar.com\/avatar\/c7850e06d3ff63cdbaee88b7fc16e2f0?s=96&d=mm&r=g\",\"contentUrl\":\"https:\/\/secure.gravatar.com\/avatar\/c7850e06d3ff63cdbaee88b7fc16e2f0?s=96&d=mm&r=g\",\"caption\":\"Damien Dellerba\"},\"url\":\"https:\/\/www.ladiagonale.net\/index.php\/author\/damien\/\"}]}<\/script>\n<!-- \/ Yoast SEO plugin. -->","yoast_head_json":{"title":"Succ\u00e8s de prestige pour les U19 contre l'OM - La Diagonale","robots":{"index":"index","follow":"follow","max-snippet":"max-snippet:-1","max-image-preview":"max-image-preview:large","max-video-preview":"max-video-preview:-1"},"canonical":"https:\/\/www.ladiagonale.net\/index.php\/2025\/10\/19\/succes-de-prestige-pour-les-u19-contre-lom\/","og_locale":"fr_FR","og_type":"article","og_title":"Succ\u00e8s de prestige pour les U19 contre l'OM - La Diagonale","og_description":"Apr\u00e8s deux r\u00e9sultats nuls, les U19 de l&rsquo;AS Monaco ont mis \u00e0 profit leurs deux semaines de pr\u00e9paration pour battre l&rsquo;Olympique de Marseille (2-1), en 9e journ\u00e9e de championnat. Les Rouge et Blanc se sont impos\u00e9 gr\u00e2ce notamment \u00e0 un but de l&rsquo;in\u00e9vitable Nah\u00ebl Haddani (68e), d\u00e9j\u00e0 auteur de sa sixi\u00e8me r\u00e9alisation en sept rencontres [...]","og_url":"https:\/\/www.ladiagonale.net\/index.php\/2025\/10\/19\/succes-de-prestige-pour-les-u19-contre-lom\/","og_site_name":"La Diagonale","article_published_time":"2025-10-19T13:14:28+00:00","article_modified_time":"2025-11-02T11:22:07+00:00","og_image":[{"width":1160,"height":650,"url":"https:\/\/www.ladiagonale.net\/wp-content\/uploads\/2025\/08\/Dodo-Haddani.png","type":"image\/png"}],"author":"Damien Dellerba","twitter_card":"summary_large_image","twitter_image":"https:\/\/www.ladiagonale.net\/wp-content\/uploads\/2025\/08\/Dodo-Haddani.png","twitter_misc":{"\u00c9crit par":"Damien Dellerba","Dur\u00e9e de lecture estim\u00e9e":"1 minute"},"schema":{"@context":"https:\/\/schema.org","@graph":[{"@type":"WebPage","@id":"https:\/\/www.ladiagonale.net\/index.php\/2025\/10\/19\/succes-de-prestige-pour-les-u19-contre-lom\/","url":"https:\/\/www.ladiagonale.net\/index.php\/2025\/10\/19\/succes-de-prestige-pour-les-u19-contre-lom\/","name":"Succ\u00e8s de prestige pour les U19 contre l'OM - La Diagonale","isPartOf":{"@id":"https:\/\/www.ladiagonale.net\/#website"},"datePublished":"2025-10-19T13:14:28+00:00","dateModified":"2025-11-02T11:22:07+00:00","author":{"@id":"https:\/\/www.ladiagonale.net\/#\/schema\/person\/79ff1e7b0853ed01b2aa26e64ad300bf"},"breadcrumb":{"@id":"https:\/\/www.ladiagonale.net\/index.php\/2025\/10\/19\/succes-de-prestige-pour-les-u19-contre-lom\/#breadcrumb"},"inLanguage":"fr-FR","potentialAction":[{"@type":"ReadAction","target":["https:\/\/www.ladiagonale.net\/index.php\/2025\/10\/19\/succes-de-prestige-pour-les-u19-contre-lom\/"]}]},{"@type":"BreadcrumbList","@id":"https:\/\/www.ladiagonale.net\/index.php\/2025\/10\/19\/succes-de-prestige-pour-les-u19-contre-lom\/#breadcrumb","itemListElement":[{"@type":"ListItem","position":1,"name":"Accueil","item":"https:\/\/www.ladiagonale.net\/"},{"@type":"ListItem","position":2,"name":"Succ\u00e8s de prestige pour les U19 contre l&rsquo;OM"}]},{"@type":"WebSite","@id":"https:\/\/www.ladiagonale.net\/#website","url":"https:\/\/www.ladiagonale.net\/","name":"La Diagonale","description":"Le site des supporters de l&#039;AS Monaco FC","potentialAction":[{"@type":"SearchAction","target":{"@type":"EntryPoint","urlTemplate":"https:\/\/www.ladiagonale.net\/?s={search_term_string}"},"query-input":"required name=search_term_string"}],"inLanguage":"fr-FR"},{"@type":"Person","@id":"https:\/\/www.ladiagonale.net\/#\/schema\/person\/79ff1e7b0853ed01b2aa26e64ad300bf","name":"Damien Dellerba","image":{"@type":"ImageObject","inLanguage":"fr-FR","@id":"https:\/\/www.ladiagonale.net\/#\/schema\/person\/image\/","url":"https:\/\/secure.gravatar.com\/avatar\/c7850e06d3ff63cdbaee88b7fc16e2f0?s=96&d=mm&r=g","contentUrl":"https:\/\/secure.gravatar.com\/avatar\/c7850e06d3ff63cdbaee88b7fc16e2f0?s=96&d=mm&r=g","caption":"Damien Dellerba"},"url":"https:\/\/www.ladiagonale.net\/index.php\/author\/damien\/"}]}},"_links":{"self":[{"href":"https:\/\/www.ladiagonale.net\/index.php\/wp-json\/wp\/v2\/posts\/34746"}],"collection":[{"href":"https:\/\/www.ladiagonale.net\/index.php\/wp-json\/wp\/v2\/posts"}],"about":[{"href":"https:\/\/www.ladiagonale.net\/index.php\/wp-json\/wp\/v2\/types\/post"}],"author":[{"embeddable":true,"href":"https:\/\/www.ladiagonale.net\/index.php\/wp-json\/wp\/v2\/users\/2"}],"replies":[{"embeddable":true,"href":"https:\/\/www.ladiagonale.net\/index.php\/wp-json\/wp\/v2\/comments?post=34746"}],"version-history":[{"count":2,"href":"https:\/\/www.ladiagonale.net\/index.php\/wp-json\/wp\/v2\/posts\/34746\/revisions"}],"predecessor-version":[{"id":34984,"href":"https:\/\/www.ladiagonale.net\/index.php\/wp-json\/wp\/v2\/posts\/34746\/revisions\/34984"}],"wp:attachment":[{"href":"https:\/\/www.ladiagonale.net\/index.php\/wp-json\/wp\/v2\/media?parent=34746"}],"wp:term":[{"taxonomy":"category","embeddable":true,"href":"https:\/\/www.ladiagonale.net\/index.php\/wp-json\/wp\/v2\/categories?post=34746"},{"taxonomy":"post_tag","embeddable":true,"href":"https:\/\/www.ladiagonale.net\/index.php\/wp-json\/wp\/v2\/tags?post=34746"}],"curies":[{"name":"wp","href":"https:\/\/api.w.org\/{rel}","templated":true}]}}