{"id":34856,"date":"2025-10-24T17:13:22","date_gmt":"2025-10-24T15:13:22","guid":{"rendered":"https:\/\/www.ladiagonale.net\/?p=34856"},"modified":"2025-10-24T17:13:23","modified_gmt":"2025-10-24T15:13:23","slug":"belmokhtar-et-haddani-convoques-pour-la-coupe-du-monde-u17","status":"publish","type":"post","link":"https:\/\/www.ladiagonale.net\/index.php\/2025\/10\/24\/belmokhtar-et-haddani-convoques-pour-la-coupe-du-monde-u17\/","title":{"rendered":"Belmokhtar et Haddani convoqu\u00e9s pour la Coupe du monde U17"},"content":{"rendered":"\n\n\n<p>Le Maroc de Yanis Benchaouch s\u2019est hiss\u00e9 sur le toit du monde en remportant la Coupe du monde U20 il y a quelques jours et cela fera probablement des \u00e9mules chez leurs cadets en U17. La s\u00e9lection marocaine verra deux Mon\u00e9gasques, Ilies Belmokhtar et Nah\u00ebl Haddani, les repr\u00e9senter pour la Coupe du monde U17, qui se tiendra au Qatar du 3 au 27 novembre.<\/p>\n\n\n\n<p>Pour les Lions de l\u2019Atlas, il s\u2019agirait d\u2019une confirmation apr\u00e8s avoir remport\u00e9 la CAN U17 en avril dernier. Une comp\u00e9tition au cours de laquelle Belmokhtar (19 s\u00e9lections, 5 buts) avait port\u00e9 le brassard de capitaine. Quant \u00e0 Nah\u00ebl Haddani (4 s\u00e9lections, 2 buts), il a choisi la s\u00e9lection marocaine r\u00e9cemment et a \u00e9t\u00e9 s\u00e9lectionn\u00e9 dans cette g\u00e9n\u00e9ration juste apr\u00e8s son arriv\u00e9e en Principaut\u00e9.<\/p>\n\n\n\n<p>Les deux Rouge et Blanc affronteront le Japon le 3 novembre, le Portugal le 6 et la Nouvelle-Cal\u00e9donie le 9 dans le cadre de la phase de groupes.<\/p>\n","protected":false},"excerpt":{"rendered":"<p>Le Maroc de Yanis Benchaouch s\u2019est hiss\u00e9 sur le toit du monde en remportant la Coupe du monde U20 il y a quelques jours et cela fera probablement des \u00e9mules chez leurs cadets en U17. La s\u00e9lection marocaine verra deux Mon\u00e9gasques, Ilies Belmokhtar et Nah\u00ebl Haddani, les repr\u00e9senter pour la Coupe du monde U17, qui [&#8230;]\n","protected":false},"author":2,"featured_media":0,"comment_status":"open","ping_status":"open","sticky":false,"template":"","format":"standard","meta":[],"categories":[1110,6,1111],"tags":[76,86,732,799,914,1060,116],"yoast_head":"<!-- This site is optimized with the Yoast SEO plugin v19.8 - https:\/\/yoast.com\/wordpress\/plugins\/seo\/ -->\n<title>Belmokhtar et Haddani convoqu\u00e9s pour la Coupe du monde U17 - La Diagonale<\/title>\n<meta name=\"robots\" content=\"index, follow, max-snippet:-1, max-image-preview:large, max-video-preview:-1\" \/>\n<link rel=\"canonical\" href=\"https:\/\/www.ladiagonale.net\/index.php\/2025\/10\/24\/belmokhtar-et-haddani-convoques-pour-la-coupe-du-monde-u17\/\" \/>\n<meta property=\"og:locale\" content=\"fr_FR\" \/>\n<meta property=\"og:type\" content=\"article\" \/>\n<meta property=\"og:title\" content=\"Belmokhtar et Haddani convoqu\u00e9s pour la Coupe du monde U17 - La Diagonale\" \/>\n<meta property=\"og:description\" content=\"Le Maroc de Yanis Benchaouch s\u2019est hiss\u00e9 sur le toit du monde en remportant la Coupe du monde U20 il y a quelques jours et cela fera probablement des \u00e9mules chez leurs cadets en U17. La s\u00e9lection marocaine verra deux Mon\u00e9gasques, Ilies Belmokhtar et Nah\u00ebl Haddani, les repr\u00e9senter pour la Coupe du monde U17, qui [...]\" \/>\n<meta property=\"og:url\" content=\"https:\/\/www.ladiagonale.net\/index.php\/2025\/10\/24\/belmokhtar-et-haddani-convoques-pour-la-coupe-du-monde-u17\/\" \/>\n<meta property=\"og:site_name\" content=\"La Diagonale\" \/>\n<meta property=\"article:published_time\" content=\"2025-10-24T15:13:22+00:00\" \/>\n<meta property=\"article:modified_time\" content=\"2025-10-24T15:13:23+00:00\" \/>\n<meta property=\"og:image\" content=\"https:\/\/www.ladiagonale.net\/wp-content\/uploads\/2025\/04\/belmo-can.jpg\" \/>\n\t<meta property=\"og:image:width\" content=\"1461\" \/>\n\t<meta property=\"og:image:height\" content=\"737\" \/>\n\t<meta property=\"og:image:type\" content=\"image\/jpeg\" \/>\n<meta name=\"author\" content=\"Damien Dellerba\" \/>\n<meta name=\"twitter:card\" content=\"summary_large_image\" \/>\n<meta name=\"twitter:image\" content=\"https:\/\/www.ladiagonale.net\/wp-content\/uploads\/2025\/04\/belmo-can.jpg\" \/>\n<meta name=\"twitter:label1\" content=\"\u00c9crit par\" \/>\n\t<meta name=\"twitter:data1\" content=\"Damien Dellerba\" \/>\n\t<meta name=\"twitter:label2\" content=\"Dur\u00e9e de lecture estim\u00e9e\" \/>\n\t<meta name=\"twitter:data2\" content=\"1 minute\" \/>\n<script type=\"application\/ld+json\" class=\"yoast-schema-graph\">{\"@context\":\"https:\/\/schema.org\",\"@graph\":[{\"@type\":\"WebPage\",\"@id\":\"https:\/\/www.ladiagonale.net\/index.php\/2025\/10\/24\/belmokhtar-et-haddani-convoques-pour-la-coupe-du-monde-u17\/\",\"url\":\"https:\/\/www.ladiagonale.net\/index.php\/2025\/10\/24\/belmokhtar-et-haddani-convoques-pour-la-coupe-du-monde-u17\/\",\"name\":\"Belmokhtar et Haddani convoqu\u00e9s pour la Coupe du monde U17 - La Diagonale\",\"isPartOf\":{\"@id\":\"https:\/\/www.ladiagonale.net\/#website\"},\"datePublished\":\"2025-10-24T15:13:22+00:00\",\"dateModified\":\"2025-10-24T15:13:23+00:00\",\"author\":{\"@id\":\"https:\/\/www.ladiagonale.net\/#\/schema\/person\/79ff1e7b0853ed01b2aa26e64ad300bf\"},\"breadcrumb\":{\"@id\":\"https:\/\/www.ladiagonale.net\/index.php\/2025\/10\/24\/belmokhtar-et-haddani-convoques-pour-la-coupe-du-monde-u17\/#breadcrumb\"},\"inLanguage\":\"fr-FR\",\"potentialAction\":[{\"@type\":\"ReadAction\",\"target\":[\"https:\/\/www.ladiagonale.net\/index.php\/2025\/10\/24\/belmokhtar-et-haddani-convoques-pour-la-coupe-du-monde-u17\/\"]}]},{\"@type\":\"BreadcrumbList\",\"@id\":\"https:\/\/www.ladiagonale.net\/index.php\/2025\/10\/24\/belmokhtar-et-haddani-convoques-pour-la-coupe-du-monde-u17\/#breadcrumb\",\"itemListElement\":[{\"@type\":\"ListItem\",\"position\":1,\"name\":\"Accueil\",\"item\":\"https:\/\/www.ladiagonale.net\/\"},{\"@type\":\"ListItem\",\"position\":2,\"name\":\"Belmokhtar et Haddani convoqu\u00e9s pour la Coupe du monde U17\"}]},{\"@type\":\"WebSite\",\"@id\":\"https:\/\/www.ladiagonale.net\/#website\",\"url\":\"https:\/\/www.ladiagonale.net\/\",\"name\":\"La Diagonale\",\"description\":\"Le site des supporters de l&#039;AS Monaco FC\",\"potentialAction\":[{\"@type\":\"SearchAction\",\"target\":{\"@type\":\"EntryPoint\",\"urlTemplate\":\"https:\/\/www.ladiagonale.net\/?s={search_term_string}\"},\"query-input\":\"required name=search_term_string\"}],\"inLanguage\":\"fr-FR\"},{\"@type\":\"Person\",\"@id\":\"https:\/\/www.ladiagonale.net\/#\/schema\/person\/79ff1e7b0853ed01b2aa26e64ad300bf\",\"name\":\"Damien Dellerba\",\"image\":{\"@type\":\"ImageObject\",\"inLanguage\":\"fr-FR\",\"@id\":\"https:\/\/www.ladiagonale.net\/#\/schema\/person\/image\/\",\"url\":\"https:\/\/secure.gravatar.com\/avatar\/c7850e06d3ff63cdbaee88b7fc16e2f0?s=96&d=mm&r=g\",\"contentUrl\":\"https:\/\/secure.gravatar.com\/avatar\/c7850e06d3ff63cdbaee88b7fc16e2f0?s=96&d=mm&r=g\",\"caption\":\"Damien Dellerba\"},\"url\":\"https:\/\/www.ladiagonale.net\/index.php\/author\/damien\/\"}]}<\/script>\n<!-- \/ Yoast SEO plugin. -->","yoast_head_json":{"title":"Belmokhtar et Haddani convoqu\u00e9s pour la Coupe du monde U17 - La Diagonale","robots":{"index":"index","follow":"follow","max-snippet":"max-snippet:-1","max-image-preview":"max-image-preview:large","max-video-preview":"max-video-preview:-1"},"canonical":"https:\/\/www.ladiagonale.net\/index.php\/2025\/10\/24\/belmokhtar-et-haddani-convoques-pour-la-coupe-du-monde-u17\/","og_locale":"fr_FR","og_type":"article","og_title":"Belmokhtar et Haddani convoqu\u00e9s pour la Coupe du monde U17 - La Diagonale","og_description":"Le Maroc de Yanis Benchaouch s\u2019est hiss\u00e9 sur le toit du monde en remportant la Coupe du monde U20 il y a quelques jours et cela fera probablement des \u00e9mules chez leurs cadets en U17. La s\u00e9lection marocaine verra deux Mon\u00e9gasques, Ilies Belmokhtar et Nah\u00ebl Haddani, les repr\u00e9senter pour la Coupe du monde U17, qui [...]","og_url":"https:\/\/www.ladiagonale.net\/index.php\/2025\/10\/24\/belmokhtar-et-haddani-convoques-pour-la-coupe-du-monde-u17\/","og_site_name":"La Diagonale","article_published_time":"2025-10-24T15:13:22+00:00","article_modified_time":"2025-10-24T15:13:23+00:00","og_image":[{"width":1461,"height":737,"url":"https:\/\/www.ladiagonale.net\/wp-content\/uploads\/2025\/04\/belmo-can.jpg","type":"image\/jpeg"}],"author":"Damien Dellerba","twitter_card":"summary_large_image","twitter_image":"https:\/\/www.ladiagonale.net\/wp-content\/uploads\/2025\/04\/belmo-can.jpg","twitter_misc":{"\u00c9crit par":"Damien Dellerba","Dur\u00e9e de lecture estim\u00e9e":"1 minute"},"schema":{"@context":"https:\/\/schema.org","@graph":[{"@type":"WebPage","@id":"https:\/\/www.ladiagonale.net\/index.php\/2025\/10\/24\/belmokhtar-et-haddani-convoques-pour-la-coupe-du-monde-u17\/","url":"https:\/\/www.ladiagonale.net\/index.php\/2025\/10\/24\/belmokhtar-et-haddani-convoques-pour-la-coupe-du-monde-u17\/","name":"Belmokhtar et Haddani convoqu\u00e9s pour la Coupe du monde U17 - La Diagonale","isPartOf":{"@id":"https:\/\/www.ladiagonale.net\/#website"},"datePublished":"2025-10-24T15:13:22+00:00","dateModified":"2025-10-24T15:13:23+00:00","author":{"@id":"https:\/\/www.ladiagonale.net\/#\/schema\/person\/79ff1e7b0853ed01b2aa26e64ad300bf"},"breadcrumb":{"@id":"https:\/\/www.ladiagonale.net\/index.php\/2025\/10\/24\/belmokhtar-et-haddani-convoques-pour-la-coupe-du-monde-u17\/#breadcrumb"},"inLanguage":"fr-FR","potentialAction":[{"@type":"ReadAction","target":["https:\/\/www.ladiagonale.net\/index.php\/2025\/10\/24\/belmokhtar-et-haddani-convoques-pour-la-coupe-du-monde-u17\/"]}]},{"@type":"BreadcrumbList","@id":"https:\/\/www.ladiagonale.net\/index.php\/2025\/10\/24\/belmokhtar-et-haddani-convoques-pour-la-coupe-du-monde-u17\/#breadcrumb","itemListElement":[{"@type":"ListItem","position":1,"name":"Accueil","item":"https:\/\/www.ladiagonale.net\/"},{"@type":"ListItem","position":2,"name":"Belmokhtar et Haddani convoqu\u00e9s pour la Coupe du monde U17"}]},{"@type":"WebSite","@id":"https:\/\/www.ladiagonale.net\/#website","url":"https:\/\/www.ladiagonale.net\/","name":"La Diagonale","description":"Le site des supporters de l&#039;AS Monaco FC","potentialAction":[{"@type":"SearchAction","target":{"@type":"EntryPoint","urlTemplate":"https:\/\/www.ladiagonale.net\/?s={search_term_string}"},"query-input":"required name=search_term_string"}],"inLanguage":"fr-FR"},{"@type":"Person","@id":"https:\/\/www.ladiagonale.net\/#\/schema\/person\/79ff1e7b0853ed01b2aa26e64ad300bf","name":"Damien Dellerba","image":{"@type":"ImageObject","inLanguage":"fr-FR","@id":"https:\/\/www.ladiagonale.net\/#\/schema\/person\/image\/","url":"https:\/\/secure.gravatar.com\/avatar\/c7850e06d3ff63cdbaee88b7fc16e2f0?s=96&d=mm&r=g","contentUrl":"https:\/\/secure.gravatar.com\/avatar\/c7850e06d3ff63cdbaee88b7fc16e2f0?s=96&d=mm&r=g","caption":"Damien Dellerba"},"url":"https:\/\/www.ladiagonale.net\/index.php\/author\/damien\/"}]}},"_links":{"self":[{"href":"https:\/\/www.ladiagonale.net\/index.php\/wp-json\/wp\/v2\/posts\/34856"}],"collection":[{"href":"https:\/\/www.ladiagonale.net\/index.php\/wp-json\/wp\/v2\/posts"}],"about":[{"href":"https:\/\/www.ladiagonale.net\/index.php\/wp-json\/wp\/v2\/types\/post"}],"author":[{"embeddable":true,"href":"https:\/\/www.ladiagonale.net\/index.php\/wp-json\/wp\/v2\/users\/2"}],"replies":[{"embeddable":true,"href":"https:\/\/www.ladiagonale.net\/index.php\/wp-json\/wp\/v2\/comments?post=34856"}],"version-history":[{"count":1,"href":"https:\/\/www.ladiagonale.net\/index.php\/wp-json\/wp\/v2\/posts\/34856\/revisions"}],"predecessor-version":[{"id":34857,"href":"https:\/\/www.ladiagonale.net\/index.php\/wp-json\/wp\/v2\/posts\/34856\/revisions\/34857"}],"wp:attachment":[{"href":"https:\/\/www.ladiagonale.net\/index.php\/wp-json\/wp\/v2\/media?parent=34856"}],"wp:term":[{"taxonomy":"category","embeddable":true,"href":"https:\/\/www.ladiagonale.net\/index.php\/wp-json\/wp\/v2\/categories?post=34856"},{"taxonomy":"post_tag","embeddable":true,"href":"https:\/\/www.ladiagonale.net\/index.php\/wp-json\/wp\/v2\/tags?post=34856"}],"curies":[{"name":"wp","href":"https:\/\/api.w.org\/{rel}","templated":true}]}}