{"id":34864,"date":"2025-10-25T18:14:17","date_gmt":"2025-10-25T16:14:17","guid":{"rendered":"https:\/\/www.ladiagonale.net\/?p=34864"},"modified":"2025-10-25T18:14:18","modified_gmt":"2025-10-25T16:14:18","slug":"les-compositions-golovin-titulaire-3","status":"publish","type":"post","link":"https:\/\/www.ladiagonale.net\/index.php\/2025\/10\/25\/les-compositions-golovin-titulaire-3\/","title":{"rendered":"Les compositions : Golovin titulaire"},"content":{"rendered":"\n\n\n<p>Auteur d&rsquo;une bonne entr\u00e9e contre Tottenham, mercredi, Aleksandr Golovin est titularis\u00e9 par S\u00e9bastien Pocognoli au milieu de terrain. Il \u00e9voluera au c\u00f4t\u00e9 de Mamadou Coulibaly, qui encha\u00eene, alors que Jordan Teze d\u00e9butera la rencontre sur le banc.<\/p>\n\n\n\n<p>Malgr\u00e9 un faible r\u00e9servoir en d\u00e9fense, l&rsquo;entra\u00eeneur belge poursuit avec sa d\u00e9fense \u00e0 trois. Confront\u00e9 \u00e0 l&rsquo;absence de Caio Henrique, Christian Mawissa prend place dans la d\u00e9fense \u00e0 trois.<\/p>\n\n\n\n<p>Enfin, Maghnes Akliouhche va souffler un peu. L&rsquo;international tricolore a \u00e9t\u00e9 mis sur le banc par Pocognoli. Ansu Fati et Takumi Minamino seront charg\u00e9s de l&rsquo;animation derri\u00e8re Folarin Balogun.<\/p>\n\n\n\n<p><strong>AS Monaco (3-4-2-1) :<\/strong> K\u00f6hn &#8211; Kehrer (cap.), Salisu, Mawissa &#8211; Diatta, Teze, Golovin, Ouattara &#8211; Akliouche, Minamino &#8211; Balogun.<\/p>\n\n\n\n<p><em>Rempla\u00e7ants :<\/em> Lienard (g.), Teze, Bamba, Cabral, Akliouche, Idumbo, Biereth, Ilenikhena, Michal.<\/p>\n\n\n\n<p><strong>Toulouse FC (3-4-3) :<\/strong> Restes &#8211; McKenzie, Cresswell, Nicolaisen (cap.) &#8211; D\u00f6nnum, Francis, Casseres, Methalie &#8211; Magri, Emersonn, Gboho.<\/p>\n\n\n\n<p><em>Rempla\u00e7ants :<\/em> Haug (g.), Kamanzi, Sidib\u00e9, Koumbassa, Sauer, Vossah, Hidalgo, Vignolo, Edjouma.<\/p>\n","protected":false},"excerpt":{"rendered":"<p>Auteur d&rsquo;une bonne entr\u00e9e contre Tottenham, mercredi, Aleksandr Golovin est titularis\u00e9 par S\u00e9bastien Pocognoli au milieu de terrain. Il \u00e9voluera au c\u00f4t\u00e9 de Mamadou Coulibaly, qui encha\u00eene, alors que Jordan Teze d\u00e9butera la rencontre sur le banc. Malgr\u00e9 un faible r\u00e9servoir en d\u00e9fense, l&rsquo;entra\u00eeneur belge poursuit avec sa d\u00e9fense \u00e0 trois. Confront\u00e9 \u00e0 l&rsquo;absence de [&#8230;]\n","protected":false},"author":2,"featured_media":0,"comment_status":"open","ping_status":"open","sticky":false,"template":"","format":"standard","meta":[],"categories":[4,6],"tags":[86,213,94,463],"yoast_head":"<!-- This site is optimized with the Yoast SEO plugin v19.8 - https:\/\/yoast.com\/wordpress\/plugins\/seo\/ -->\n<title>Les compositions : Golovin titulaire - La Diagonale<\/title>\n<meta name=\"robots\" content=\"index, follow, max-snippet:-1, max-image-preview:large, max-video-preview:-1\" \/>\n<link rel=\"canonical\" href=\"https:\/\/www.ladiagonale.net\/index.php\/2025\/10\/25\/les-compositions-golovin-titulaire-3\/\" \/>\n<meta property=\"og:locale\" content=\"fr_FR\" \/>\n<meta property=\"og:type\" content=\"article\" \/>\n<meta property=\"og:title\" content=\"Les compositions : Golovin titulaire - La Diagonale\" \/>\n<meta property=\"og:description\" content=\"Auteur d&rsquo;une bonne entr\u00e9e contre Tottenham, mercredi, Aleksandr Golovin est titularis\u00e9 par S\u00e9bastien Pocognoli au milieu de terrain. Il \u00e9voluera au c\u00f4t\u00e9 de Mamadou Coulibaly, qui encha\u00eene, alors que Jordan Teze d\u00e9butera la rencontre sur le banc. Malgr\u00e9 un faible r\u00e9servoir en d\u00e9fense, l&rsquo;entra\u00eeneur belge poursuit avec sa d\u00e9fense \u00e0 trois. Confront\u00e9 \u00e0 l&rsquo;absence de [...]\" \/>\n<meta property=\"og:url\" content=\"https:\/\/www.ladiagonale.net\/index.php\/2025\/10\/25\/les-compositions-golovin-titulaire-3\/\" \/>\n<meta property=\"og:site_name\" content=\"La Diagonale\" \/>\n<meta property=\"article:published_time\" content=\"2025-10-25T16:14:17+00:00\" \/>\n<meta property=\"article:modified_time\" content=\"2025-10-25T16:14:18+00:00\" \/>\n<meta property=\"og:image\" content=\"https:\/\/www.ladiagonale.net\/wp-content\/uploads\/2025\/07\/Golovin-cercle.png\" \/>\n\t<meta property=\"og:image:width\" content=\"1160\" \/>\n\t<meta property=\"og:image:height\" content=\"650\" \/>\n\t<meta property=\"og:image:type\" content=\"image\/png\" \/>\n<meta name=\"author\" content=\"Damien Dellerba\" \/>\n<meta name=\"twitter:card\" content=\"summary_large_image\" \/>\n<meta name=\"twitter:image\" content=\"https:\/\/www.ladiagonale.net\/wp-content\/uploads\/2025\/07\/Golovin-cercle.png\" \/>\n<meta name=\"twitter:label1\" content=\"\u00c9crit par\" \/>\n\t<meta name=\"twitter:data1\" content=\"Damien Dellerba\" \/>\n\t<meta name=\"twitter:label2\" content=\"Dur\u00e9e de lecture estim\u00e9e\" \/>\n\t<meta name=\"twitter:data2\" content=\"1 minute\" \/>\n<script type=\"application\/ld+json\" class=\"yoast-schema-graph\">{\"@context\":\"https:\/\/schema.org\",\"@graph\":[{\"@type\":\"WebPage\",\"@id\":\"https:\/\/www.ladiagonale.net\/index.php\/2025\/10\/25\/les-compositions-golovin-titulaire-3\/\",\"url\":\"https:\/\/www.ladiagonale.net\/index.php\/2025\/10\/25\/les-compositions-golovin-titulaire-3\/\",\"name\":\"Les compositions : Golovin titulaire - La Diagonale\",\"isPartOf\":{\"@id\":\"https:\/\/www.ladiagonale.net\/#website\"},\"datePublished\":\"2025-10-25T16:14:17+00:00\",\"dateModified\":\"2025-10-25T16:14:18+00:00\",\"author\":{\"@id\":\"https:\/\/www.ladiagonale.net\/#\/schema\/person\/79ff1e7b0853ed01b2aa26e64ad300bf\"},\"breadcrumb\":{\"@id\":\"https:\/\/www.ladiagonale.net\/index.php\/2025\/10\/25\/les-compositions-golovin-titulaire-3\/#breadcrumb\"},\"inLanguage\":\"fr-FR\",\"potentialAction\":[{\"@type\":\"ReadAction\",\"target\":[\"https:\/\/www.ladiagonale.net\/index.php\/2025\/10\/25\/les-compositions-golovin-titulaire-3\/\"]}]},{\"@type\":\"BreadcrumbList\",\"@id\":\"https:\/\/www.ladiagonale.net\/index.php\/2025\/10\/25\/les-compositions-golovin-titulaire-3\/#breadcrumb\",\"itemListElement\":[{\"@type\":\"ListItem\",\"position\":1,\"name\":\"Accueil\",\"item\":\"https:\/\/www.ladiagonale.net\/\"},{\"@type\":\"ListItem\",\"position\":2,\"name\":\"Les compositions : Golovin titulaire\"}]},{\"@type\":\"WebSite\",\"@id\":\"https:\/\/www.ladiagonale.net\/#website\",\"url\":\"https:\/\/www.ladiagonale.net\/\",\"name\":\"La Diagonale\",\"description\":\"Le site des supporters de l&#039;AS Monaco FC\",\"potentialAction\":[{\"@type\":\"SearchAction\",\"target\":{\"@type\":\"EntryPoint\",\"urlTemplate\":\"https:\/\/www.ladiagonale.net\/?s={search_term_string}\"},\"query-input\":\"required name=search_term_string\"}],\"inLanguage\":\"fr-FR\"},{\"@type\":\"Person\",\"@id\":\"https:\/\/www.ladiagonale.net\/#\/schema\/person\/79ff1e7b0853ed01b2aa26e64ad300bf\",\"name\":\"Damien Dellerba\",\"image\":{\"@type\":\"ImageObject\",\"inLanguage\":\"fr-FR\",\"@id\":\"https:\/\/www.ladiagonale.net\/#\/schema\/person\/image\/\",\"url\":\"https:\/\/secure.gravatar.com\/avatar\/c7850e06d3ff63cdbaee88b7fc16e2f0?s=96&d=mm&r=g\",\"contentUrl\":\"https:\/\/secure.gravatar.com\/avatar\/c7850e06d3ff63cdbaee88b7fc16e2f0?s=96&d=mm&r=g\",\"caption\":\"Damien Dellerba\"},\"url\":\"https:\/\/www.ladiagonale.net\/index.php\/author\/damien\/\"}]}<\/script>\n<!-- \/ Yoast SEO plugin. -->","yoast_head_json":{"title":"Les compositions : Golovin titulaire - La Diagonale","robots":{"index":"index","follow":"follow","max-snippet":"max-snippet:-1","max-image-preview":"max-image-preview:large","max-video-preview":"max-video-preview:-1"},"canonical":"https:\/\/www.ladiagonale.net\/index.php\/2025\/10\/25\/les-compositions-golovin-titulaire-3\/","og_locale":"fr_FR","og_type":"article","og_title":"Les compositions : Golovin titulaire - La Diagonale","og_description":"Auteur d&rsquo;une bonne entr\u00e9e contre Tottenham, mercredi, Aleksandr Golovin est titularis\u00e9 par S\u00e9bastien Pocognoli au milieu de terrain. Il \u00e9voluera au c\u00f4t\u00e9 de Mamadou Coulibaly, qui encha\u00eene, alors que Jordan Teze d\u00e9butera la rencontre sur le banc. Malgr\u00e9 un faible r\u00e9servoir en d\u00e9fense, l&rsquo;entra\u00eeneur belge poursuit avec sa d\u00e9fense \u00e0 trois. Confront\u00e9 \u00e0 l&rsquo;absence de [...]","og_url":"https:\/\/www.ladiagonale.net\/index.php\/2025\/10\/25\/les-compositions-golovin-titulaire-3\/","og_site_name":"La Diagonale","article_published_time":"2025-10-25T16:14:17+00:00","article_modified_time":"2025-10-25T16:14:18+00:00","og_image":[{"width":1160,"height":650,"url":"https:\/\/www.ladiagonale.net\/wp-content\/uploads\/2025\/07\/Golovin-cercle.png","type":"image\/png"}],"author":"Damien Dellerba","twitter_card":"summary_large_image","twitter_image":"https:\/\/www.ladiagonale.net\/wp-content\/uploads\/2025\/07\/Golovin-cercle.png","twitter_misc":{"\u00c9crit par":"Damien Dellerba","Dur\u00e9e de lecture estim\u00e9e":"1 minute"},"schema":{"@context":"https:\/\/schema.org","@graph":[{"@type":"WebPage","@id":"https:\/\/www.ladiagonale.net\/index.php\/2025\/10\/25\/les-compositions-golovin-titulaire-3\/","url":"https:\/\/www.ladiagonale.net\/index.php\/2025\/10\/25\/les-compositions-golovin-titulaire-3\/","name":"Les compositions : Golovin titulaire - La Diagonale","isPartOf":{"@id":"https:\/\/www.ladiagonale.net\/#website"},"datePublished":"2025-10-25T16:14:17+00:00","dateModified":"2025-10-25T16:14:18+00:00","author":{"@id":"https:\/\/www.ladiagonale.net\/#\/schema\/person\/79ff1e7b0853ed01b2aa26e64ad300bf"},"breadcrumb":{"@id":"https:\/\/www.ladiagonale.net\/index.php\/2025\/10\/25\/les-compositions-golovin-titulaire-3\/#breadcrumb"},"inLanguage":"fr-FR","potentialAction":[{"@type":"ReadAction","target":["https:\/\/www.ladiagonale.net\/index.php\/2025\/10\/25\/les-compositions-golovin-titulaire-3\/"]}]},{"@type":"BreadcrumbList","@id":"https:\/\/www.ladiagonale.net\/index.php\/2025\/10\/25\/les-compositions-golovin-titulaire-3\/#breadcrumb","itemListElement":[{"@type":"ListItem","position":1,"name":"Accueil","item":"https:\/\/www.ladiagonale.net\/"},{"@type":"ListItem","position":2,"name":"Les compositions : Golovin titulaire"}]},{"@type":"WebSite","@id":"https:\/\/www.ladiagonale.net\/#website","url":"https:\/\/www.ladiagonale.net\/","name":"La Diagonale","description":"Le site des supporters de l&#039;AS Monaco FC","potentialAction":[{"@type":"SearchAction","target":{"@type":"EntryPoint","urlTemplate":"https:\/\/www.ladiagonale.net\/?s={search_term_string}"},"query-input":"required name=search_term_string"}],"inLanguage":"fr-FR"},{"@type":"Person","@id":"https:\/\/www.ladiagonale.net\/#\/schema\/person\/79ff1e7b0853ed01b2aa26e64ad300bf","name":"Damien Dellerba","image":{"@type":"ImageObject","inLanguage":"fr-FR","@id":"https:\/\/www.ladiagonale.net\/#\/schema\/person\/image\/","url":"https:\/\/secure.gravatar.com\/avatar\/c7850e06d3ff63cdbaee88b7fc16e2f0?s=96&d=mm&r=g","contentUrl":"https:\/\/secure.gravatar.com\/avatar\/c7850e06d3ff63cdbaee88b7fc16e2f0?s=96&d=mm&r=g","caption":"Damien Dellerba"},"url":"https:\/\/www.ladiagonale.net\/index.php\/author\/damien\/"}]}},"_links":{"self":[{"href":"https:\/\/www.ladiagonale.net\/index.php\/wp-json\/wp\/v2\/posts\/34864"}],"collection":[{"href":"https:\/\/www.ladiagonale.net\/index.php\/wp-json\/wp\/v2\/posts"}],"about":[{"href":"https:\/\/www.ladiagonale.net\/index.php\/wp-json\/wp\/v2\/types\/post"}],"author":[{"embeddable":true,"href":"https:\/\/www.ladiagonale.net\/index.php\/wp-json\/wp\/v2\/users\/2"}],"replies":[{"embeddable":true,"href":"https:\/\/www.ladiagonale.net\/index.php\/wp-json\/wp\/v2\/comments?post=34864"}],"version-history":[{"count":1,"href":"https:\/\/www.ladiagonale.net\/index.php\/wp-json\/wp\/v2\/posts\/34864\/revisions"}],"predecessor-version":[{"id":34865,"href":"https:\/\/www.ladiagonale.net\/index.php\/wp-json\/wp\/v2\/posts\/34864\/revisions\/34865"}],"wp:attachment":[{"href":"https:\/\/www.ladiagonale.net\/index.php\/wp-json\/wp\/v2\/media?parent=34864"}],"wp:term":[{"taxonomy":"category","embeddable":true,"href":"https:\/\/www.ladiagonale.net\/index.php\/wp-json\/wp\/v2\/categories?post=34864"},{"taxonomy":"post_tag","embeddable":true,"href":"https:\/\/www.ladiagonale.net\/index.php\/wp-json\/wp\/v2\/tags?post=34864"}],"curies":[{"name":"wp","href":"https:\/\/api.w.org\/{rel}","templated":true}]}}