{"id":34880,"date":"2025-10-26T16:24:39","date_gmt":"2025-10-26T15:24:39","guid":{"rendered":"https:\/\/www.ladiagonale.net\/?p=34880"},"modified":"2025-10-26T16:24:41","modified_gmt":"2025-10-26T15:24:41","slug":"les-notes-salisu-sur-sa-lancee","status":"publish","type":"post","link":"https:\/\/www.ladiagonale.net\/index.php\/2025\/10\/26\/les-notes-salisu-sur-sa-lancee\/","title":{"rendered":"Les notes : Salisu sur sa lanc\u00e9e"},"content":{"rendered":"\n\n\n<p><strong>Auteur d&rsquo;une bonne prestation face \u00e0 Tottenham, Mohammed Salisu a confirm\u00e9 sa bonne forme du moment en donnant la victoire \u00e0 l&rsquo;ASM contre Toulouse.<\/strong><\/p>\n\n\n\n<h4 class=\"wp-block-heading has-white-color has-text-color has-background\" style=\"background-color:#155a00\">TOPS<\/h4>\n\n\n\n<div class=\"wp-block-media-text alignwide is-stacked-on-mobile\" style=\"grid-template-columns:35% auto\"><figure class=\"wp-block-media-text__media\"><img loading=\"lazy\" width=\"400\" height=\"400\" src=\"https:\/\/www.ladiagonale.net\/wp-content\/uploads\/2025\/10\/Salisu7-1.png\" alt=\"\" class=\"wp-image-34885 size-full\" srcset=\"https:\/\/www.ladiagonale.net\/wp-content\/uploads\/2025\/10\/Salisu7-1.png 400w, https:\/\/www.ladiagonale.net\/wp-content\/uploads\/2025\/10\/Salisu7-1-300x300.png 300w, https:\/\/www.ladiagonale.net\/wp-content\/uploads\/2025\/10\/Salisu7-1-150x150.png 150w, https:\/\/www.ladiagonale.net\/wp-content\/uploads\/2025\/10\/Salisu7-1-128x128.png 128w, https:\/\/www.ladiagonale.net\/wp-content\/uploads\/2025\/10\/Salisu7-1-32x32.png 32w\" sizes=\"(max-width: 400px) 100vw, 400px\" \/><\/figure><div class=\"wp-block-media-text__content\">\n<p style=\"font-size:16px\"><strong>Mohammed Salisu<\/strong><\/p>\n\n\n\n<p style=\"font-size:15px\">Le d\u00e9fenseur central ghan\u00e9en r\u00e9alise une bonne deuxi\u00e8me prestation en quelques jours. Celle-ci a \u00e9t\u00e9 ponctu\u00e9e d\u2019un but tr\u00e8s rapide qui donne la victoire aux siens. Il a r\u00e9alis\u00e9 plusieurs interventions rugueuses mais correctes, m\u00eame si sa seconde p\u00e9riode a \u00e9t\u00e9 un peu moins aboutie. Il est notamment pris en d\u00e9faut par Methalie dans son dos, mais il aurait sans doute d\u00fb \u00eatre pr\u00e9venu ou compens\u00e9 par Mawissa sur cette situation (65<sup>e<\/sup>). Quelques d\u00e9gagements pr\u00e9cieux dans la surface.<\/p>\n<\/div><\/div>\n\n\n\n<div style=\"height:40px\" aria-hidden=\"true\" class=\"wp-block-spacer\"><\/div>\n\n\n\n<div class=\"wp-block-media-text alignwide is-stacked-on-mobile\" style=\"grid-template-columns:35% auto\"><figure class=\"wp-block-media-text__media\"><img loading=\"lazy\" width=\"400\" height=\"400\" src=\"https:\/\/www.ladiagonale.net\/wp-content\/uploads\/2025\/10\/Ouattara6.png\" alt=\"\" class=\"wp-image-34425 size-full\" srcset=\"https:\/\/www.ladiagonale.net\/wp-content\/uploads\/2025\/10\/Ouattara6.png 400w, https:\/\/www.ladiagonale.net\/wp-content\/uploads\/2025\/10\/Ouattara6-300x300.png 300w, https:\/\/www.ladiagonale.net\/wp-content\/uploads\/2025\/10\/Ouattara6-150x150.png 150w, https:\/\/www.ladiagonale.net\/wp-content\/uploads\/2025\/10\/Ouattara6-128x128.png 128w, https:\/\/www.ladiagonale.net\/wp-content\/uploads\/2025\/10\/Ouattara6-32x32.png 32w\" sizes=\"(max-width: 400px) 100vw, 400px\" \/><\/figure><div class=\"wp-block-media-text__content\">\n<p style=\"font-size:16px\"><strong>Kassoum Ouattara<\/strong><\/p>\n\n\n\n<p style=\"font-size:15px\">Une partition int\u00e9ressante de la part du lat\u00e9ral gauche, positionn\u00e9 comme piston, avec 9 ballons glan\u00e9s. Il a une fois de plus montr\u00e9 la qualit\u00e9 de son pied gauche, avec un centre millim\u00e9tr\u00e9 pour Salisu et l\u2019ouverture du score (3<sup>e<\/sup>). Il a distribu\u00e9 d\u2019autres caviars (14<sup>e<\/sup>, 26<sup>e<\/sup>), et surtout, c\u2019est lui qui trouve Balogun (35<sup>e<\/sup>). Mais sa rencontre est aussi entach\u00e9e d\u2019un \u00e9norme rat\u00e9. Il trouve le poteau alors que le but est grand ouvert devant lui (78<sup>e<\/sup>). Dommage.<\/p>\n<\/div><\/div>\n\n\n\n<div style=\"height:40px\" aria-hidden=\"true\" class=\"wp-block-spacer\"><\/div>\n\n\n\n<div class=\"wp-block-media-text alignwide is-stacked-on-mobile\" style=\"grid-template-columns:35% auto\"><figure class=\"wp-block-media-text__media\"><img loading=\"lazy\" width=\"400\" height=\"400\" src=\"https:\/\/www.ladiagonale.net\/wp-content\/uploads\/2025\/10\/Diatta6.png\" alt=\"\" class=\"wp-image-34882 size-full\" srcset=\"https:\/\/www.ladiagonale.net\/wp-content\/uploads\/2025\/10\/Diatta6.png 400w, https:\/\/www.ladiagonale.net\/wp-content\/uploads\/2025\/10\/Diatta6-300x300.png 300w, https:\/\/www.ladiagonale.net\/wp-content\/uploads\/2025\/10\/Diatta6-150x150.png 150w, https:\/\/www.ladiagonale.net\/wp-content\/uploads\/2025\/10\/Diatta6-128x128.png 128w, https:\/\/www.ladiagonale.net\/wp-content\/uploads\/2025\/10\/Diatta6-32x32.png 32w\" sizes=\"(max-width: 400px) 100vw, 400px\" \/><\/figure><div class=\"wp-block-media-text__content\">\n<p style=\"font-size:16px\"><strong>Kr\u00e9pin Diatta<\/strong><\/p>\n\n\n\n<p style=\"font-size:15px\">Le S\u00e9n\u00e9galais a eu de la pr\u00e9sence \u00e0 tous les niveaux. Il n\u2019a remport\u00e9 \u00ab\u00a0que\u00a0\u00bb la moiti\u00e9 de ses duels mais il en a disput\u00e9 beaucoup (14), et s\u2019est vraiment donn\u00e9 avec sept ballons r\u00e9cup\u00e9r\u00e9s. Il n\u2019a pas \u00e9t\u00e9 souvent pris en d\u00e9faut dans son couloir, comptant aussi sur la vigilance de Kehrer pour le couvrir. Int\u00e9ressant dans ses mont\u00e9es, il a donn\u00e9 plusieurs bons ballons, en particuli\u00e8re ce centre vers Cabral (78e). Une passe totalement rat\u00e9e en revanche plein axe (21<sup>e<\/sup>) qui annihile un contre.<\/p>\n<\/div><\/div>\n\n\n\n<div style=\"height:40px\" aria-hidden=\"true\" class=\"wp-block-spacer\"><\/div>\n\n\n\n<div class=\"wp-block-media-text alignwide is-stacked-on-mobile\" style=\"grid-template-columns:35% auto\"><figure class=\"wp-block-media-text__media\"><img loading=\"lazy\" width=\"400\" height=\"400\" src=\"https:\/\/www.ladiagonale.net\/wp-content\/uploads\/2025\/10\/Teze6.png\" alt=\"\" class=\"wp-image-34426 size-full\" srcset=\"https:\/\/www.ladiagonale.net\/wp-content\/uploads\/2025\/10\/Teze6.png 400w, https:\/\/www.ladiagonale.net\/wp-content\/uploads\/2025\/10\/Teze6-300x300.png 300w, https:\/\/www.ladiagonale.net\/wp-content\/uploads\/2025\/10\/Teze6-150x150.png 150w, https:\/\/www.ladiagonale.net\/wp-content\/uploads\/2025\/10\/Teze6-128x128.png 128w, https:\/\/www.ladiagonale.net\/wp-content\/uploads\/2025\/10\/Teze6-32x32.png 32w\" sizes=\"(max-width: 400px) 100vw, 400px\" \/><\/figure><div class=\"wp-block-media-text__content\">\n<p style=\"font-size:16px\"><strong>Jordan Teze<\/strong><\/p>\n\n\n\n<p style=\"font-size:15px\">Son entr\u00e9e \u00e0 la pause a remis un peu d&rsquo;ordre au milieu, m\u00eame si cela ne s&rsquo;est pas forc\u00e9ment vu car l&rsquo;ASM a abandonn\u00e9 le contr\u00f4le du jeu au TFC. Mais il a \u00e9t\u00e9 utile par son placement et ses interventions et a fait du bien pour gagner des duels dans le c\u0153ur du jeu. Int\u00e9ressant en phase de possession.<\/p>\n<\/div><\/div>\n\n\n\n<div style=\"height:40px\" aria-hidden=\"true\" class=\"wp-block-spacer\"><\/div>\n\n\n\n<h4 class=\"wp-block-heading has-white-color has-text-color has-background\" style=\"background-color:#c00501\">FLOPS<\/h4>\n\n\n\n<div class=\"wp-block-media-text alignwide is-stacked-on-mobile\" style=\"grid-template-columns:35% auto\"><figure class=\"wp-block-media-text__media\"><img loading=\"lazy\" width=\"400\" height=\"400\" src=\"https:\/\/www.ladiagonale.net\/wp-content\/uploads\/2025\/10\/Balogun3-1.png\" alt=\"\" class=\"wp-image-34881 size-full\" srcset=\"https:\/\/www.ladiagonale.net\/wp-content\/uploads\/2025\/10\/Balogun3-1.png 400w, https:\/\/www.ladiagonale.net\/wp-content\/uploads\/2025\/10\/Balogun3-1-300x300.png 300w, https:\/\/www.ladiagonale.net\/wp-content\/uploads\/2025\/10\/Balogun3-1-150x150.png 150w, https:\/\/www.ladiagonale.net\/wp-content\/uploads\/2025\/10\/Balogun3-1-128x128.png 128w, https:\/\/www.ladiagonale.net\/wp-content\/uploads\/2025\/10\/Balogun3-1-32x32.png 32w\" sizes=\"(max-width: 400px) 100vw, 400px\" \/><\/figure><div class=\"wp-block-media-text__content\">\n<p style=\"font-size:16px\"><strong>Folarin Balogun<\/strong><\/p>\n\n\n\n<p style=\"font-size:15px\">Il avait rat\u00e9 trois occasions nettes contre Tottenham et les probabilit\u00e9s de le voir concr\u00e9tiser la seule qu\u2019il a obtenue dans cette rencontre (35<sup>e<\/sup>) \u00e9taient donc assez faibles. Pour le reste, il n\u2019a quasiment jamais pes\u00e9 sur cette rencontre, nettement domin\u00e9 par Cresswell, touch\u00e9 tr\u00e8s peu de ballons et rarement particip\u00e9 au jeu. Une prestation \u00e0 oublier.<\/p>\n<\/div><\/div>\n\n\n\n<div style=\"height:40px\" aria-hidden=\"true\" class=\"wp-block-spacer\"><\/div>\n\n\n\n<div class=\"wp-block-media-text alignwide is-stacked-on-mobile\" style=\"grid-template-columns:35% auto\"><figure class=\"wp-block-media-text__media\"><img loading=\"lazy\" width=\"400\" height=\"400\" src=\"https:\/\/www.ladiagonale.net\/wp-content\/uploads\/2025\/10\/Fati3.png\" alt=\"\" class=\"wp-image-34761 size-full\" srcset=\"https:\/\/www.ladiagonale.net\/wp-content\/uploads\/2025\/10\/Fati3.png 400w, https:\/\/www.ladiagonale.net\/wp-content\/uploads\/2025\/10\/Fati3-300x300.png 300w, https:\/\/www.ladiagonale.net\/wp-content\/uploads\/2025\/10\/Fati3-150x150.png 150w, https:\/\/www.ladiagonale.net\/wp-content\/uploads\/2025\/10\/Fati3-128x128.png 128w, https:\/\/www.ladiagonale.net\/wp-content\/uploads\/2025\/10\/Fati3-32x32.png 32w\" sizes=\"(max-width: 400px) 100vw, 400px\" \/><\/figure><div class=\"wp-block-media-text__content\">\n<p style=\"font-size:16px\"><strong>Ansu Fati<\/strong><\/p>\n\n\n\n<p style=\"font-size:15px\">Il commence \u00e0 montrer de s\u00e9rieuses limites dans l\u2019animation du jeu et dans la cr\u00e9ativit\u00e9. L\u2019Espagnol est toujours capable de quelques gestes de classe, comme cette feinte de corps pour laisser rouler le ballon vers Minamino, et derri\u00e8re faire l\u2019appel qui lui permet de se cr\u00e9er une grosse situation. Mais il ne la concr\u00e9tise pas (6<sup>e<\/sup>), pas plus que ce ballon qui revient sur lui apr\u00e8s le sauvetage de Restes (35<sup>e<\/sup>). Entre ces deux moments, ou apr\u00e8s, il a \u00e9t\u00e9 presque fantomatique.<\/p>\n<\/div><\/div>\n\n\n\n<div style=\"height:40px\" aria-hidden=\"true\" class=\"wp-block-spacer\"><\/div>\n\n\n\n<div class=\"wp-block-media-text alignwide is-stacked-on-mobile\" style=\"grid-template-columns:35% auto\"><figure class=\"wp-block-media-text__media\"><img loading=\"lazy\" width=\"400\" height=\"400\" src=\"https:\/\/www.ladiagonale.net\/wp-content\/uploads\/2025\/08\/Minamino3.png\" alt=\"\" class=\"wp-image-33285 size-full\" srcset=\"https:\/\/www.ladiagonale.net\/wp-content\/uploads\/2025\/08\/Minamino3.png 400w, https:\/\/www.ladiagonale.net\/wp-content\/uploads\/2025\/08\/Minamino3-300x300.png 300w, https:\/\/www.ladiagonale.net\/wp-content\/uploads\/2025\/08\/Minamino3-150x150.png 150w, https:\/\/www.ladiagonale.net\/wp-content\/uploads\/2025\/08\/Minamino3-128x128.png 128w, https:\/\/www.ladiagonale.net\/wp-content\/uploads\/2025\/08\/Minamino3-32x32.png 32w\" sizes=\"(max-width: 400px) 100vw, 400px\" \/><\/figure><div class=\"wp-block-media-text__content\">\n<p style=\"font-size:16px\"><strong>Takumi Minamino<\/strong><\/p>\n\n\n\n<p style=\"font-size:15px\">Un excellent service pour Fati (6e) pour constituer le point culminant de son match. Pour le reste, il a \u00e9t\u00e9 au mieux impr\u00e9cis, ou alors a manqu\u00e9 de spontan\u00e9it\u00e9 dans la surface (14e, 26e). Comme Fati ou Balogun, il n&rsquo;a jamais v\u00e9ritablement pes\u00e9 sur la d\u00e9fense toulousaine.<\/p>\n<\/div><\/div>\n\n\n\n<div style=\"height:40px\" aria-hidden=\"true\" class=\"wp-block-spacer\"><\/div>\n\n\n\n<div class=\"wp-block-media-text alignwide is-stacked-on-mobile\" style=\"grid-template-columns:35% auto\"><figure class=\"wp-block-media-text__media\"><img loading=\"lazy\" width=\"400\" height=\"400\" src=\"https:\/\/www.ladiagonale.net\/wp-content\/uploads\/2025\/10\/Golovin3.png\" alt=\"\" class=\"wp-image-34883 size-full\" srcset=\"https:\/\/www.ladiagonale.net\/wp-content\/uploads\/2025\/10\/Golovin3.png 400w, https:\/\/www.ladiagonale.net\/wp-content\/uploads\/2025\/10\/Golovin3-300x300.png 300w, https:\/\/www.ladiagonale.net\/wp-content\/uploads\/2025\/10\/Golovin3-150x150.png 150w, https:\/\/www.ladiagonale.net\/wp-content\/uploads\/2025\/10\/Golovin3-128x128.png 128w, https:\/\/www.ladiagonale.net\/wp-content\/uploads\/2025\/10\/Golovin3-32x32.png 32w\" sizes=\"(max-width: 400px) 100vw, 400px\" \/><\/figure><div class=\"wp-block-media-text__content\">\n<p style=\"font-size:16px\"><strong>Aleksandr Golovin<\/strong><\/p>\n\n\n\n<p style=\"font-size:15px\">Auteur d\u2019une tr\u00e8s belle entr\u00e9e contre Tottenham, le Russe a r\u00e9alis\u00e9 une prestation m\u00e9diocre. Il n\u2019a eu aucune ma\u00eetrise ni impact au milieu, a sembl\u00e9 perdu dans son placement, et en 75 minutes, il a seulement touch\u00e9 37 ballons, soit deux de plus que Coulibaly, qui \u00e9tait sorti \u00e0 la pause. En plus, il n\u2019a r\u00e9ussi que 66% de ses passes. C\u2019est peu, c\u2019est pauvre. Averti tr\u00e8s t\u00f4t dans la rencontre (18<sup>e<\/sup>).<\/p>\n<\/div><\/div>\n\n\n\n<div style=\"height:40px\" aria-hidden=\"true\" class=\"wp-block-spacer\"><\/div>\n\n\n\n<h4 class=\"wp-block-heading has-white-color has-text-color has-background\" style=\"background-color:#303030\">Les autres notes<\/h4>\n\n\n\n<p><strong>Philipp K\u00f6hn : 6\/10<\/strong><\/p>\n\n\n\n<p>Le portier suisse a connu une frayeur en \u00e9valuant mal une tentative de lob en fin de premi\u00e8re p\u00e9riode. Pour le reste, il s\u2019est montr\u00e9 s\u00e9rieux et vigilant, comme sur ce corner rentrant qu\u2019il bloque bien (90<sup>e<\/sup>+3). Si les tentatives toulousaines n\u2019ont pas \u00e9t\u00e9 trop dangereuses, il se couche bien sur deux frappes (30<sup>e<\/sup>, 66<sup>e<\/sup>). Et il a \u00e9t\u00e9 plus rassurant dans le domaine a\u00e9rien.<\/p>\n\n\n\n<p><strong>Thilo Kehrer : 6\/10<\/strong><\/p>\n\n\n\n<p>Le d\u00e9fenseur central a \u00e9t\u00e9 tr\u00e8s sollicit\u00e9 dans le duel, et il a beaucoup compens\u00e9 derri\u00e8re Diatta. Avec Gboho ou la pr\u00e9sence de Methalie pour d\u00e9doubler, il a eu du travail et s&rsquo;en est bien sorti globalement. Beaucoup de d\u00e9gagements et aussi de fautes obtenues.<\/p>\n\n\n\n<p><strong>Christian Mawissa : 5\/10<\/strong><\/p>\n\n\n\n<p>Face \u00e0 son ancien club, le d\u00e9fenseur central a \u00e9t\u00e9 s\u00e9rieux et altern\u00e9 le bon et le moins bon. Des jaillissements et des tacles qui ont servi \u00e0 repousser les adversaires mais aussi des impr\u00e9cisions et des sautes de concentration, comme cette mauvaise passe vers Salisu qu\u2019Emersonn contre (25<sup>e<\/sup>) ou son intervention rat\u00e9e sur l\u2019attaquant toulousain (33<sup>e<\/sup>). Souvent, ses projections ont \u00e9t\u00e9 un peu trop gourmandes et ont occasionn\u00e9 des pertes de balle non n\u00e9cessaires.<\/p>\n\n\n\n<p><strong>Mamadou Coulibaly : 4\/10<\/strong><\/p>\n\n\n\n<p>On n\u2019a pas assez vu le milieu. Il a r\u00e9cup\u00e9r\u00e9 quatre ballons en premi\u00e8re p\u00e9riode, ce qui n\u2019est pas un mauvais total, mais il n\u2019a pas \u00e9t\u00e9 assez solide au duel (1\/5 remport\u00e9). Trop peu de projections aussi. Il adresse en revanche une diagonale parfaite pour Ouattara qui aurait pu donner quelque chose d\u2019int\u00e9ressant si le lat\u00e9ral n\u2019avait pas manqu\u00e9 son contr\u00f4le. Sorti \u00e0 la pause m\u00eame s\u2019il n\u2019\u00e9tait pas le pire sur le terrain, mais il n\u2019a pas laiss\u00e9 non plus une tr\u00e8s grande impression.<\/p>\n\n\n\n<p><strong>S\u00e9bastien Pocognoli : 5\/10<\/strong><\/p>\n\n\n\n<p>Pour son premier succ\u00e8s avec l&rsquo;ASM, la mani\u00e8re n&rsquo;\u00e9tait pas au rendez-vous, mais son \u00e9quipe a montr\u00e9 qu&rsquo;elle d\u00e9fendait d\u00e9finitivement mieux avec lui. L&rsquo;entr\u00e9e de Teze \u00e0 la mi-temps a \u00e9t\u00e9 utile au milieu mais il a sans doute laiss\u00e9 un peu trop longtemps son trident offensif qui n&rsquo;a rien apport\u00e9.<\/p>\n\n\n<div class=\"wp-block-image\">\n<figure class=\"aligncenter size-large is-resized\"><img loading=\"lazy\" src=\"https:\/\/www.ladiagonale.net\/wp-content\/uploads\/2025\/10\/terrain-toulouse-819x1024.png\" alt=\"\" class=\"wp-image-34886\" width=\"614\" height=\"768\" srcset=\"https:\/\/www.ladiagonale.net\/wp-content\/uploads\/2025\/10\/terrain-toulouse-819x1024.png 819w, https:\/\/www.ladiagonale.net\/wp-content\/uploads\/2025\/10\/terrain-toulouse-240x300.png 240w, https:\/\/www.ladiagonale.net\/wp-content\/uploads\/2025\/10\/terrain-toulouse-768x960.png 768w, https:\/\/www.ladiagonale.net\/wp-content\/uploads\/2025\/10\/terrain-toulouse-1229x1536.png 1229w, https:\/\/www.ladiagonale.net\/wp-content\/uploads\/2025\/10\/terrain-toulouse-102x128.png 102w, https:\/\/www.ladiagonale.net\/wp-content\/uploads\/2025\/10\/terrain-toulouse-26x32.png 26w, https:\/\/www.ladiagonale.net\/wp-content\/uploads\/2025\/10\/terrain-toulouse.png 1242w\" sizes=\"(max-width: 614px) 100vw, 614px\" \/><figcaption><strong>Moyenne : 4,8\/10<\/strong><\/figcaption><\/figure><\/div>","protected":false},"excerpt":{"rendered":"<p>Auteur d&rsquo;une bonne prestation face \u00e0 Tottenham, Mohammed Salisu a confirm\u00e9 sa bonne forme du moment en donnant la victoire \u00e0 l&rsquo;ASM contre Toulouse. TOPS Mohammed Salisu Le d\u00e9fenseur central ghan\u00e9en r\u00e9alise une bonne deuxi\u00e8me prestation en quelques jours. Celle-ci a \u00e9t\u00e9 ponctu\u00e9e d\u2019un but tr\u00e8s rapide qui donne la victoire aux siens. Il a [&#8230;]\n","protected":false},"author":2,"featured_media":34884,"comment_status":"open","ping_status":"open","sticky":false,"template":"","format":"standard","meta":[],"categories":[5,6,1000],"tags":[86,94,463,248],"yoast_head":"<!-- This site is optimized with the Yoast SEO plugin v19.8 - https:\/\/yoast.com\/wordpress\/plugins\/seo\/ -->\n<title>Les notes : Salisu sur sa lanc\u00e9e - La Diagonale<\/title>\n<meta name=\"robots\" content=\"index, follow, max-snippet:-1, max-image-preview:large, max-video-preview:-1\" \/>\n<link rel=\"canonical\" href=\"https:\/\/www.ladiagonale.net\/index.php\/2025\/10\/26\/les-notes-salisu-sur-sa-lancee\/\" \/>\n<meta property=\"og:locale\" content=\"fr_FR\" \/>\n<meta property=\"og:type\" content=\"article\" \/>\n<meta property=\"og:title\" content=\"Les notes : Salisu sur sa lanc\u00e9e - La Diagonale\" \/>\n<meta property=\"og:description\" content=\"Auteur d&rsquo;une bonne prestation face \u00e0 Tottenham, Mohammed Salisu a confirm\u00e9 sa bonne forme du moment en donnant la victoire \u00e0 l&rsquo;ASM contre Toulouse. TOPS Mohammed Salisu Le d\u00e9fenseur central ghan\u00e9en r\u00e9alise une bonne deuxi\u00e8me prestation en quelques jours. Celle-ci a \u00e9t\u00e9 ponctu\u00e9e d\u2019un but tr\u00e8s rapide qui donne la victoire aux siens. Il a [...]\" \/>\n<meta property=\"og:url\" content=\"https:\/\/www.ladiagonale.net\/index.php\/2025\/10\/26\/les-notes-salisu-sur-sa-lancee\/\" \/>\n<meta property=\"og:site_name\" content=\"La Diagonale\" \/>\n<meta property=\"article:published_time\" content=\"2025-10-26T15:24:39+00:00\" \/>\n<meta property=\"article:modified_time\" content=\"2025-10-26T15:24:41+00:00\" \/>\n<meta property=\"og:image\" content=\"https:\/\/www.ladiagonale.net\/wp-content\/uploads\/2025\/10\/SalisuTFC.png\" \/>\n\t<meta property=\"og:image:width\" content=\"1160\" \/>\n\t<meta property=\"og:image:height\" content=\"650\" \/>\n\t<meta property=\"og:image:type\" content=\"image\/png\" \/>\n<meta name=\"author\" content=\"Damien Dellerba\" \/>\n<meta name=\"twitter:card\" content=\"summary_large_image\" \/>\n<meta name=\"twitter:image\" content=\"https:\/\/www.ladiagonale.net\/wp-content\/uploads\/2025\/10\/SalisuTFC.png\" \/>\n<meta name=\"twitter:label1\" content=\"\u00c9crit par\" \/>\n\t<meta name=\"twitter:data1\" content=\"Damien Dellerba\" \/>\n\t<meta name=\"twitter:label2\" content=\"Dur\u00e9e de lecture estim\u00e9e\" \/>\n\t<meta name=\"twitter:data2\" content=\"7 minutes\" \/>\n<script type=\"application\/ld+json\" class=\"yoast-schema-graph\">{\"@context\":\"https:\/\/schema.org\",\"@graph\":[{\"@type\":\"WebPage\",\"@id\":\"https:\/\/www.ladiagonale.net\/index.php\/2025\/10\/26\/les-notes-salisu-sur-sa-lancee\/\",\"url\":\"https:\/\/www.ladiagonale.net\/index.php\/2025\/10\/26\/les-notes-salisu-sur-sa-lancee\/\",\"name\":\"Les notes : Salisu sur sa lanc\u00e9e - La Diagonale\",\"isPartOf\":{\"@id\":\"https:\/\/www.ladiagonale.net\/#website\"},\"datePublished\":\"2025-10-26T15:24:39+00:00\",\"dateModified\":\"2025-10-26T15:24:41+00:00\",\"author\":{\"@id\":\"https:\/\/www.ladiagonale.net\/#\/schema\/person\/79ff1e7b0853ed01b2aa26e64ad300bf\"},\"breadcrumb\":{\"@id\":\"https:\/\/www.ladiagonale.net\/index.php\/2025\/10\/26\/les-notes-salisu-sur-sa-lancee\/#breadcrumb\"},\"inLanguage\":\"fr-FR\",\"potentialAction\":[{\"@type\":\"ReadAction\",\"target\":[\"https:\/\/www.ladiagonale.net\/index.php\/2025\/10\/26\/les-notes-salisu-sur-sa-lancee\/\"]}]},{\"@type\":\"BreadcrumbList\",\"@id\":\"https:\/\/www.ladiagonale.net\/index.php\/2025\/10\/26\/les-notes-salisu-sur-sa-lancee\/#breadcrumb\",\"itemListElement\":[{\"@type\":\"ListItem\",\"position\":1,\"name\":\"Accueil\",\"item\":\"https:\/\/www.ladiagonale.net\/\"},{\"@type\":\"ListItem\",\"position\":2,\"name\":\"Les notes : Salisu sur sa lanc\u00e9e\"}]},{\"@type\":\"WebSite\",\"@id\":\"https:\/\/www.ladiagonale.net\/#website\",\"url\":\"https:\/\/www.ladiagonale.net\/\",\"name\":\"La Diagonale\",\"description\":\"Le site des supporters de l&#039;AS Monaco FC\",\"potentialAction\":[{\"@type\":\"SearchAction\",\"target\":{\"@type\":\"EntryPoint\",\"urlTemplate\":\"https:\/\/www.ladiagonale.net\/?s={search_term_string}\"},\"query-input\":\"required name=search_term_string\"}],\"inLanguage\":\"fr-FR\"},{\"@type\":\"Person\",\"@id\":\"https:\/\/www.ladiagonale.net\/#\/schema\/person\/79ff1e7b0853ed01b2aa26e64ad300bf\",\"name\":\"Damien Dellerba\",\"image\":{\"@type\":\"ImageObject\",\"inLanguage\":\"fr-FR\",\"@id\":\"https:\/\/www.ladiagonale.net\/#\/schema\/person\/image\/\",\"url\":\"https:\/\/secure.gravatar.com\/avatar\/c7850e06d3ff63cdbaee88b7fc16e2f0?s=96&d=mm&r=g\",\"contentUrl\":\"https:\/\/secure.gravatar.com\/avatar\/c7850e06d3ff63cdbaee88b7fc16e2f0?s=96&d=mm&r=g\",\"caption\":\"Damien Dellerba\"},\"url\":\"https:\/\/www.ladiagonale.net\/index.php\/author\/damien\/\"}]}<\/script>\n<!-- \/ Yoast SEO plugin. -->","yoast_head_json":{"title":"Les notes : Salisu sur sa lanc\u00e9e - La Diagonale","robots":{"index":"index","follow":"follow","max-snippet":"max-snippet:-1","max-image-preview":"max-image-preview:large","max-video-preview":"max-video-preview:-1"},"canonical":"https:\/\/www.ladiagonale.net\/index.php\/2025\/10\/26\/les-notes-salisu-sur-sa-lancee\/","og_locale":"fr_FR","og_type":"article","og_title":"Les notes : Salisu sur sa lanc\u00e9e - La Diagonale","og_description":"Auteur d&rsquo;une bonne prestation face \u00e0 Tottenham, Mohammed Salisu a confirm\u00e9 sa bonne forme du moment en donnant la victoire \u00e0 l&rsquo;ASM contre Toulouse. TOPS Mohammed Salisu Le d\u00e9fenseur central ghan\u00e9en r\u00e9alise une bonne deuxi\u00e8me prestation en quelques jours. Celle-ci a \u00e9t\u00e9 ponctu\u00e9e d\u2019un but tr\u00e8s rapide qui donne la victoire aux siens. Il a [...]","og_url":"https:\/\/www.ladiagonale.net\/index.php\/2025\/10\/26\/les-notes-salisu-sur-sa-lancee\/","og_site_name":"La Diagonale","article_published_time":"2025-10-26T15:24:39+00:00","article_modified_time":"2025-10-26T15:24:41+00:00","og_image":[{"width":1160,"height":650,"url":"https:\/\/www.ladiagonale.net\/wp-content\/uploads\/2025\/10\/SalisuTFC.png","type":"image\/png"}],"author":"Damien Dellerba","twitter_card":"summary_large_image","twitter_image":"https:\/\/www.ladiagonale.net\/wp-content\/uploads\/2025\/10\/SalisuTFC.png","twitter_misc":{"\u00c9crit par":"Damien Dellerba","Dur\u00e9e de lecture estim\u00e9e":"7 minutes"},"schema":{"@context":"https:\/\/schema.org","@graph":[{"@type":"WebPage","@id":"https:\/\/www.ladiagonale.net\/index.php\/2025\/10\/26\/les-notes-salisu-sur-sa-lancee\/","url":"https:\/\/www.ladiagonale.net\/index.php\/2025\/10\/26\/les-notes-salisu-sur-sa-lancee\/","name":"Les notes : Salisu sur sa lanc\u00e9e - La Diagonale","isPartOf":{"@id":"https:\/\/www.ladiagonale.net\/#website"},"datePublished":"2025-10-26T15:24:39+00:00","dateModified":"2025-10-26T15:24:41+00:00","author":{"@id":"https:\/\/www.ladiagonale.net\/#\/schema\/person\/79ff1e7b0853ed01b2aa26e64ad300bf"},"breadcrumb":{"@id":"https:\/\/www.ladiagonale.net\/index.php\/2025\/10\/26\/les-notes-salisu-sur-sa-lancee\/#breadcrumb"},"inLanguage":"fr-FR","potentialAction":[{"@type":"ReadAction","target":["https:\/\/www.ladiagonale.net\/index.php\/2025\/10\/26\/les-notes-salisu-sur-sa-lancee\/"]}]},{"@type":"BreadcrumbList","@id":"https:\/\/www.ladiagonale.net\/index.php\/2025\/10\/26\/les-notes-salisu-sur-sa-lancee\/#breadcrumb","itemListElement":[{"@type":"ListItem","position":1,"name":"Accueil","item":"https:\/\/www.ladiagonale.net\/"},{"@type":"ListItem","position":2,"name":"Les notes : Salisu sur sa lanc\u00e9e"}]},{"@type":"WebSite","@id":"https:\/\/www.ladiagonale.net\/#website","url":"https:\/\/www.ladiagonale.net\/","name":"La Diagonale","description":"Le site des supporters de l&#039;AS Monaco FC","potentialAction":[{"@type":"SearchAction","target":{"@type":"EntryPoint","urlTemplate":"https:\/\/www.ladiagonale.net\/?s={search_term_string}"},"query-input":"required name=search_term_string"}],"inLanguage":"fr-FR"},{"@type":"Person","@id":"https:\/\/www.ladiagonale.net\/#\/schema\/person\/79ff1e7b0853ed01b2aa26e64ad300bf","name":"Damien Dellerba","image":{"@type":"ImageObject","inLanguage":"fr-FR","@id":"https:\/\/www.ladiagonale.net\/#\/schema\/person\/image\/","url":"https:\/\/secure.gravatar.com\/avatar\/c7850e06d3ff63cdbaee88b7fc16e2f0?s=96&d=mm&r=g","contentUrl":"https:\/\/secure.gravatar.com\/avatar\/c7850e06d3ff63cdbaee88b7fc16e2f0?s=96&d=mm&r=g","caption":"Damien Dellerba"},"url":"https:\/\/www.ladiagonale.net\/index.php\/author\/damien\/"}]}},"_links":{"self":[{"href":"https:\/\/www.ladiagonale.net\/index.php\/wp-json\/wp\/v2\/posts\/34880"}],"collection":[{"href":"https:\/\/www.ladiagonale.net\/index.php\/wp-json\/wp\/v2\/posts"}],"about":[{"href":"https:\/\/www.ladiagonale.net\/index.php\/wp-json\/wp\/v2\/types\/post"}],"author":[{"embeddable":true,"href":"https:\/\/www.ladiagonale.net\/index.php\/wp-json\/wp\/v2\/users\/2"}],"replies":[{"embeddable":true,"href":"https:\/\/www.ladiagonale.net\/index.php\/wp-json\/wp\/v2\/comments?post=34880"}],"version-history":[{"count":1,"href":"https:\/\/www.ladiagonale.net\/index.php\/wp-json\/wp\/v2\/posts\/34880\/revisions"}],"predecessor-version":[{"id":34887,"href":"https:\/\/www.ladiagonale.net\/index.php\/wp-json\/wp\/v2\/posts\/34880\/revisions\/34887"}],"wp:featuredmedia":[{"embeddable":true,"href":"https:\/\/www.ladiagonale.net\/index.php\/wp-json\/wp\/v2\/media\/34884"}],"wp:attachment":[{"href":"https:\/\/www.ladiagonale.net\/index.php\/wp-json\/wp\/v2\/media?parent=34880"}],"wp:term":[{"taxonomy":"category","embeddable":true,"href":"https:\/\/www.ladiagonale.net\/index.php\/wp-json\/wp\/v2\/categories?post=34880"},{"taxonomy":"post_tag","embeddable":true,"href":"https:\/\/www.ladiagonale.net\/index.php\/wp-json\/wp\/v2\/tags?post=34880"}],"curies":[{"name":"wp","href":"https:\/\/api.w.org\/{rel}","templated":true}]}}