{"id":34888,"date":"2025-10-28T14:51:43","date_gmt":"2025-10-28T13:51:43","guid":{"rendered":"https:\/\/www.ladiagonale.net\/?p=34888"},"modified":"2025-10-28T15:00:06","modified_gmt":"2025-10-28T14:00:06","slug":"caio-henrique-encore-incertain-pour-nantes","status":"publish","type":"post","link":"https:\/\/www.ladiagonale.net\/index.php\/2025\/10\/28\/caio-henrique-encore-incertain-pour-nantes\/","title":{"rendered":"Caio Henrique encore incertain pour Nantes"},"content":{"rendered":"\n<p>\u00c0 un peu plus de 24 heures de la rencontre entre Monaco et Nantes, mercredi, il appara\u00eet encore un peu trop t\u00f4t pour savoir si Caio Henrique pourra bien faire son retour dans le groupe. Victime d\u2019une inflammation au pied gauche qui l&rsquo;a contraint \u00e0 manquer la r\u00e9ception de Toulouse, samedi, le lat\u00e9ral br\u00e9silien appara\u00eet encore comme incertain, comme l\u2019a indiqu\u00e9 S\u00e9bastien Pocognoli en conf\u00e9rence de presse.<\/p>\n\n\n\n<p>\u00ab\u00a0<em>En toute transparence, nous devons voir la s\u00e9ance d\u2019aujourd\u2019hui et faire un dernier test par rapport \u00e0 certains points d\u2019interrogation, comme Caio Henrique. Il n\u2019y a cependant pas de blessures majeures \u00e0 d\u00e9plorer apr\u00e8s Toulouse<\/em>, s\u2019est f\u00e9licit\u00e9 l\u2019entra\u00eeneur belge. <em>Hier (lundi), nous n\u2019\u00e9tions qu\u2019\u00e0 seulement deux jours du dernier match, il faut donc voir les r\u00e9sultats de cette derni\u00e8re session.<\/em>\u00a0\u00bb<\/p>\n\n\n\n<p>L&rsquo;entra\u00eeneur de l&rsquo;AS Monaco a \u00e9galement \u00e9voqu\u00e9 le cas de Denis Zakaria, qui participe aux s\u00e9ances d&rsquo;entra\u00eenement, mais dont le retour ne devait pas se faire avant la prochaine tr\u00eave : \u00ab <em>Il y a une \u00e9ch\u00e9ance mais nous ne sommes pas sur du court terme. On esp\u00e8re avoir plus de concret avant la tr\u00eave internationale pour l\u2019utiliser comme une rampe de lancement pour attaquer la derni\u00e8re partie de l\u2019ann\u00e9e avec lui.<\/em> \u00bb<\/p>\n\n\n","protected":false},"excerpt":{"rendered":"<p>\u00c0 un peu plus de 24 heures de la rencontre entre Monaco et Nantes, mercredi, il appara\u00eet encore un peu trop t\u00f4t pour savoir si Caio Henrique pourra bien faire son retour dans le groupe. Victime d\u2019une inflammation au pied gauche qui l&rsquo;a contraint \u00e0 manquer la r\u00e9ception de Toulouse, samedi, le lat\u00e9ral br\u00e9silien appara\u00eet [&#8230;]\n","protected":false},"author":2,"featured_media":0,"comment_status":"open","ping_status":"open","sticky":false,"template":"","format":"standard","meta":[],"categories":[6,1035],"tags":[86,137,196,94,438],"yoast_head":"<!-- This site is optimized with the Yoast SEO plugin v19.8 - https:\/\/yoast.com\/wordpress\/plugins\/seo\/ -->\n<title>Caio Henrique encore incertain pour Nantes - La Diagonale<\/title>\n<meta name=\"robots\" content=\"index, follow, max-snippet:-1, max-image-preview:large, max-video-preview:-1\" \/>\n<link rel=\"canonical\" href=\"https:\/\/www.ladiagonale.net\/index.php\/2025\/10\/28\/caio-henrique-encore-incertain-pour-nantes\/\" \/>\n<meta property=\"og:locale\" content=\"fr_FR\" \/>\n<meta property=\"og:type\" content=\"article\" \/>\n<meta property=\"og:title\" content=\"Caio Henrique encore incertain pour Nantes - La Diagonale\" \/>\n<meta property=\"og:description\" content=\"\u00c0 un peu plus de 24 heures de la rencontre entre Monaco et Nantes, mercredi, il appara\u00eet encore un peu trop t\u00f4t pour savoir si Caio Henrique pourra bien faire son retour dans le groupe. Victime d\u2019une inflammation au pied gauche qui l&rsquo;a contraint \u00e0 manquer la r\u00e9ception de Toulouse, samedi, le lat\u00e9ral br\u00e9silien appara\u00eet [...]\" \/>\n<meta property=\"og:url\" content=\"https:\/\/www.ladiagonale.net\/index.php\/2025\/10\/28\/caio-henrique-encore-incertain-pour-nantes\/\" \/>\n<meta property=\"og:site_name\" content=\"La Diagonale\" \/>\n<meta property=\"article:published_time\" content=\"2025-10-28T13:51:43+00:00\" \/>\n<meta property=\"article:modified_time\" content=\"2025-10-28T14:00:06+00:00\" \/>\n<meta property=\"og:image\" content=\"https:\/\/www.ladiagonale.net\/wp-content\/uploads\/2025\/10\/Caio-Tottenham.png\" \/>\n\t<meta property=\"og:image:width\" content=\"1160\" \/>\n\t<meta property=\"og:image:height\" content=\"650\" \/>\n\t<meta property=\"og:image:type\" content=\"image\/png\" \/>\n<meta name=\"author\" content=\"Damien Dellerba\" \/>\n<meta name=\"twitter:card\" content=\"summary_large_image\" \/>\n<meta name=\"twitter:image\" content=\"https:\/\/www.ladiagonale.net\/wp-content\/uploads\/2025\/10\/Caio-Tottenham.png\" \/>\n<meta name=\"twitter:label1\" content=\"\u00c9crit par\" \/>\n\t<meta name=\"twitter:data1\" content=\"Damien Dellerba\" \/>\n\t<meta name=\"twitter:label2\" content=\"Dur\u00e9e de lecture estim\u00e9e\" \/>\n\t<meta name=\"twitter:data2\" content=\"2 minutes\" \/>\n<script type=\"application\/ld+json\" class=\"yoast-schema-graph\">{\"@context\":\"https:\/\/schema.org\",\"@graph\":[{\"@type\":\"WebPage\",\"@id\":\"https:\/\/www.ladiagonale.net\/index.php\/2025\/10\/28\/caio-henrique-encore-incertain-pour-nantes\/\",\"url\":\"https:\/\/www.ladiagonale.net\/index.php\/2025\/10\/28\/caio-henrique-encore-incertain-pour-nantes\/\",\"name\":\"Caio Henrique encore incertain pour Nantes - La Diagonale\",\"isPartOf\":{\"@id\":\"https:\/\/www.ladiagonale.net\/#website\"},\"datePublished\":\"2025-10-28T13:51:43+00:00\",\"dateModified\":\"2025-10-28T14:00:06+00:00\",\"author\":{\"@id\":\"https:\/\/www.ladiagonale.net\/#\/schema\/person\/79ff1e7b0853ed01b2aa26e64ad300bf\"},\"breadcrumb\":{\"@id\":\"https:\/\/www.ladiagonale.net\/index.php\/2025\/10\/28\/caio-henrique-encore-incertain-pour-nantes\/#breadcrumb\"},\"inLanguage\":\"fr-FR\",\"potentialAction\":[{\"@type\":\"ReadAction\",\"target\":[\"https:\/\/www.ladiagonale.net\/index.php\/2025\/10\/28\/caio-henrique-encore-incertain-pour-nantes\/\"]}]},{\"@type\":\"BreadcrumbList\",\"@id\":\"https:\/\/www.ladiagonale.net\/index.php\/2025\/10\/28\/caio-henrique-encore-incertain-pour-nantes\/#breadcrumb\",\"itemListElement\":[{\"@type\":\"ListItem\",\"position\":1,\"name\":\"Accueil\",\"item\":\"https:\/\/www.ladiagonale.net\/\"},{\"@type\":\"ListItem\",\"position\":2,\"name\":\"Caio Henrique encore incertain pour Nantes\"}]},{\"@type\":\"WebSite\",\"@id\":\"https:\/\/www.ladiagonale.net\/#website\",\"url\":\"https:\/\/www.ladiagonale.net\/\",\"name\":\"La Diagonale\",\"description\":\"Le site des supporters de l&#039;AS Monaco FC\",\"potentialAction\":[{\"@type\":\"SearchAction\",\"target\":{\"@type\":\"EntryPoint\",\"urlTemplate\":\"https:\/\/www.ladiagonale.net\/?s={search_term_string}\"},\"query-input\":\"required name=search_term_string\"}],\"inLanguage\":\"fr-FR\"},{\"@type\":\"Person\",\"@id\":\"https:\/\/www.ladiagonale.net\/#\/schema\/person\/79ff1e7b0853ed01b2aa26e64ad300bf\",\"name\":\"Damien Dellerba\",\"image\":{\"@type\":\"ImageObject\",\"inLanguage\":\"fr-FR\",\"@id\":\"https:\/\/www.ladiagonale.net\/#\/schema\/person\/image\/\",\"url\":\"https:\/\/secure.gravatar.com\/avatar\/c7850e06d3ff63cdbaee88b7fc16e2f0?s=96&d=mm&r=g\",\"contentUrl\":\"https:\/\/secure.gravatar.com\/avatar\/c7850e06d3ff63cdbaee88b7fc16e2f0?s=96&d=mm&r=g\",\"caption\":\"Damien Dellerba\"},\"url\":\"https:\/\/www.ladiagonale.net\/index.php\/author\/damien\/\"}]}<\/script>\n<!-- \/ Yoast SEO plugin. -->","yoast_head_json":{"title":"Caio Henrique encore incertain pour Nantes - La Diagonale","robots":{"index":"index","follow":"follow","max-snippet":"max-snippet:-1","max-image-preview":"max-image-preview:large","max-video-preview":"max-video-preview:-1"},"canonical":"https:\/\/www.ladiagonale.net\/index.php\/2025\/10\/28\/caio-henrique-encore-incertain-pour-nantes\/","og_locale":"fr_FR","og_type":"article","og_title":"Caio Henrique encore incertain pour Nantes - La Diagonale","og_description":"\u00c0 un peu plus de 24 heures de la rencontre entre Monaco et Nantes, mercredi, il appara\u00eet encore un peu trop t\u00f4t pour savoir si Caio Henrique pourra bien faire son retour dans le groupe. Victime d\u2019une inflammation au pied gauche qui l&rsquo;a contraint \u00e0 manquer la r\u00e9ception de Toulouse, samedi, le lat\u00e9ral br\u00e9silien appara\u00eet [...]","og_url":"https:\/\/www.ladiagonale.net\/index.php\/2025\/10\/28\/caio-henrique-encore-incertain-pour-nantes\/","og_site_name":"La Diagonale","article_published_time":"2025-10-28T13:51:43+00:00","article_modified_time":"2025-10-28T14:00:06+00:00","og_image":[{"width":1160,"height":650,"url":"https:\/\/www.ladiagonale.net\/wp-content\/uploads\/2025\/10\/Caio-Tottenham.png","type":"image\/png"}],"author":"Damien Dellerba","twitter_card":"summary_large_image","twitter_image":"https:\/\/www.ladiagonale.net\/wp-content\/uploads\/2025\/10\/Caio-Tottenham.png","twitter_misc":{"\u00c9crit par":"Damien Dellerba","Dur\u00e9e de lecture estim\u00e9e":"2 minutes"},"schema":{"@context":"https:\/\/schema.org","@graph":[{"@type":"WebPage","@id":"https:\/\/www.ladiagonale.net\/index.php\/2025\/10\/28\/caio-henrique-encore-incertain-pour-nantes\/","url":"https:\/\/www.ladiagonale.net\/index.php\/2025\/10\/28\/caio-henrique-encore-incertain-pour-nantes\/","name":"Caio Henrique encore incertain pour Nantes - La Diagonale","isPartOf":{"@id":"https:\/\/www.ladiagonale.net\/#website"},"datePublished":"2025-10-28T13:51:43+00:00","dateModified":"2025-10-28T14:00:06+00:00","author":{"@id":"https:\/\/www.ladiagonale.net\/#\/schema\/person\/79ff1e7b0853ed01b2aa26e64ad300bf"},"breadcrumb":{"@id":"https:\/\/www.ladiagonale.net\/index.php\/2025\/10\/28\/caio-henrique-encore-incertain-pour-nantes\/#breadcrumb"},"inLanguage":"fr-FR","potentialAction":[{"@type":"ReadAction","target":["https:\/\/www.ladiagonale.net\/index.php\/2025\/10\/28\/caio-henrique-encore-incertain-pour-nantes\/"]}]},{"@type":"BreadcrumbList","@id":"https:\/\/www.ladiagonale.net\/index.php\/2025\/10\/28\/caio-henrique-encore-incertain-pour-nantes\/#breadcrumb","itemListElement":[{"@type":"ListItem","position":1,"name":"Accueil","item":"https:\/\/www.ladiagonale.net\/"},{"@type":"ListItem","position":2,"name":"Caio Henrique encore incertain pour Nantes"}]},{"@type":"WebSite","@id":"https:\/\/www.ladiagonale.net\/#website","url":"https:\/\/www.ladiagonale.net\/","name":"La Diagonale","description":"Le site des supporters de l&#039;AS Monaco FC","potentialAction":[{"@type":"SearchAction","target":{"@type":"EntryPoint","urlTemplate":"https:\/\/www.ladiagonale.net\/?s={search_term_string}"},"query-input":"required name=search_term_string"}],"inLanguage":"fr-FR"},{"@type":"Person","@id":"https:\/\/www.ladiagonale.net\/#\/schema\/person\/79ff1e7b0853ed01b2aa26e64ad300bf","name":"Damien Dellerba","image":{"@type":"ImageObject","inLanguage":"fr-FR","@id":"https:\/\/www.ladiagonale.net\/#\/schema\/person\/image\/","url":"https:\/\/secure.gravatar.com\/avatar\/c7850e06d3ff63cdbaee88b7fc16e2f0?s=96&d=mm&r=g","contentUrl":"https:\/\/secure.gravatar.com\/avatar\/c7850e06d3ff63cdbaee88b7fc16e2f0?s=96&d=mm&r=g","caption":"Damien Dellerba"},"url":"https:\/\/www.ladiagonale.net\/index.php\/author\/damien\/"}]}},"_links":{"self":[{"href":"https:\/\/www.ladiagonale.net\/index.php\/wp-json\/wp\/v2\/posts\/34888"}],"collection":[{"href":"https:\/\/www.ladiagonale.net\/index.php\/wp-json\/wp\/v2\/posts"}],"about":[{"href":"https:\/\/www.ladiagonale.net\/index.php\/wp-json\/wp\/v2\/types\/post"}],"author":[{"embeddable":true,"href":"https:\/\/www.ladiagonale.net\/index.php\/wp-json\/wp\/v2\/users\/2"}],"replies":[{"embeddable":true,"href":"https:\/\/www.ladiagonale.net\/index.php\/wp-json\/wp\/v2\/comments?post=34888"}],"version-history":[{"count":2,"href":"https:\/\/www.ladiagonale.net\/index.php\/wp-json\/wp\/v2\/posts\/34888\/revisions"}],"predecessor-version":[{"id":34892,"href":"https:\/\/www.ladiagonale.net\/index.php\/wp-json\/wp\/v2\/posts\/34888\/revisions\/34892"}],"wp:attachment":[{"href":"https:\/\/www.ladiagonale.net\/index.php\/wp-json\/wp\/v2\/media?parent=34888"}],"wp:term":[{"taxonomy":"category","embeddable":true,"href":"https:\/\/www.ladiagonale.net\/index.php\/wp-json\/wp\/v2\/categories?post=34888"},{"taxonomy":"post_tag","embeddable":true,"href":"https:\/\/www.ladiagonale.net\/index.php\/wp-json\/wp\/v2\/tags?post=34888"}],"curies":[{"name":"wp","href":"https:\/\/api.w.org\/{rel}","templated":true}]}}