{"id":34894,"date":"2025-10-28T19:49:13","date_gmt":"2025-10-28T18:49:13","guid":{"rendered":"https:\/\/www.ladiagonale.net\/?p=34894"},"modified":"2025-10-28T19:49:35","modified_gmt":"2025-10-28T18:49:35","slug":"le-groupe-monegasque-pas-de-retour-pour-caio-henrique","status":"publish","type":"post","link":"https:\/\/www.ladiagonale.net\/index.php\/2025\/10\/28\/le-groupe-monegasque-pas-de-retour-pour-caio-henrique\/","title":{"rendered":"Le groupe mon\u00e9gasque : pas de retour pour Caio Henrique"},"content":{"rendered":"\n\n\n<p>La s\u00e9ance d&rsquo;entra\u00eenement de ce mardi a fait trancher S\u00e9bastien Pocognoli. L&rsquo;entra\u00eeneur de l&rsquo;AS Monaco n&rsquo;a pas retenu Caio Henrique pour le d\u00e9placement \u00e0 Nantes, lui qui a \u00e9t\u00e9 victime d&rsquo;une inflammation du pied gauche.<\/p>\n\n\n\n<p>Contrairement \u00e0 Toulouse, le voyage a pouss\u00e9 le staff as\u00e9miste \u00e0 convoquer Bradel Kiwa comme solution suppl\u00e9mentaire en d\u00e9fense. Paris Brunner est toujours hors groupe.<\/p>\n\n\n<div class=\"wp-block-image\">\n<figure class=\"aligncenter size-large is-resized\"><img loading=\"lazy\" src=\"https:\/\/www.ladiagonale.net\/wp-content\/uploads\/2025\/10\/G4WwIVfWgAAscGp-819x1024.jpg\" alt=\"\" class=\"wp-image-34895\" width=\"614\" height=\"768\" srcset=\"https:\/\/www.ladiagonale.net\/wp-content\/uploads\/2025\/10\/G4WwIVfWgAAscGp-819x1024.jpg 819w, https:\/\/www.ladiagonale.net\/wp-content\/uploads\/2025\/10\/G4WwIVfWgAAscGp-240x300.jpg 240w, https:\/\/www.ladiagonale.net\/wp-content\/uploads\/2025\/10\/G4WwIVfWgAAscGp-768x960.jpg 768w, https:\/\/www.ladiagonale.net\/wp-content\/uploads\/2025\/10\/G4WwIVfWgAAscGp-1229x1536.jpg 1229w, https:\/\/www.ladiagonale.net\/wp-content\/uploads\/2025\/10\/G4WwIVfWgAAscGp-102x128.jpg 102w, https:\/\/www.ladiagonale.net\/wp-content\/uploads\/2025\/10\/G4WwIVfWgAAscGp-26x32.jpg 26w, https:\/\/www.ladiagonale.net\/wp-content\/uploads\/2025\/10\/G4WwIVfWgAAscGp.jpg 1620w\" sizes=\"(max-width: 614px) 100vw, 614px\" \/><\/figure><\/div>\n\n\n<p><em>Absents :<\/em> Vanderson, Dier, Zakaria, Camara (bless\u00e9s), C. Henrique, Pogba, Hradecky (reprise), Brunner (choix).<\/p>\n","protected":false},"excerpt":{"rendered":"<p>La s\u00e9ance d&rsquo;entra\u00eenement de ce mardi a fait trancher S\u00e9bastien Pocognoli. L&rsquo;entra\u00eeneur de l&rsquo;AS Monaco n&rsquo;a pas retenu Caio Henrique pour le d\u00e9placement \u00e0 Nantes, lui qui a \u00e9t\u00e9 victime d&rsquo;une inflammation du pied gauche. Contrairement \u00e0 Toulouse, le voyage a pouss\u00e9 le staff as\u00e9miste \u00e0 convoquer Bradel Kiwa comme solution suppl\u00e9mentaire en d\u00e9fense. Paris [&#8230;]\n","protected":false},"author":2,"featured_media":0,"comment_status":"open","ping_status":"open","sticky":false,"template":"","format":"standard","meta":[],"categories":[4,6,1000],"tags":[86,225,94,438],"yoast_head":"<!-- This site is optimized with the Yoast SEO plugin v19.8 - https:\/\/yoast.com\/wordpress\/plugins\/seo\/ -->\n<title>Le groupe mon\u00e9gasque : pas de retour pour Caio Henrique - La Diagonale<\/title>\n<meta name=\"robots\" content=\"index, follow, max-snippet:-1, max-image-preview:large, max-video-preview:-1\" \/>\n<link rel=\"canonical\" href=\"https:\/\/www.ladiagonale.net\/index.php\/2025\/10\/28\/le-groupe-monegasque-pas-de-retour-pour-caio-henrique\/\" \/>\n<meta property=\"og:locale\" content=\"fr_FR\" \/>\n<meta property=\"og:type\" content=\"article\" \/>\n<meta property=\"og:title\" content=\"Le groupe mon\u00e9gasque : pas de retour pour Caio Henrique - La Diagonale\" \/>\n<meta property=\"og:description\" content=\"La s\u00e9ance d&rsquo;entra\u00eenement de ce mardi a fait trancher S\u00e9bastien Pocognoli. L&rsquo;entra\u00eeneur de l&rsquo;AS Monaco n&rsquo;a pas retenu Caio Henrique pour le d\u00e9placement \u00e0 Nantes, lui qui a \u00e9t\u00e9 victime d&rsquo;une inflammation du pied gauche. Contrairement \u00e0 Toulouse, le voyage a pouss\u00e9 le staff as\u00e9miste \u00e0 convoquer Bradel Kiwa comme solution suppl\u00e9mentaire en d\u00e9fense. Paris [...]\" \/>\n<meta property=\"og:url\" content=\"https:\/\/www.ladiagonale.net\/index.php\/2025\/10\/28\/le-groupe-monegasque-pas-de-retour-pour-caio-henrique\/\" \/>\n<meta property=\"og:site_name\" content=\"La Diagonale\" \/>\n<meta property=\"article:published_time\" content=\"2025-10-28T18:49:13+00:00\" \/>\n<meta property=\"article:modified_time\" content=\"2025-10-28T18:49:35+00:00\" \/>\n<meta property=\"og:image\" content=\"https:\/\/www.ladiagonale.net\/wp-content\/uploads\/2025\/10\/Caio-Tottenham.png\" \/>\n\t<meta property=\"og:image:width\" content=\"1160\" \/>\n\t<meta property=\"og:image:height\" content=\"650\" \/>\n\t<meta property=\"og:image:type\" content=\"image\/png\" \/>\n<meta name=\"author\" content=\"Damien Dellerba\" \/>\n<meta name=\"twitter:card\" content=\"summary_large_image\" \/>\n<meta name=\"twitter:image\" content=\"https:\/\/www.ladiagonale.net\/wp-content\/uploads\/2025\/10\/Caio-Tottenham.png\" \/>\n<meta name=\"twitter:label1\" content=\"\u00c9crit par\" \/>\n\t<meta name=\"twitter:data1\" content=\"Damien Dellerba\" \/>\n\t<meta name=\"twitter:label2\" content=\"Dur\u00e9e de lecture estim\u00e9e\" \/>\n\t<meta name=\"twitter:data2\" content=\"1 minute\" \/>\n<script type=\"application\/ld+json\" class=\"yoast-schema-graph\">{\"@context\":\"https:\/\/schema.org\",\"@graph\":[{\"@type\":\"WebPage\",\"@id\":\"https:\/\/www.ladiagonale.net\/index.php\/2025\/10\/28\/le-groupe-monegasque-pas-de-retour-pour-caio-henrique\/\",\"url\":\"https:\/\/www.ladiagonale.net\/index.php\/2025\/10\/28\/le-groupe-monegasque-pas-de-retour-pour-caio-henrique\/\",\"name\":\"Le groupe mon\u00e9gasque : pas de retour pour Caio Henrique - La Diagonale\",\"isPartOf\":{\"@id\":\"https:\/\/www.ladiagonale.net\/#website\"},\"datePublished\":\"2025-10-28T18:49:13+00:00\",\"dateModified\":\"2025-10-28T18:49:35+00:00\",\"author\":{\"@id\":\"https:\/\/www.ladiagonale.net\/#\/schema\/person\/79ff1e7b0853ed01b2aa26e64ad300bf\"},\"breadcrumb\":{\"@id\":\"https:\/\/www.ladiagonale.net\/index.php\/2025\/10\/28\/le-groupe-monegasque-pas-de-retour-pour-caio-henrique\/#breadcrumb\"},\"inLanguage\":\"fr-FR\",\"potentialAction\":[{\"@type\":\"ReadAction\",\"target\":[\"https:\/\/www.ladiagonale.net\/index.php\/2025\/10\/28\/le-groupe-monegasque-pas-de-retour-pour-caio-henrique\/\"]}]},{\"@type\":\"BreadcrumbList\",\"@id\":\"https:\/\/www.ladiagonale.net\/index.php\/2025\/10\/28\/le-groupe-monegasque-pas-de-retour-pour-caio-henrique\/#breadcrumb\",\"itemListElement\":[{\"@type\":\"ListItem\",\"position\":1,\"name\":\"Accueil\",\"item\":\"https:\/\/www.ladiagonale.net\/\"},{\"@type\":\"ListItem\",\"position\":2,\"name\":\"Le groupe mon\u00e9gasque : pas de retour pour Caio Henrique\"}]},{\"@type\":\"WebSite\",\"@id\":\"https:\/\/www.ladiagonale.net\/#website\",\"url\":\"https:\/\/www.ladiagonale.net\/\",\"name\":\"La Diagonale\",\"description\":\"Le site des supporters de l&#039;AS Monaco FC\",\"potentialAction\":[{\"@type\":\"SearchAction\",\"target\":{\"@type\":\"EntryPoint\",\"urlTemplate\":\"https:\/\/www.ladiagonale.net\/?s={search_term_string}\"},\"query-input\":\"required name=search_term_string\"}],\"inLanguage\":\"fr-FR\"},{\"@type\":\"Person\",\"@id\":\"https:\/\/www.ladiagonale.net\/#\/schema\/person\/79ff1e7b0853ed01b2aa26e64ad300bf\",\"name\":\"Damien Dellerba\",\"image\":{\"@type\":\"ImageObject\",\"inLanguage\":\"fr-FR\",\"@id\":\"https:\/\/www.ladiagonale.net\/#\/schema\/person\/image\/\",\"url\":\"https:\/\/secure.gravatar.com\/avatar\/c7850e06d3ff63cdbaee88b7fc16e2f0?s=96&d=mm&r=g\",\"contentUrl\":\"https:\/\/secure.gravatar.com\/avatar\/c7850e06d3ff63cdbaee88b7fc16e2f0?s=96&d=mm&r=g\",\"caption\":\"Damien Dellerba\"},\"url\":\"https:\/\/www.ladiagonale.net\/index.php\/author\/damien\/\"}]}<\/script>\n<!-- \/ Yoast SEO plugin. -->","yoast_head_json":{"title":"Le groupe mon\u00e9gasque : pas de retour pour Caio Henrique - La Diagonale","robots":{"index":"index","follow":"follow","max-snippet":"max-snippet:-1","max-image-preview":"max-image-preview:large","max-video-preview":"max-video-preview:-1"},"canonical":"https:\/\/www.ladiagonale.net\/index.php\/2025\/10\/28\/le-groupe-monegasque-pas-de-retour-pour-caio-henrique\/","og_locale":"fr_FR","og_type":"article","og_title":"Le groupe mon\u00e9gasque : pas de retour pour Caio Henrique - La Diagonale","og_description":"La s\u00e9ance d&rsquo;entra\u00eenement de ce mardi a fait trancher S\u00e9bastien Pocognoli. L&rsquo;entra\u00eeneur de l&rsquo;AS Monaco n&rsquo;a pas retenu Caio Henrique pour le d\u00e9placement \u00e0 Nantes, lui qui a \u00e9t\u00e9 victime d&rsquo;une inflammation du pied gauche. Contrairement \u00e0 Toulouse, le voyage a pouss\u00e9 le staff as\u00e9miste \u00e0 convoquer Bradel Kiwa comme solution suppl\u00e9mentaire en d\u00e9fense. Paris [...]","og_url":"https:\/\/www.ladiagonale.net\/index.php\/2025\/10\/28\/le-groupe-monegasque-pas-de-retour-pour-caio-henrique\/","og_site_name":"La Diagonale","article_published_time":"2025-10-28T18:49:13+00:00","article_modified_time":"2025-10-28T18:49:35+00:00","og_image":[{"width":1160,"height":650,"url":"https:\/\/www.ladiagonale.net\/wp-content\/uploads\/2025\/10\/Caio-Tottenham.png","type":"image\/png"}],"author":"Damien Dellerba","twitter_card":"summary_large_image","twitter_image":"https:\/\/www.ladiagonale.net\/wp-content\/uploads\/2025\/10\/Caio-Tottenham.png","twitter_misc":{"\u00c9crit par":"Damien Dellerba","Dur\u00e9e de lecture estim\u00e9e":"1 minute"},"schema":{"@context":"https:\/\/schema.org","@graph":[{"@type":"WebPage","@id":"https:\/\/www.ladiagonale.net\/index.php\/2025\/10\/28\/le-groupe-monegasque-pas-de-retour-pour-caio-henrique\/","url":"https:\/\/www.ladiagonale.net\/index.php\/2025\/10\/28\/le-groupe-monegasque-pas-de-retour-pour-caio-henrique\/","name":"Le groupe mon\u00e9gasque : pas de retour pour Caio Henrique - La Diagonale","isPartOf":{"@id":"https:\/\/www.ladiagonale.net\/#website"},"datePublished":"2025-10-28T18:49:13+00:00","dateModified":"2025-10-28T18:49:35+00:00","author":{"@id":"https:\/\/www.ladiagonale.net\/#\/schema\/person\/79ff1e7b0853ed01b2aa26e64ad300bf"},"breadcrumb":{"@id":"https:\/\/www.ladiagonale.net\/index.php\/2025\/10\/28\/le-groupe-monegasque-pas-de-retour-pour-caio-henrique\/#breadcrumb"},"inLanguage":"fr-FR","potentialAction":[{"@type":"ReadAction","target":["https:\/\/www.ladiagonale.net\/index.php\/2025\/10\/28\/le-groupe-monegasque-pas-de-retour-pour-caio-henrique\/"]}]},{"@type":"BreadcrumbList","@id":"https:\/\/www.ladiagonale.net\/index.php\/2025\/10\/28\/le-groupe-monegasque-pas-de-retour-pour-caio-henrique\/#breadcrumb","itemListElement":[{"@type":"ListItem","position":1,"name":"Accueil","item":"https:\/\/www.ladiagonale.net\/"},{"@type":"ListItem","position":2,"name":"Le groupe mon\u00e9gasque : pas de retour pour Caio Henrique"}]},{"@type":"WebSite","@id":"https:\/\/www.ladiagonale.net\/#website","url":"https:\/\/www.ladiagonale.net\/","name":"La Diagonale","description":"Le site des supporters de l&#039;AS Monaco FC","potentialAction":[{"@type":"SearchAction","target":{"@type":"EntryPoint","urlTemplate":"https:\/\/www.ladiagonale.net\/?s={search_term_string}"},"query-input":"required name=search_term_string"}],"inLanguage":"fr-FR"},{"@type":"Person","@id":"https:\/\/www.ladiagonale.net\/#\/schema\/person\/79ff1e7b0853ed01b2aa26e64ad300bf","name":"Damien Dellerba","image":{"@type":"ImageObject","inLanguage":"fr-FR","@id":"https:\/\/www.ladiagonale.net\/#\/schema\/person\/image\/","url":"https:\/\/secure.gravatar.com\/avatar\/c7850e06d3ff63cdbaee88b7fc16e2f0?s=96&d=mm&r=g","contentUrl":"https:\/\/secure.gravatar.com\/avatar\/c7850e06d3ff63cdbaee88b7fc16e2f0?s=96&d=mm&r=g","caption":"Damien Dellerba"},"url":"https:\/\/www.ladiagonale.net\/index.php\/author\/damien\/"}]}},"_links":{"self":[{"href":"https:\/\/www.ladiagonale.net\/index.php\/wp-json\/wp\/v2\/posts\/34894"}],"collection":[{"href":"https:\/\/www.ladiagonale.net\/index.php\/wp-json\/wp\/v2\/posts"}],"about":[{"href":"https:\/\/www.ladiagonale.net\/index.php\/wp-json\/wp\/v2\/types\/post"}],"author":[{"embeddable":true,"href":"https:\/\/www.ladiagonale.net\/index.php\/wp-json\/wp\/v2\/users\/2"}],"replies":[{"embeddable":true,"href":"https:\/\/www.ladiagonale.net\/index.php\/wp-json\/wp\/v2\/comments?post=34894"}],"version-history":[{"count":2,"href":"https:\/\/www.ladiagonale.net\/index.php\/wp-json\/wp\/v2\/posts\/34894\/revisions"}],"predecessor-version":[{"id":34897,"href":"https:\/\/www.ladiagonale.net\/index.php\/wp-json\/wp\/v2\/posts\/34894\/revisions\/34897"}],"wp:attachment":[{"href":"https:\/\/www.ladiagonale.net\/index.php\/wp-json\/wp\/v2\/media?parent=34894"}],"wp:term":[{"taxonomy":"category","embeddable":true,"href":"https:\/\/www.ladiagonale.net\/index.php\/wp-json\/wp\/v2\/categories?post=34894"},{"taxonomy":"post_tag","embeddable":true,"href":"https:\/\/www.ladiagonale.net\/index.php\/wp-json\/wp\/v2\/tags?post=34894"}],"curies":[{"name":"wp","href":"https:\/\/api.w.org\/{rel}","templated":true}]}}