{"id":34903,"date":"2025-10-29T01:08:47","date_gmt":"2025-10-29T00:08:47","guid":{"rendered":"https:\/\/www.ladiagonale.net\/?p=34903"},"modified":"2025-10-29T01:08:48","modified_gmt":"2025-10-29T00:08:48","slug":"le-groupe-elite-bat-le-paris-fc-dans-le-challenge-espoirs","status":"publish","type":"post","link":"https:\/\/www.ladiagonale.net\/index.php\/2025\/10\/29\/le-groupe-elite-bat-le-paris-fc-dans-le-challenge-espoirs\/","title":{"rendered":"Le Groupe \u00c9lite bat le Paris FC dans le Challenge Espoirs"},"content":{"rendered":"\n<p>Corrig\u00e9 par l\u2019Olympique de Marseille pour son premier match du Challenge Espoirs en septembre, le Groupe \u00c9lite de l\u2019AS Monaco a r\u00e9agi face au Paris FC (2-2, 4-3 aux t.a.b.). Men\u00e9s d\u00e8s la premi\u00e8re minute cons\u00e9cutivement \u00e0 une erreur de Yann Lienard et en inf\u00e9riorit\u00e9 num\u00e9rique pendant plus d\u2019une heure, \u00e0 la suite de l\u2019expulsion de Nick Mokabakila (23e), les hommes de Djimi Traor\u00e9 se sont accroch\u00e9s pour amener leur adversaire \u00e0 la s\u00e9ance de tirs au but.<\/p>\n\n\n\n<p>Oumar Konat\u00e9 a rapidement inscrit le but \u00e9galisateur (1-1, 9e) alors que les formations \u00e9voluaient encore \u00e0 onze contre onze. L\u2019inf\u00e9riorit\u00e9 num\u00e9rique n\u2019a d\u2019abord pas perturb\u00e9 les Mon\u00e9gasques, qui ont pris l\u2019avantage en seconde p\u00e9riode gr\u00e2ce au Danois Ekene Chukwuani (2-1, 54e), m\u00eame s\u2019ils ont ensuite pu compter sur Lienard pour leur sauver la mise \u00e0 plusieurs reprises. Le portier de l\u2019ASM a cependant d\u00fb s\u2019incliner une seconde fois en fin de match (2-2, 81e), sur p\u00e9nalty.<\/p>\n\n\n\n<p>C\u2019est aux tirs au but que s\u2019est d\u00e9cid\u00e9 le sort de cette partie. Revanchard, Lienard a fait le n\u00e9cessaire pour permettre aux siens de l\u2019emporter. Le troisi\u00e8me gardien as\u00e9miste a repouss\u00e9 deux tentatives parisiennes puis inscrit le tir au but de la victoire. Un succ\u00e8s qui rapporte deux points au Groupe \u00c9lite. Les Mon\u00e9gasques sont avant-derniers de leur groupe. Leur prochaine rencontre dans la comp\u00e9tition doit se jouer le 15 novembre contre Saint-\u00c9tienne<\/p>\n\n\n","protected":false},"excerpt":{"rendered":"<p>Corrig\u00e9 par l\u2019Olympique de Marseille pour son premier match du Challenge Espoirs en septembre, le Groupe \u00c9lite de l\u2019AS Monaco a r\u00e9agi face au Paris FC (2-2, 4-3 aux t.a.b.). Men\u00e9s d\u00e8s la premi\u00e8re minute cons\u00e9cutivement \u00e0 une erreur de Yann Lienard et en inf\u00e9riorit\u00e9 num\u00e9rique pendant plus d\u2019une heure, \u00e0 la suite de l\u2019expulsion [&#8230;]\n","protected":false},"author":2,"featured_media":0,"comment_status":"open","ping_status":"open","sticky":false,"template":"","format":"standard","meta":[],"categories":[1110,6],"tags":[76,86,928,228],"yoast_head":"<!-- This site is optimized with the Yoast SEO plugin v19.8 - https:\/\/yoast.com\/wordpress\/plugins\/seo\/ -->\n<title>Le Groupe \u00c9lite bat le Paris FC dans le Challenge Espoirs - La Diagonale<\/title>\n<meta name=\"robots\" content=\"index, follow, max-snippet:-1, max-image-preview:large, max-video-preview:-1\" \/>\n<link rel=\"canonical\" href=\"https:\/\/www.ladiagonale.net\/index.php\/2025\/10\/29\/le-groupe-elite-bat-le-paris-fc-dans-le-challenge-espoirs\/\" \/>\n<meta property=\"og:locale\" content=\"fr_FR\" \/>\n<meta property=\"og:type\" content=\"article\" \/>\n<meta property=\"og:title\" content=\"Le Groupe \u00c9lite bat le Paris FC dans le Challenge Espoirs - La Diagonale\" \/>\n<meta property=\"og:description\" content=\"Corrig\u00e9 par l\u2019Olympique de Marseille pour son premier match du Challenge Espoirs en septembre, le Groupe \u00c9lite de l\u2019AS Monaco a r\u00e9agi face au Paris FC (2-2, 4-3 aux t.a.b.). Men\u00e9s d\u00e8s la premi\u00e8re minute cons\u00e9cutivement \u00e0 une erreur de Yann Lienard et en inf\u00e9riorit\u00e9 num\u00e9rique pendant plus d\u2019une heure, \u00e0 la suite de l\u2019expulsion [...]\" \/>\n<meta property=\"og:url\" content=\"https:\/\/www.ladiagonale.net\/index.php\/2025\/10\/29\/le-groupe-elite-bat-le-paris-fc-dans-le-challenge-espoirs\/\" \/>\n<meta property=\"og:site_name\" content=\"La Diagonale\" \/>\n<meta property=\"article:published_time\" content=\"2025-10-29T00:08:47+00:00\" \/>\n<meta property=\"article:modified_time\" content=\"2025-10-29T00:08:48+00:00\" \/>\n<meta property=\"og:image\" content=\"https:\/\/www.ladiagonale.net\/wp-content\/uploads\/2025\/07\/Lienard.png\" \/>\n\t<meta property=\"og:image:width\" content=\"1160\" \/>\n\t<meta property=\"og:image:height\" content=\"650\" \/>\n\t<meta property=\"og:image:type\" content=\"image\/png\" \/>\n<meta name=\"author\" content=\"Damien Dellerba\" \/>\n<meta name=\"twitter:card\" content=\"summary_large_image\" \/>\n<meta name=\"twitter:image\" content=\"https:\/\/www.ladiagonale.net\/wp-content\/uploads\/2025\/07\/Lienard.png\" \/>\n<meta name=\"twitter:label1\" content=\"\u00c9crit par\" \/>\n\t<meta name=\"twitter:data1\" content=\"Damien Dellerba\" \/>\n\t<meta name=\"twitter:label2\" content=\"Dur\u00e9e de lecture estim\u00e9e\" \/>\n\t<meta name=\"twitter:data2\" content=\"2 minutes\" \/>\n<script type=\"application\/ld+json\" class=\"yoast-schema-graph\">{\"@context\":\"https:\/\/schema.org\",\"@graph\":[{\"@type\":\"WebPage\",\"@id\":\"https:\/\/www.ladiagonale.net\/index.php\/2025\/10\/29\/le-groupe-elite-bat-le-paris-fc-dans-le-challenge-espoirs\/\",\"url\":\"https:\/\/www.ladiagonale.net\/index.php\/2025\/10\/29\/le-groupe-elite-bat-le-paris-fc-dans-le-challenge-espoirs\/\",\"name\":\"Le Groupe \u00c9lite bat le Paris FC dans le Challenge Espoirs - La Diagonale\",\"isPartOf\":{\"@id\":\"https:\/\/www.ladiagonale.net\/#website\"},\"datePublished\":\"2025-10-29T00:08:47+00:00\",\"dateModified\":\"2025-10-29T00:08:48+00:00\",\"author\":{\"@id\":\"https:\/\/www.ladiagonale.net\/#\/schema\/person\/79ff1e7b0853ed01b2aa26e64ad300bf\"},\"breadcrumb\":{\"@id\":\"https:\/\/www.ladiagonale.net\/index.php\/2025\/10\/29\/le-groupe-elite-bat-le-paris-fc-dans-le-challenge-espoirs\/#breadcrumb\"},\"inLanguage\":\"fr-FR\",\"potentialAction\":[{\"@type\":\"ReadAction\",\"target\":[\"https:\/\/www.ladiagonale.net\/index.php\/2025\/10\/29\/le-groupe-elite-bat-le-paris-fc-dans-le-challenge-espoirs\/\"]}]},{\"@type\":\"BreadcrumbList\",\"@id\":\"https:\/\/www.ladiagonale.net\/index.php\/2025\/10\/29\/le-groupe-elite-bat-le-paris-fc-dans-le-challenge-espoirs\/#breadcrumb\",\"itemListElement\":[{\"@type\":\"ListItem\",\"position\":1,\"name\":\"Accueil\",\"item\":\"https:\/\/www.ladiagonale.net\/\"},{\"@type\":\"ListItem\",\"position\":2,\"name\":\"Le Groupe \u00c9lite bat le Paris FC dans le Challenge Espoirs\"}]},{\"@type\":\"WebSite\",\"@id\":\"https:\/\/www.ladiagonale.net\/#website\",\"url\":\"https:\/\/www.ladiagonale.net\/\",\"name\":\"La Diagonale\",\"description\":\"Le site des supporters de l&#039;AS Monaco FC\",\"potentialAction\":[{\"@type\":\"SearchAction\",\"target\":{\"@type\":\"EntryPoint\",\"urlTemplate\":\"https:\/\/www.ladiagonale.net\/?s={search_term_string}\"},\"query-input\":\"required name=search_term_string\"}],\"inLanguage\":\"fr-FR\"},{\"@type\":\"Person\",\"@id\":\"https:\/\/www.ladiagonale.net\/#\/schema\/person\/79ff1e7b0853ed01b2aa26e64ad300bf\",\"name\":\"Damien Dellerba\",\"image\":{\"@type\":\"ImageObject\",\"inLanguage\":\"fr-FR\",\"@id\":\"https:\/\/www.ladiagonale.net\/#\/schema\/person\/image\/\",\"url\":\"https:\/\/secure.gravatar.com\/avatar\/c7850e06d3ff63cdbaee88b7fc16e2f0?s=96&d=mm&r=g\",\"contentUrl\":\"https:\/\/secure.gravatar.com\/avatar\/c7850e06d3ff63cdbaee88b7fc16e2f0?s=96&d=mm&r=g\",\"caption\":\"Damien Dellerba\"},\"url\":\"https:\/\/www.ladiagonale.net\/index.php\/author\/damien\/\"}]}<\/script>\n<!-- \/ Yoast SEO plugin. -->","yoast_head_json":{"title":"Le Groupe \u00c9lite bat le Paris FC dans le Challenge Espoirs - La Diagonale","robots":{"index":"index","follow":"follow","max-snippet":"max-snippet:-1","max-image-preview":"max-image-preview:large","max-video-preview":"max-video-preview:-1"},"canonical":"https:\/\/www.ladiagonale.net\/index.php\/2025\/10\/29\/le-groupe-elite-bat-le-paris-fc-dans-le-challenge-espoirs\/","og_locale":"fr_FR","og_type":"article","og_title":"Le Groupe \u00c9lite bat le Paris FC dans le Challenge Espoirs - La Diagonale","og_description":"Corrig\u00e9 par l\u2019Olympique de Marseille pour son premier match du Challenge Espoirs en septembre, le Groupe \u00c9lite de l\u2019AS Monaco a r\u00e9agi face au Paris FC (2-2, 4-3 aux t.a.b.). Men\u00e9s d\u00e8s la premi\u00e8re minute cons\u00e9cutivement \u00e0 une erreur de Yann Lienard et en inf\u00e9riorit\u00e9 num\u00e9rique pendant plus d\u2019une heure, \u00e0 la suite de l\u2019expulsion [...]","og_url":"https:\/\/www.ladiagonale.net\/index.php\/2025\/10\/29\/le-groupe-elite-bat-le-paris-fc-dans-le-challenge-espoirs\/","og_site_name":"La Diagonale","article_published_time":"2025-10-29T00:08:47+00:00","article_modified_time":"2025-10-29T00:08:48+00:00","og_image":[{"width":1160,"height":650,"url":"https:\/\/www.ladiagonale.net\/wp-content\/uploads\/2025\/07\/Lienard.png","type":"image\/png"}],"author":"Damien Dellerba","twitter_card":"summary_large_image","twitter_image":"https:\/\/www.ladiagonale.net\/wp-content\/uploads\/2025\/07\/Lienard.png","twitter_misc":{"\u00c9crit par":"Damien Dellerba","Dur\u00e9e de lecture estim\u00e9e":"2 minutes"},"schema":{"@context":"https:\/\/schema.org","@graph":[{"@type":"WebPage","@id":"https:\/\/www.ladiagonale.net\/index.php\/2025\/10\/29\/le-groupe-elite-bat-le-paris-fc-dans-le-challenge-espoirs\/","url":"https:\/\/www.ladiagonale.net\/index.php\/2025\/10\/29\/le-groupe-elite-bat-le-paris-fc-dans-le-challenge-espoirs\/","name":"Le Groupe \u00c9lite bat le Paris FC dans le Challenge Espoirs - La Diagonale","isPartOf":{"@id":"https:\/\/www.ladiagonale.net\/#website"},"datePublished":"2025-10-29T00:08:47+00:00","dateModified":"2025-10-29T00:08:48+00:00","author":{"@id":"https:\/\/www.ladiagonale.net\/#\/schema\/person\/79ff1e7b0853ed01b2aa26e64ad300bf"},"breadcrumb":{"@id":"https:\/\/www.ladiagonale.net\/index.php\/2025\/10\/29\/le-groupe-elite-bat-le-paris-fc-dans-le-challenge-espoirs\/#breadcrumb"},"inLanguage":"fr-FR","potentialAction":[{"@type":"ReadAction","target":["https:\/\/www.ladiagonale.net\/index.php\/2025\/10\/29\/le-groupe-elite-bat-le-paris-fc-dans-le-challenge-espoirs\/"]}]},{"@type":"BreadcrumbList","@id":"https:\/\/www.ladiagonale.net\/index.php\/2025\/10\/29\/le-groupe-elite-bat-le-paris-fc-dans-le-challenge-espoirs\/#breadcrumb","itemListElement":[{"@type":"ListItem","position":1,"name":"Accueil","item":"https:\/\/www.ladiagonale.net\/"},{"@type":"ListItem","position":2,"name":"Le Groupe \u00c9lite bat le Paris FC dans le Challenge Espoirs"}]},{"@type":"WebSite","@id":"https:\/\/www.ladiagonale.net\/#website","url":"https:\/\/www.ladiagonale.net\/","name":"La Diagonale","description":"Le site des supporters de l&#039;AS Monaco FC","potentialAction":[{"@type":"SearchAction","target":{"@type":"EntryPoint","urlTemplate":"https:\/\/www.ladiagonale.net\/?s={search_term_string}"},"query-input":"required name=search_term_string"}],"inLanguage":"fr-FR"},{"@type":"Person","@id":"https:\/\/www.ladiagonale.net\/#\/schema\/person\/79ff1e7b0853ed01b2aa26e64ad300bf","name":"Damien Dellerba","image":{"@type":"ImageObject","inLanguage":"fr-FR","@id":"https:\/\/www.ladiagonale.net\/#\/schema\/person\/image\/","url":"https:\/\/secure.gravatar.com\/avatar\/c7850e06d3ff63cdbaee88b7fc16e2f0?s=96&d=mm&r=g","contentUrl":"https:\/\/secure.gravatar.com\/avatar\/c7850e06d3ff63cdbaee88b7fc16e2f0?s=96&d=mm&r=g","caption":"Damien Dellerba"},"url":"https:\/\/www.ladiagonale.net\/index.php\/author\/damien\/"}]}},"_links":{"self":[{"href":"https:\/\/www.ladiagonale.net\/index.php\/wp-json\/wp\/v2\/posts\/34903"}],"collection":[{"href":"https:\/\/www.ladiagonale.net\/index.php\/wp-json\/wp\/v2\/posts"}],"about":[{"href":"https:\/\/www.ladiagonale.net\/index.php\/wp-json\/wp\/v2\/types\/post"}],"author":[{"embeddable":true,"href":"https:\/\/www.ladiagonale.net\/index.php\/wp-json\/wp\/v2\/users\/2"}],"replies":[{"embeddable":true,"href":"https:\/\/www.ladiagonale.net\/index.php\/wp-json\/wp\/v2\/comments?post=34903"}],"version-history":[{"count":1,"href":"https:\/\/www.ladiagonale.net\/index.php\/wp-json\/wp\/v2\/posts\/34903\/revisions"}],"predecessor-version":[{"id":34904,"href":"https:\/\/www.ladiagonale.net\/index.php\/wp-json\/wp\/v2\/posts\/34903\/revisions\/34904"}],"wp:attachment":[{"href":"https:\/\/www.ladiagonale.net\/index.php\/wp-json\/wp\/v2\/media?parent=34903"}],"wp:term":[{"taxonomy":"category","embeddable":true,"href":"https:\/\/www.ladiagonale.net\/index.php\/wp-json\/wp\/v2\/categories?post=34903"},{"taxonomy":"post_tag","embeddable":true,"href":"https:\/\/www.ladiagonale.net\/index.php\/wp-json\/wp\/v2\/tags?post=34903"}],"curies":[{"name":"wp","href":"https:\/\/api.w.org\/{rel}","templated":true}]}}