{"id":34907,"date":"2025-10-29T14:35:32","date_gmt":"2025-10-29T13:35:32","guid":{"rendered":"https:\/\/www.ladiagonale.net\/?p=34907"},"modified":"2025-10-30T02:49:01","modified_gmt":"2025-10-30T01:49:01","slug":"reims-refuse-de-ceder-kone","status":"publish","type":"post","link":"https:\/\/www.ladiagonale.net\/index.php\/2025\/10\/29\/reims-refuse-de-ceder-kone\/","title":{"rendered":"Reims refuse de c\u00e9der Kon\u00e9"},"content":{"rendered":"\n<p>L\u2019AS Monaco est \u00e0 la recherche d\u2019un d\u00e9fenseur central afin de permettre \u00e0 S\u00e9bastien Pocognoli une plus grande latitude dans le choix de ses hommes pour sa d\u00e9fense \u00e0 trois. Mais ce ne devrait pas \u00eatre Abdoul Kon\u00e9 (20 ans). D\u2019apr\u00e8s <em>L\u2019\u00c9quipe<\/em>, le club de la Principaut\u00e9 aurait transmis deux offres \u00e0 Reims, dont une premi\u00e8re \u00e9valu\u00e9e \u00e0 trois millions d\u2019euros, mais elles ont toutes \u00e9t\u00e9 rejet\u00e9es. Oppos\u00e9s au transfert de l\u2019un de leurs titulaires, qu\u2019ils souhaitent prolonger, les dirigeants champenois auraient mis un terme aux n\u00e9gociations.<\/p>\n\n\n\n<p>Pour l\u2019ASM, il faudra d\u00e9sormais se tourner vers d\u2019autres pistes, qui existent, m\u00eame si aucun autre nom n\u2019a pour l\u2019instant filtr\u00e9. Les choix sont forc\u00e9ment limit\u00e9s hors p\u00e9riode de mercato, puisqu\u2019il est seulement autoris\u00e9 \u00e0 recruter un joueur libre ou un joueur \u00e9voluant en France. Sinon, il faudra patienter jusqu\u2019en janvier.<\/p>\n\n\n","protected":false},"excerpt":{"rendered":"<p>L\u2019AS Monaco est \u00e0 la recherche d\u2019un d\u00e9fenseur central afin de permettre \u00e0 S\u00e9bastien Pocognoli une plus grande latitude dans le choix de ses hommes pour sa d\u00e9fense \u00e0 trois. Mais ce ne devrait pas \u00eatre Abdoul Kon\u00e9 (20 ans). D\u2019apr\u00e8s L\u2019\u00c9quipe, le club de la Principaut\u00e9 aurait transmis deux offres \u00e0 Reims, dont une [&#8230;]\n","protected":false},"author":2,"featured_media":0,"comment_status":"open","ping_status":"open","sticky":false,"template":"","format":"standard","meta":[],"categories":[6,1086],"tags":[1147,86,111,110],"yoast_head":"<!-- This site is optimized with the Yoast SEO plugin v19.8 - https:\/\/yoast.com\/wordpress\/plugins\/seo\/ -->\n<title>Reims refuse de c\u00e9der Kon\u00e9 - La Diagonale<\/title>\n<meta name=\"robots\" content=\"index, follow, max-snippet:-1, max-image-preview:large, max-video-preview:-1\" \/>\n<link rel=\"canonical\" href=\"https:\/\/www.ladiagonale.net\/index.php\/2025\/10\/29\/reims-refuse-de-ceder-kone\/\" \/>\n<meta property=\"og:locale\" content=\"fr_FR\" \/>\n<meta property=\"og:type\" content=\"article\" \/>\n<meta property=\"og:title\" content=\"Reims refuse de c\u00e9der Kon\u00e9 - La Diagonale\" \/>\n<meta property=\"og:description\" content=\"L\u2019AS Monaco est \u00e0 la recherche d\u2019un d\u00e9fenseur central afin de permettre \u00e0 S\u00e9bastien Pocognoli une plus grande latitude dans le choix de ses hommes pour sa d\u00e9fense \u00e0 trois. Mais ce ne devrait pas \u00eatre Abdoul Kon\u00e9 (20 ans). D\u2019apr\u00e8s L\u2019\u00c9quipe, le club de la Principaut\u00e9 aurait transmis deux offres \u00e0 Reims, dont une [...]\" \/>\n<meta property=\"og:url\" content=\"https:\/\/www.ladiagonale.net\/index.php\/2025\/10\/29\/reims-refuse-de-ceder-kone\/\" \/>\n<meta property=\"og:site_name\" content=\"La Diagonale\" \/>\n<meta property=\"article:published_time\" content=\"2025-10-29T13:35:32+00:00\" \/>\n<meta property=\"article:modified_time\" content=\"2025-10-30T01:49:01+00:00\" \/>\n<meta property=\"og:image\" content=\"https:\/\/www.ladiagonale.net\/wp-content\/uploads\/2025\/10\/abdoul-kone\u0301.png\" \/>\n\t<meta property=\"og:image:width\" content=\"1160\" \/>\n\t<meta property=\"og:image:height\" content=\"650\" \/>\n\t<meta property=\"og:image:type\" content=\"image\/png\" \/>\n<meta name=\"author\" content=\"Damien Dellerba\" \/>\n<meta name=\"twitter:card\" content=\"summary_large_image\" \/>\n<meta name=\"twitter:image\" content=\"https:\/\/www.ladiagonale.net\/wp-content\/uploads\/2025\/10\/abdoul-kone\u0301.png\" \/>\n<meta name=\"twitter:label1\" content=\"\u00c9crit par\" \/>\n\t<meta name=\"twitter:data1\" content=\"Damien Dellerba\" \/>\n\t<meta name=\"twitter:label2\" content=\"Dur\u00e9e de lecture estim\u00e9e\" \/>\n\t<meta name=\"twitter:data2\" content=\"1 minute\" \/>\n<script type=\"application\/ld+json\" class=\"yoast-schema-graph\">{\"@context\":\"https:\/\/schema.org\",\"@graph\":[{\"@type\":\"WebPage\",\"@id\":\"https:\/\/www.ladiagonale.net\/index.php\/2025\/10\/29\/reims-refuse-de-ceder-kone\/\",\"url\":\"https:\/\/www.ladiagonale.net\/index.php\/2025\/10\/29\/reims-refuse-de-ceder-kone\/\",\"name\":\"Reims refuse de c\u00e9der Kon\u00e9 - La Diagonale\",\"isPartOf\":{\"@id\":\"https:\/\/www.ladiagonale.net\/#website\"},\"datePublished\":\"2025-10-29T13:35:32+00:00\",\"dateModified\":\"2025-10-30T01:49:01+00:00\",\"author\":{\"@id\":\"https:\/\/www.ladiagonale.net\/#\/schema\/person\/79ff1e7b0853ed01b2aa26e64ad300bf\"},\"breadcrumb\":{\"@id\":\"https:\/\/www.ladiagonale.net\/index.php\/2025\/10\/29\/reims-refuse-de-ceder-kone\/#breadcrumb\"},\"inLanguage\":\"fr-FR\",\"potentialAction\":[{\"@type\":\"ReadAction\",\"target\":[\"https:\/\/www.ladiagonale.net\/index.php\/2025\/10\/29\/reims-refuse-de-ceder-kone\/\"]}]},{\"@type\":\"BreadcrumbList\",\"@id\":\"https:\/\/www.ladiagonale.net\/index.php\/2025\/10\/29\/reims-refuse-de-ceder-kone\/#breadcrumb\",\"itemListElement\":[{\"@type\":\"ListItem\",\"position\":1,\"name\":\"Accueil\",\"item\":\"https:\/\/www.ladiagonale.net\/\"},{\"@type\":\"ListItem\",\"position\":2,\"name\":\"Reims refuse de c\u00e9der Kon\u00e9\"}]},{\"@type\":\"WebSite\",\"@id\":\"https:\/\/www.ladiagonale.net\/#website\",\"url\":\"https:\/\/www.ladiagonale.net\/\",\"name\":\"La Diagonale\",\"description\":\"Le site des supporters de l&#039;AS Monaco FC\",\"potentialAction\":[{\"@type\":\"SearchAction\",\"target\":{\"@type\":\"EntryPoint\",\"urlTemplate\":\"https:\/\/www.ladiagonale.net\/?s={search_term_string}\"},\"query-input\":\"required name=search_term_string\"}],\"inLanguage\":\"fr-FR\"},{\"@type\":\"Person\",\"@id\":\"https:\/\/www.ladiagonale.net\/#\/schema\/person\/79ff1e7b0853ed01b2aa26e64ad300bf\",\"name\":\"Damien Dellerba\",\"image\":{\"@type\":\"ImageObject\",\"inLanguage\":\"fr-FR\",\"@id\":\"https:\/\/www.ladiagonale.net\/#\/schema\/person\/image\/\",\"url\":\"https:\/\/secure.gravatar.com\/avatar\/c7850e06d3ff63cdbaee88b7fc16e2f0?s=96&d=mm&r=g\",\"contentUrl\":\"https:\/\/secure.gravatar.com\/avatar\/c7850e06d3ff63cdbaee88b7fc16e2f0?s=96&d=mm&r=g\",\"caption\":\"Damien Dellerba\"},\"url\":\"https:\/\/www.ladiagonale.net\/index.php\/author\/damien\/\"}]}<\/script>\n<!-- \/ Yoast SEO plugin. -->","yoast_head_json":{"title":"Reims refuse de c\u00e9der Kon\u00e9 - La Diagonale","robots":{"index":"index","follow":"follow","max-snippet":"max-snippet:-1","max-image-preview":"max-image-preview:large","max-video-preview":"max-video-preview:-1"},"canonical":"https:\/\/www.ladiagonale.net\/index.php\/2025\/10\/29\/reims-refuse-de-ceder-kone\/","og_locale":"fr_FR","og_type":"article","og_title":"Reims refuse de c\u00e9der Kon\u00e9 - La Diagonale","og_description":"L\u2019AS Monaco est \u00e0 la recherche d\u2019un d\u00e9fenseur central afin de permettre \u00e0 S\u00e9bastien Pocognoli une plus grande latitude dans le choix de ses hommes pour sa d\u00e9fense \u00e0 trois. Mais ce ne devrait pas \u00eatre Abdoul Kon\u00e9 (20 ans). D\u2019apr\u00e8s L\u2019\u00c9quipe, le club de la Principaut\u00e9 aurait transmis deux offres \u00e0 Reims, dont une [...]","og_url":"https:\/\/www.ladiagonale.net\/index.php\/2025\/10\/29\/reims-refuse-de-ceder-kone\/","og_site_name":"La Diagonale","article_published_time":"2025-10-29T13:35:32+00:00","article_modified_time":"2025-10-30T01:49:01+00:00","og_image":[{"width":1160,"height":650,"url":"https:\/\/www.ladiagonale.net\/wp-content\/uploads\/2025\/10\/abdoul-kone\u0301.png","type":"image\/png"}],"author":"Damien Dellerba","twitter_card":"summary_large_image","twitter_image":"https:\/\/www.ladiagonale.net\/wp-content\/uploads\/2025\/10\/abdoul-kone\u0301.png","twitter_misc":{"\u00c9crit par":"Damien Dellerba","Dur\u00e9e de lecture estim\u00e9e":"1 minute"},"schema":{"@context":"https:\/\/schema.org","@graph":[{"@type":"WebPage","@id":"https:\/\/www.ladiagonale.net\/index.php\/2025\/10\/29\/reims-refuse-de-ceder-kone\/","url":"https:\/\/www.ladiagonale.net\/index.php\/2025\/10\/29\/reims-refuse-de-ceder-kone\/","name":"Reims refuse de c\u00e9der Kon\u00e9 - La Diagonale","isPartOf":{"@id":"https:\/\/www.ladiagonale.net\/#website"},"datePublished":"2025-10-29T13:35:32+00:00","dateModified":"2025-10-30T01:49:01+00:00","author":{"@id":"https:\/\/www.ladiagonale.net\/#\/schema\/person\/79ff1e7b0853ed01b2aa26e64ad300bf"},"breadcrumb":{"@id":"https:\/\/www.ladiagonale.net\/index.php\/2025\/10\/29\/reims-refuse-de-ceder-kone\/#breadcrumb"},"inLanguage":"fr-FR","potentialAction":[{"@type":"ReadAction","target":["https:\/\/www.ladiagonale.net\/index.php\/2025\/10\/29\/reims-refuse-de-ceder-kone\/"]}]},{"@type":"BreadcrumbList","@id":"https:\/\/www.ladiagonale.net\/index.php\/2025\/10\/29\/reims-refuse-de-ceder-kone\/#breadcrumb","itemListElement":[{"@type":"ListItem","position":1,"name":"Accueil","item":"https:\/\/www.ladiagonale.net\/"},{"@type":"ListItem","position":2,"name":"Reims refuse de c\u00e9der Kon\u00e9"}]},{"@type":"WebSite","@id":"https:\/\/www.ladiagonale.net\/#website","url":"https:\/\/www.ladiagonale.net\/","name":"La Diagonale","description":"Le site des supporters de l&#039;AS Monaco FC","potentialAction":[{"@type":"SearchAction","target":{"@type":"EntryPoint","urlTemplate":"https:\/\/www.ladiagonale.net\/?s={search_term_string}"},"query-input":"required name=search_term_string"}],"inLanguage":"fr-FR"},{"@type":"Person","@id":"https:\/\/www.ladiagonale.net\/#\/schema\/person\/79ff1e7b0853ed01b2aa26e64ad300bf","name":"Damien Dellerba","image":{"@type":"ImageObject","inLanguage":"fr-FR","@id":"https:\/\/www.ladiagonale.net\/#\/schema\/person\/image\/","url":"https:\/\/secure.gravatar.com\/avatar\/c7850e06d3ff63cdbaee88b7fc16e2f0?s=96&d=mm&r=g","contentUrl":"https:\/\/secure.gravatar.com\/avatar\/c7850e06d3ff63cdbaee88b7fc16e2f0?s=96&d=mm&r=g","caption":"Damien Dellerba"},"url":"https:\/\/www.ladiagonale.net\/index.php\/author\/damien\/"}]}},"_links":{"self":[{"href":"https:\/\/www.ladiagonale.net\/index.php\/wp-json\/wp\/v2\/posts\/34907"}],"collection":[{"href":"https:\/\/www.ladiagonale.net\/index.php\/wp-json\/wp\/v2\/posts"}],"about":[{"href":"https:\/\/www.ladiagonale.net\/index.php\/wp-json\/wp\/v2\/types\/post"}],"author":[{"embeddable":true,"href":"https:\/\/www.ladiagonale.net\/index.php\/wp-json\/wp\/v2\/users\/2"}],"replies":[{"embeddable":true,"href":"https:\/\/www.ladiagonale.net\/index.php\/wp-json\/wp\/v2\/comments?post=34907"}],"version-history":[{"count":4,"href":"https:\/\/www.ladiagonale.net\/index.php\/wp-json\/wp\/v2\/posts\/34907\/revisions"}],"predecessor-version":[{"id":34920,"href":"https:\/\/www.ladiagonale.net\/index.php\/wp-json\/wp\/v2\/posts\/34907\/revisions\/34920"}],"wp:attachment":[{"href":"https:\/\/www.ladiagonale.net\/index.php\/wp-json\/wp\/v2\/media?parent=34907"}],"wp:term":[{"taxonomy":"category","embeddable":true,"href":"https:\/\/www.ladiagonale.net\/index.php\/wp-json\/wp\/v2\/categories?post=34907"},{"taxonomy":"post_tag","embeddable":true,"href":"https:\/\/www.ladiagonale.net\/index.php\/wp-json\/wp\/v2\/tags?post=34907"}],"curies":[{"name":"wp","href":"https:\/\/api.w.org\/{rel}","templated":true}]}}