{"id":34917,"date":"2025-10-30T01:24:29","date_gmt":"2025-10-30T00:24:29","guid":{"rendered":"https:\/\/www.ladiagonale.net\/?p=34917"},"modified":"2025-10-30T01:24:30","modified_gmt":"2025-10-30T00:24:30","slug":"pocognoli-nous-avons-ete-joueurs","status":"publish","type":"post","link":"https:\/\/www.ladiagonale.net\/index.php\/2025\/10\/30\/pocognoli-nous-avons-ete-joueurs\/","title":{"rendered":"Pocognoli : \u00ab&nbsp;Nous avons \u00e9t\u00e9 joueurs&nbsp;\u00bb"},"content":{"rendered":"\n<p>S\u00e9bastien Pocognoli avait des motifs de satisfaction apr\u00e8s la victoire de l\u2019AS Monaco contre Nantes (5-3) : \u00ab\u00a0<em>Je retiens qu\u2019on a pass\u00e9 une bonne soir\u00e9e. Je pense que tout le monde qui a vu le match, que ce soit les supporters de Nantes, les supporters de l\u2019AS Monaco ou les t\u00e9l\u00e9spectateurs neutres ont eu une belle soir\u00e9e de football. Et pour cela, il faut deux \u00e9quipes donc je tiens \u00e0 souligner aussi que Nantes a vraiment fait une belle prestation.<\/em>\u00a0\u00bb<\/p>\n\n\n\n<p>Pour le Belge, Monaco a m\u00e9rit\u00e9 son succ\u00e8s et il a appr\u00e9ci\u00e9 le visage offensif de son \u00e9quipe, m\u00eame s\u2019il a regrett\u00e9 aussi d\u2019\u00eatre trop vuln\u00e9rable d\u00e9fensivement : \u00ab\u00a0<em>Je pense qu\u2019on m\u00e9rite notre victoire, vraiment de mani\u00e8re tr\u00e8s rationnelle, m\u00eame si on s\u2019est peut-\u00eatre mis un peu trop en difficult\u00e9. Je suis n\u00e9anmoins fier parce que cr\u00e9er autant, c\u2019est le but du jeu. Aujourd\u2019hui, on a peut-\u00eatre encaiss\u00e9 trop de buts, mais c\u2019est parce que nous avons \u00e9t\u00e9 joueurs. Maintenant, il faut trouver le juste milieu dans nos moments forts pour bien les exploiter, et ne pas trop donner lors des moments faibles.<\/em>\u00a0\u00bb<\/p>\n\n\n\n<p>Pourtant, Pocognoli n\u2019\u00e9tait pas satisfait d\u2019\u00eatre \u00e0 \u00e9galit\u00e9 \u00e0 la pause. Il a cependant voulu envoyer un message positif \u00e0 ses joueurs : \u00ab\u00a0<em>C\u2019\u00e9tait frustrant parce qu\u2019on prend un but dans les arr\u00eats de jeu et je pense que \u00e7a vient, comme je l\u2019ai dit \u00e0 mes joueurs, du \u00ab\u00a0game management\u00a0\u00bb. (\u2026) On a une jeune \u00e9quipe et on va leur apprendre toutes les ficelles du m\u00e9tier, cela fait partie du processus. Mais j\u2019\u00e9tais assez positif \u00e0 la mi-temps car si on gardait la t\u00eate sur les \u00e9paules et continuait \u00e0 jouer notre jeu, on aurait forc\u00e9ment cr\u00e9\u00e9 d\u2019autres occasions en seconde p\u00e9riode.\u00a0<\/em>\u00bb<\/p>\n\n\n\n<p>Si la rencontre a \u00e9t\u00e9 tr\u00e8s ouverte, le technicien estime qu\u2019il sera indispensable de gagner en \u00e9quilibre et en ma\u00eetrise : \u00ab<em>\u00a0Il faudra trouver un juste milieu de toute mani\u00e8re parce que la r\u00e9alit\u00e9 est qu\u2019on va jouer dans trois jours. Contre Toulouse (1-0), on a eu un peu de mal. Il faut voir comment on dig\u00e8re ce match car nous n\u2019avons pas un groupe \u00e9largi \u00e0 l\u2019infini. Il faut donc une bonne r\u00e9cup\u00e9ration, l\u2019entra\u00eenement invisible, et maintenir nos joueurs qui ont un peu moins de temps de jeu en forme. Comme aujourd\u2019hui, ils ont encore \u00e9t\u00e9 d\u00e9cisifs. \u00c7a fait partie aussi de ce qui est tr\u00e8s important de mettre en place jusqu\u2019au match de Lens, je pense.<\/em>\u00a0\u00bb<\/p>\n\n\n","protected":false},"excerpt":{"rendered":"<p>S\u00e9bastien Pocognoli avait des motifs de satisfaction apr\u00e8s la victoire de l\u2019AS Monaco contre Nantes (5-3) : \u00ab\u00a0Je retiens qu\u2019on a pass\u00e9 une bonne soir\u00e9e. Je pense que tout le monde qui a vu le match, que ce soit les supporters de Nantes, les supporters de l\u2019AS Monaco ou les t\u00e9l\u00e9spectateurs neutres ont eu une [&#8230;]\n","protected":false},"author":2,"featured_media":0,"comment_status":"open","ping_status":"open","sticky":false,"template":"","format":"standard","meta":[],"categories":[6,1000],"tags":[86,94,438,1140],"yoast_head":"<!-- This site is optimized with the Yoast SEO plugin v19.8 - https:\/\/yoast.com\/wordpress\/plugins\/seo\/ -->\n<title>Pocognoli : \u00ab&nbsp;Nous avons \u00e9t\u00e9 joueurs&nbsp;\u00bb - La Diagonale<\/title>\n<meta name=\"robots\" content=\"index, follow, max-snippet:-1, max-image-preview:large, max-video-preview:-1\" \/>\n<link rel=\"canonical\" href=\"https:\/\/www.ladiagonale.net\/index.php\/2025\/10\/30\/pocognoli-nous-avons-ete-joueurs\/\" \/>\n<meta property=\"og:locale\" content=\"fr_FR\" \/>\n<meta property=\"og:type\" content=\"article\" \/>\n<meta property=\"og:title\" content=\"Pocognoli : \u00ab&nbsp;Nous avons \u00e9t\u00e9 joueurs&nbsp;\u00bb - La Diagonale\" \/>\n<meta property=\"og:description\" content=\"S\u00e9bastien Pocognoli avait des motifs de satisfaction apr\u00e8s la victoire de l\u2019AS Monaco contre Nantes (5-3) : \u00ab\u00a0Je retiens qu\u2019on a pass\u00e9 une bonne soir\u00e9e. Je pense que tout le monde qui a vu le match, que ce soit les supporters de Nantes, les supporters de l\u2019AS Monaco ou les t\u00e9l\u00e9spectateurs neutres ont eu une [...]\" \/>\n<meta property=\"og:url\" content=\"https:\/\/www.ladiagonale.net\/index.php\/2025\/10\/30\/pocognoli-nous-avons-ete-joueurs\/\" \/>\n<meta property=\"og:site_name\" content=\"La Diagonale\" \/>\n<meta property=\"article:published_time\" content=\"2025-10-30T00:24:29+00:00\" \/>\n<meta property=\"article:modified_time\" content=\"2025-10-30T00:24:30+00:00\" \/>\n<meta property=\"og:image\" content=\"https:\/\/www.ladiagonale.net\/wp-content\/uploads\/2025\/10\/Pocognol-Angers.png\" \/>\n\t<meta property=\"og:image:width\" content=\"1160\" \/>\n\t<meta property=\"og:image:height\" content=\"650\" \/>\n\t<meta property=\"og:image:type\" content=\"image\/png\" \/>\n<meta name=\"author\" content=\"Damien Dellerba\" \/>\n<meta name=\"twitter:card\" content=\"summary_large_image\" \/>\n<meta name=\"twitter:image\" content=\"https:\/\/www.ladiagonale.net\/wp-content\/uploads\/2025\/10\/Pocognol-Angers.png\" \/>\n<meta name=\"twitter:label1\" content=\"\u00c9crit par\" \/>\n\t<meta name=\"twitter:data1\" content=\"Damien Dellerba\" \/>\n\t<meta name=\"twitter:label2\" content=\"Dur\u00e9e de lecture estim\u00e9e\" \/>\n\t<meta name=\"twitter:data2\" content=\"3 minutes\" \/>\n<script type=\"application\/ld+json\" class=\"yoast-schema-graph\">{\"@context\":\"https:\/\/schema.org\",\"@graph\":[{\"@type\":\"WebPage\",\"@id\":\"https:\/\/www.ladiagonale.net\/index.php\/2025\/10\/30\/pocognoli-nous-avons-ete-joueurs\/\",\"url\":\"https:\/\/www.ladiagonale.net\/index.php\/2025\/10\/30\/pocognoli-nous-avons-ete-joueurs\/\",\"name\":\"Pocognoli : \u00ab&nbsp;Nous avons \u00e9t\u00e9 joueurs&nbsp;\u00bb - La Diagonale\",\"isPartOf\":{\"@id\":\"https:\/\/www.ladiagonale.net\/#website\"},\"datePublished\":\"2025-10-30T00:24:29+00:00\",\"dateModified\":\"2025-10-30T00:24:30+00:00\",\"author\":{\"@id\":\"https:\/\/www.ladiagonale.net\/#\/schema\/person\/79ff1e7b0853ed01b2aa26e64ad300bf\"},\"breadcrumb\":{\"@id\":\"https:\/\/www.ladiagonale.net\/index.php\/2025\/10\/30\/pocognoli-nous-avons-ete-joueurs\/#breadcrumb\"},\"inLanguage\":\"fr-FR\",\"potentialAction\":[{\"@type\":\"ReadAction\",\"target\":[\"https:\/\/www.ladiagonale.net\/index.php\/2025\/10\/30\/pocognoli-nous-avons-ete-joueurs\/\"]}]},{\"@type\":\"BreadcrumbList\",\"@id\":\"https:\/\/www.ladiagonale.net\/index.php\/2025\/10\/30\/pocognoli-nous-avons-ete-joueurs\/#breadcrumb\",\"itemListElement\":[{\"@type\":\"ListItem\",\"position\":1,\"name\":\"Accueil\",\"item\":\"https:\/\/www.ladiagonale.net\/\"},{\"@type\":\"ListItem\",\"position\":2,\"name\":\"Pocognoli : \u00ab&nbsp;Nous avons \u00e9t\u00e9 joueurs&nbsp;\u00bb\"}]},{\"@type\":\"WebSite\",\"@id\":\"https:\/\/www.ladiagonale.net\/#website\",\"url\":\"https:\/\/www.ladiagonale.net\/\",\"name\":\"La Diagonale\",\"description\":\"Le site des supporters de l&#039;AS Monaco FC\",\"potentialAction\":[{\"@type\":\"SearchAction\",\"target\":{\"@type\":\"EntryPoint\",\"urlTemplate\":\"https:\/\/www.ladiagonale.net\/?s={search_term_string}\"},\"query-input\":\"required name=search_term_string\"}],\"inLanguage\":\"fr-FR\"},{\"@type\":\"Person\",\"@id\":\"https:\/\/www.ladiagonale.net\/#\/schema\/person\/79ff1e7b0853ed01b2aa26e64ad300bf\",\"name\":\"Damien Dellerba\",\"image\":{\"@type\":\"ImageObject\",\"inLanguage\":\"fr-FR\",\"@id\":\"https:\/\/www.ladiagonale.net\/#\/schema\/person\/image\/\",\"url\":\"https:\/\/secure.gravatar.com\/avatar\/c7850e06d3ff63cdbaee88b7fc16e2f0?s=96&d=mm&r=g\",\"contentUrl\":\"https:\/\/secure.gravatar.com\/avatar\/c7850e06d3ff63cdbaee88b7fc16e2f0?s=96&d=mm&r=g\",\"caption\":\"Damien Dellerba\"},\"url\":\"https:\/\/www.ladiagonale.net\/index.php\/author\/damien\/\"}]}<\/script>\n<!-- \/ Yoast SEO plugin. -->","yoast_head_json":{"title":"Pocognoli : \u00ab&nbsp;Nous avons \u00e9t\u00e9 joueurs&nbsp;\u00bb - La Diagonale","robots":{"index":"index","follow":"follow","max-snippet":"max-snippet:-1","max-image-preview":"max-image-preview:large","max-video-preview":"max-video-preview:-1"},"canonical":"https:\/\/www.ladiagonale.net\/index.php\/2025\/10\/30\/pocognoli-nous-avons-ete-joueurs\/","og_locale":"fr_FR","og_type":"article","og_title":"Pocognoli : \u00ab&nbsp;Nous avons \u00e9t\u00e9 joueurs&nbsp;\u00bb - La Diagonale","og_description":"S\u00e9bastien Pocognoli avait des motifs de satisfaction apr\u00e8s la victoire de l\u2019AS Monaco contre Nantes (5-3) : \u00ab\u00a0Je retiens qu\u2019on a pass\u00e9 une bonne soir\u00e9e. Je pense que tout le monde qui a vu le match, que ce soit les supporters de Nantes, les supporters de l\u2019AS Monaco ou les t\u00e9l\u00e9spectateurs neutres ont eu une [...]","og_url":"https:\/\/www.ladiagonale.net\/index.php\/2025\/10\/30\/pocognoli-nous-avons-ete-joueurs\/","og_site_name":"La Diagonale","article_published_time":"2025-10-30T00:24:29+00:00","article_modified_time":"2025-10-30T00:24:30+00:00","og_image":[{"width":1160,"height":650,"url":"https:\/\/www.ladiagonale.net\/wp-content\/uploads\/2025\/10\/Pocognol-Angers.png","type":"image\/png"}],"author":"Damien Dellerba","twitter_card":"summary_large_image","twitter_image":"https:\/\/www.ladiagonale.net\/wp-content\/uploads\/2025\/10\/Pocognol-Angers.png","twitter_misc":{"\u00c9crit par":"Damien Dellerba","Dur\u00e9e de lecture estim\u00e9e":"3 minutes"},"schema":{"@context":"https:\/\/schema.org","@graph":[{"@type":"WebPage","@id":"https:\/\/www.ladiagonale.net\/index.php\/2025\/10\/30\/pocognoli-nous-avons-ete-joueurs\/","url":"https:\/\/www.ladiagonale.net\/index.php\/2025\/10\/30\/pocognoli-nous-avons-ete-joueurs\/","name":"Pocognoli : \u00ab&nbsp;Nous avons \u00e9t\u00e9 joueurs&nbsp;\u00bb - La Diagonale","isPartOf":{"@id":"https:\/\/www.ladiagonale.net\/#website"},"datePublished":"2025-10-30T00:24:29+00:00","dateModified":"2025-10-30T00:24:30+00:00","author":{"@id":"https:\/\/www.ladiagonale.net\/#\/schema\/person\/79ff1e7b0853ed01b2aa26e64ad300bf"},"breadcrumb":{"@id":"https:\/\/www.ladiagonale.net\/index.php\/2025\/10\/30\/pocognoli-nous-avons-ete-joueurs\/#breadcrumb"},"inLanguage":"fr-FR","potentialAction":[{"@type":"ReadAction","target":["https:\/\/www.ladiagonale.net\/index.php\/2025\/10\/30\/pocognoli-nous-avons-ete-joueurs\/"]}]},{"@type":"BreadcrumbList","@id":"https:\/\/www.ladiagonale.net\/index.php\/2025\/10\/30\/pocognoli-nous-avons-ete-joueurs\/#breadcrumb","itemListElement":[{"@type":"ListItem","position":1,"name":"Accueil","item":"https:\/\/www.ladiagonale.net\/"},{"@type":"ListItem","position":2,"name":"Pocognoli : \u00ab&nbsp;Nous avons \u00e9t\u00e9 joueurs&nbsp;\u00bb"}]},{"@type":"WebSite","@id":"https:\/\/www.ladiagonale.net\/#website","url":"https:\/\/www.ladiagonale.net\/","name":"La Diagonale","description":"Le site des supporters de l&#039;AS Monaco FC","potentialAction":[{"@type":"SearchAction","target":{"@type":"EntryPoint","urlTemplate":"https:\/\/www.ladiagonale.net\/?s={search_term_string}"},"query-input":"required name=search_term_string"}],"inLanguage":"fr-FR"},{"@type":"Person","@id":"https:\/\/www.ladiagonale.net\/#\/schema\/person\/79ff1e7b0853ed01b2aa26e64ad300bf","name":"Damien Dellerba","image":{"@type":"ImageObject","inLanguage":"fr-FR","@id":"https:\/\/www.ladiagonale.net\/#\/schema\/person\/image\/","url":"https:\/\/secure.gravatar.com\/avatar\/c7850e06d3ff63cdbaee88b7fc16e2f0?s=96&d=mm&r=g","contentUrl":"https:\/\/secure.gravatar.com\/avatar\/c7850e06d3ff63cdbaee88b7fc16e2f0?s=96&d=mm&r=g","caption":"Damien Dellerba"},"url":"https:\/\/www.ladiagonale.net\/index.php\/author\/damien\/"}]}},"_links":{"self":[{"href":"https:\/\/www.ladiagonale.net\/index.php\/wp-json\/wp\/v2\/posts\/34917"}],"collection":[{"href":"https:\/\/www.ladiagonale.net\/index.php\/wp-json\/wp\/v2\/posts"}],"about":[{"href":"https:\/\/www.ladiagonale.net\/index.php\/wp-json\/wp\/v2\/types\/post"}],"author":[{"embeddable":true,"href":"https:\/\/www.ladiagonale.net\/index.php\/wp-json\/wp\/v2\/users\/2"}],"replies":[{"embeddable":true,"href":"https:\/\/www.ladiagonale.net\/index.php\/wp-json\/wp\/v2\/comments?post=34917"}],"version-history":[{"count":1,"href":"https:\/\/www.ladiagonale.net\/index.php\/wp-json\/wp\/v2\/posts\/34917\/revisions"}],"predecessor-version":[{"id":34918,"href":"https:\/\/www.ladiagonale.net\/index.php\/wp-json\/wp\/v2\/posts\/34917\/revisions\/34918"}],"wp:attachment":[{"href":"https:\/\/www.ladiagonale.net\/index.php\/wp-json\/wp\/v2\/media?parent=34917"}],"wp:term":[{"taxonomy":"category","embeddable":true,"href":"https:\/\/www.ladiagonale.net\/index.php\/wp-json\/wp\/v2\/categories?post=34917"},{"taxonomy":"post_tag","embeddable":true,"href":"https:\/\/www.ladiagonale.net\/index.php\/wp-json\/wp\/v2\/tags?post=34917"}],"curies":[{"name":"wp","href":"https:\/\/api.w.org\/{rel}","templated":true}]}}