{"id":34940,"date":"2025-10-31T12:55:43","date_gmt":"2025-10-31T11:55:43","guid":{"rendered":"https:\/\/www.ladiagonale.net\/?p=34940"},"modified":"2025-10-31T12:55:44","modified_gmt":"2025-10-31T11:55:44","slug":"rechute-pour-mawissa-absent-un-mois","status":"publish","type":"post","link":"https:\/\/www.ladiagonale.net\/index.php\/2025\/10\/31\/rechute-pour-mawissa-absent-un-mois\/","title":{"rendered":"Rechute pour Mawissa, absent un mois"},"content":{"rendered":"\n\n\n<p>Il a quitt\u00e9 la pelouse de La Beaujoire en frappant du poing au sol. Frustr\u00e9, Christian Mawissa avait d\u00e9j\u00e0 compris qu&rsquo;il venait de rechuter. Revenu contre Tottenham la semaine pass\u00e9e apr\u00e8s trois semaines d&rsquo;arr\u00eat \u00e0 cause d&rsquo;une blessure aux ischio-jambiers, le d\u00e9fenseur central de l&rsquo;AS Monaco sera de nouveau absent pour une longue dur\u00e9e. Sorti \u00e0 la 69<sup>e<\/sup> minute sur blessure lors de la rencontre face \u00e0 Nantes, ce mercredi, le joueur de 20 ans souffre d&rsquo;une nouvelle l\u00e9sion aux ischios, annonce <em>L&rsquo;\u00c9quipe<\/em>, et elle devrait le couper des terrains pour au moins un mois.<\/p>\n\n\n\n<p>Pour l&rsquo;ASM et son entra\u00eeneur S\u00e9bastien Pocognoli, qui n&rsquo;a align\u00e9 que des sch\u00e9mas avec une d\u00e9fense \u00e0 trois depuis son arriv\u00e9e, c&rsquo;est un nouveau coup sur la t\u00eate, alors qu&rsquo;Eric Dier est toujours sur le flanc. Le club de la Principaut\u00e9 pourrait compter sur Caio Henrique lors de la r\u00e9ception du PFC, samedi, \u00e0 moins d&rsquo;aligner Jordan Teze, qui a pris la place de Mawissa \u00e0 Nantes apr\u00e8s sa sortie, ou de lancer enfin Bradel Kiwa. Pour ce qui est de recruter un joueur hors mercato, l&rsquo;ASM s&rsquo;est dej\u00e0 <a href=\"https:\/\/www.ladiagonale.net\/index.php\/2025\/10\/29\/reims-refuse-de-ceder-kone\/\" target=\"_blank\" rel=\"noreferrer noopener\">heurt\u00e9e au refus de Reims<\/a> de c\u00e9der Abdoul Kon\u00e9.<\/p>\n","protected":false},"excerpt":{"rendered":"<p>Il a quitt\u00e9 la pelouse de La Beaujoire en frappant du poing au sol. Frustr\u00e9, Christian Mawissa avait d\u00e9j\u00e0 compris qu&rsquo;il venait de rechuter. Revenu contre Tottenham la semaine pass\u00e9e apr\u00e8s trois semaines d&rsquo;arr\u00eat \u00e0 cause d&rsquo;une blessure aux ischio-jambiers, le d\u00e9fenseur central de l&rsquo;AS Monaco sera de nouveau absent pour une longue dur\u00e9e. Sorti [&#8230;]\n","protected":false},"author":2,"featured_media":0,"comment_status":"open","ping_status":"open","sticky":false,"template":"","format":"standard","meta":[],"categories":[4,6,1035],"tags":[86,826,196],"yoast_head":"<!-- This site is optimized with the Yoast SEO plugin v19.8 - https:\/\/yoast.com\/wordpress\/plugins\/seo\/ -->\n<title>Rechute pour Mawissa, absent un mois - La Diagonale<\/title>\n<meta name=\"robots\" content=\"index, follow, max-snippet:-1, max-image-preview:large, max-video-preview:-1\" \/>\n<link rel=\"canonical\" href=\"https:\/\/www.ladiagonale.net\/index.php\/2025\/10\/31\/rechute-pour-mawissa-absent-un-mois\/\" \/>\n<meta property=\"og:locale\" content=\"fr_FR\" \/>\n<meta property=\"og:type\" content=\"article\" \/>\n<meta property=\"og:title\" content=\"Rechute pour Mawissa, absent un mois - La Diagonale\" \/>\n<meta property=\"og:description\" content=\"Il a quitt\u00e9 la pelouse de La Beaujoire en frappant du poing au sol. Frustr\u00e9, Christian Mawissa avait d\u00e9j\u00e0 compris qu&rsquo;il venait de rechuter. Revenu contre Tottenham la semaine pass\u00e9e apr\u00e8s trois semaines d&rsquo;arr\u00eat \u00e0 cause d&rsquo;une blessure aux ischio-jambiers, le d\u00e9fenseur central de l&rsquo;AS Monaco sera de nouveau absent pour une longue dur\u00e9e. Sorti [...]\" \/>\n<meta property=\"og:url\" content=\"https:\/\/www.ladiagonale.net\/index.php\/2025\/10\/31\/rechute-pour-mawissa-absent-un-mois\/\" \/>\n<meta property=\"og:site_name\" content=\"La Diagonale\" \/>\n<meta property=\"article:published_time\" content=\"2025-10-31T11:55:43+00:00\" \/>\n<meta property=\"article:modified_time\" content=\"2025-10-31T11:55:44+00:00\" \/>\n<meta property=\"og:image\" content=\"https:\/\/www.ladiagonale.net\/wp-content\/uploads\/2025\/10\/Mawissa-stras.png\" \/>\n\t<meta property=\"og:image:width\" content=\"1160\" \/>\n\t<meta property=\"og:image:height\" content=\"650\" \/>\n\t<meta property=\"og:image:type\" content=\"image\/png\" \/>\n<meta name=\"author\" content=\"Damien Dellerba\" \/>\n<meta name=\"twitter:card\" content=\"summary_large_image\" \/>\n<meta name=\"twitter:image\" content=\"https:\/\/www.ladiagonale.net\/wp-content\/uploads\/2025\/10\/Mawissa-stras.png\" \/>\n<meta name=\"twitter:label1\" content=\"\u00c9crit par\" \/>\n\t<meta name=\"twitter:data1\" content=\"Damien Dellerba\" \/>\n\t<meta name=\"twitter:label2\" content=\"Dur\u00e9e de lecture estim\u00e9e\" \/>\n\t<meta name=\"twitter:data2\" content=\"1 minute\" \/>\n<script type=\"application\/ld+json\" class=\"yoast-schema-graph\">{\"@context\":\"https:\/\/schema.org\",\"@graph\":[{\"@type\":\"WebPage\",\"@id\":\"https:\/\/www.ladiagonale.net\/index.php\/2025\/10\/31\/rechute-pour-mawissa-absent-un-mois\/\",\"url\":\"https:\/\/www.ladiagonale.net\/index.php\/2025\/10\/31\/rechute-pour-mawissa-absent-un-mois\/\",\"name\":\"Rechute pour Mawissa, absent un mois - La Diagonale\",\"isPartOf\":{\"@id\":\"https:\/\/www.ladiagonale.net\/#website\"},\"datePublished\":\"2025-10-31T11:55:43+00:00\",\"dateModified\":\"2025-10-31T11:55:44+00:00\",\"author\":{\"@id\":\"https:\/\/www.ladiagonale.net\/#\/schema\/person\/79ff1e7b0853ed01b2aa26e64ad300bf\"},\"breadcrumb\":{\"@id\":\"https:\/\/www.ladiagonale.net\/index.php\/2025\/10\/31\/rechute-pour-mawissa-absent-un-mois\/#breadcrumb\"},\"inLanguage\":\"fr-FR\",\"potentialAction\":[{\"@type\":\"ReadAction\",\"target\":[\"https:\/\/www.ladiagonale.net\/index.php\/2025\/10\/31\/rechute-pour-mawissa-absent-un-mois\/\"]}]},{\"@type\":\"BreadcrumbList\",\"@id\":\"https:\/\/www.ladiagonale.net\/index.php\/2025\/10\/31\/rechute-pour-mawissa-absent-un-mois\/#breadcrumb\",\"itemListElement\":[{\"@type\":\"ListItem\",\"position\":1,\"name\":\"Accueil\",\"item\":\"https:\/\/www.ladiagonale.net\/\"},{\"@type\":\"ListItem\",\"position\":2,\"name\":\"Rechute pour Mawissa, absent un mois\"}]},{\"@type\":\"WebSite\",\"@id\":\"https:\/\/www.ladiagonale.net\/#website\",\"url\":\"https:\/\/www.ladiagonale.net\/\",\"name\":\"La Diagonale\",\"description\":\"Le site des supporters de l&#039;AS Monaco FC\",\"potentialAction\":[{\"@type\":\"SearchAction\",\"target\":{\"@type\":\"EntryPoint\",\"urlTemplate\":\"https:\/\/www.ladiagonale.net\/?s={search_term_string}\"},\"query-input\":\"required name=search_term_string\"}],\"inLanguage\":\"fr-FR\"},{\"@type\":\"Person\",\"@id\":\"https:\/\/www.ladiagonale.net\/#\/schema\/person\/79ff1e7b0853ed01b2aa26e64ad300bf\",\"name\":\"Damien Dellerba\",\"image\":{\"@type\":\"ImageObject\",\"inLanguage\":\"fr-FR\",\"@id\":\"https:\/\/www.ladiagonale.net\/#\/schema\/person\/image\/\",\"url\":\"https:\/\/secure.gravatar.com\/avatar\/c7850e06d3ff63cdbaee88b7fc16e2f0?s=96&d=mm&r=g\",\"contentUrl\":\"https:\/\/secure.gravatar.com\/avatar\/c7850e06d3ff63cdbaee88b7fc16e2f0?s=96&d=mm&r=g\",\"caption\":\"Damien Dellerba\"},\"url\":\"https:\/\/www.ladiagonale.net\/index.php\/author\/damien\/\"}]}<\/script>\n<!-- \/ Yoast SEO plugin. -->","yoast_head_json":{"title":"Rechute pour Mawissa, absent un mois - La Diagonale","robots":{"index":"index","follow":"follow","max-snippet":"max-snippet:-1","max-image-preview":"max-image-preview:large","max-video-preview":"max-video-preview:-1"},"canonical":"https:\/\/www.ladiagonale.net\/index.php\/2025\/10\/31\/rechute-pour-mawissa-absent-un-mois\/","og_locale":"fr_FR","og_type":"article","og_title":"Rechute pour Mawissa, absent un mois - La Diagonale","og_description":"Il a quitt\u00e9 la pelouse de La Beaujoire en frappant du poing au sol. Frustr\u00e9, Christian Mawissa avait d\u00e9j\u00e0 compris qu&rsquo;il venait de rechuter. Revenu contre Tottenham la semaine pass\u00e9e apr\u00e8s trois semaines d&rsquo;arr\u00eat \u00e0 cause d&rsquo;une blessure aux ischio-jambiers, le d\u00e9fenseur central de l&rsquo;AS Monaco sera de nouveau absent pour une longue dur\u00e9e. Sorti [...]","og_url":"https:\/\/www.ladiagonale.net\/index.php\/2025\/10\/31\/rechute-pour-mawissa-absent-un-mois\/","og_site_name":"La Diagonale","article_published_time":"2025-10-31T11:55:43+00:00","article_modified_time":"2025-10-31T11:55:44+00:00","og_image":[{"width":1160,"height":650,"url":"https:\/\/www.ladiagonale.net\/wp-content\/uploads\/2025\/10\/Mawissa-stras.png","type":"image\/png"}],"author":"Damien Dellerba","twitter_card":"summary_large_image","twitter_image":"https:\/\/www.ladiagonale.net\/wp-content\/uploads\/2025\/10\/Mawissa-stras.png","twitter_misc":{"\u00c9crit par":"Damien Dellerba","Dur\u00e9e de lecture estim\u00e9e":"1 minute"},"schema":{"@context":"https:\/\/schema.org","@graph":[{"@type":"WebPage","@id":"https:\/\/www.ladiagonale.net\/index.php\/2025\/10\/31\/rechute-pour-mawissa-absent-un-mois\/","url":"https:\/\/www.ladiagonale.net\/index.php\/2025\/10\/31\/rechute-pour-mawissa-absent-un-mois\/","name":"Rechute pour Mawissa, absent un mois - La Diagonale","isPartOf":{"@id":"https:\/\/www.ladiagonale.net\/#website"},"datePublished":"2025-10-31T11:55:43+00:00","dateModified":"2025-10-31T11:55:44+00:00","author":{"@id":"https:\/\/www.ladiagonale.net\/#\/schema\/person\/79ff1e7b0853ed01b2aa26e64ad300bf"},"breadcrumb":{"@id":"https:\/\/www.ladiagonale.net\/index.php\/2025\/10\/31\/rechute-pour-mawissa-absent-un-mois\/#breadcrumb"},"inLanguage":"fr-FR","potentialAction":[{"@type":"ReadAction","target":["https:\/\/www.ladiagonale.net\/index.php\/2025\/10\/31\/rechute-pour-mawissa-absent-un-mois\/"]}]},{"@type":"BreadcrumbList","@id":"https:\/\/www.ladiagonale.net\/index.php\/2025\/10\/31\/rechute-pour-mawissa-absent-un-mois\/#breadcrumb","itemListElement":[{"@type":"ListItem","position":1,"name":"Accueil","item":"https:\/\/www.ladiagonale.net\/"},{"@type":"ListItem","position":2,"name":"Rechute pour Mawissa, absent un mois"}]},{"@type":"WebSite","@id":"https:\/\/www.ladiagonale.net\/#website","url":"https:\/\/www.ladiagonale.net\/","name":"La Diagonale","description":"Le site des supporters de l&#039;AS Monaco FC","potentialAction":[{"@type":"SearchAction","target":{"@type":"EntryPoint","urlTemplate":"https:\/\/www.ladiagonale.net\/?s={search_term_string}"},"query-input":"required name=search_term_string"}],"inLanguage":"fr-FR"},{"@type":"Person","@id":"https:\/\/www.ladiagonale.net\/#\/schema\/person\/79ff1e7b0853ed01b2aa26e64ad300bf","name":"Damien Dellerba","image":{"@type":"ImageObject","inLanguage":"fr-FR","@id":"https:\/\/www.ladiagonale.net\/#\/schema\/person\/image\/","url":"https:\/\/secure.gravatar.com\/avatar\/c7850e06d3ff63cdbaee88b7fc16e2f0?s=96&d=mm&r=g","contentUrl":"https:\/\/secure.gravatar.com\/avatar\/c7850e06d3ff63cdbaee88b7fc16e2f0?s=96&d=mm&r=g","caption":"Damien Dellerba"},"url":"https:\/\/www.ladiagonale.net\/index.php\/author\/damien\/"}]}},"_links":{"self":[{"href":"https:\/\/www.ladiagonale.net\/index.php\/wp-json\/wp\/v2\/posts\/34940"}],"collection":[{"href":"https:\/\/www.ladiagonale.net\/index.php\/wp-json\/wp\/v2\/posts"}],"about":[{"href":"https:\/\/www.ladiagonale.net\/index.php\/wp-json\/wp\/v2\/types\/post"}],"author":[{"embeddable":true,"href":"https:\/\/www.ladiagonale.net\/index.php\/wp-json\/wp\/v2\/users\/2"}],"replies":[{"embeddable":true,"href":"https:\/\/www.ladiagonale.net\/index.php\/wp-json\/wp\/v2\/comments?post=34940"}],"version-history":[{"count":1,"href":"https:\/\/www.ladiagonale.net\/index.php\/wp-json\/wp\/v2\/posts\/34940\/revisions"}],"predecessor-version":[{"id":34941,"href":"https:\/\/www.ladiagonale.net\/index.php\/wp-json\/wp\/v2\/posts\/34940\/revisions\/34941"}],"wp:attachment":[{"href":"https:\/\/www.ladiagonale.net\/index.php\/wp-json\/wp\/v2\/media?parent=34940"}],"wp:term":[{"taxonomy":"category","embeddable":true,"href":"https:\/\/www.ladiagonale.net\/index.php\/wp-json\/wp\/v2\/categories?post=34940"},{"taxonomy":"post_tag","embeddable":true,"href":"https:\/\/www.ladiagonale.net\/index.php\/wp-json\/wp\/v2\/tags?post=34940"}],"curies":[{"name":"wp","href":"https:\/\/api.w.org\/{rel}","templated":true}]}}