{"id":34946,"date":"2025-10-31T13:35:07","date_gmt":"2025-10-31T12:35:07","guid":{"rendered":"https:\/\/www.ladiagonale.net\/?p=34946"},"modified":"2025-10-31T13:35:21","modified_gmt":"2025-10-31T12:35:21","slug":"pogba-serait-touche-a-une-cheville","status":"publish","type":"post","link":"https:\/\/www.ladiagonale.net\/index.php\/2025\/10\/31\/pogba-serait-touche-a-une-cheville\/","title":{"rendered":"Pogba serait touch\u00e9 \u00e0 une cheville"},"content":{"rendered":"\n<p>Alors que tous les \u00e9l\u00e9ments semblaient r\u00e9unis pour voir Paul Pogba dans le groupe de l\u2019AS Monaco ce samedi pour la premi\u00e8re fois, un nouveau contretemps pourrait freiner son retour. D\u2019apr\u00e8s <em>Nice-Matin<\/em>, le milieu de terrain de 32 ans aurait \u00e9t\u00e9 touch\u00e9 \u00e0 une cheville dans un duel \u00e0 l\u2019entra\u00eenement, lors de la s\u00e9ance de mercredi. Ce jeudi, il manquait \u00e0 l\u2019appel lors de l\u2019entra\u00eenement ouvert \u00e0 la presse.<\/p>\n\n\n\n<p>Mais l\u2019\u00e9ventualit\u00e9 de voir le champion du monde 2018 manquer la r\u00e9ception du Paris FC ce week-end n\u2019est pour l\u2019instant qu\u2019une hypoth\u00e8se. S\u00e9bastien Pocognoli, l\u2019entra\u00eeneur mon\u00e9gasque, devrait faire un point sur la situation de Pogba lors de la conf\u00e9rence de presse qui doit se tenir vendredi, en d\u00e9but d\u2019apr\u00e8s-midi.<\/p>\n\n\n","protected":false},"excerpt":{"rendered":"<p>Alors que tous les \u00e9l\u00e9ments semblaient r\u00e9unis pour voir Paul Pogba dans le groupe de l\u2019AS Monaco ce samedi pour la premi\u00e8re fois, un nouveau contretemps pourrait freiner son retour. D\u2019apr\u00e8s Nice-Matin, le milieu de terrain de 32 ans aurait \u00e9t\u00e9 touch\u00e9 \u00e0 une cheville dans un duel \u00e0 l\u2019entra\u00eenement, lors de la s\u00e9ance de [&#8230;]\n","protected":false},"author":2,"featured_media":0,"comment_status":"open","ping_status":"open","sticky":false,"template":"","format":"standard","meta":[],"categories":[4,6,1035],"tags":[86,196,1057],"yoast_head":"<!-- This site is optimized with the Yoast SEO plugin v19.8 - https:\/\/yoast.com\/wordpress\/plugins\/seo\/ -->\n<title>Pogba serait touch\u00e9 \u00e0 une cheville - La Diagonale<\/title>\n<meta name=\"robots\" content=\"index, follow, max-snippet:-1, max-image-preview:large, max-video-preview:-1\" \/>\n<link rel=\"canonical\" href=\"https:\/\/www.ladiagonale.net\/index.php\/2025\/10\/31\/pogba-serait-touche-a-une-cheville\/\" \/>\n<meta property=\"og:locale\" content=\"fr_FR\" \/>\n<meta property=\"og:type\" content=\"article\" \/>\n<meta property=\"og:title\" content=\"Pogba serait touch\u00e9 \u00e0 une cheville - La Diagonale\" \/>\n<meta property=\"og:description\" content=\"Alors que tous les \u00e9l\u00e9ments semblaient r\u00e9unis pour voir Paul Pogba dans le groupe de l\u2019AS Monaco ce samedi pour la premi\u00e8re fois, un nouveau contretemps pourrait freiner son retour. D\u2019apr\u00e8s Nice-Matin, le milieu de terrain de 32 ans aurait \u00e9t\u00e9 touch\u00e9 \u00e0 une cheville dans un duel \u00e0 l\u2019entra\u00eenement, lors de la s\u00e9ance de [...]\" \/>\n<meta property=\"og:url\" content=\"https:\/\/www.ladiagonale.net\/index.php\/2025\/10\/31\/pogba-serait-touche-a-une-cheville\/\" \/>\n<meta property=\"og:site_name\" content=\"La Diagonale\" \/>\n<meta property=\"article:published_time\" content=\"2025-10-31T12:35:07+00:00\" \/>\n<meta property=\"article:modified_time\" content=\"2025-10-31T12:35:21+00:00\" \/>\n<meta property=\"og:image\" content=\"https:\/\/www.ladiagonale.net\/wp-content\/uploads\/2025\/07\/Pogba-luke.png\" \/>\n\t<meta property=\"og:image:width\" content=\"1160\" \/>\n\t<meta property=\"og:image:height\" content=\"650\" \/>\n\t<meta property=\"og:image:type\" content=\"image\/png\" \/>\n<meta name=\"author\" content=\"Damien Dellerba\" \/>\n<meta name=\"twitter:card\" content=\"summary_large_image\" \/>\n<meta name=\"twitter:image\" content=\"https:\/\/www.ladiagonale.net\/wp-content\/uploads\/2025\/07\/Pogba-luke.png\" \/>\n<meta name=\"twitter:label1\" content=\"\u00c9crit par\" \/>\n\t<meta name=\"twitter:data1\" content=\"Damien Dellerba\" \/>\n\t<meta name=\"twitter:label2\" content=\"Dur\u00e9e de lecture estim\u00e9e\" \/>\n\t<meta name=\"twitter:data2\" content=\"1 minute\" \/>\n<script type=\"application\/ld+json\" class=\"yoast-schema-graph\">{\"@context\":\"https:\/\/schema.org\",\"@graph\":[{\"@type\":\"WebPage\",\"@id\":\"https:\/\/www.ladiagonale.net\/index.php\/2025\/10\/31\/pogba-serait-touche-a-une-cheville\/\",\"url\":\"https:\/\/www.ladiagonale.net\/index.php\/2025\/10\/31\/pogba-serait-touche-a-une-cheville\/\",\"name\":\"Pogba serait touch\u00e9 \u00e0 une cheville - La Diagonale\",\"isPartOf\":{\"@id\":\"https:\/\/www.ladiagonale.net\/#website\"},\"datePublished\":\"2025-10-31T12:35:07+00:00\",\"dateModified\":\"2025-10-31T12:35:21+00:00\",\"author\":{\"@id\":\"https:\/\/www.ladiagonale.net\/#\/schema\/person\/79ff1e7b0853ed01b2aa26e64ad300bf\"},\"breadcrumb\":{\"@id\":\"https:\/\/www.ladiagonale.net\/index.php\/2025\/10\/31\/pogba-serait-touche-a-une-cheville\/#breadcrumb\"},\"inLanguage\":\"fr-FR\",\"potentialAction\":[{\"@type\":\"ReadAction\",\"target\":[\"https:\/\/www.ladiagonale.net\/index.php\/2025\/10\/31\/pogba-serait-touche-a-une-cheville\/\"]}]},{\"@type\":\"BreadcrumbList\",\"@id\":\"https:\/\/www.ladiagonale.net\/index.php\/2025\/10\/31\/pogba-serait-touche-a-une-cheville\/#breadcrumb\",\"itemListElement\":[{\"@type\":\"ListItem\",\"position\":1,\"name\":\"Accueil\",\"item\":\"https:\/\/www.ladiagonale.net\/\"},{\"@type\":\"ListItem\",\"position\":2,\"name\":\"Pogba serait touch\u00e9 \u00e0 une cheville\"}]},{\"@type\":\"WebSite\",\"@id\":\"https:\/\/www.ladiagonale.net\/#website\",\"url\":\"https:\/\/www.ladiagonale.net\/\",\"name\":\"La Diagonale\",\"description\":\"Le site des supporters de l&#039;AS Monaco FC\",\"potentialAction\":[{\"@type\":\"SearchAction\",\"target\":{\"@type\":\"EntryPoint\",\"urlTemplate\":\"https:\/\/www.ladiagonale.net\/?s={search_term_string}\"},\"query-input\":\"required name=search_term_string\"}],\"inLanguage\":\"fr-FR\"},{\"@type\":\"Person\",\"@id\":\"https:\/\/www.ladiagonale.net\/#\/schema\/person\/79ff1e7b0853ed01b2aa26e64ad300bf\",\"name\":\"Damien Dellerba\",\"image\":{\"@type\":\"ImageObject\",\"inLanguage\":\"fr-FR\",\"@id\":\"https:\/\/www.ladiagonale.net\/#\/schema\/person\/image\/\",\"url\":\"https:\/\/secure.gravatar.com\/avatar\/c7850e06d3ff63cdbaee88b7fc16e2f0?s=96&d=mm&r=g\",\"contentUrl\":\"https:\/\/secure.gravatar.com\/avatar\/c7850e06d3ff63cdbaee88b7fc16e2f0?s=96&d=mm&r=g\",\"caption\":\"Damien Dellerba\"},\"url\":\"https:\/\/www.ladiagonale.net\/index.php\/author\/damien\/\"}]}<\/script>\n<!-- \/ Yoast SEO plugin. -->","yoast_head_json":{"title":"Pogba serait touch\u00e9 \u00e0 une cheville - La Diagonale","robots":{"index":"index","follow":"follow","max-snippet":"max-snippet:-1","max-image-preview":"max-image-preview:large","max-video-preview":"max-video-preview:-1"},"canonical":"https:\/\/www.ladiagonale.net\/index.php\/2025\/10\/31\/pogba-serait-touche-a-une-cheville\/","og_locale":"fr_FR","og_type":"article","og_title":"Pogba serait touch\u00e9 \u00e0 une cheville - La Diagonale","og_description":"Alors que tous les \u00e9l\u00e9ments semblaient r\u00e9unis pour voir Paul Pogba dans le groupe de l\u2019AS Monaco ce samedi pour la premi\u00e8re fois, un nouveau contretemps pourrait freiner son retour. D\u2019apr\u00e8s Nice-Matin, le milieu de terrain de 32 ans aurait \u00e9t\u00e9 touch\u00e9 \u00e0 une cheville dans un duel \u00e0 l\u2019entra\u00eenement, lors de la s\u00e9ance de [...]","og_url":"https:\/\/www.ladiagonale.net\/index.php\/2025\/10\/31\/pogba-serait-touche-a-une-cheville\/","og_site_name":"La Diagonale","article_published_time":"2025-10-31T12:35:07+00:00","article_modified_time":"2025-10-31T12:35:21+00:00","og_image":[{"width":1160,"height":650,"url":"https:\/\/www.ladiagonale.net\/wp-content\/uploads\/2025\/07\/Pogba-luke.png","type":"image\/png"}],"author":"Damien Dellerba","twitter_card":"summary_large_image","twitter_image":"https:\/\/www.ladiagonale.net\/wp-content\/uploads\/2025\/07\/Pogba-luke.png","twitter_misc":{"\u00c9crit par":"Damien Dellerba","Dur\u00e9e de lecture estim\u00e9e":"1 minute"},"schema":{"@context":"https:\/\/schema.org","@graph":[{"@type":"WebPage","@id":"https:\/\/www.ladiagonale.net\/index.php\/2025\/10\/31\/pogba-serait-touche-a-une-cheville\/","url":"https:\/\/www.ladiagonale.net\/index.php\/2025\/10\/31\/pogba-serait-touche-a-une-cheville\/","name":"Pogba serait touch\u00e9 \u00e0 une cheville - La Diagonale","isPartOf":{"@id":"https:\/\/www.ladiagonale.net\/#website"},"datePublished":"2025-10-31T12:35:07+00:00","dateModified":"2025-10-31T12:35:21+00:00","author":{"@id":"https:\/\/www.ladiagonale.net\/#\/schema\/person\/79ff1e7b0853ed01b2aa26e64ad300bf"},"breadcrumb":{"@id":"https:\/\/www.ladiagonale.net\/index.php\/2025\/10\/31\/pogba-serait-touche-a-une-cheville\/#breadcrumb"},"inLanguage":"fr-FR","potentialAction":[{"@type":"ReadAction","target":["https:\/\/www.ladiagonale.net\/index.php\/2025\/10\/31\/pogba-serait-touche-a-une-cheville\/"]}]},{"@type":"BreadcrumbList","@id":"https:\/\/www.ladiagonale.net\/index.php\/2025\/10\/31\/pogba-serait-touche-a-une-cheville\/#breadcrumb","itemListElement":[{"@type":"ListItem","position":1,"name":"Accueil","item":"https:\/\/www.ladiagonale.net\/"},{"@type":"ListItem","position":2,"name":"Pogba serait touch\u00e9 \u00e0 une cheville"}]},{"@type":"WebSite","@id":"https:\/\/www.ladiagonale.net\/#website","url":"https:\/\/www.ladiagonale.net\/","name":"La Diagonale","description":"Le site des supporters de l&#039;AS Monaco FC","potentialAction":[{"@type":"SearchAction","target":{"@type":"EntryPoint","urlTemplate":"https:\/\/www.ladiagonale.net\/?s={search_term_string}"},"query-input":"required name=search_term_string"}],"inLanguage":"fr-FR"},{"@type":"Person","@id":"https:\/\/www.ladiagonale.net\/#\/schema\/person\/79ff1e7b0853ed01b2aa26e64ad300bf","name":"Damien Dellerba","image":{"@type":"ImageObject","inLanguage":"fr-FR","@id":"https:\/\/www.ladiagonale.net\/#\/schema\/person\/image\/","url":"https:\/\/secure.gravatar.com\/avatar\/c7850e06d3ff63cdbaee88b7fc16e2f0?s=96&d=mm&r=g","contentUrl":"https:\/\/secure.gravatar.com\/avatar\/c7850e06d3ff63cdbaee88b7fc16e2f0?s=96&d=mm&r=g","caption":"Damien Dellerba"},"url":"https:\/\/www.ladiagonale.net\/index.php\/author\/damien\/"}]}},"_links":{"self":[{"href":"https:\/\/www.ladiagonale.net\/index.php\/wp-json\/wp\/v2\/posts\/34946"}],"collection":[{"href":"https:\/\/www.ladiagonale.net\/index.php\/wp-json\/wp\/v2\/posts"}],"about":[{"href":"https:\/\/www.ladiagonale.net\/index.php\/wp-json\/wp\/v2\/types\/post"}],"author":[{"embeddable":true,"href":"https:\/\/www.ladiagonale.net\/index.php\/wp-json\/wp\/v2\/users\/2"}],"replies":[{"embeddable":true,"href":"https:\/\/www.ladiagonale.net\/index.php\/wp-json\/wp\/v2\/comments?post=34946"}],"version-history":[{"count":2,"href":"https:\/\/www.ladiagonale.net\/index.php\/wp-json\/wp\/v2\/posts\/34946\/revisions"}],"predecessor-version":[{"id":34948,"href":"https:\/\/www.ladiagonale.net\/index.php\/wp-json\/wp\/v2\/posts\/34946\/revisions\/34948"}],"wp:attachment":[{"href":"https:\/\/www.ladiagonale.net\/index.php\/wp-json\/wp\/v2\/media?parent=34946"}],"wp:term":[{"taxonomy":"category","embeddable":true,"href":"https:\/\/www.ladiagonale.net\/index.php\/wp-json\/wp\/v2\/categories?post=34946"},{"taxonomy":"post_tag","embeddable":true,"href":"https:\/\/www.ladiagonale.net\/index.php\/wp-json\/wp\/v2\/tags?post=34946"}],"curies":[{"name":"wp","href":"https:\/\/api.w.org\/{rel}","templated":true}]}}