{"id":34949,"date":"2025-10-31T18:21:15","date_gmt":"2025-10-31T17:21:15","guid":{"rendered":"https:\/\/www.ladiagonale.net\/?p=34949"},"modified":"2025-11-01T13:07:18","modified_gmt":"2025-11-01T12:07:18","slug":"pocognoli-confirme-le-forfait-de-pogba-jusqua-la-treve","status":"publish","type":"post","link":"https:\/\/www.ladiagonale.net\/index.php\/2025\/10\/31\/pocognoli-confirme-le-forfait-de-pogba-jusqua-la-treve\/","title":{"rendered":"Pocognoli confirme le forfait de Pogba jusqu&rsquo;\u00e0 la tr\u00eave"},"content":{"rendered":"\n<p>Le retour de Pogba est une fois de plus report\u00e9. Comme cela pouvait \u00eatre craint apr\u00e8s l\u2019annonce de sa blessure \u00e0 une cheville lors de l\u2019entra\u00eenement de mercredi, Paul Pogba ne pourra pas faire son retour ce week-end contre le Paris FC. Le milieu de terrain de l\u2019AS Monaco devrait \u00eatre absent pour deux semaines, ce qui reportera une \u00e9ventuelle premi\u00e8re apparition dans le groupe apr\u00e8s la tr\u00eave internationale de novembre. \u00ab <em>On attend confirmation du grade de la blessure mais oui, il sera absent. La cheville a tourn\u00e9 un peu. On doit attendre des examens compl\u00e9mentaires. <\/em>\u00bb<\/p>\n\n\n\n<p>Le technicien a tent\u00e9 de rester positif : \u00ab\u00a0<em>Bien s\u00fbr qu\u2019il a envie de rejouer, il \u00e9tait pr\u00eat, mais on est peut-\u00eatre dans une \u00e9ch\u00e9ance un petit peu retard\u00e9e. L\u2019objectif \u00e9tait qu\u2019il soit disponible sous encore un meilleur angle apr\u00e8s la tr\u00eave internationale, et j\u2019esp\u00e8re que l\u2019on restera encore dans ce sch\u00e9ma-l\u00e0<\/em>, a indiqu\u00e9 Pocognoli. <em>Malheureusement on est tous d\u00e9\u00e7us, mais on a un match \u00e0 jouer demain (samedi).\u00a0(\u2026) Il ne faut pas aller chercher plus loin, il faut \u00eatre patient. Et comme je dis, il faut attendre le verdict qui, je pense et je l\u2019esp\u00e8re, ne sera pas trop cons\u00e9quent.\u00a0<\/em>\u00bb<\/p>\n\n\n","protected":false},"excerpt":{"rendered":"<p>Le retour de Pogba est une fois de plus report\u00e9. Comme cela pouvait \u00eatre craint apr\u00e8s l\u2019annonce de sa blessure \u00e0 une cheville lors de l\u2019entra\u00eenement de mercredi, Paul Pogba ne pourra pas faire son retour ce week-end contre le Paris FC. Le milieu de terrain de l\u2019AS Monaco devrait \u00eatre absent pour deux semaines, [&#8230;]\n","protected":false},"author":2,"featured_media":0,"comment_status":"open","ping_status":"open","sticky":false,"template":"","format":"standard","meta":[],"categories":[4,6,1035],"tags":[86,196,1057,1140],"yoast_head":"<!-- This site is optimized with the Yoast SEO plugin v19.8 - https:\/\/yoast.com\/wordpress\/plugins\/seo\/ -->\n<title>Pocognoli confirme le forfait de Pogba jusqu&#039;\u00e0 la tr\u00eave - La Diagonale<\/title>\n<meta name=\"robots\" content=\"index, follow, max-snippet:-1, max-image-preview:large, max-video-preview:-1\" \/>\n<link rel=\"canonical\" href=\"https:\/\/www.ladiagonale.net\/index.php\/2025\/10\/31\/pocognoli-confirme-le-forfait-de-pogba-jusqua-la-treve\/\" \/>\n<meta property=\"og:locale\" content=\"fr_FR\" \/>\n<meta property=\"og:type\" content=\"article\" \/>\n<meta property=\"og:title\" content=\"Pocognoli confirme le forfait de Pogba jusqu&#039;\u00e0 la tr\u00eave - La Diagonale\" \/>\n<meta property=\"og:description\" content=\"Le retour de Pogba est une fois de plus report\u00e9. Comme cela pouvait \u00eatre craint apr\u00e8s l\u2019annonce de sa blessure \u00e0 une cheville lors de l\u2019entra\u00eenement de mercredi, Paul Pogba ne pourra pas faire son retour ce week-end contre le Paris FC. Le milieu de terrain de l\u2019AS Monaco devrait \u00eatre absent pour deux semaines, [...]\" \/>\n<meta property=\"og:url\" content=\"https:\/\/www.ladiagonale.net\/index.php\/2025\/10\/31\/pocognoli-confirme-le-forfait-de-pogba-jusqua-la-treve\/\" \/>\n<meta property=\"og:site_name\" content=\"La Diagonale\" \/>\n<meta property=\"article:published_time\" content=\"2025-10-31T17:21:15+00:00\" \/>\n<meta property=\"article:modified_time\" content=\"2025-11-01T12:07:18+00:00\" \/>\n<meta property=\"og:image\" content=\"https:\/\/www.ladiagonale.net\/wp-content\/uploads\/2025\/07\/Pogba-luke.png\" \/>\n\t<meta property=\"og:image:width\" content=\"1160\" \/>\n\t<meta property=\"og:image:height\" content=\"650\" \/>\n\t<meta property=\"og:image:type\" content=\"image\/png\" \/>\n<meta name=\"author\" content=\"Damien Dellerba\" \/>\n<meta name=\"twitter:card\" content=\"summary_large_image\" \/>\n<meta name=\"twitter:image\" content=\"https:\/\/www.ladiagonale.net\/wp-content\/uploads\/2025\/07\/Pogba-luke.png\" \/>\n<meta name=\"twitter:label1\" content=\"\u00c9crit par\" \/>\n\t<meta name=\"twitter:data1\" content=\"Damien Dellerba\" \/>\n\t<meta name=\"twitter:label2\" content=\"Dur\u00e9e de lecture estim\u00e9e\" \/>\n\t<meta name=\"twitter:data2\" content=\"2 minutes\" \/>\n<script type=\"application\/ld+json\" class=\"yoast-schema-graph\">{\"@context\":\"https:\/\/schema.org\",\"@graph\":[{\"@type\":\"WebPage\",\"@id\":\"https:\/\/www.ladiagonale.net\/index.php\/2025\/10\/31\/pocognoli-confirme-le-forfait-de-pogba-jusqua-la-treve\/\",\"url\":\"https:\/\/www.ladiagonale.net\/index.php\/2025\/10\/31\/pocognoli-confirme-le-forfait-de-pogba-jusqua-la-treve\/\",\"name\":\"Pocognoli confirme le forfait de Pogba jusqu'\u00e0 la tr\u00eave - La Diagonale\",\"isPartOf\":{\"@id\":\"https:\/\/www.ladiagonale.net\/#website\"},\"datePublished\":\"2025-10-31T17:21:15+00:00\",\"dateModified\":\"2025-11-01T12:07:18+00:00\",\"author\":{\"@id\":\"https:\/\/www.ladiagonale.net\/#\/schema\/person\/79ff1e7b0853ed01b2aa26e64ad300bf\"},\"breadcrumb\":{\"@id\":\"https:\/\/www.ladiagonale.net\/index.php\/2025\/10\/31\/pocognoli-confirme-le-forfait-de-pogba-jusqua-la-treve\/#breadcrumb\"},\"inLanguage\":\"fr-FR\",\"potentialAction\":[{\"@type\":\"ReadAction\",\"target\":[\"https:\/\/www.ladiagonale.net\/index.php\/2025\/10\/31\/pocognoli-confirme-le-forfait-de-pogba-jusqua-la-treve\/\"]}]},{\"@type\":\"BreadcrumbList\",\"@id\":\"https:\/\/www.ladiagonale.net\/index.php\/2025\/10\/31\/pocognoli-confirme-le-forfait-de-pogba-jusqua-la-treve\/#breadcrumb\",\"itemListElement\":[{\"@type\":\"ListItem\",\"position\":1,\"name\":\"Accueil\",\"item\":\"https:\/\/www.ladiagonale.net\/\"},{\"@type\":\"ListItem\",\"position\":2,\"name\":\"Pocognoli confirme le forfait de Pogba jusqu&rsquo;\u00e0 la tr\u00eave\"}]},{\"@type\":\"WebSite\",\"@id\":\"https:\/\/www.ladiagonale.net\/#website\",\"url\":\"https:\/\/www.ladiagonale.net\/\",\"name\":\"La Diagonale\",\"description\":\"Le site des supporters de l&#039;AS Monaco FC\",\"potentialAction\":[{\"@type\":\"SearchAction\",\"target\":{\"@type\":\"EntryPoint\",\"urlTemplate\":\"https:\/\/www.ladiagonale.net\/?s={search_term_string}\"},\"query-input\":\"required name=search_term_string\"}],\"inLanguage\":\"fr-FR\"},{\"@type\":\"Person\",\"@id\":\"https:\/\/www.ladiagonale.net\/#\/schema\/person\/79ff1e7b0853ed01b2aa26e64ad300bf\",\"name\":\"Damien Dellerba\",\"image\":{\"@type\":\"ImageObject\",\"inLanguage\":\"fr-FR\",\"@id\":\"https:\/\/www.ladiagonale.net\/#\/schema\/person\/image\/\",\"url\":\"https:\/\/secure.gravatar.com\/avatar\/c7850e06d3ff63cdbaee88b7fc16e2f0?s=96&d=mm&r=g\",\"contentUrl\":\"https:\/\/secure.gravatar.com\/avatar\/c7850e06d3ff63cdbaee88b7fc16e2f0?s=96&d=mm&r=g\",\"caption\":\"Damien Dellerba\"},\"url\":\"https:\/\/www.ladiagonale.net\/index.php\/author\/damien\/\"}]}<\/script>\n<!-- \/ Yoast SEO plugin. -->","yoast_head_json":{"title":"Pocognoli confirme le forfait de Pogba jusqu'\u00e0 la tr\u00eave - La Diagonale","robots":{"index":"index","follow":"follow","max-snippet":"max-snippet:-1","max-image-preview":"max-image-preview:large","max-video-preview":"max-video-preview:-1"},"canonical":"https:\/\/www.ladiagonale.net\/index.php\/2025\/10\/31\/pocognoli-confirme-le-forfait-de-pogba-jusqua-la-treve\/","og_locale":"fr_FR","og_type":"article","og_title":"Pocognoli confirme le forfait de Pogba jusqu'\u00e0 la tr\u00eave - La Diagonale","og_description":"Le retour de Pogba est une fois de plus report\u00e9. Comme cela pouvait \u00eatre craint apr\u00e8s l\u2019annonce de sa blessure \u00e0 une cheville lors de l\u2019entra\u00eenement de mercredi, Paul Pogba ne pourra pas faire son retour ce week-end contre le Paris FC. Le milieu de terrain de l\u2019AS Monaco devrait \u00eatre absent pour deux semaines, [...]","og_url":"https:\/\/www.ladiagonale.net\/index.php\/2025\/10\/31\/pocognoli-confirme-le-forfait-de-pogba-jusqua-la-treve\/","og_site_name":"La Diagonale","article_published_time":"2025-10-31T17:21:15+00:00","article_modified_time":"2025-11-01T12:07:18+00:00","og_image":[{"width":1160,"height":650,"url":"https:\/\/www.ladiagonale.net\/wp-content\/uploads\/2025\/07\/Pogba-luke.png","type":"image\/png"}],"author":"Damien Dellerba","twitter_card":"summary_large_image","twitter_image":"https:\/\/www.ladiagonale.net\/wp-content\/uploads\/2025\/07\/Pogba-luke.png","twitter_misc":{"\u00c9crit par":"Damien Dellerba","Dur\u00e9e de lecture estim\u00e9e":"2 minutes"},"schema":{"@context":"https:\/\/schema.org","@graph":[{"@type":"WebPage","@id":"https:\/\/www.ladiagonale.net\/index.php\/2025\/10\/31\/pocognoli-confirme-le-forfait-de-pogba-jusqua-la-treve\/","url":"https:\/\/www.ladiagonale.net\/index.php\/2025\/10\/31\/pocognoli-confirme-le-forfait-de-pogba-jusqua-la-treve\/","name":"Pocognoli confirme le forfait de Pogba jusqu'\u00e0 la tr\u00eave - La Diagonale","isPartOf":{"@id":"https:\/\/www.ladiagonale.net\/#website"},"datePublished":"2025-10-31T17:21:15+00:00","dateModified":"2025-11-01T12:07:18+00:00","author":{"@id":"https:\/\/www.ladiagonale.net\/#\/schema\/person\/79ff1e7b0853ed01b2aa26e64ad300bf"},"breadcrumb":{"@id":"https:\/\/www.ladiagonale.net\/index.php\/2025\/10\/31\/pocognoli-confirme-le-forfait-de-pogba-jusqua-la-treve\/#breadcrumb"},"inLanguage":"fr-FR","potentialAction":[{"@type":"ReadAction","target":["https:\/\/www.ladiagonale.net\/index.php\/2025\/10\/31\/pocognoli-confirme-le-forfait-de-pogba-jusqua-la-treve\/"]}]},{"@type":"BreadcrumbList","@id":"https:\/\/www.ladiagonale.net\/index.php\/2025\/10\/31\/pocognoli-confirme-le-forfait-de-pogba-jusqua-la-treve\/#breadcrumb","itemListElement":[{"@type":"ListItem","position":1,"name":"Accueil","item":"https:\/\/www.ladiagonale.net\/"},{"@type":"ListItem","position":2,"name":"Pocognoli confirme le forfait de Pogba jusqu&rsquo;\u00e0 la tr\u00eave"}]},{"@type":"WebSite","@id":"https:\/\/www.ladiagonale.net\/#website","url":"https:\/\/www.ladiagonale.net\/","name":"La Diagonale","description":"Le site des supporters de l&#039;AS Monaco FC","potentialAction":[{"@type":"SearchAction","target":{"@type":"EntryPoint","urlTemplate":"https:\/\/www.ladiagonale.net\/?s={search_term_string}"},"query-input":"required name=search_term_string"}],"inLanguage":"fr-FR"},{"@type":"Person","@id":"https:\/\/www.ladiagonale.net\/#\/schema\/person\/79ff1e7b0853ed01b2aa26e64ad300bf","name":"Damien Dellerba","image":{"@type":"ImageObject","inLanguage":"fr-FR","@id":"https:\/\/www.ladiagonale.net\/#\/schema\/person\/image\/","url":"https:\/\/secure.gravatar.com\/avatar\/c7850e06d3ff63cdbaee88b7fc16e2f0?s=96&d=mm&r=g","contentUrl":"https:\/\/secure.gravatar.com\/avatar\/c7850e06d3ff63cdbaee88b7fc16e2f0?s=96&d=mm&r=g","caption":"Damien Dellerba"},"url":"https:\/\/www.ladiagonale.net\/index.php\/author\/damien\/"}]}},"_links":{"self":[{"href":"https:\/\/www.ladiagonale.net\/index.php\/wp-json\/wp\/v2\/posts\/34949"}],"collection":[{"href":"https:\/\/www.ladiagonale.net\/index.php\/wp-json\/wp\/v2\/posts"}],"about":[{"href":"https:\/\/www.ladiagonale.net\/index.php\/wp-json\/wp\/v2\/types\/post"}],"author":[{"embeddable":true,"href":"https:\/\/www.ladiagonale.net\/index.php\/wp-json\/wp\/v2\/users\/2"}],"replies":[{"embeddable":true,"href":"https:\/\/www.ladiagonale.net\/index.php\/wp-json\/wp\/v2\/comments?post=34949"}],"version-history":[{"count":2,"href":"https:\/\/www.ladiagonale.net\/index.php\/wp-json\/wp\/v2\/posts\/34949\/revisions"}],"predecessor-version":[{"id":34957,"href":"https:\/\/www.ladiagonale.net\/index.php\/wp-json\/wp\/v2\/posts\/34949\/revisions\/34957"}],"wp:attachment":[{"href":"https:\/\/www.ladiagonale.net\/index.php\/wp-json\/wp\/v2\/media?parent=34949"}],"wp:term":[{"taxonomy":"category","embeddable":true,"href":"https:\/\/www.ladiagonale.net\/index.php\/wp-json\/wp\/v2\/categories?post=34949"},{"taxonomy":"post_tag","embeddable":true,"href":"https:\/\/www.ladiagonale.net\/index.php\/wp-json\/wp\/v2\/tags?post=34949"}],"curies":[{"name":"wp","href":"https:\/\/api.w.org\/{rel}","templated":true}]}}