{"id":34961,"date":"2025-11-01T15:44:37","date_gmt":"2025-11-01T14:44:37","guid":{"rendered":"https:\/\/www.ladiagonale.net\/?p=34961"},"modified":"2025-11-01T15:44:38","modified_gmt":"2025-11-01T14:44:38","slug":"ca-nous-fait-mal-coulibaly-sexprime-sur-le-forfait-de-pogba","status":"publish","type":"post","link":"https:\/\/www.ladiagonale.net\/index.php\/2025\/11\/01\/ca-nous-fait-mal-coulibaly-sexprime-sur-le-forfait-de-pogba\/","title":{"rendered":"\u00ab\u00a0\u00c7a nous fait mal\u00a0\u00bb : Coulibaly s\u2019exprime sur le forfait de Pogba"},"content":{"rendered":"\n\n\n<p>Cela fait 26 mois que Paul Pogba a disput\u00e9 son dernier match en comp\u00e9tition officielle, en septembre 2023. Le milieu de 32 ans aurait pu retrouver les terrains \u00e0 l\u2019occasion de la r\u00e9ception du Paris FC ce samedi, mais un nouveau contretemps est venu s\u2019immiscer dans ce retour tant attendu. Cette fois, c\u2019est \u00e0 cause d\u2019une cheville qui a tourn\u00e9 \u00e0 l\u2019entra\u00eenement que le champion du monde doit renoncer. \u00ab\u00a0<em>\u00c7a nous fait mal parce qu\u2019il fait pleinement partie de l\u2019effectif<\/em> \u00bb, a expliqu\u00e9 Mamadou Coulibaly en conf\u00e9rence de presse, vendredi.<\/p>\n\n\n\n<p>Le joueur de 21 ans, qui encha\u00eene depuis quelques semaines et profite donc de tous ces forfaits dans l\u2019entrejeu, aura encore l\u2019occasion de montrer sa valeur sur les terrains, m\u00eame s\u2019il ne se r\u00e9jouit par de l\u2019infortune qui touche son prestigieux co\u00e9quipier :\u00a0\u00ab\u00a0<em>Nous sommes forc\u00e9ment d\u00e9\u00e7us quand un joueur se blesse. Tout le monde est all\u00e9 le r\u00e9conforter car nous sommes une famille. Il faut toutefois rester concentr\u00e9s sur ce que l\u2019on doit faire, avec ou sans lui. Nous sommes tous avec Paul et on esp\u00e8re qu\u2019il reviendra bient\u00f4t.<\/em>\u00a0\u00bb<\/p>\n\n\n\n<h3>Pocognoli veut tirer Pogba \u00ab vers le positif \u00bb<\/h3>\n\n\n\n<p>M\u00eame si Pogba n\u2019est plus \u00e0 son meilleur niveau athl\u00e9tique, comme en 2018, il a impressionn\u00e9 Coulibaly par ses qualit\u00e9s footballistiques, mais pas seulement : \u00ab\u00a0<em>Nous avons une bonne relation parce que c\u2019est une personne avec qui j\u2019ai beaucoup parl\u00e9. Quand j\u2019ai commenc\u00e9 \u00e0 jouer, il m\u2019a conseill\u00e9 sur le football, la vie en dehors et sur la mani\u00e8re d\u2019aborder les choses. C\u2019est vraiment un grand fr\u00e8re et nous sommes contents de l\u2019avoir parmi nous. Il revient d\u2019une longue phase d\u2019arr\u00eat mais il fait encore des choses exceptionnelles.<\/em>\u00a0\u00bb<\/p>\n\n\n\n<p>L\u2019entra\u00eeneur S\u00e9bastien Pocognoli, qui avait d\u00e9j\u00e0 expliqu\u00e9 qu\u2019il ne faudrait <a href=\"https:\/\/www.ladiagonale.net\/index.php\/2025\/10\/28\/pocognoli-juger-pogba-comme-le-joueur-quil-est-maintenant\/\" target=\"_blank\" rel=\"noreferrer noopener\">pas juger Pogba par rapport au joueur qu\u2019il avait pu \u00eatre par le pass\u00e9<\/a>, indiquait vouloir tirer le positif de chaque situation, y compris avec l&rsquo;ancien de la Juventus et de Manchester United, et ce malgr\u00e9 cette accumulation de blessures qui repoussent d\u2019autant son retour \u00e0 la comp\u00e9tition : \u00ab\u00a0<em>J\u2019essaie de relativiser et d\u2019essayer de le tirer vers le positif, parce que \u00e7a fait tellement longtemps qu\u2019il attend ce retour<\/em>.\u00a0\u00bb Il n&rsquo;est visiblement pas le seul.<\/p>\n","protected":false},"excerpt":{"rendered":"<p>Cela fait 26 mois que Paul Pogba a disput\u00e9 son dernier match en comp\u00e9tition officielle, en septembre 2023. Le milieu de 32 ans aurait pu retrouver les terrains \u00e0 l\u2019occasion de la r\u00e9ception du Paris FC ce samedi, mais un nouveau contretemps est venu s\u2019immiscer dans ce retour tant attendu. Cette fois, c\u2019est \u00e0 cause [&#8230;]\n","protected":false},"author":2,"featured_media":0,"comment_status":"open","ping_status":"open","sticky":false,"template":"","format":"standard","meta":[],"categories":[6,1035],"tags":[86,196,459,1057,1140],"yoast_head":"<!-- This site is optimized with the Yoast SEO plugin v19.8 - https:\/\/yoast.com\/wordpress\/plugins\/seo\/ -->\n<title>\u00ab\u00a0\u00c7a nous fait mal\u00a0\u00bb : Coulibaly s\u2019exprime sur le forfait de Pogba - La Diagonale<\/title>\n<meta name=\"robots\" content=\"index, follow, max-snippet:-1, max-image-preview:large, max-video-preview:-1\" \/>\n<link rel=\"canonical\" href=\"https:\/\/www.ladiagonale.net\/index.php\/2025\/11\/01\/ca-nous-fait-mal-coulibaly-sexprime-sur-le-forfait-de-pogba\/\" \/>\n<meta property=\"og:locale\" content=\"fr_FR\" \/>\n<meta property=\"og:type\" content=\"article\" \/>\n<meta property=\"og:title\" content=\"\u00ab\u00a0\u00c7a nous fait mal\u00a0\u00bb : Coulibaly s\u2019exprime sur le forfait de Pogba - La Diagonale\" \/>\n<meta property=\"og:description\" content=\"Cela fait 26 mois que Paul Pogba a disput\u00e9 son dernier match en comp\u00e9tition officielle, en septembre 2023. Le milieu de 32 ans aurait pu retrouver les terrains \u00e0 l\u2019occasion de la r\u00e9ception du Paris FC ce samedi, mais un nouveau contretemps est venu s\u2019immiscer dans ce retour tant attendu. Cette fois, c\u2019est \u00e0 cause [...]\" \/>\n<meta property=\"og:url\" content=\"https:\/\/www.ladiagonale.net\/index.php\/2025\/11\/01\/ca-nous-fait-mal-coulibaly-sexprime-sur-le-forfait-de-pogba\/\" \/>\n<meta property=\"og:site_name\" content=\"La Diagonale\" \/>\n<meta property=\"article:published_time\" content=\"2025-11-01T14:44:37+00:00\" \/>\n<meta property=\"article:modified_time\" content=\"2025-11-01T14:44:38+00:00\" \/>\n<meta property=\"og:image\" content=\"https:\/\/www.ladiagonale.net\/wp-content\/uploads\/2025\/11\/Pogba-Coulibaly.png\" \/>\n\t<meta property=\"og:image:width\" content=\"1160\" \/>\n\t<meta property=\"og:image:height\" content=\"650\" \/>\n\t<meta property=\"og:image:type\" content=\"image\/png\" \/>\n<meta name=\"author\" content=\"Damien Dellerba\" \/>\n<meta name=\"twitter:card\" content=\"summary_large_image\" \/>\n<meta name=\"twitter:image\" content=\"https:\/\/www.ladiagonale.net\/wp-content\/uploads\/2025\/11\/Pogba-Coulibaly.png\" \/>\n<meta name=\"twitter:label1\" content=\"\u00c9crit par\" \/>\n\t<meta name=\"twitter:data1\" content=\"Damien Dellerba\" \/>\n\t<meta name=\"twitter:label2\" content=\"Dur\u00e9e de lecture estim\u00e9e\" \/>\n\t<meta name=\"twitter:data2\" content=\"2 minutes\" \/>\n<script type=\"application\/ld+json\" class=\"yoast-schema-graph\">{\"@context\":\"https:\/\/schema.org\",\"@graph\":[{\"@type\":\"WebPage\",\"@id\":\"https:\/\/www.ladiagonale.net\/index.php\/2025\/11\/01\/ca-nous-fait-mal-coulibaly-sexprime-sur-le-forfait-de-pogba\/\",\"url\":\"https:\/\/www.ladiagonale.net\/index.php\/2025\/11\/01\/ca-nous-fait-mal-coulibaly-sexprime-sur-le-forfait-de-pogba\/\",\"name\":\"\u00ab\u00a0\u00c7a nous fait mal\u00a0\u00bb : Coulibaly s\u2019exprime sur le forfait de Pogba - La Diagonale\",\"isPartOf\":{\"@id\":\"https:\/\/www.ladiagonale.net\/#website\"},\"datePublished\":\"2025-11-01T14:44:37+00:00\",\"dateModified\":\"2025-11-01T14:44:38+00:00\",\"author\":{\"@id\":\"https:\/\/www.ladiagonale.net\/#\/schema\/person\/79ff1e7b0853ed01b2aa26e64ad300bf\"},\"breadcrumb\":{\"@id\":\"https:\/\/www.ladiagonale.net\/index.php\/2025\/11\/01\/ca-nous-fait-mal-coulibaly-sexprime-sur-le-forfait-de-pogba\/#breadcrumb\"},\"inLanguage\":\"fr-FR\",\"potentialAction\":[{\"@type\":\"ReadAction\",\"target\":[\"https:\/\/www.ladiagonale.net\/index.php\/2025\/11\/01\/ca-nous-fait-mal-coulibaly-sexprime-sur-le-forfait-de-pogba\/\"]}]},{\"@type\":\"BreadcrumbList\",\"@id\":\"https:\/\/www.ladiagonale.net\/index.php\/2025\/11\/01\/ca-nous-fait-mal-coulibaly-sexprime-sur-le-forfait-de-pogba\/#breadcrumb\",\"itemListElement\":[{\"@type\":\"ListItem\",\"position\":1,\"name\":\"Accueil\",\"item\":\"https:\/\/www.ladiagonale.net\/\"},{\"@type\":\"ListItem\",\"position\":2,\"name\":\"\u00ab\u00a0\u00c7a nous fait mal\u00a0\u00bb : Coulibaly s\u2019exprime sur le forfait de Pogba\"}]},{\"@type\":\"WebSite\",\"@id\":\"https:\/\/www.ladiagonale.net\/#website\",\"url\":\"https:\/\/www.ladiagonale.net\/\",\"name\":\"La Diagonale\",\"description\":\"Le site des supporters de l&#039;AS Monaco FC\",\"potentialAction\":[{\"@type\":\"SearchAction\",\"target\":{\"@type\":\"EntryPoint\",\"urlTemplate\":\"https:\/\/www.ladiagonale.net\/?s={search_term_string}\"},\"query-input\":\"required name=search_term_string\"}],\"inLanguage\":\"fr-FR\"},{\"@type\":\"Person\",\"@id\":\"https:\/\/www.ladiagonale.net\/#\/schema\/person\/79ff1e7b0853ed01b2aa26e64ad300bf\",\"name\":\"Damien Dellerba\",\"image\":{\"@type\":\"ImageObject\",\"inLanguage\":\"fr-FR\",\"@id\":\"https:\/\/www.ladiagonale.net\/#\/schema\/person\/image\/\",\"url\":\"https:\/\/secure.gravatar.com\/avatar\/c7850e06d3ff63cdbaee88b7fc16e2f0?s=96&d=mm&r=g\",\"contentUrl\":\"https:\/\/secure.gravatar.com\/avatar\/c7850e06d3ff63cdbaee88b7fc16e2f0?s=96&d=mm&r=g\",\"caption\":\"Damien Dellerba\"},\"url\":\"https:\/\/www.ladiagonale.net\/index.php\/author\/damien\/\"}]}<\/script>\n<!-- \/ Yoast SEO plugin. -->","yoast_head_json":{"title":"\u00ab\u00a0\u00c7a nous fait mal\u00a0\u00bb : Coulibaly s\u2019exprime sur le forfait de Pogba - La Diagonale","robots":{"index":"index","follow":"follow","max-snippet":"max-snippet:-1","max-image-preview":"max-image-preview:large","max-video-preview":"max-video-preview:-1"},"canonical":"https:\/\/www.ladiagonale.net\/index.php\/2025\/11\/01\/ca-nous-fait-mal-coulibaly-sexprime-sur-le-forfait-de-pogba\/","og_locale":"fr_FR","og_type":"article","og_title":"\u00ab\u00a0\u00c7a nous fait mal\u00a0\u00bb : Coulibaly s\u2019exprime sur le forfait de Pogba - La Diagonale","og_description":"Cela fait 26 mois que Paul Pogba a disput\u00e9 son dernier match en comp\u00e9tition officielle, en septembre 2023. Le milieu de 32 ans aurait pu retrouver les terrains \u00e0 l\u2019occasion de la r\u00e9ception du Paris FC ce samedi, mais un nouveau contretemps est venu s\u2019immiscer dans ce retour tant attendu. Cette fois, c\u2019est \u00e0 cause [...]","og_url":"https:\/\/www.ladiagonale.net\/index.php\/2025\/11\/01\/ca-nous-fait-mal-coulibaly-sexprime-sur-le-forfait-de-pogba\/","og_site_name":"La Diagonale","article_published_time":"2025-11-01T14:44:37+00:00","article_modified_time":"2025-11-01T14:44:38+00:00","og_image":[{"width":1160,"height":650,"url":"https:\/\/www.ladiagonale.net\/wp-content\/uploads\/2025\/11\/Pogba-Coulibaly.png","type":"image\/png"}],"author":"Damien Dellerba","twitter_card":"summary_large_image","twitter_image":"https:\/\/www.ladiagonale.net\/wp-content\/uploads\/2025\/11\/Pogba-Coulibaly.png","twitter_misc":{"\u00c9crit par":"Damien Dellerba","Dur\u00e9e de lecture estim\u00e9e":"2 minutes"},"schema":{"@context":"https:\/\/schema.org","@graph":[{"@type":"WebPage","@id":"https:\/\/www.ladiagonale.net\/index.php\/2025\/11\/01\/ca-nous-fait-mal-coulibaly-sexprime-sur-le-forfait-de-pogba\/","url":"https:\/\/www.ladiagonale.net\/index.php\/2025\/11\/01\/ca-nous-fait-mal-coulibaly-sexprime-sur-le-forfait-de-pogba\/","name":"\u00ab\u00a0\u00c7a nous fait mal\u00a0\u00bb : Coulibaly s\u2019exprime sur le forfait de Pogba - La Diagonale","isPartOf":{"@id":"https:\/\/www.ladiagonale.net\/#website"},"datePublished":"2025-11-01T14:44:37+00:00","dateModified":"2025-11-01T14:44:38+00:00","author":{"@id":"https:\/\/www.ladiagonale.net\/#\/schema\/person\/79ff1e7b0853ed01b2aa26e64ad300bf"},"breadcrumb":{"@id":"https:\/\/www.ladiagonale.net\/index.php\/2025\/11\/01\/ca-nous-fait-mal-coulibaly-sexprime-sur-le-forfait-de-pogba\/#breadcrumb"},"inLanguage":"fr-FR","potentialAction":[{"@type":"ReadAction","target":["https:\/\/www.ladiagonale.net\/index.php\/2025\/11\/01\/ca-nous-fait-mal-coulibaly-sexprime-sur-le-forfait-de-pogba\/"]}]},{"@type":"BreadcrumbList","@id":"https:\/\/www.ladiagonale.net\/index.php\/2025\/11\/01\/ca-nous-fait-mal-coulibaly-sexprime-sur-le-forfait-de-pogba\/#breadcrumb","itemListElement":[{"@type":"ListItem","position":1,"name":"Accueil","item":"https:\/\/www.ladiagonale.net\/"},{"@type":"ListItem","position":2,"name":"\u00ab\u00a0\u00c7a nous fait mal\u00a0\u00bb : Coulibaly s\u2019exprime sur le forfait de Pogba"}]},{"@type":"WebSite","@id":"https:\/\/www.ladiagonale.net\/#website","url":"https:\/\/www.ladiagonale.net\/","name":"La Diagonale","description":"Le site des supporters de l&#039;AS Monaco FC","potentialAction":[{"@type":"SearchAction","target":{"@type":"EntryPoint","urlTemplate":"https:\/\/www.ladiagonale.net\/?s={search_term_string}"},"query-input":"required name=search_term_string"}],"inLanguage":"fr-FR"},{"@type":"Person","@id":"https:\/\/www.ladiagonale.net\/#\/schema\/person\/79ff1e7b0853ed01b2aa26e64ad300bf","name":"Damien Dellerba","image":{"@type":"ImageObject","inLanguage":"fr-FR","@id":"https:\/\/www.ladiagonale.net\/#\/schema\/person\/image\/","url":"https:\/\/secure.gravatar.com\/avatar\/c7850e06d3ff63cdbaee88b7fc16e2f0?s=96&d=mm&r=g","contentUrl":"https:\/\/secure.gravatar.com\/avatar\/c7850e06d3ff63cdbaee88b7fc16e2f0?s=96&d=mm&r=g","caption":"Damien Dellerba"},"url":"https:\/\/www.ladiagonale.net\/index.php\/author\/damien\/"}]}},"_links":{"self":[{"href":"https:\/\/www.ladiagonale.net\/index.php\/wp-json\/wp\/v2\/posts\/34961"}],"collection":[{"href":"https:\/\/www.ladiagonale.net\/index.php\/wp-json\/wp\/v2\/posts"}],"about":[{"href":"https:\/\/www.ladiagonale.net\/index.php\/wp-json\/wp\/v2\/types\/post"}],"author":[{"embeddable":true,"href":"https:\/\/www.ladiagonale.net\/index.php\/wp-json\/wp\/v2\/users\/2"}],"replies":[{"embeddable":true,"href":"https:\/\/www.ladiagonale.net\/index.php\/wp-json\/wp\/v2\/comments?post=34961"}],"version-history":[{"count":1,"href":"https:\/\/www.ladiagonale.net\/index.php\/wp-json\/wp\/v2\/posts\/34961\/revisions"}],"predecessor-version":[{"id":34963,"href":"https:\/\/www.ladiagonale.net\/index.php\/wp-json\/wp\/v2\/posts\/34961\/revisions\/34963"}],"wp:attachment":[{"href":"https:\/\/www.ladiagonale.net\/index.php\/wp-json\/wp\/v2\/media?parent=34961"}],"wp:term":[{"taxonomy":"category","embeddable":true,"href":"https:\/\/www.ladiagonale.net\/index.php\/wp-json\/wp\/v2\/categories?post=34961"},{"taxonomy":"post_tag","embeddable":true,"href":"https:\/\/www.ladiagonale.net\/index.php\/wp-json\/wp\/v2\/tags?post=34961"}],"curies":[{"name":"wp","href":"https:\/\/api.w.org\/{rel}","templated":true}]}}