{"id":34965,"date":"2025-11-01T18:15:46","date_gmt":"2025-11-01T17:15:46","guid":{"rendered":"https:\/\/www.ladiagonale.net\/?p=34965"},"modified":"2025-11-01T18:15:47","modified_gmt":"2025-11-01T17:15:47","slug":"les-compositions-biereth-titulaire-2","status":"publish","type":"post","link":"https:\/\/www.ladiagonale.net\/index.php\/2025\/11\/01\/les-compositions-biereth-titulaire-2\/","title":{"rendered":"Les compositions : Biereth titulaire"},"content":{"rendered":"\n<p>Du changement en attaque. Apr\u00e8s avoir titularis\u00e9 Folarin Balogun lors des trois derni\u00e8res rencontres, S\u00e9bastien Pocognoli a op\u00e9r\u00e9 un changement, avec la titularisation de Mika Biereth.<\/p>\n\n\n\n<p>Pour le reste, peu de nouveaut\u00e9s, si ce n\u2019est Aleksandr Golovin qui remplace Takumi Minamino et Caio Henrique qui revient dans la d\u00e9fense \u00e0 trois.<\/p>\n\n\n\n<p><strong>AS Monaco (3-4-2-1) :<\/strong> K\u00f6hn &#8211; Kehrer (cap.), Salisu, C. Henrique &#8211; Diatta, Teze, Coulibaly, Ouattara &#8211; Akliouche, Golovin &#8211; Biereth.<\/p>\n\n\n\n<p><em>Rempla\u00e7ants :<\/em> Lienard (g.), Kiwa, Cabral, Minamino, Idumbo, Fati, Balogun, Ilenikhena, Michal.<\/p>\n\n\n\n<p><strong>Paris FC (4-3-3) :<\/strong> Trapp &#8211; Chergui, Mbow, Otavio, Olilla &#8211; Camara, Lees-Melou, M. Lopez (cap.) &#8211; Kebbal, Krasso, Simon.<\/p>\n\n\n\n<p><em>Rempla\u00e7ants : <\/em>Nkambadio (g.), Prouchet, Kolodziejczak, Doucet, J. Lopez, Cafaro, Dicko, Geubbels, Hamel.<\/p>\n","protected":false},"excerpt":{"rendered":"<p>Du changement en attaque. Apr\u00e8s avoir titularis\u00e9 Folarin Balogun lors des trois derni\u00e8res rencontres, S\u00e9bastien Pocognoli a op\u00e9r\u00e9 un changement, avec la titularisation de Mika Biereth. Pour le reste, peu de nouveaut\u00e9s, si ce n\u2019est Aleksandr Golovin qui remplace Takumi Minamino et Caio Henrique qui revient dans la d\u00e9fense \u00e0 trois. AS Monaco (3-4-2-1) : [&#8230;]\n","protected":false},"author":2,"featured_media":0,"comment_status":"closed","ping_status":"open","sticky":false,"template":"","format":"standard","meta":[],"categories":[4,6],"tags":[86,213,94,1148],"yoast_head":"<!-- This site is optimized with the Yoast SEO plugin v19.8 - https:\/\/yoast.com\/wordpress\/plugins\/seo\/ -->\n<title>Les compositions : Biereth titulaire - La Diagonale<\/title>\n<meta name=\"robots\" content=\"index, follow, max-snippet:-1, max-image-preview:large, max-video-preview:-1\" \/>\n<link rel=\"canonical\" href=\"https:\/\/www.ladiagonale.net\/index.php\/2025\/11\/01\/les-compositions-biereth-titulaire-2\/\" \/>\n<meta property=\"og:locale\" content=\"fr_FR\" \/>\n<meta property=\"og:type\" content=\"article\" \/>\n<meta property=\"og:title\" content=\"Les compositions : Biereth titulaire - La Diagonale\" \/>\n<meta property=\"og:description\" content=\"Du changement en attaque. Apr\u00e8s avoir titularis\u00e9 Folarin Balogun lors des trois derni\u00e8res rencontres, S\u00e9bastien Pocognoli a op\u00e9r\u00e9 un changement, avec la titularisation de Mika Biereth. Pour le reste, peu de nouveaut\u00e9s, si ce n\u2019est Aleksandr Golovin qui remplace Takumi Minamino et Caio Henrique qui revient dans la d\u00e9fense \u00e0 trois. AS Monaco (3-4-2-1) : [...]\" \/>\n<meta property=\"og:url\" content=\"https:\/\/www.ladiagonale.net\/index.php\/2025\/11\/01\/les-compositions-biereth-titulaire-2\/\" \/>\n<meta property=\"og:site_name\" content=\"La Diagonale\" \/>\n<meta property=\"article:published_time\" content=\"2025-11-01T17:15:46+00:00\" \/>\n<meta property=\"article:modified_time\" content=\"2025-11-01T17:15:47+00:00\" \/>\n<meta property=\"og:image\" content=\"https:\/\/www.ladiagonale.net\/wp-content\/uploads\/2025\/09\/Biereth-metz.png\" \/>\n\t<meta property=\"og:image:width\" content=\"1160\" \/>\n\t<meta property=\"og:image:height\" content=\"650\" \/>\n\t<meta property=\"og:image:type\" content=\"image\/png\" \/>\n<meta name=\"author\" content=\"Damien Dellerba\" \/>\n<meta name=\"twitter:card\" content=\"summary_large_image\" \/>\n<meta name=\"twitter:image\" content=\"https:\/\/www.ladiagonale.net\/wp-content\/uploads\/2025\/09\/Biereth-metz.png\" \/>\n<meta name=\"twitter:label1\" content=\"\u00c9crit par\" \/>\n\t<meta name=\"twitter:data1\" content=\"Damien Dellerba\" \/>\n\t<meta name=\"twitter:label2\" content=\"Dur\u00e9e de lecture estim\u00e9e\" \/>\n\t<meta name=\"twitter:data2\" content=\"1 minute\" \/>\n<script type=\"application\/ld+json\" class=\"yoast-schema-graph\">{\"@context\":\"https:\/\/schema.org\",\"@graph\":[{\"@type\":\"WebPage\",\"@id\":\"https:\/\/www.ladiagonale.net\/index.php\/2025\/11\/01\/les-compositions-biereth-titulaire-2\/\",\"url\":\"https:\/\/www.ladiagonale.net\/index.php\/2025\/11\/01\/les-compositions-biereth-titulaire-2\/\",\"name\":\"Les compositions : Biereth titulaire - La Diagonale\",\"isPartOf\":{\"@id\":\"https:\/\/www.ladiagonale.net\/#website\"},\"datePublished\":\"2025-11-01T17:15:46+00:00\",\"dateModified\":\"2025-11-01T17:15:47+00:00\",\"author\":{\"@id\":\"https:\/\/www.ladiagonale.net\/#\/schema\/person\/79ff1e7b0853ed01b2aa26e64ad300bf\"},\"breadcrumb\":{\"@id\":\"https:\/\/www.ladiagonale.net\/index.php\/2025\/11\/01\/les-compositions-biereth-titulaire-2\/#breadcrumb\"},\"inLanguage\":\"fr-FR\",\"potentialAction\":[{\"@type\":\"ReadAction\",\"target\":[\"https:\/\/www.ladiagonale.net\/index.php\/2025\/11\/01\/les-compositions-biereth-titulaire-2\/\"]}]},{\"@type\":\"BreadcrumbList\",\"@id\":\"https:\/\/www.ladiagonale.net\/index.php\/2025\/11\/01\/les-compositions-biereth-titulaire-2\/#breadcrumb\",\"itemListElement\":[{\"@type\":\"ListItem\",\"position\":1,\"name\":\"Accueil\",\"item\":\"https:\/\/www.ladiagonale.net\/\"},{\"@type\":\"ListItem\",\"position\":2,\"name\":\"Les compositions : Biereth titulaire\"}]},{\"@type\":\"WebSite\",\"@id\":\"https:\/\/www.ladiagonale.net\/#website\",\"url\":\"https:\/\/www.ladiagonale.net\/\",\"name\":\"La Diagonale\",\"description\":\"Le site des supporters de l&#039;AS Monaco FC\",\"potentialAction\":[{\"@type\":\"SearchAction\",\"target\":{\"@type\":\"EntryPoint\",\"urlTemplate\":\"https:\/\/www.ladiagonale.net\/?s={search_term_string}\"},\"query-input\":\"required name=search_term_string\"}],\"inLanguage\":\"fr-FR\"},{\"@type\":\"Person\",\"@id\":\"https:\/\/www.ladiagonale.net\/#\/schema\/person\/79ff1e7b0853ed01b2aa26e64ad300bf\",\"name\":\"Damien Dellerba\",\"image\":{\"@type\":\"ImageObject\",\"inLanguage\":\"fr-FR\",\"@id\":\"https:\/\/www.ladiagonale.net\/#\/schema\/person\/image\/\",\"url\":\"https:\/\/secure.gravatar.com\/avatar\/c7850e06d3ff63cdbaee88b7fc16e2f0?s=96&d=mm&r=g\",\"contentUrl\":\"https:\/\/secure.gravatar.com\/avatar\/c7850e06d3ff63cdbaee88b7fc16e2f0?s=96&d=mm&r=g\",\"caption\":\"Damien Dellerba\"},\"url\":\"https:\/\/www.ladiagonale.net\/index.php\/author\/damien\/\"}]}<\/script>\n<!-- \/ Yoast SEO plugin. -->","yoast_head_json":{"title":"Les compositions : Biereth titulaire - La Diagonale","robots":{"index":"index","follow":"follow","max-snippet":"max-snippet:-1","max-image-preview":"max-image-preview:large","max-video-preview":"max-video-preview:-1"},"canonical":"https:\/\/www.ladiagonale.net\/index.php\/2025\/11\/01\/les-compositions-biereth-titulaire-2\/","og_locale":"fr_FR","og_type":"article","og_title":"Les compositions : Biereth titulaire - La Diagonale","og_description":"Du changement en attaque. Apr\u00e8s avoir titularis\u00e9 Folarin Balogun lors des trois derni\u00e8res rencontres, S\u00e9bastien Pocognoli a op\u00e9r\u00e9 un changement, avec la titularisation de Mika Biereth. Pour le reste, peu de nouveaut\u00e9s, si ce n\u2019est Aleksandr Golovin qui remplace Takumi Minamino et Caio Henrique qui revient dans la d\u00e9fense \u00e0 trois. AS Monaco (3-4-2-1) : [...]","og_url":"https:\/\/www.ladiagonale.net\/index.php\/2025\/11\/01\/les-compositions-biereth-titulaire-2\/","og_site_name":"La Diagonale","article_published_time":"2025-11-01T17:15:46+00:00","article_modified_time":"2025-11-01T17:15:47+00:00","og_image":[{"width":1160,"height":650,"url":"https:\/\/www.ladiagonale.net\/wp-content\/uploads\/2025\/09\/Biereth-metz.png","type":"image\/png"}],"author":"Damien Dellerba","twitter_card":"summary_large_image","twitter_image":"https:\/\/www.ladiagonale.net\/wp-content\/uploads\/2025\/09\/Biereth-metz.png","twitter_misc":{"\u00c9crit par":"Damien Dellerba","Dur\u00e9e de lecture estim\u00e9e":"1 minute"},"schema":{"@context":"https:\/\/schema.org","@graph":[{"@type":"WebPage","@id":"https:\/\/www.ladiagonale.net\/index.php\/2025\/11\/01\/les-compositions-biereth-titulaire-2\/","url":"https:\/\/www.ladiagonale.net\/index.php\/2025\/11\/01\/les-compositions-biereth-titulaire-2\/","name":"Les compositions : Biereth titulaire - La Diagonale","isPartOf":{"@id":"https:\/\/www.ladiagonale.net\/#website"},"datePublished":"2025-11-01T17:15:46+00:00","dateModified":"2025-11-01T17:15:47+00:00","author":{"@id":"https:\/\/www.ladiagonale.net\/#\/schema\/person\/79ff1e7b0853ed01b2aa26e64ad300bf"},"breadcrumb":{"@id":"https:\/\/www.ladiagonale.net\/index.php\/2025\/11\/01\/les-compositions-biereth-titulaire-2\/#breadcrumb"},"inLanguage":"fr-FR","potentialAction":[{"@type":"ReadAction","target":["https:\/\/www.ladiagonale.net\/index.php\/2025\/11\/01\/les-compositions-biereth-titulaire-2\/"]}]},{"@type":"BreadcrumbList","@id":"https:\/\/www.ladiagonale.net\/index.php\/2025\/11\/01\/les-compositions-biereth-titulaire-2\/#breadcrumb","itemListElement":[{"@type":"ListItem","position":1,"name":"Accueil","item":"https:\/\/www.ladiagonale.net\/"},{"@type":"ListItem","position":2,"name":"Les compositions : Biereth titulaire"}]},{"@type":"WebSite","@id":"https:\/\/www.ladiagonale.net\/#website","url":"https:\/\/www.ladiagonale.net\/","name":"La Diagonale","description":"Le site des supporters de l&#039;AS Monaco FC","potentialAction":[{"@type":"SearchAction","target":{"@type":"EntryPoint","urlTemplate":"https:\/\/www.ladiagonale.net\/?s={search_term_string}"},"query-input":"required name=search_term_string"}],"inLanguage":"fr-FR"},{"@type":"Person","@id":"https:\/\/www.ladiagonale.net\/#\/schema\/person\/79ff1e7b0853ed01b2aa26e64ad300bf","name":"Damien Dellerba","image":{"@type":"ImageObject","inLanguage":"fr-FR","@id":"https:\/\/www.ladiagonale.net\/#\/schema\/person\/image\/","url":"https:\/\/secure.gravatar.com\/avatar\/c7850e06d3ff63cdbaee88b7fc16e2f0?s=96&d=mm&r=g","contentUrl":"https:\/\/secure.gravatar.com\/avatar\/c7850e06d3ff63cdbaee88b7fc16e2f0?s=96&d=mm&r=g","caption":"Damien Dellerba"},"url":"https:\/\/www.ladiagonale.net\/index.php\/author\/damien\/"}]}},"_links":{"self":[{"href":"https:\/\/www.ladiagonale.net\/index.php\/wp-json\/wp\/v2\/posts\/34965"}],"collection":[{"href":"https:\/\/www.ladiagonale.net\/index.php\/wp-json\/wp\/v2\/posts"}],"about":[{"href":"https:\/\/www.ladiagonale.net\/index.php\/wp-json\/wp\/v2\/types\/post"}],"author":[{"embeddable":true,"href":"https:\/\/www.ladiagonale.net\/index.php\/wp-json\/wp\/v2\/users\/2"}],"replies":[{"embeddable":true,"href":"https:\/\/www.ladiagonale.net\/index.php\/wp-json\/wp\/v2\/comments?post=34965"}],"version-history":[{"count":4,"href":"https:\/\/www.ladiagonale.net\/index.php\/wp-json\/wp\/v2\/posts\/34965\/revisions"}],"predecessor-version":[{"id":34969,"href":"https:\/\/www.ladiagonale.net\/index.php\/wp-json\/wp\/v2\/posts\/34965\/revisions\/34969"}],"wp:attachment":[{"href":"https:\/\/www.ladiagonale.net\/index.php\/wp-json\/wp\/v2\/media?parent=34965"}],"wp:term":[{"taxonomy":"category","embeddable":true,"href":"https:\/\/www.ladiagonale.net\/index.php\/wp-json\/wp\/v2\/categories?post=34965"},{"taxonomy":"post_tag","embeddable":true,"href":"https:\/\/www.ladiagonale.net\/index.php\/wp-json\/wp\/v2\/tags?post=34965"}],"curies":[{"name":"wp","href":"https:\/\/api.w.org\/{rel}","templated":true}]}}