{"id":34971,"date":"2025-11-01T21:03:36","date_gmt":"2025-11-01T20:03:36","guid":{"rendered":"https:\/\/www.ladiagonale.net\/?p=34971"},"modified":"2025-11-02T12:03:40","modified_gmt":"2025-11-02T11:03:40","slug":"monaco-chute-face-au-promu-parisien-0-1","status":"publish","type":"post","link":"https:\/\/www.ladiagonale.net\/index.php\/2025\/11\/01\/monaco-chute-face-au-promu-parisien-0-1\/","title":{"rendered":"Monaco chute face au promu parisien (0-1)"},"content":{"rendered":"\n<p><strong>L\u2019AS Monaco a conc\u00e9d\u00e9 sa premi\u00e8re d\u00e9faite avec S\u00e9bastien Pocognoli contre le Paris FC (0-1), lors de la 11e journ\u00e9e de championnat. Une d\u00e9faite qui marque aussi la fin de l&rsquo;invincibilit\u00e9 mon\u00e9gasque \u00e0 domicile en 2025.<\/strong><\/p>\n\n\n\n<p>Apr\u00e8s le festival offensif face \u00e0 Nantes, la rencontre face au Paris FC \u00e9tait bien plus proche de celle contre Toulouse. \u00c0 ceci pr\u00e8s que les Mon\u00e9gasques n\u2019ont pas r\u00e9ussi \u00e0 s\u2019imposer, ni m\u00eame \u00e0 marquer face au promu. Pire, ils se sont m\u00eame fait surprendre par un but de Moses Simon peu apr\u00e8s le retour des vestiaires (53e).<\/p>\n\n\n\n<p>Si les joueurs de S\u00e9bastien Pocognoli ont \u00e9t\u00e9 plus vifs lors du premier acte, ils ont \u00e9t\u00e9 anormalement amorphes lors du second, et ne se sont procur\u00e9 qu\u2019une seule occasion, par Akliouche (58e). Malgr\u00e9 l\u2019ouverture du score parisienne et les changements effectu\u00e9s tr\u00e8s t\u00f4t dans la rencontre, les Rouge et Blanc n\u2019ont affich\u00e9 aucun sentiment de r\u00e9volte pour tenter d\u2019aller gagner cette rencontre.<\/p>\n\n\n\n<p>Au classement, les Mon\u00e9gasques conc\u00e8dent trois points par rapport \u00e0 Paris qui a battu Nice. Marseille, qui affronte Auxerre samedi soir, peut reprendre la seconde place. L&rsquo;ASM devra rapidement se remobiliser avant son d\u00e9placement \u00e0 Bod\u00f6\/Glimt, en Ligue des champions mardi.<\/p>\n\n\n\n\n\n<p><\/p>\n","protected":false},"excerpt":{"rendered":"<p>L\u2019AS Monaco a conc\u00e9d\u00e9 sa premi\u00e8re d\u00e9faite avec S\u00e9bastien Pocognoli contre le Paris FC (0-1), lors de la 11e journ\u00e9e de championnat. Une d\u00e9faite qui marque aussi la fin de l&rsquo;invincibilit\u00e9 mon\u00e9gasque \u00e0 domicile en 2025. Apr\u00e8s le festival offensif face \u00e0 Nantes, la rencontre face au Paris FC \u00e9tait bien plus proche de celle [&#8230;]\n","protected":false},"author":2,"featured_media":34972,"comment_status":"open","ping_status":"open","sticky":false,"template":"","format":"standard","meta":[],"categories":[5,6,1000],"tags":[86,94,1148],"yoast_head":"<!-- This site is optimized with the Yoast SEO plugin v19.8 - https:\/\/yoast.com\/wordpress\/plugins\/seo\/ -->\n<title>Monaco chute face au promu parisien (0-1) - La Diagonale<\/title>\n<meta name=\"robots\" content=\"index, follow, max-snippet:-1, max-image-preview:large, max-video-preview:-1\" \/>\n<link rel=\"canonical\" href=\"https:\/\/www.ladiagonale.net\/index.php\/2025\/11\/01\/monaco-chute-face-au-promu-parisien-0-1\/\" \/>\n<meta property=\"og:locale\" content=\"fr_FR\" \/>\n<meta property=\"og:type\" content=\"article\" \/>\n<meta property=\"og:title\" content=\"Monaco chute face au promu parisien (0-1) - La Diagonale\" \/>\n<meta property=\"og:description\" content=\"L\u2019AS Monaco a conc\u00e9d\u00e9 sa premi\u00e8re d\u00e9faite avec S\u00e9bastien Pocognoli contre le Paris FC (0-1), lors de la 11e journ\u00e9e de championnat. Une d\u00e9faite qui marque aussi la fin de l&rsquo;invincibilit\u00e9 mon\u00e9gasque \u00e0 domicile en 2025. Apr\u00e8s le festival offensif face \u00e0 Nantes, la rencontre face au Paris FC \u00e9tait bien plus proche de celle [...]\" \/>\n<meta property=\"og:url\" content=\"https:\/\/www.ladiagonale.net\/index.php\/2025\/11\/01\/monaco-chute-face-au-promu-parisien-0-1\/\" \/>\n<meta property=\"og:site_name\" content=\"La Diagonale\" \/>\n<meta property=\"article:published_time\" content=\"2025-11-01T20:03:36+00:00\" \/>\n<meta property=\"article:modified_time\" content=\"2025-11-02T11:03:40+00:00\" \/>\n<meta property=\"og:image\" content=\"https:\/\/www.ladiagonale.net\/wp-content\/uploads\/2025\/11\/Akliouche-PFC.png\" \/>\n\t<meta property=\"og:image:width\" content=\"1160\" \/>\n\t<meta property=\"og:image:height\" content=\"650\" \/>\n\t<meta property=\"og:image:type\" content=\"image\/png\" \/>\n<meta name=\"author\" content=\"Damien Dellerba\" \/>\n<meta name=\"twitter:card\" content=\"summary_large_image\" \/>\n<meta name=\"twitter:image\" content=\"https:\/\/www.ladiagonale.net\/wp-content\/uploads\/2025\/11\/Akliouche-PFC.png\" \/>\n<meta name=\"twitter:label1\" content=\"\u00c9crit par\" \/>\n\t<meta name=\"twitter:data1\" content=\"Damien Dellerba\" \/>\n\t<meta name=\"twitter:label2\" content=\"Dur\u00e9e de lecture estim\u00e9e\" \/>\n\t<meta name=\"twitter:data2\" content=\"2 minutes\" \/>\n<script type=\"application\/ld+json\" class=\"yoast-schema-graph\">{\"@context\":\"https:\/\/schema.org\",\"@graph\":[{\"@type\":\"WebPage\",\"@id\":\"https:\/\/www.ladiagonale.net\/index.php\/2025\/11\/01\/monaco-chute-face-au-promu-parisien-0-1\/\",\"url\":\"https:\/\/www.ladiagonale.net\/index.php\/2025\/11\/01\/monaco-chute-face-au-promu-parisien-0-1\/\",\"name\":\"Monaco chute face au promu parisien (0-1) - La Diagonale\",\"isPartOf\":{\"@id\":\"https:\/\/www.ladiagonale.net\/#website\"},\"datePublished\":\"2025-11-01T20:03:36+00:00\",\"dateModified\":\"2025-11-02T11:03:40+00:00\",\"author\":{\"@id\":\"https:\/\/www.ladiagonale.net\/#\/schema\/person\/79ff1e7b0853ed01b2aa26e64ad300bf\"},\"breadcrumb\":{\"@id\":\"https:\/\/www.ladiagonale.net\/index.php\/2025\/11\/01\/monaco-chute-face-au-promu-parisien-0-1\/#breadcrumb\"},\"inLanguage\":\"fr-FR\",\"potentialAction\":[{\"@type\":\"ReadAction\",\"target\":[\"https:\/\/www.ladiagonale.net\/index.php\/2025\/11\/01\/monaco-chute-face-au-promu-parisien-0-1\/\"]}]},{\"@type\":\"BreadcrumbList\",\"@id\":\"https:\/\/www.ladiagonale.net\/index.php\/2025\/11\/01\/monaco-chute-face-au-promu-parisien-0-1\/#breadcrumb\",\"itemListElement\":[{\"@type\":\"ListItem\",\"position\":1,\"name\":\"Accueil\",\"item\":\"https:\/\/www.ladiagonale.net\/\"},{\"@type\":\"ListItem\",\"position\":2,\"name\":\"Monaco chute face au promu parisien (0-1)\"}]},{\"@type\":\"WebSite\",\"@id\":\"https:\/\/www.ladiagonale.net\/#website\",\"url\":\"https:\/\/www.ladiagonale.net\/\",\"name\":\"La Diagonale\",\"description\":\"Le site des supporters de l&#039;AS Monaco FC\",\"potentialAction\":[{\"@type\":\"SearchAction\",\"target\":{\"@type\":\"EntryPoint\",\"urlTemplate\":\"https:\/\/www.ladiagonale.net\/?s={search_term_string}\"},\"query-input\":\"required name=search_term_string\"}],\"inLanguage\":\"fr-FR\"},{\"@type\":\"Person\",\"@id\":\"https:\/\/www.ladiagonale.net\/#\/schema\/person\/79ff1e7b0853ed01b2aa26e64ad300bf\",\"name\":\"Damien Dellerba\",\"image\":{\"@type\":\"ImageObject\",\"inLanguage\":\"fr-FR\",\"@id\":\"https:\/\/www.ladiagonale.net\/#\/schema\/person\/image\/\",\"url\":\"https:\/\/secure.gravatar.com\/avatar\/c7850e06d3ff63cdbaee88b7fc16e2f0?s=96&d=mm&r=g\",\"contentUrl\":\"https:\/\/secure.gravatar.com\/avatar\/c7850e06d3ff63cdbaee88b7fc16e2f0?s=96&d=mm&r=g\",\"caption\":\"Damien Dellerba\"},\"url\":\"https:\/\/www.ladiagonale.net\/index.php\/author\/damien\/\"}]}<\/script>\n<!-- \/ Yoast SEO plugin. -->","yoast_head_json":{"title":"Monaco chute face au promu parisien (0-1) - La Diagonale","robots":{"index":"index","follow":"follow","max-snippet":"max-snippet:-1","max-image-preview":"max-image-preview:large","max-video-preview":"max-video-preview:-1"},"canonical":"https:\/\/www.ladiagonale.net\/index.php\/2025\/11\/01\/monaco-chute-face-au-promu-parisien-0-1\/","og_locale":"fr_FR","og_type":"article","og_title":"Monaco chute face au promu parisien (0-1) - La Diagonale","og_description":"L\u2019AS Monaco a conc\u00e9d\u00e9 sa premi\u00e8re d\u00e9faite avec S\u00e9bastien Pocognoli contre le Paris FC (0-1), lors de la 11e journ\u00e9e de championnat. Une d\u00e9faite qui marque aussi la fin de l&rsquo;invincibilit\u00e9 mon\u00e9gasque \u00e0 domicile en 2025. Apr\u00e8s le festival offensif face \u00e0 Nantes, la rencontre face au Paris FC \u00e9tait bien plus proche de celle [...]","og_url":"https:\/\/www.ladiagonale.net\/index.php\/2025\/11\/01\/monaco-chute-face-au-promu-parisien-0-1\/","og_site_name":"La Diagonale","article_published_time":"2025-11-01T20:03:36+00:00","article_modified_time":"2025-11-02T11:03:40+00:00","og_image":[{"width":1160,"height":650,"url":"https:\/\/www.ladiagonale.net\/wp-content\/uploads\/2025\/11\/Akliouche-PFC.png","type":"image\/png"}],"author":"Damien Dellerba","twitter_card":"summary_large_image","twitter_image":"https:\/\/www.ladiagonale.net\/wp-content\/uploads\/2025\/11\/Akliouche-PFC.png","twitter_misc":{"\u00c9crit par":"Damien Dellerba","Dur\u00e9e de lecture estim\u00e9e":"2 minutes"},"schema":{"@context":"https:\/\/schema.org","@graph":[{"@type":"WebPage","@id":"https:\/\/www.ladiagonale.net\/index.php\/2025\/11\/01\/monaco-chute-face-au-promu-parisien-0-1\/","url":"https:\/\/www.ladiagonale.net\/index.php\/2025\/11\/01\/monaco-chute-face-au-promu-parisien-0-1\/","name":"Monaco chute face au promu parisien (0-1) - La Diagonale","isPartOf":{"@id":"https:\/\/www.ladiagonale.net\/#website"},"datePublished":"2025-11-01T20:03:36+00:00","dateModified":"2025-11-02T11:03:40+00:00","author":{"@id":"https:\/\/www.ladiagonale.net\/#\/schema\/person\/79ff1e7b0853ed01b2aa26e64ad300bf"},"breadcrumb":{"@id":"https:\/\/www.ladiagonale.net\/index.php\/2025\/11\/01\/monaco-chute-face-au-promu-parisien-0-1\/#breadcrumb"},"inLanguage":"fr-FR","potentialAction":[{"@type":"ReadAction","target":["https:\/\/www.ladiagonale.net\/index.php\/2025\/11\/01\/monaco-chute-face-au-promu-parisien-0-1\/"]}]},{"@type":"BreadcrumbList","@id":"https:\/\/www.ladiagonale.net\/index.php\/2025\/11\/01\/monaco-chute-face-au-promu-parisien-0-1\/#breadcrumb","itemListElement":[{"@type":"ListItem","position":1,"name":"Accueil","item":"https:\/\/www.ladiagonale.net\/"},{"@type":"ListItem","position":2,"name":"Monaco chute face au promu parisien (0-1)"}]},{"@type":"WebSite","@id":"https:\/\/www.ladiagonale.net\/#website","url":"https:\/\/www.ladiagonale.net\/","name":"La Diagonale","description":"Le site des supporters de l&#039;AS Monaco FC","potentialAction":[{"@type":"SearchAction","target":{"@type":"EntryPoint","urlTemplate":"https:\/\/www.ladiagonale.net\/?s={search_term_string}"},"query-input":"required name=search_term_string"}],"inLanguage":"fr-FR"},{"@type":"Person","@id":"https:\/\/www.ladiagonale.net\/#\/schema\/person\/79ff1e7b0853ed01b2aa26e64ad300bf","name":"Damien Dellerba","image":{"@type":"ImageObject","inLanguage":"fr-FR","@id":"https:\/\/www.ladiagonale.net\/#\/schema\/person\/image\/","url":"https:\/\/secure.gravatar.com\/avatar\/c7850e06d3ff63cdbaee88b7fc16e2f0?s=96&d=mm&r=g","contentUrl":"https:\/\/secure.gravatar.com\/avatar\/c7850e06d3ff63cdbaee88b7fc16e2f0?s=96&d=mm&r=g","caption":"Damien Dellerba"},"url":"https:\/\/www.ladiagonale.net\/index.php\/author\/damien\/"}]}},"_links":{"self":[{"href":"https:\/\/www.ladiagonale.net\/index.php\/wp-json\/wp\/v2\/posts\/34971"}],"collection":[{"href":"https:\/\/www.ladiagonale.net\/index.php\/wp-json\/wp\/v2\/posts"}],"about":[{"href":"https:\/\/www.ladiagonale.net\/index.php\/wp-json\/wp\/v2\/types\/post"}],"author":[{"embeddable":true,"href":"https:\/\/www.ladiagonale.net\/index.php\/wp-json\/wp\/v2\/users\/2"}],"replies":[{"embeddable":true,"href":"https:\/\/www.ladiagonale.net\/index.php\/wp-json\/wp\/v2\/comments?post=34971"}],"version-history":[{"count":1,"href":"https:\/\/www.ladiagonale.net\/index.php\/wp-json\/wp\/v2\/posts\/34971\/revisions"}],"predecessor-version":[{"id":34973,"href":"https:\/\/www.ladiagonale.net\/index.php\/wp-json\/wp\/v2\/posts\/34971\/revisions\/34973"}],"wp:featuredmedia":[{"embeddable":true,"href":"https:\/\/www.ladiagonale.net\/index.php\/wp-json\/wp\/v2\/media\/34972"}],"wp:attachment":[{"href":"https:\/\/www.ladiagonale.net\/index.php\/wp-json\/wp\/v2\/media?parent=34971"}],"wp:term":[{"taxonomy":"category","embeddable":true,"href":"https:\/\/www.ladiagonale.net\/index.php\/wp-json\/wp\/v2\/categories?post=34971"},{"taxonomy":"post_tag","embeddable":true,"href":"https:\/\/www.ladiagonale.net\/index.php\/wp-json\/wp\/v2\/tags?post=34971"}],"curies":[{"name":"wp","href":"https:\/\/api.w.org\/{rel}","templated":true}]}}