{"id":34987,"date":"2025-11-02T14:28:13","date_gmt":"2025-11-02T13:28:13","guid":{"rendered":"https:\/\/www.ladiagonale.net\/?p=34987"},"modified":"2025-11-02T14:35:24","modified_gmt":"2025-11-02T13:35:24","slug":"entorse-de-grade-2-pour-pogba","status":"publish","type":"post","link":"https:\/\/www.ladiagonale.net\/index.php\/2025\/11\/02\/entorse-de-grade-2-pour-pogba\/","title":{"rendered":"Entorse de grade 2 pour Pogba"},"content":{"rendered":"\n\n\n<p>Au cours de la conf\u00e9rence de presse qui a suivi la rencontre entre l\u2019AS Monaco et le Paris FC, S\u00e9bastien Pocognoli a annonc\u00e9 que Paul Pogba souffrait d\u2019une entorse de grade 2 au niveau de la cheville droite, soit une entorse de gravit\u00e9 moyenne. La dur\u00e9e de son indisponibilit\u00e9 n\u2019a pas \u00e9t\u00e9 pr\u00e9cis\u00e9e m\u00eame si on peut supposer qu\u2019elle forcera le milieu de terrain \u00e0 plusieurs semaines de repos. L\u2019entra\u00eeneur mon\u00e9gasque n\u2019a en tout cas pas voulu s\u2019avancer sur une date de retour. <\/p>\n\n\n\n<p>\u00ab\u00a0<em>Il a une entorse de grade 2. C&rsquo;est tout ce que je peux dire pour le moment. Il y aura encore un examen compl\u00e9mentaire la semaine prochaine. C&rsquo;est une entorse moyenne. Je ne saurais pas vous dire les termes m\u00e9dicaux. (\u2026) La disponibilit\u00e9 peut varier de quelques jours ou d&rsquo;une ou deux semaines. Ce sera \u00e0 confirmer la semaine prochaine. On verra. Malheureusement, je ne peux pas vous en dire plus.\u00a0<\/em>\u00bb<\/p>\n","protected":false},"excerpt":{"rendered":"<p>Au cours de la conf\u00e9rence de presse qui a suivi la rencontre entre l\u2019AS Monaco et le Paris FC, S\u00e9bastien Pocognoli a annonc\u00e9 que Paul Pogba souffrait d\u2019une entorse de grade 2 au niveau de la cheville droite, soit une entorse de gravit\u00e9 moyenne. La dur\u00e9e de son indisponibilit\u00e9 n\u2019a pas \u00e9t\u00e9 pr\u00e9cis\u00e9e m\u00eame si [&#8230;]\n","protected":false},"author":2,"featured_media":0,"comment_status":"open","ping_status":"open","sticky":false,"template":"","format":"standard","meta":[],"categories":[4,6],"tags":[86,196,1057],"yoast_head":"<!-- This site is optimized with the Yoast SEO plugin v19.8 - https:\/\/yoast.com\/wordpress\/plugins\/seo\/ -->\n<title>Entorse de grade 2 pour Pogba - La Diagonale<\/title>\n<meta name=\"robots\" content=\"index, follow, max-snippet:-1, max-image-preview:large, max-video-preview:-1\" \/>\n<link rel=\"canonical\" href=\"https:\/\/www.ladiagonale.net\/index.php\/2025\/11\/02\/entorse-de-grade-2-pour-pogba\/\" \/>\n<meta property=\"og:locale\" content=\"fr_FR\" \/>\n<meta property=\"og:type\" content=\"article\" \/>\n<meta property=\"og:title\" content=\"Entorse de grade 2 pour Pogba - La Diagonale\" \/>\n<meta property=\"og:description\" content=\"Au cours de la conf\u00e9rence de presse qui a suivi la rencontre entre l\u2019AS Monaco et le Paris FC, S\u00e9bastien Pocognoli a annonc\u00e9 que Paul Pogba souffrait d\u2019une entorse de grade 2 au niveau de la cheville droite, soit une entorse de gravit\u00e9 moyenne. La dur\u00e9e de son indisponibilit\u00e9 n\u2019a pas \u00e9t\u00e9 pr\u00e9cis\u00e9e m\u00eame si [...]\" \/>\n<meta property=\"og:url\" content=\"https:\/\/www.ladiagonale.net\/index.php\/2025\/11\/02\/entorse-de-grade-2-pour-pogba\/\" \/>\n<meta property=\"og:site_name\" content=\"La Diagonale\" \/>\n<meta property=\"article:published_time\" content=\"2025-11-02T13:28:13+00:00\" \/>\n<meta property=\"article:modified_time\" content=\"2025-11-02T13:35:24+00:00\" \/>\n<meta property=\"og:image\" content=\"https:\/\/www.ladiagonale.net\/wp-content\/uploads\/2025\/11\/Pogba-entrai\u0302nement2.png\" \/>\n\t<meta property=\"og:image:width\" content=\"1160\" \/>\n\t<meta property=\"og:image:height\" content=\"650\" \/>\n\t<meta property=\"og:image:type\" content=\"image\/png\" \/>\n<meta name=\"author\" content=\"Damien Dellerba\" \/>\n<meta name=\"twitter:card\" content=\"summary_large_image\" \/>\n<meta name=\"twitter:image\" content=\"https:\/\/www.ladiagonale.net\/wp-content\/uploads\/2025\/11\/Pogba-entrai\u0302nement2.png\" \/>\n<meta name=\"twitter:label1\" content=\"\u00c9crit par\" \/>\n\t<meta name=\"twitter:data1\" content=\"Damien Dellerba\" \/>\n\t<meta name=\"twitter:label2\" content=\"Dur\u00e9e de lecture estim\u00e9e\" \/>\n\t<meta name=\"twitter:data2\" content=\"1 minute\" \/>\n<script type=\"application\/ld+json\" class=\"yoast-schema-graph\">{\"@context\":\"https:\/\/schema.org\",\"@graph\":[{\"@type\":\"WebPage\",\"@id\":\"https:\/\/www.ladiagonale.net\/index.php\/2025\/11\/02\/entorse-de-grade-2-pour-pogba\/\",\"url\":\"https:\/\/www.ladiagonale.net\/index.php\/2025\/11\/02\/entorse-de-grade-2-pour-pogba\/\",\"name\":\"Entorse de grade 2 pour Pogba - La Diagonale\",\"isPartOf\":{\"@id\":\"https:\/\/www.ladiagonale.net\/#website\"},\"datePublished\":\"2025-11-02T13:28:13+00:00\",\"dateModified\":\"2025-11-02T13:35:24+00:00\",\"author\":{\"@id\":\"https:\/\/www.ladiagonale.net\/#\/schema\/person\/79ff1e7b0853ed01b2aa26e64ad300bf\"},\"breadcrumb\":{\"@id\":\"https:\/\/www.ladiagonale.net\/index.php\/2025\/11\/02\/entorse-de-grade-2-pour-pogba\/#breadcrumb\"},\"inLanguage\":\"fr-FR\",\"potentialAction\":[{\"@type\":\"ReadAction\",\"target\":[\"https:\/\/www.ladiagonale.net\/index.php\/2025\/11\/02\/entorse-de-grade-2-pour-pogba\/\"]}]},{\"@type\":\"BreadcrumbList\",\"@id\":\"https:\/\/www.ladiagonale.net\/index.php\/2025\/11\/02\/entorse-de-grade-2-pour-pogba\/#breadcrumb\",\"itemListElement\":[{\"@type\":\"ListItem\",\"position\":1,\"name\":\"Accueil\",\"item\":\"https:\/\/www.ladiagonale.net\/\"},{\"@type\":\"ListItem\",\"position\":2,\"name\":\"Entorse de grade 2 pour Pogba\"}]},{\"@type\":\"WebSite\",\"@id\":\"https:\/\/www.ladiagonale.net\/#website\",\"url\":\"https:\/\/www.ladiagonale.net\/\",\"name\":\"La Diagonale\",\"description\":\"Le site des supporters de l&#039;AS Monaco FC\",\"potentialAction\":[{\"@type\":\"SearchAction\",\"target\":{\"@type\":\"EntryPoint\",\"urlTemplate\":\"https:\/\/www.ladiagonale.net\/?s={search_term_string}\"},\"query-input\":\"required name=search_term_string\"}],\"inLanguage\":\"fr-FR\"},{\"@type\":\"Person\",\"@id\":\"https:\/\/www.ladiagonale.net\/#\/schema\/person\/79ff1e7b0853ed01b2aa26e64ad300bf\",\"name\":\"Damien Dellerba\",\"image\":{\"@type\":\"ImageObject\",\"inLanguage\":\"fr-FR\",\"@id\":\"https:\/\/www.ladiagonale.net\/#\/schema\/person\/image\/\",\"url\":\"https:\/\/secure.gravatar.com\/avatar\/c7850e06d3ff63cdbaee88b7fc16e2f0?s=96&d=mm&r=g\",\"contentUrl\":\"https:\/\/secure.gravatar.com\/avatar\/c7850e06d3ff63cdbaee88b7fc16e2f0?s=96&d=mm&r=g\",\"caption\":\"Damien Dellerba\"},\"url\":\"https:\/\/www.ladiagonale.net\/index.php\/author\/damien\/\"}]}<\/script>\n<!-- \/ Yoast SEO plugin. -->","yoast_head_json":{"title":"Entorse de grade 2 pour Pogba - La Diagonale","robots":{"index":"index","follow":"follow","max-snippet":"max-snippet:-1","max-image-preview":"max-image-preview:large","max-video-preview":"max-video-preview:-1"},"canonical":"https:\/\/www.ladiagonale.net\/index.php\/2025\/11\/02\/entorse-de-grade-2-pour-pogba\/","og_locale":"fr_FR","og_type":"article","og_title":"Entorse de grade 2 pour Pogba - La Diagonale","og_description":"Au cours de la conf\u00e9rence de presse qui a suivi la rencontre entre l\u2019AS Monaco et le Paris FC, S\u00e9bastien Pocognoli a annonc\u00e9 que Paul Pogba souffrait d\u2019une entorse de grade 2 au niveau de la cheville droite, soit une entorse de gravit\u00e9 moyenne. La dur\u00e9e de son indisponibilit\u00e9 n\u2019a pas \u00e9t\u00e9 pr\u00e9cis\u00e9e m\u00eame si [...]","og_url":"https:\/\/www.ladiagonale.net\/index.php\/2025\/11\/02\/entorse-de-grade-2-pour-pogba\/","og_site_name":"La Diagonale","article_published_time":"2025-11-02T13:28:13+00:00","article_modified_time":"2025-11-02T13:35:24+00:00","og_image":[{"width":1160,"height":650,"url":"https:\/\/www.ladiagonale.net\/wp-content\/uploads\/2025\/11\/Pogba-entrai\u0302nement2.png","type":"image\/png"}],"author":"Damien Dellerba","twitter_card":"summary_large_image","twitter_image":"https:\/\/www.ladiagonale.net\/wp-content\/uploads\/2025\/11\/Pogba-entrai\u0302nement2.png","twitter_misc":{"\u00c9crit par":"Damien Dellerba","Dur\u00e9e de lecture estim\u00e9e":"1 minute"},"schema":{"@context":"https:\/\/schema.org","@graph":[{"@type":"WebPage","@id":"https:\/\/www.ladiagonale.net\/index.php\/2025\/11\/02\/entorse-de-grade-2-pour-pogba\/","url":"https:\/\/www.ladiagonale.net\/index.php\/2025\/11\/02\/entorse-de-grade-2-pour-pogba\/","name":"Entorse de grade 2 pour Pogba - La Diagonale","isPartOf":{"@id":"https:\/\/www.ladiagonale.net\/#website"},"datePublished":"2025-11-02T13:28:13+00:00","dateModified":"2025-11-02T13:35:24+00:00","author":{"@id":"https:\/\/www.ladiagonale.net\/#\/schema\/person\/79ff1e7b0853ed01b2aa26e64ad300bf"},"breadcrumb":{"@id":"https:\/\/www.ladiagonale.net\/index.php\/2025\/11\/02\/entorse-de-grade-2-pour-pogba\/#breadcrumb"},"inLanguage":"fr-FR","potentialAction":[{"@type":"ReadAction","target":["https:\/\/www.ladiagonale.net\/index.php\/2025\/11\/02\/entorse-de-grade-2-pour-pogba\/"]}]},{"@type":"BreadcrumbList","@id":"https:\/\/www.ladiagonale.net\/index.php\/2025\/11\/02\/entorse-de-grade-2-pour-pogba\/#breadcrumb","itemListElement":[{"@type":"ListItem","position":1,"name":"Accueil","item":"https:\/\/www.ladiagonale.net\/"},{"@type":"ListItem","position":2,"name":"Entorse de grade 2 pour Pogba"}]},{"@type":"WebSite","@id":"https:\/\/www.ladiagonale.net\/#website","url":"https:\/\/www.ladiagonale.net\/","name":"La Diagonale","description":"Le site des supporters de l&#039;AS Monaco FC","potentialAction":[{"@type":"SearchAction","target":{"@type":"EntryPoint","urlTemplate":"https:\/\/www.ladiagonale.net\/?s={search_term_string}"},"query-input":"required name=search_term_string"}],"inLanguage":"fr-FR"},{"@type":"Person","@id":"https:\/\/www.ladiagonale.net\/#\/schema\/person\/79ff1e7b0853ed01b2aa26e64ad300bf","name":"Damien Dellerba","image":{"@type":"ImageObject","inLanguage":"fr-FR","@id":"https:\/\/www.ladiagonale.net\/#\/schema\/person\/image\/","url":"https:\/\/secure.gravatar.com\/avatar\/c7850e06d3ff63cdbaee88b7fc16e2f0?s=96&d=mm&r=g","contentUrl":"https:\/\/secure.gravatar.com\/avatar\/c7850e06d3ff63cdbaee88b7fc16e2f0?s=96&d=mm&r=g","caption":"Damien Dellerba"},"url":"https:\/\/www.ladiagonale.net\/index.php\/author\/damien\/"}]}},"_links":{"self":[{"href":"https:\/\/www.ladiagonale.net\/index.php\/wp-json\/wp\/v2\/posts\/34987"}],"collection":[{"href":"https:\/\/www.ladiagonale.net\/index.php\/wp-json\/wp\/v2\/posts"}],"about":[{"href":"https:\/\/www.ladiagonale.net\/index.php\/wp-json\/wp\/v2\/types\/post"}],"author":[{"embeddable":true,"href":"https:\/\/www.ladiagonale.net\/index.php\/wp-json\/wp\/v2\/users\/2"}],"replies":[{"embeddable":true,"href":"https:\/\/www.ladiagonale.net\/index.php\/wp-json\/wp\/v2\/comments?post=34987"}],"version-history":[{"count":1,"href":"https:\/\/www.ladiagonale.net\/index.php\/wp-json\/wp\/v2\/posts\/34987\/revisions"}],"predecessor-version":[{"id":34989,"href":"https:\/\/www.ladiagonale.net\/index.php\/wp-json\/wp\/v2\/posts\/34987\/revisions\/34989"}],"wp:attachment":[{"href":"https:\/\/www.ladiagonale.net\/index.php\/wp-json\/wp\/v2\/media?parent=34987"}],"wp:term":[{"taxonomy":"category","embeddable":true,"href":"https:\/\/www.ladiagonale.net\/index.php\/wp-json\/wp\/v2\/categories?post=34987"},{"taxonomy":"post_tag","embeddable":true,"href":"https:\/\/www.ladiagonale.net\/index.php\/wp-json\/wp\/v2\/tags?post=34987"}],"curies":[{"name":"wp","href":"https:\/\/api.w.org\/{rel}","templated":true}]}}