{"id":34992,"date":"2025-11-02T18:34:53","date_gmt":"2025-11-02T17:34:53","guid":{"rendered":"https:\/\/www.ladiagonale.net\/?p=34992"},"modified":"2025-11-05T16:45:37","modified_gmt":"2025-11-05T15:45:37","slug":"les-notes-des-entrants-amorphes","status":"publish","type":"post","link":"https:\/\/www.ladiagonale.net\/index.php\/2025\/11\/02\/les-notes-des-entrants-amorphes\/","title":{"rendered":"Les notes : des entrants amorphes"},"content":{"rendered":"\n\n\n<p><strong>Contre le Paris FC, l\u2019AS Monaco a montr\u00e9 des signes d\u2019essoufflement. Et les rempla\u00e7ants n\u2019ont pas \u00e9t\u00e9 en mesure d\u2019inverser la tendance.<\/strong><\/p>\n\n\n\n<h4 class=\"wp-block-heading has-white-color has-text-color has-background\" style=\"background-color:#155a00\">TOPS<\/h4>\n\n\n\n<div class=\"wp-block-media-text alignwide is-stacked-on-mobile\" style=\"grid-template-columns:35% auto\"><figure class=\"wp-block-media-text__media\"><img loading=\"lazy\" width=\"400\" height=\"400\" src=\"https:\/\/www.ladiagonale.net\/wp-content\/uploads\/2025\/10\/Akliouche6.png\" alt=\"\" class=\"wp-image-34757 size-full\" srcset=\"https:\/\/www.ladiagonale.net\/wp-content\/uploads\/2025\/10\/Akliouche6.png 400w, https:\/\/www.ladiagonale.net\/wp-content\/uploads\/2025\/10\/Akliouche6-300x300.png 300w, https:\/\/www.ladiagonale.net\/wp-content\/uploads\/2025\/10\/Akliouche6-150x150.png 150w, https:\/\/www.ladiagonale.net\/wp-content\/uploads\/2025\/10\/Akliouche6-128x128.png 128w, https:\/\/www.ladiagonale.net\/wp-content\/uploads\/2025\/10\/Akliouche6-32x32.png 32w\" sizes=\"(max-width: 400px) 100vw, 400px\" \/><\/figure><div class=\"wp-block-media-text__content\">\n<p style=\"font-size:16px\"><strong>Maghnes Akliouche<\/strong><\/p>\n\n\n\n<p style=\"font-size:15px\">S&rsquo;il n&rsquo;\u00e9tait pas aussi incisif et inspir\u00e9 qu&rsquo;\u00e0 Nantes, le joueur form\u00e9 au club avait de bonnes jambes et de bonnes id\u00e9es. Il a pas mal anim\u00e9 l\u2019attaque mon\u00e9gasque mais sans \u00eatre d\u00e9cisif. Malheureusement, il rate une possible \u00e9galisation avec une frappe repouss\u00e9e par Trapp (58<sup>e<\/sup>). L&rsquo;ASM n&rsquo;a plus rien cr\u00e9\u00e9 apr\u00e8s sa sortie \u00e0 l&rsquo;heure de jeu, preuve qu&rsquo;il a \u00e9t\u00e9 encore une fois le meilleur \u00e9l\u00e9ment offensif de son \u00e9quipe.<\/p>\n<\/div><\/div>\n\n\n\n<div style=\"height:40px\" aria-hidden=\"true\" class=\"wp-block-spacer\"><\/div>\n\n\n\n<div class=\"wp-block-media-text alignwide is-stacked-on-mobile\" style=\"grid-template-columns:35% auto\"><figure class=\"wp-block-media-text__media\"><img loading=\"lazy\" width=\"400\" height=\"400\" src=\"https:\/\/www.ladiagonale.net\/wp-content\/uploads\/2025\/11\/Salisu6.png\" alt=\"\" class=\"wp-image-34993 size-full\" srcset=\"https:\/\/www.ladiagonale.net\/wp-content\/uploads\/2025\/11\/Salisu6.png 400w, https:\/\/www.ladiagonale.net\/wp-content\/uploads\/2025\/11\/Salisu6-300x300.png 300w, https:\/\/www.ladiagonale.net\/wp-content\/uploads\/2025\/11\/Salisu6-150x150.png 150w, https:\/\/www.ladiagonale.net\/wp-content\/uploads\/2025\/11\/Salisu6-128x128.png 128w, https:\/\/www.ladiagonale.net\/wp-content\/uploads\/2025\/11\/Salisu6-32x32.png 32w\" sizes=\"(max-width: 400px) 100vw, 400px\" \/><\/figure><div class=\"wp-block-media-text__content\">\n<p style=\"font-size:16px\"><strong>Mohammed Salisu<\/strong><\/p>\n\n\n\n<p style=\"font-size:15px\">Le d\u00e9fenseur mon\u00e9gasque avait connu une partie compliqu\u00e9e face \u00e0 Nantes mais il s\u2019est bien repris contre le PFC. Il a \u00e9t\u00e9 plut\u00f4t serein dans l\u2019engagement et le duel, comme ses partenaires \u00e0 c\u00f4t\u00e9 de lui. Il est sans doute un peu trop aspir\u00e9 sur le centre de Lopez, sans \u00eatre pour autant le principal coupable. De la pr\u00e9sence dans la surface adverse mais la r\u00e9ussite n&rsquo;\u00e9tait pas au rendez-vous.<\/p>\n<\/div><\/div>\n\n\n\n<div style=\"height:40px\" aria-hidden=\"true\" class=\"wp-block-spacer\"><\/div>\n\n\n\n<div class=\"wp-block-media-text alignwide is-stacked-on-mobile\" style=\"grid-template-columns:35% auto\"><figure class=\"wp-block-media-text__media\"><img loading=\"lazy\" width=\"400\" height=\"400\" src=\"https:\/\/www.ladiagonale.net\/wp-content\/uploads\/2025\/10\/Teze6.png\" alt=\"\" class=\"wp-image-34426 size-full\" srcset=\"https:\/\/www.ladiagonale.net\/wp-content\/uploads\/2025\/10\/Teze6.png 400w, https:\/\/www.ladiagonale.net\/wp-content\/uploads\/2025\/10\/Teze6-300x300.png 300w, https:\/\/www.ladiagonale.net\/wp-content\/uploads\/2025\/10\/Teze6-150x150.png 150w, https:\/\/www.ladiagonale.net\/wp-content\/uploads\/2025\/10\/Teze6-128x128.png 128w, https:\/\/www.ladiagonale.net\/wp-content\/uploads\/2025\/10\/Teze6-32x32.png 32w\" sizes=\"(max-width: 400px) 100vw, 400px\" \/><\/figure><div class=\"wp-block-media-text__content\">\n<p style=\"font-size:16px\"><strong>Jordan Teze<\/strong><\/p>\n\n\n\n<p style=\"font-size:15px\">Le N\u00e9erlandais a r\u00e9cup\u00e9r\u00e9 six ballons dans cette rencontre et a aussi \u00e9t\u00e9 solide dans le duel. Il a r\u00e9ussi quelques belles orientations en premi\u00e8re p\u00e9riode. L&rsquo;ancien du PSV a encore fait parler sa qualit\u00e9 de pied pour mettre les ballons dans les bonnes zones sur les coups de pied arr\u00eat\u00e9s. Malheureusement, \u00e0 plusieurs reprises, ses partenaires se sont fait prendre au pi\u00e8ge du hors-jeu. En revanche, il se fait effacer par Krasso sur le poteau du parisien et doit d\u00e9fendre avec plus de fermet\u00e9.<\/p>\n<\/div><\/div>\n\n\n\n<div style=\"height:40px\" aria-hidden=\"true\" class=\"wp-block-spacer\"><\/div>\n\n\n\n<h4 class=\"wp-block-heading has-white-color has-text-color has-background\" style=\"background-color:#c00501\">FLOPS<\/h4>\n\n\n\n<div class=\"wp-block-media-text alignwide is-stacked-on-mobile\" style=\"grid-template-columns:35% auto\"><figure class=\"wp-block-media-text__media\"><img loading=\"lazy\" width=\"400\" height=\"400\" src=\"https:\/\/www.ladiagonale.net\/wp-content\/uploads\/2025\/11\/FatiNN.png\" alt=\"\" class=\"wp-image-34997 size-full\" srcset=\"https:\/\/www.ladiagonale.net\/wp-content\/uploads\/2025\/11\/FatiNN.png 400w, https:\/\/www.ladiagonale.net\/wp-content\/uploads\/2025\/11\/FatiNN-300x300.png 300w, https:\/\/www.ladiagonale.net\/wp-content\/uploads\/2025\/11\/FatiNN-150x150.png 150w, https:\/\/www.ladiagonale.net\/wp-content\/uploads\/2025\/11\/FatiNN-128x128.png 128w, https:\/\/www.ladiagonale.net\/wp-content\/uploads\/2025\/11\/FatiNN-32x32.png 32w\" sizes=\"(max-width: 400px) 100vw, 400px\" \/><\/figure><div class=\"wp-block-media-text__content\">\n<p style=\"font-size:16px\"><strong>Ansu Fati (non not\u00e9)<\/strong><\/p>\n\n\n\n<p style=\"font-size:15px\">On peut se demander si l&rsquo;Espagnol avait envie d&rsquo;\u00eatre sur le terrain samedi soir, car son langage corporel semblait indiquer tout le contraire. Une nonchalance aga\u00e7ante et un manque de pr\u00e9cision sur des gestes simples ont sembl\u00e9 r\u00e9v\u00e9ler un manque d\u2019implication de sa part. On peut faire le m\u00eame constat pour Takumi <strong>Minamino<\/strong> (non not\u00e9), entr\u00e9 en m\u00eame temps \u00e0 l&rsquo;heure de jeu.<\/p>\n<\/div><\/div>\n\n\n\n<div style=\"height:40px\" aria-hidden=\"true\" class=\"wp-block-spacer\"><\/div>\n\n\n\n<div class=\"wp-block-media-text alignwide is-stacked-on-mobile\" style=\"grid-template-columns:35% auto\"><figure class=\"wp-block-media-text__media\"><img loading=\"lazy\" width=\"400\" height=\"400\" src=\"https:\/\/www.ladiagonale.net\/wp-content\/uploads\/2025\/11\/Idumbo3.png\" alt=\"\" class=\"wp-image-34995 size-full\" srcset=\"https:\/\/www.ladiagonale.net\/wp-content\/uploads\/2025\/11\/Idumbo3.png 400w, https:\/\/www.ladiagonale.net\/wp-content\/uploads\/2025\/11\/Idumbo3-300x300.png 300w, https:\/\/www.ladiagonale.net\/wp-content\/uploads\/2025\/11\/Idumbo3-150x150.png 150w, https:\/\/www.ladiagonale.net\/wp-content\/uploads\/2025\/11\/Idumbo3-128x128.png 128w, https:\/\/www.ladiagonale.net\/wp-content\/uploads\/2025\/11\/Idumbo3-32x32.png 32w\" sizes=\"(max-width: 400px) 100vw, 400px\" \/><\/figure><div class=\"wp-block-media-text__content\">\n<p style=\"font-size:16px\"><strong>Stanis Idumbo<\/strong><\/p>\n\n\n\n<p style=\"font-size:15px\">Il est entr\u00e9 \u00e0 la pause dans un r\u00f4le qu&rsquo;il ne conna\u00eet pas et cela ne lui a pas r\u00e9ussi. Il se fait \u00e9liminer facilement d&rsquo;un grand pont par Lopez sur le but, juste apr\u00e8s avoir lanc\u00e9 un regard perdu vers Caio Henrique pour savoir si c&rsquo;\u00e9tait bien \u00e0 lui d&rsquo;aller sur le porteur. En manque de rep\u00e8res, l&rsquo;international Espoirs belge n&rsquo;a jamais su prendre ses marques, aussi bien d\u00e9fensivement qu&rsquo;offensivement.<\/p>\n<\/div><\/div>\n\n\n\n<div style=\"height:40px\" aria-hidden=\"true\" class=\"wp-block-spacer\"><\/div>\n\n\n\n<div class=\"wp-block-media-text alignwide is-stacked-on-mobile\" style=\"grid-template-columns:35% auto\"><figure class=\"wp-block-media-text__media\"><img loading=\"lazy\" width=\"400\" height=\"400\" src=\"https:\/\/www.ladiagonale.net\/wp-content\/uploads\/2025\/10\/Biereth3.png\" alt=\"\" class=\"wp-image-34760 size-full\" srcset=\"https:\/\/www.ladiagonale.net\/wp-content\/uploads\/2025\/10\/Biereth3.png 400w, https:\/\/www.ladiagonale.net\/wp-content\/uploads\/2025\/10\/Biereth3-300x300.png 300w, https:\/\/www.ladiagonale.net\/wp-content\/uploads\/2025\/10\/Biereth3-150x150.png 150w, https:\/\/www.ladiagonale.net\/wp-content\/uploads\/2025\/10\/Biereth3-128x128.png 128w, https:\/\/www.ladiagonale.net\/wp-content\/uploads\/2025\/10\/Biereth3-32x32.png 32w\" sizes=\"(max-width: 400px) 100vw, 400px\" \/><\/figure><div class=\"wp-block-media-text__content\">\n<p style=\"font-size:16px\"><strong>Mika Biereth<\/strong><\/p>\n\n\n\n<p style=\"font-size:15px\">Il a fait preuve d&rsquo;altruisme \u00e0 plusieurs reprises en m\u00eame temps que de maladresse, vu qu&rsquo;aucune de ses remises n\u2019est parvenue jusqu&rsquo;\u00e0 son destinataire. Mais on peut et doit surtout se demander si cela ne traduit pas davantage une crise de confiance de la part de l&rsquo;attaquant danois, qui aurait d\u00fb tenter sa chance de fa\u00e7on individuelle et qui ne l&rsquo;a pas fait. On ne l&rsquo;a jamais senti peser sur la d\u00e9fense parisienne.<\/p>\n<\/div><\/div>\n\n\n\n<div style=\"height:40px\" aria-hidden=\"true\" class=\"wp-block-spacer\"><\/div>\n\n\n\n<div class=\"wp-block-media-text alignwide is-stacked-on-mobile\" style=\"grid-template-columns:35% auto\"><figure class=\"wp-block-media-text__media\"><img loading=\"lazy\" width=\"400\" height=\"400\" src=\"https:\/\/www.ladiagonale.net\/wp-content\/uploads\/2025\/11\/Balogun4.png\" alt=\"\" class=\"wp-image-34994 size-full\" srcset=\"https:\/\/www.ladiagonale.net\/wp-content\/uploads\/2025\/11\/Balogun4.png 400w, https:\/\/www.ladiagonale.net\/wp-content\/uploads\/2025\/11\/Balogun4-300x300.png 300w, https:\/\/www.ladiagonale.net\/wp-content\/uploads\/2025\/11\/Balogun4-150x150.png 150w, https:\/\/www.ladiagonale.net\/wp-content\/uploads\/2025\/11\/Balogun4-128x128.png 128w, https:\/\/www.ladiagonale.net\/wp-content\/uploads\/2025\/11\/Balogun4-32x32.png 32w\" sizes=\"(max-width: 400px) 100vw, 400px\" \/><\/figure><div class=\"wp-block-media-text__content\">\n<p style=\"font-size:16px\"><strong>Folarin Balogun<\/strong><\/p>\n\n\n\n<p style=\"font-size:15px\">Une belle combinaison avec Akliouche pour se signaler, et une frappe qui s&rsquo;envole en direction de Cap d&rsquo;Ail. Autrement, l&rsquo;attaquant am\u00e9ricain n&rsquo;a jamais eu la moindre profondeur \u00e0 exploiter dans la seconde p\u00e9riode, encore moins apr\u00e8s l&rsquo;ouverture du score parisienne. Son apport a donc \u00e9t\u00e9, au mieux, l\u00e9ger.<\/p>\n<\/div><\/div>\n\n\n\n<div style=\"height:40px\" aria-hidden=\"true\" class=\"wp-block-spacer\"><\/div>\n\n\n\n<h4 class=\"wp-block-heading has-white-color has-text-color has-background\" style=\"background-color:#303030\">Les autres notes<\/h4>\n\n\n\n<p><strong>Philipp K\u00f6hn : 5\/10<\/strong><\/p>\n\n\n\n<p>Il n&rsquo;a connu qu&rsquo;une seule frayeur dans cette rencontre, lorsque Krasso a trouv\u00e9 son poteau d&rsquo;une frappe forte et que les Parisiens ont encha\u00een\u00e9 par deux autres frappes dans les instants qui ont suivi. Mais il n&rsquo;a quasiment rien eu \u00e0 faire de la partie, si ce n&rsquo;est s&rsquo;incliner face \u00e0 Simon.<\/p>\n\n\n\n<p><strong>Thilo Kehrer : 5\/10<\/strong><\/p>\n\n\n\n<p>Le d\u00e9fenseur central r\u00e9alisait une prestation plut\u00f4t solide et convaincante, comme lorsqu&rsquo;il a repouss\u00e9 la talonnade de Chergui de la poitrine. Mais \u00e7a, c&rsquo;\u00e9tait jusqu&rsquo;au but, o\u00f9 il est coupable d&rsquo;une absence de marquage sur l&rsquo;appel-contre-appel de Simon.<\/p>\n\n\n\n<p><strong>Caio Henrique : 5\/10<\/strong><\/p>\n\n\n\n<p>Il est revenu dans la d\u00e9fense \u00e0 trois apr\u00e8s une semaine d&rsquo;absence et il n&rsquo;a pas beaucoup souffert ni \u00e9t\u00e9 mis en danger. Mais il n&rsquo;a pas beaucoup plus donn\u00e9.<\/p>\n\n\n\n<p><strong>Kr\u00e9pin Diatta : 5\/10<\/strong><\/p>\n\n\n\n<p>Un match correct pour l\u2019ancien du Club Bruges. Il n\u2019a laiss\u00e9 beaucoup de champ \u00e0 Simon et a gagn\u00e9 beaucoup de duels (11\/14). Le S\u00e9n\u00e9galais a essay\u00e9 de se proposer pour faire avancer le jeu dans son couloir sans toujours faire les diff\u00e9rences. Une frappe pas assez enroul\u00e9e (22<sup>e<\/sup>).<\/p>\n\n\n\n<p><strong>Mamadou Coulibaly : 4\/10<\/strong><\/p>\n\n\n\n<p>Il a \u00e9t\u00e9 impliqu\u00e9 sur deux situations, avec notamment une belle perc\u00e9e \u00e0 la cl\u00e9. Int\u00e9ressant dans certains aspects de la possession, il a eu plus de mal dans le jeu sans ballon et a aussi g\u00e2ch\u00e9 certaines situations.<\/p>\n\n\n\n<p><strong>Kassoum Ouattara : 4\/10<\/strong><\/p>\n\n\n\n<p>Il n\u2019a pas eu le m\u00eame entrain offensif que contre Nantes et ses rares centres ne sont pas tomb\u00e9s sur ses co\u00e9quipiers. Kebbal ne l\u2019a pas trop malmen\u00e9 non plus mais on l\u2019a senti assez peu tranchant dans ses interventions.<\/p>\n\n\n\n<p><strong>Aleksandr Golovin : 5\/10<\/strong><\/p>\n\n\n\n<p>Le Russe a eu quelques belles inspirations au cours du premier acte, en particulier pour trouver des partenaires entre les lignes. Mais il a totalement disparu des radars apr\u00e8s le retour des vestiaires.<\/p>\n\n\n\n<p><strong>S\u00e9bastien Pocognoli : 3\/10<\/strong><\/p>\n\n\n\n<p>Son \u00e9quipe ressemblait beaucoup \u00e0 celle de Nantes, \u00e0 quelques exceptions pr\u00e8s, mais son visage \u00e9tait totalement \u00e0 l&rsquo;oppos\u00e9e, amorphe au possible. Il a effectu\u00e9 des changements rapidement mais ils se sont av\u00e9r\u00e9s contre-productifs.<\/p>\n\n\n<div class=\"wp-block-image\">\n<figure class=\"aligncenter size-large is-resized\"><img loading=\"lazy\" width=\"819\" height=\"1024\" src=\"https:\/\/www.ladiagonale.net\/wp-content\/uploads\/2025\/11\/PFC-819x1024.png\" alt=\"\" class=\"wp-image-34998\" style=\"width:614px;height:768px\" srcset=\"https:\/\/www.ladiagonale.net\/wp-content\/uploads\/2025\/11\/PFC-819x1024.png 819w, https:\/\/www.ladiagonale.net\/wp-content\/uploads\/2025\/11\/PFC-240x300.png 240w, https:\/\/www.ladiagonale.net\/wp-content\/uploads\/2025\/11\/PFC-768x960.png 768w, https:\/\/www.ladiagonale.net\/wp-content\/uploads\/2025\/11\/PFC-1229x1536.png 1229w, https:\/\/www.ladiagonale.net\/wp-content\/uploads\/2025\/11\/PFC-102x128.png 102w, https:\/\/www.ladiagonale.net\/wp-content\/uploads\/2025\/11\/PFC-26x32.png 26w, https:\/\/www.ladiagonale.net\/wp-content\/uploads\/2025\/11\/PFC.png 1242w\" sizes=\"(max-width: 819px) 100vw, 819px\" \/><figcaption class=\"wp-element-caption\"><strong>Moyenne : 4,7\/10<\/strong><\/figcaption><\/figure><\/div>","protected":false},"excerpt":{"rendered":"<p>Contre le Paris FC, l\u2019AS Monaco a montr\u00e9 des signes d\u2019essoufflement. Et les rempla\u00e7ants n\u2019ont pas \u00e9t\u00e9 en mesure d\u2019inverser la tendance. TOPS Maghnes Akliouche S&rsquo;il n&rsquo;\u00e9tait pas aussi incisif et inspir\u00e9 qu&rsquo;\u00e0 Nantes, le joueur form\u00e9 au club avait de bonnes jambes et de bonnes id\u00e9es. Il a pas mal anim\u00e9 l\u2019attaque mon\u00e9gasque mais [&#8230;]\n","protected":false},"author":2,"featured_media":34996,"comment_status":"open","ping_status":"open","sticky":false,"template":"","format":"standard","meta":[],"categories":[5,6,1000],"tags":[86,94,1148,248],"yoast_head":"<!-- This site is optimized with the Yoast SEO plugin v19.8 - https:\/\/yoast.com\/wordpress\/plugins\/seo\/ -->\n<title>Les notes : des entrants amorphes - La Diagonale<\/title>\n<meta name=\"robots\" content=\"index, follow, max-snippet:-1, max-image-preview:large, max-video-preview:-1\" \/>\n<link rel=\"canonical\" href=\"https:\/\/www.ladiagonale.net\/index.php\/2025\/11\/02\/les-notes-des-entrants-amorphes\/\" \/>\n<meta property=\"og:locale\" content=\"fr_FR\" \/>\n<meta property=\"og:type\" content=\"article\" \/>\n<meta property=\"og:title\" content=\"Les notes : des entrants amorphes - La Diagonale\" \/>\n<meta property=\"og:description\" content=\"Contre le Paris FC, l\u2019AS Monaco a montr\u00e9 des signes d\u2019essoufflement. Et les rempla\u00e7ants n\u2019ont pas \u00e9t\u00e9 en mesure d\u2019inverser la tendance. TOPS Maghnes Akliouche S&rsquo;il n&rsquo;\u00e9tait pas aussi incisif et inspir\u00e9 qu&rsquo;\u00e0 Nantes, le joueur form\u00e9 au club avait de bonnes jambes et de bonnes id\u00e9es. Il a pas mal anim\u00e9 l\u2019attaque mon\u00e9gasque mais [...]\" \/>\n<meta property=\"og:url\" content=\"https:\/\/www.ladiagonale.net\/index.php\/2025\/11\/02\/les-notes-des-entrants-amorphes\/\" \/>\n<meta property=\"og:site_name\" content=\"La Diagonale\" \/>\n<meta property=\"article:published_time\" content=\"2025-11-02T17:34:53+00:00\" \/>\n<meta property=\"article:modified_time\" content=\"2025-11-05T15:45:37+00:00\" \/>\n<meta property=\"og:image\" content=\"https:\/\/www.ladiagonale.net\/wp-content\/uploads\/2025\/11\/fati-pfc.png\" \/>\n\t<meta property=\"og:image:width\" content=\"1160\" \/>\n\t<meta property=\"og:image:height\" content=\"650\" \/>\n\t<meta property=\"og:image:type\" content=\"image\/png\" \/>\n<meta name=\"author\" content=\"Damien Dellerba\" \/>\n<meta name=\"twitter:card\" content=\"summary_large_image\" \/>\n<meta name=\"twitter:image\" content=\"https:\/\/www.ladiagonale.net\/wp-content\/uploads\/2025\/11\/fati-pfc.png\" \/>\n<meta name=\"twitter:label1\" content=\"\u00c9crit par\" \/>\n\t<meta name=\"twitter:data1\" content=\"Damien Dellerba\" \/>\n\t<meta name=\"twitter:label2\" content=\"Dur\u00e9e de lecture estim\u00e9e\" \/>\n\t<meta name=\"twitter:data2\" content=\"7 minutes\" \/>\n<script type=\"application\/ld+json\" class=\"yoast-schema-graph\">{\"@context\":\"https:\/\/schema.org\",\"@graph\":[{\"@type\":\"WebPage\",\"@id\":\"https:\/\/www.ladiagonale.net\/index.php\/2025\/11\/02\/les-notes-des-entrants-amorphes\/\",\"url\":\"https:\/\/www.ladiagonale.net\/index.php\/2025\/11\/02\/les-notes-des-entrants-amorphes\/\",\"name\":\"Les notes : des entrants amorphes - La Diagonale\",\"isPartOf\":{\"@id\":\"https:\/\/www.ladiagonale.net\/#website\"},\"datePublished\":\"2025-11-02T17:34:53+00:00\",\"dateModified\":\"2025-11-05T15:45:37+00:00\",\"author\":{\"@id\":\"https:\/\/www.ladiagonale.net\/#\/schema\/person\/79ff1e7b0853ed01b2aa26e64ad300bf\"},\"breadcrumb\":{\"@id\":\"https:\/\/www.ladiagonale.net\/index.php\/2025\/11\/02\/les-notes-des-entrants-amorphes\/#breadcrumb\"},\"inLanguage\":\"fr-FR\",\"potentialAction\":[{\"@type\":\"ReadAction\",\"target\":[\"https:\/\/www.ladiagonale.net\/index.php\/2025\/11\/02\/les-notes-des-entrants-amorphes\/\"]}]},{\"@type\":\"BreadcrumbList\",\"@id\":\"https:\/\/www.ladiagonale.net\/index.php\/2025\/11\/02\/les-notes-des-entrants-amorphes\/#breadcrumb\",\"itemListElement\":[{\"@type\":\"ListItem\",\"position\":1,\"name\":\"Accueil\",\"item\":\"https:\/\/www.ladiagonale.net\/\"},{\"@type\":\"ListItem\",\"position\":2,\"name\":\"Les notes : des entrants amorphes\"}]},{\"@type\":\"WebSite\",\"@id\":\"https:\/\/www.ladiagonale.net\/#website\",\"url\":\"https:\/\/www.ladiagonale.net\/\",\"name\":\"La Diagonale\",\"description\":\"Le site des supporters de l&#039;AS Monaco FC\",\"potentialAction\":[{\"@type\":\"SearchAction\",\"target\":{\"@type\":\"EntryPoint\",\"urlTemplate\":\"https:\/\/www.ladiagonale.net\/?s={search_term_string}\"},\"query-input\":\"required name=search_term_string\"}],\"inLanguage\":\"fr-FR\"},{\"@type\":\"Person\",\"@id\":\"https:\/\/www.ladiagonale.net\/#\/schema\/person\/79ff1e7b0853ed01b2aa26e64ad300bf\",\"name\":\"Damien Dellerba\",\"image\":{\"@type\":\"ImageObject\",\"inLanguage\":\"fr-FR\",\"@id\":\"https:\/\/www.ladiagonale.net\/#\/schema\/person\/image\/\",\"url\":\"https:\/\/secure.gravatar.com\/avatar\/c7850e06d3ff63cdbaee88b7fc16e2f0?s=96&d=mm&r=g\",\"contentUrl\":\"https:\/\/secure.gravatar.com\/avatar\/c7850e06d3ff63cdbaee88b7fc16e2f0?s=96&d=mm&r=g\",\"caption\":\"Damien Dellerba\"},\"url\":\"https:\/\/www.ladiagonale.net\/index.php\/author\/damien\/\"}]}<\/script>\n<!-- \/ Yoast SEO plugin. -->","yoast_head_json":{"title":"Les notes : des entrants amorphes - La Diagonale","robots":{"index":"index","follow":"follow","max-snippet":"max-snippet:-1","max-image-preview":"max-image-preview:large","max-video-preview":"max-video-preview:-1"},"canonical":"https:\/\/www.ladiagonale.net\/index.php\/2025\/11\/02\/les-notes-des-entrants-amorphes\/","og_locale":"fr_FR","og_type":"article","og_title":"Les notes : des entrants amorphes - La Diagonale","og_description":"Contre le Paris FC, l\u2019AS Monaco a montr\u00e9 des signes d\u2019essoufflement. Et les rempla\u00e7ants n\u2019ont pas \u00e9t\u00e9 en mesure d\u2019inverser la tendance. TOPS Maghnes Akliouche S&rsquo;il n&rsquo;\u00e9tait pas aussi incisif et inspir\u00e9 qu&rsquo;\u00e0 Nantes, le joueur form\u00e9 au club avait de bonnes jambes et de bonnes id\u00e9es. Il a pas mal anim\u00e9 l\u2019attaque mon\u00e9gasque mais [...]","og_url":"https:\/\/www.ladiagonale.net\/index.php\/2025\/11\/02\/les-notes-des-entrants-amorphes\/","og_site_name":"La Diagonale","article_published_time":"2025-11-02T17:34:53+00:00","article_modified_time":"2025-11-05T15:45:37+00:00","og_image":[{"width":1160,"height":650,"url":"https:\/\/www.ladiagonale.net\/wp-content\/uploads\/2025\/11\/fati-pfc.png","type":"image\/png"}],"author":"Damien Dellerba","twitter_card":"summary_large_image","twitter_image":"https:\/\/www.ladiagonale.net\/wp-content\/uploads\/2025\/11\/fati-pfc.png","twitter_misc":{"\u00c9crit par":"Damien Dellerba","Dur\u00e9e de lecture estim\u00e9e":"7 minutes"},"schema":{"@context":"https:\/\/schema.org","@graph":[{"@type":"WebPage","@id":"https:\/\/www.ladiagonale.net\/index.php\/2025\/11\/02\/les-notes-des-entrants-amorphes\/","url":"https:\/\/www.ladiagonale.net\/index.php\/2025\/11\/02\/les-notes-des-entrants-amorphes\/","name":"Les notes : des entrants amorphes - La Diagonale","isPartOf":{"@id":"https:\/\/www.ladiagonale.net\/#website"},"datePublished":"2025-11-02T17:34:53+00:00","dateModified":"2025-11-05T15:45:37+00:00","author":{"@id":"https:\/\/www.ladiagonale.net\/#\/schema\/person\/79ff1e7b0853ed01b2aa26e64ad300bf"},"breadcrumb":{"@id":"https:\/\/www.ladiagonale.net\/index.php\/2025\/11\/02\/les-notes-des-entrants-amorphes\/#breadcrumb"},"inLanguage":"fr-FR","potentialAction":[{"@type":"ReadAction","target":["https:\/\/www.ladiagonale.net\/index.php\/2025\/11\/02\/les-notes-des-entrants-amorphes\/"]}]},{"@type":"BreadcrumbList","@id":"https:\/\/www.ladiagonale.net\/index.php\/2025\/11\/02\/les-notes-des-entrants-amorphes\/#breadcrumb","itemListElement":[{"@type":"ListItem","position":1,"name":"Accueil","item":"https:\/\/www.ladiagonale.net\/"},{"@type":"ListItem","position":2,"name":"Les notes : des entrants amorphes"}]},{"@type":"WebSite","@id":"https:\/\/www.ladiagonale.net\/#website","url":"https:\/\/www.ladiagonale.net\/","name":"La Diagonale","description":"Le site des supporters de l&#039;AS Monaco FC","potentialAction":[{"@type":"SearchAction","target":{"@type":"EntryPoint","urlTemplate":"https:\/\/www.ladiagonale.net\/?s={search_term_string}"},"query-input":"required name=search_term_string"}],"inLanguage":"fr-FR"},{"@type":"Person","@id":"https:\/\/www.ladiagonale.net\/#\/schema\/person\/79ff1e7b0853ed01b2aa26e64ad300bf","name":"Damien Dellerba","image":{"@type":"ImageObject","inLanguage":"fr-FR","@id":"https:\/\/www.ladiagonale.net\/#\/schema\/person\/image\/","url":"https:\/\/secure.gravatar.com\/avatar\/c7850e06d3ff63cdbaee88b7fc16e2f0?s=96&d=mm&r=g","contentUrl":"https:\/\/secure.gravatar.com\/avatar\/c7850e06d3ff63cdbaee88b7fc16e2f0?s=96&d=mm&r=g","caption":"Damien Dellerba"},"url":"https:\/\/www.ladiagonale.net\/index.php\/author\/damien\/"}]}},"_links":{"self":[{"href":"https:\/\/www.ladiagonale.net\/index.php\/wp-json\/wp\/v2\/posts\/34992"}],"collection":[{"href":"https:\/\/www.ladiagonale.net\/index.php\/wp-json\/wp\/v2\/posts"}],"about":[{"href":"https:\/\/www.ladiagonale.net\/index.php\/wp-json\/wp\/v2\/types\/post"}],"author":[{"embeddable":true,"href":"https:\/\/www.ladiagonale.net\/index.php\/wp-json\/wp\/v2\/users\/2"}],"replies":[{"embeddable":true,"href":"https:\/\/www.ladiagonale.net\/index.php\/wp-json\/wp\/v2\/comments?post=34992"}],"version-history":[{"count":10,"href":"https:\/\/www.ladiagonale.net\/index.php\/wp-json\/wp\/v2\/posts\/34992\/revisions"}],"predecessor-version":[{"id":35067,"href":"https:\/\/www.ladiagonale.net\/index.php\/wp-json\/wp\/v2\/posts\/34992\/revisions\/35067"}],"wp:featuredmedia":[{"embeddable":true,"href":"https:\/\/www.ladiagonale.net\/index.php\/wp-json\/wp\/v2\/media\/34996"}],"wp:attachment":[{"href":"https:\/\/www.ladiagonale.net\/index.php\/wp-json\/wp\/v2\/media?parent=34992"}],"wp:term":[{"taxonomy":"category","embeddable":true,"href":"https:\/\/www.ladiagonale.net\/index.php\/wp-json\/wp\/v2\/categories?post=34992"},{"taxonomy":"post_tag","embeddable":true,"href":"https:\/\/www.ladiagonale.net\/index.php\/wp-json\/wp\/v2\/tags?post=34992"}],"curies":[{"name":"wp","href":"https:\/\/api.w.org\/{rel}","templated":true}]}}