{"id":35007,"date":"2025-11-02T22:07:07","date_gmt":"2025-11-02T21:07:07","guid":{"rendered":"https:\/\/www.ladiagonale.net\/?p=35007"},"modified":"2025-11-02T22:07:08","modified_gmt":"2025-11-02T21:07:08","slug":"pocognoli-na-pas-voulu-sanctionner-biereth","status":"publish","type":"post","link":"https:\/\/www.ladiagonale.net\/index.php\/2025\/11\/02\/pocognoli-na-pas-voulu-sanctionner-biereth\/","title":{"rendered":"Pocognoli n\u2019a pas voulu \u00ab&nbsp;sanctionner&nbsp;\u00bb Biereth"},"content":{"rendered":"\n<p>Mika Biereth est dans une mauvaise passe depuis plusieurs semaines, puisque son seul but cette saison a \u00e9t\u00e9 inscrit contre le FC Metz (5-2), le 21 septembre dernier. Titularis\u00e9 contre le PFC, pour la premi\u00e8re fois depuis le 18 octobre, l\u2019attaquant danois n\u2019a pass\u00e9 que 45 minutes sur le terrain et sa p\u00e9riode de disette s\u2019est poursuivie. Il a \u00e9t\u00e9 sorti \u00e0 la mi-temps par son entra\u00eeneur S\u00e9bastien Pocognoli, remplac\u00e9 par Folarin Balogun, le titulaire des trois rencontres pr\u00e9c\u00e9dentes. Le technicien belge n\u2019a cependant pas voulu parler de sanction \u00e0 l\u2019encontre du joueur de 22 ans et invoqu\u00e9 des raisons tactiques.<\/p>\n\n\n\n<p>\u00ab\u00a0<em>Ce n&rsquo;est pas une sanction, mais oui, je sentais certainement qu&rsquo;on pouvait chercher un peu plus de profondeur, un peu plus d&rsquo;impact en seconde p\u00e9riode,<\/em> a expliqu\u00e9 l\u2019entra\u00eeneur mon\u00e9gasque. <em>Est-ce que \u00e7a a fonctionn\u00e9 ? D\u2019un point de vue collectif, je dirais que non. Ce n&rsquo;est pas une sanction, parce que je ne sanctionne pas un joueur. Je pense que Mika a donn\u00e9 maximum en premi\u00e8re p\u00e9riode. Mais il n&rsquo;y a pas eu l&rsquo;impact esp\u00e9r\u00e9, et je dois avouer qu&rsquo;en seconde p\u00e9riode, il n&rsquo;y en a pas eu beaucoup plus en termes collectifs. Donc \u00e7a ne va pas plus loin dans l\u2019analyse.<\/em>\u00a0\u00bb<\/p>\n\n\n","protected":false},"excerpt":{"rendered":"<p>Mika Biereth est dans une mauvaise passe depuis plusieurs semaines, puisque son seul but cette saison a \u00e9t\u00e9 inscrit contre le FC Metz (5-2), le 21 septembre dernier. Titularis\u00e9 contre le PFC, pour la premi\u00e8re fois depuis le 18 octobre, l\u2019attaquant danois n\u2019a pass\u00e9 que 45 minutes sur le terrain et sa p\u00e9riode de disette [&#8230;]\n","protected":false},"author":2,"featured_media":0,"comment_status":"open","ping_status":"open","sticky":false,"template":"","format":"standard","meta":[],"categories":[6,1000],"tags":[86,94,965,1140],"yoast_head":"<!-- This site is optimized with the Yoast SEO plugin v19.8 - https:\/\/yoast.com\/wordpress\/plugins\/seo\/ -->\n<title>Pocognoli n\u2019a pas voulu \u00ab&nbsp;sanctionner&nbsp;\u00bb Biereth - La Diagonale<\/title>\n<meta name=\"robots\" content=\"index, follow, max-snippet:-1, max-image-preview:large, max-video-preview:-1\" \/>\n<link rel=\"canonical\" href=\"https:\/\/www.ladiagonale.net\/index.php\/2025\/11\/02\/pocognoli-na-pas-voulu-sanctionner-biereth\/\" \/>\n<meta property=\"og:locale\" content=\"fr_FR\" \/>\n<meta property=\"og:type\" content=\"article\" \/>\n<meta property=\"og:title\" content=\"Pocognoli n\u2019a pas voulu \u00ab&nbsp;sanctionner&nbsp;\u00bb Biereth - La Diagonale\" \/>\n<meta property=\"og:description\" content=\"Mika Biereth est dans une mauvaise passe depuis plusieurs semaines, puisque son seul but cette saison a \u00e9t\u00e9 inscrit contre le FC Metz (5-2), le 21 septembre dernier. Titularis\u00e9 contre le PFC, pour la premi\u00e8re fois depuis le 18 octobre, l\u2019attaquant danois n\u2019a pass\u00e9 que 45 minutes sur le terrain et sa p\u00e9riode de disette [...]\" \/>\n<meta property=\"og:url\" content=\"https:\/\/www.ladiagonale.net\/index.php\/2025\/11\/02\/pocognoli-na-pas-voulu-sanctionner-biereth\/\" \/>\n<meta property=\"og:site_name\" content=\"La Diagonale\" \/>\n<meta property=\"article:published_time\" content=\"2025-11-02T21:07:07+00:00\" \/>\n<meta property=\"article:modified_time\" content=\"2025-11-02T21:07:08+00:00\" \/>\n<meta property=\"og:image\" content=\"https:\/\/www.ladiagonale.net\/wp-content\/uploads\/2025\/09\/Biereth-metz.png\" \/>\n\t<meta property=\"og:image:width\" content=\"1160\" \/>\n\t<meta property=\"og:image:height\" content=\"650\" \/>\n\t<meta property=\"og:image:type\" content=\"image\/png\" \/>\n<meta name=\"author\" content=\"Damien Dellerba\" \/>\n<meta name=\"twitter:card\" content=\"summary_large_image\" \/>\n<meta name=\"twitter:image\" content=\"https:\/\/www.ladiagonale.net\/wp-content\/uploads\/2025\/09\/Biereth-metz.png\" \/>\n<meta name=\"twitter:label1\" content=\"\u00c9crit par\" \/>\n\t<meta name=\"twitter:data1\" content=\"Damien Dellerba\" \/>\n\t<meta name=\"twitter:label2\" content=\"Dur\u00e9e de lecture estim\u00e9e\" \/>\n\t<meta name=\"twitter:data2\" content=\"2 minutes\" \/>\n<script type=\"application\/ld+json\" class=\"yoast-schema-graph\">{\"@context\":\"https:\/\/schema.org\",\"@graph\":[{\"@type\":\"WebPage\",\"@id\":\"https:\/\/www.ladiagonale.net\/index.php\/2025\/11\/02\/pocognoli-na-pas-voulu-sanctionner-biereth\/\",\"url\":\"https:\/\/www.ladiagonale.net\/index.php\/2025\/11\/02\/pocognoli-na-pas-voulu-sanctionner-biereth\/\",\"name\":\"Pocognoli n\u2019a pas voulu \u00ab&nbsp;sanctionner&nbsp;\u00bb Biereth - La Diagonale\",\"isPartOf\":{\"@id\":\"https:\/\/www.ladiagonale.net\/#website\"},\"datePublished\":\"2025-11-02T21:07:07+00:00\",\"dateModified\":\"2025-11-02T21:07:08+00:00\",\"author\":{\"@id\":\"https:\/\/www.ladiagonale.net\/#\/schema\/person\/79ff1e7b0853ed01b2aa26e64ad300bf\"},\"breadcrumb\":{\"@id\":\"https:\/\/www.ladiagonale.net\/index.php\/2025\/11\/02\/pocognoli-na-pas-voulu-sanctionner-biereth\/#breadcrumb\"},\"inLanguage\":\"fr-FR\",\"potentialAction\":[{\"@type\":\"ReadAction\",\"target\":[\"https:\/\/www.ladiagonale.net\/index.php\/2025\/11\/02\/pocognoli-na-pas-voulu-sanctionner-biereth\/\"]}]},{\"@type\":\"BreadcrumbList\",\"@id\":\"https:\/\/www.ladiagonale.net\/index.php\/2025\/11\/02\/pocognoli-na-pas-voulu-sanctionner-biereth\/#breadcrumb\",\"itemListElement\":[{\"@type\":\"ListItem\",\"position\":1,\"name\":\"Accueil\",\"item\":\"https:\/\/www.ladiagonale.net\/\"},{\"@type\":\"ListItem\",\"position\":2,\"name\":\"Pocognoli n\u2019a pas voulu \u00ab&nbsp;sanctionner&nbsp;\u00bb Biereth\"}]},{\"@type\":\"WebSite\",\"@id\":\"https:\/\/www.ladiagonale.net\/#website\",\"url\":\"https:\/\/www.ladiagonale.net\/\",\"name\":\"La Diagonale\",\"description\":\"Le site des supporters de l&#039;AS Monaco FC\",\"potentialAction\":[{\"@type\":\"SearchAction\",\"target\":{\"@type\":\"EntryPoint\",\"urlTemplate\":\"https:\/\/www.ladiagonale.net\/?s={search_term_string}\"},\"query-input\":\"required name=search_term_string\"}],\"inLanguage\":\"fr-FR\"},{\"@type\":\"Person\",\"@id\":\"https:\/\/www.ladiagonale.net\/#\/schema\/person\/79ff1e7b0853ed01b2aa26e64ad300bf\",\"name\":\"Damien Dellerba\",\"image\":{\"@type\":\"ImageObject\",\"inLanguage\":\"fr-FR\",\"@id\":\"https:\/\/www.ladiagonale.net\/#\/schema\/person\/image\/\",\"url\":\"https:\/\/secure.gravatar.com\/avatar\/c7850e06d3ff63cdbaee88b7fc16e2f0?s=96&d=mm&r=g\",\"contentUrl\":\"https:\/\/secure.gravatar.com\/avatar\/c7850e06d3ff63cdbaee88b7fc16e2f0?s=96&d=mm&r=g\",\"caption\":\"Damien Dellerba\"},\"url\":\"https:\/\/www.ladiagonale.net\/index.php\/author\/damien\/\"}]}<\/script>\n<!-- \/ Yoast SEO plugin. -->","yoast_head_json":{"title":"Pocognoli n\u2019a pas voulu \u00ab&nbsp;sanctionner&nbsp;\u00bb Biereth - La Diagonale","robots":{"index":"index","follow":"follow","max-snippet":"max-snippet:-1","max-image-preview":"max-image-preview:large","max-video-preview":"max-video-preview:-1"},"canonical":"https:\/\/www.ladiagonale.net\/index.php\/2025\/11\/02\/pocognoli-na-pas-voulu-sanctionner-biereth\/","og_locale":"fr_FR","og_type":"article","og_title":"Pocognoli n\u2019a pas voulu \u00ab&nbsp;sanctionner&nbsp;\u00bb Biereth - La Diagonale","og_description":"Mika Biereth est dans une mauvaise passe depuis plusieurs semaines, puisque son seul but cette saison a \u00e9t\u00e9 inscrit contre le FC Metz (5-2), le 21 septembre dernier. Titularis\u00e9 contre le PFC, pour la premi\u00e8re fois depuis le 18 octobre, l\u2019attaquant danois n\u2019a pass\u00e9 que 45 minutes sur le terrain et sa p\u00e9riode de disette [...]","og_url":"https:\/\/www.ladiagonale.net\/index.php\/2025\/11\/02\/pocognoli-na-pas-voulu-sanctionner-biereth\/","og_site_name":"La Diagonale","article_published_time":"2025-11-02T21:07:07+00:00","article_modified_time":"2025-11-02T21:07:08+00:00","og_image":[{"width":1160,"height":650,"url":"https:\/\/www.ladiagonale.net\/wp-content\/uploads\/2025\/09\/Biereth-metz.png","type":"image\/png"}],"author":"Damien Dellerba","twitter_card":"summary_large_image","twitter_image":"https:\/\/www.ladiagonale.net\/wp-content\/uploads\/2025\/09\/Biereth-metz.png","twitter_misc":{"\u00c9crit par":"Damien Dellerba","Dur\u00e9e de lecture estim\u00e9e":"2 minutes"},"schema":{"@context":"https:\/\/schema.org","@graph":[{"@type":"WebPage","@id":"https:\/\/www.ladiagonale.net\/index.php\/2025\/11\/02\/pocognoli-na-pas-voulu-sanctionner-biereth\/","url":"https:\/\/www.ladiagonale.net\/index.php\/2025\/11\/02\/pocognoli-na-pas-voulu-sanctionner-biereth\/","name":"Pocognoli n\u2019a pas voulu \u00ab&nbsp;sanctionner&nbsp;\u00bb Biereth - La Diagonale","isPartOf":{"@id":"https:\/\/www.ladiagonale.net\/#website"},"datePublished":"2025-11-02T21:07:07+00:00","dateModified":"2025-11-02T21:07:08+00:00","author":{"@id":"https:\/\/www.ladiagonale.net\/#\/schema\/person\/79ff1e7b0853ed01b2aa26e64ad300bf"},"breadcrumb":{"@id":"https:\/\/www.ladiagonale.net\/index.php\/2025\/11\/02\/pocognoli-na-pas-voulu-sanctionner-biereth\/#breadcrumb"},"inLanguage":"fr-FR","potentialAction":[{"@type":"ReadAction","target":["https:\/\/www.ladiagonale.net\/index.php\/2025\/11\/02\/pocognoli-na-pas-voulu-sanctionner-biereth\/"]}]},{"@type":"BreadcrumbList","@id":"https:\/\/www.ladiagonale.net\/index.php\/2025\/11\/02\/pocognoli-na-pas-voulu-sanctionner-biereth\/#breadcrumb","itemListElement":[{"@type":"ListItem","position":1,"name":"Accueil","item":"https:\/\/www.ladiagonale.net\/"},{"@type":"ListItem","position":2,"name":"Pocognoli n\u2019a pas voulu \u00ab&nbsp;sanctionner&nbsp;\u00bb Biereth"}]},{"@type":"WebSite","@id":"https:\/\/www.ladiagonale.net\/#website","url":"https:\/\/www.ladiagonale.net\/","name":"La Diagonale","description":"Le site des supporters de l&#039;AS Monaco FC","potentialAction":[{"@type":"SearchAction","target":{"@type":"EntryPoint","urlTemplate":"https:\/\/www.ladiagonale.net\/?s={search_term_string}"},"query-input":"required name=search_term_string"}],"inLanguage":"fr-FR"},{"@type":"Person","@id":"https:\/\/www.ladiagonale.net\/#\/schema\/person\/79ff1e7b0853ed01b2aa26e64ad300bf","name":"Damien Dellerba","image":{"@type":"ImageObject","inLanguage":"fr-FR","@id":"https:\/\/www.ladiagonale.net\/#\/schema\/person\/image\/","url":"https:\/\/secure.gravatar.com\/avatar\/c7850e06d3ff63cdbaee88b7fc16e2f0?s=96&d=mm&r=g","contentUrl":"https:\/\/secure.gravatar.com\/avatar\/c7850e06d3ff63cdbaee88b7fc16e2f0?s=96&d=mm&r=g","caption":"Damien Dellerba"},"url":"https:\/\/www.ladiagonale.net\/index.php\/author\/damien\/"}]}},"_links":{"self":[{"href":"https:\/\/www.ladiagonale.net\/index.php\/wp-json\/wp\/v2\/posts\/35007"}],"collection":[{"href":"https:\/\/www.ladiagonale.net\/index.php\/wp-json\/wp\/v2\/posts"}],"about":[{"href":"https:\/\/www.ladiagonale.net\/index.php\/wp-json\/wp\/v2\/types\/post"}],"author":[{"embeddable":true,"href":"https:\/\/www.ladiagonale.net\/index.php\/wp-json\/wp\/v2\/users\/2"}],"replies":[{"embeddable":true,"href":"https:\/\/www.ladiagonale.net\/index.php\/wp-json\/wp\/v2\/comments?post=35007"}],"version-history":[{"count":1,"href":"https:\/\/www.ladiagonale.net\/index.php\/wp-json\/wp\/v2\/posts\/35007\/revisions"}],"predecessor-version":[{"id":35008,"href":"https:\/\/www.ladiagonale.net\/index.php\/wp-json\/wp\/v2\/posts\/35007\/revisions\/35008"}],"wp:attachment":[{"href":"https:\/\/www.ladiagonale.net\/index.php\/wp-json\/wp\/v2\/media?parent=35007"}],"wp:term":[{"taxonomy":"category","embeddable":true,"href":"https:\/\/www.ladiagonale.net\/index.php\/wp-json\/wp\/v2\/categories?post=35007"},{"taxonomy":"post_tag","embeddable":true,"href":"https:\/\/www.ladiagonale.net\/index.php\/wp-json\/wp\/v2\/tags?post=35007"}],"curies":[{"name":"wp","href":"https:\/\/api.w.org\/{rel}","templated":true}]}}