{"id":35267,"date":"2025-11-15T14:00:56","date_gmt":"2025-11-15T13:00:56","guid":{"rendered":"https:\/\/www.ladiagonale.net\/?p=35267"},"modified":"2025-11-15T14:00:56","modified_gmt":"2025-11-15T13:00:56","slug":"pas-de-coupe-du-monde-pour-hradecky","status":"publish","type":"post","link":"https:\/\/www.ladiagonale.net\/index.php\/2025\/11\/15\/pas-de-coupe-du-monde-pour-hradecky\/","title":{"rendered":"Pas de Coupe du monde pour Hradecky"},"content":{"rendered":"\n<p>Alors que le nombre de qualifi\u00e9s de la zone Europe pour la prochaine Coupe du monde cro\u00eet \u00e0 mesure que la fin des \u00e9liminatoires approche, la Finlande ne sera pas de la partie, et donc Lukas Hradeky non plus. Les <em>Hiboux grands-ducs<\/em> ne conservaient qu\u2019un mince espoir de pouvoir se qualifier pour le mondial am\u00e9ricain mais ils ont \u00e9t\u00e9 cueillis \u00e0 froid par Malte (0-1), en fin de rencontre. Le gardien mon\u00e9gasque (101 s\u00e9lections) est rest\u00e9 sur le banc. La Finlande jouera une rencontre amicale, lundi, contre Andorre.<\/p>\n\n\n\n<p>Chez les Espoirs, Stanis Idumbo a jou\u00e9 64 minutes avec la Belgique contre l\u2019Autriche mais n\u2019a pas fait forte impression. Les Diablotins se sont inclin\u00e9s (0-1) et passent deuxi\u00e8me de leur groupe des \u00e9liminatoires pour l\u2019Euro 2027, \u00e0 \u00e9galit\u00e9 avec leur adversaire. La France a quant \u00e0 elle fait match nul (1-1) face \u00e0 la Suisse. Lucas Michal n\u2019est pas entr\u00e9 en jeu. Quatri\u00e8me de leur groupe, les Bleuets affronteront les \u00celes F\u00e9ro\u00e9, leader avec deux matches de plus.<\/p>\n\n\n","protected":false},"excerpt":{"rendered":"<p>Alors que le nombre de qualifi\u00e9s de la zone Europe pour la prochaine Coupe du monde cro\u00eet \u00e0 mesure que la fin des \u00e9liminatoires approche, la Finlande ne sera pas de la partie, et donc Lukas Hradeky non plus. Les Hiboux grands-ducs ne conservaient qu\u2019un mince espoir de pouvoir se qualifier pour le mondial am\u00e9ricain [&#8230;]\n","protected":false},"author":2,"featured_media":0,"comment_status":"open","ping_status":"open","sticky":false,"template":"","format":"standard","meta":[],"categories":[6,1111],"tags":[86,150,311,1113,543,1094,116,1117],"yoast_head":"<!-- This site is optimized with the Yoast SEO plugin v19.8 - https:\/\/yoast.com\/wordpress\/plugins\/seo\/ -->\n<title>Pas de Coupe du monde pour Hradecky - La Diagonale<\/title>\n<meta name=\"robots\" content=\"index, follow, max-snippet:-1, max-image-preview:large, max-video-preview:-1\" \/>\n<link rel=\"canonical\" href=\"https:\/\/www.ladiagonale.net\/index.php\/2025\/11\/15\/pas-de-coupe-du-monde-pour-hradecky\/\" \/>\n<meta property=\"og:locale\" content=\"fr_FR\" \/>\n<meta property=\"og:type\" content=\"article\" \/>\n<meta property=\"og:title\" content=\"Pas de Coupe du monde pour Hradecky - La Diagonale\" \/>\n<meta property=\"og:description\" content=\"Alors que le nombre de qualifi\u00e9s de la zone Europe pour la prochaine Coupe du monde cro\u00eet \u00e0 mesure que la fin des \u00e9liminatoires approche, la Finlande ne sera pas de la partie, et donc Lukas Hradeky non plus. Les Hiboux grands-ducs ne conservaient qu\u2019un mince espoir de pouvoir se qualifier pour le mondial am\u00e9ricain [...]\" \/>\n<meta property=\"og:url\" content=\"https:\/\/www.ladiagonale.net\/index.php\/2025\/11\/15\/pas-de-coupe-du-monde-pour-hradecky\/\" \/>\n<meta property=\"og:site_name\" content=\"La Diagonale\" \/>\n<meta property=\"article:published_time\" content=\"2025-11-15T13:00:56+00:00\" \/>\n<meta property=\"og:image\" content=\"https:\/\/www.ladiagonale.net\/wp-content\/uploads\/2025\/08\/Hradecky-finlande.png\" \/>\n\t<meta property=\"og:image:width\" content=\"1160\" \/>\n\t<meta property=\"og:image:height\" content=\"650\" \/>\n\t<meta property=\"og:image:type\" content=\"image\/png\" \/>\n<meta name=\"author\" content=\"Damien Dellerba\" \/>\n<meta name=\"twitter:card\" content=\"summary_large_image\" \/>\n<meta name=\"twitter:image\" content=\"https:\/\/www.ladiagonale.net\/wp-content\/uploads\/2025\/08\/Hradecky-finlande.png\" \/>\n<meta name=\"twitter:label1\" content=\"\u00c9crit par\" \/>\n\t<meta name=\"twitter:data1\" content=\"Damien Dellerba\" \/>\n\t<meta name=\"twitter:label2\" content=\"Dur\u00e9e de lecture estim\u00e9e\" \/>\n\t<meta name=\"twitter:data2\" content=\"1 minute\" \/>\n<script type=\"application\/ld+json\" class=\"yoast-schema-graph\">{\"@context\":\"https:\/\/schema.org\",\"@graph\":[{\"@type\":\"WebPage\",\"@id\":\"https:\/\/www.ladiagonale.net\/index.php\/2025\/11\/15\/pas-de-coupe-du-monde-pour-hradecky\/\",\"url\":\"https:\/\/www.ladiagonale.net\/index.php\/2025\/11\/15\/pas-de-coupe-du-monde-pour-hradecky\/\",\"name\":\"Pas de Coupe du monde pour Hradecky - La Diagonale\",\"isPartOf\":{\"@id\":\"https:\/\/www.ladiagonale.net\/#website\"},\"datePublished\":\"2025-11-15T13:00:56+00:00\",\"dateModified\":\"2025-11-15T13:00:56+00:00\",\"author\":{\"@id\":\"https:\/\/www.ladiagonale.net\/#\/schema\/person\/79ff1e7b0853ed01b2aa26e64ad300bf\"},\"breadcrumb\":{\"@id\":\"https:\/\/www.ladiagonale.net\/index.php\/2025\/11\/15\/pas-de-coupe-du-monde-pour-hradecky\/#breadcrumb\"},\"inLanguage\":\"fr-FR\",\"potentialAction\":[{\"@type\":\"ReadAction\",\"target\":[\"https:\/\/www.ladiagonale.net\/index.php\/2025\/11\/15\/pas-de-coupe-du-monde-pour-hradecky\/\"]}]},{\"@type\":\"BreadcrumbList\",\"@id\":\"https:\/\/www.ladiagonale.net\/index.php\/2025\/11\/15\/pas-de-coupe-du-monde-pour-hradecky\/#breadcrumb\",\"itemListElement\":[{\"@type\":\"ListItem\",\"position\":1,\"name\":\"Accueil\",\"item\":\"https:\/\/www.ladiagonale.net\/\"},{\"@type\":\"ListItem\",\"position\":2,\"name\":\"Pas de Coupe du monde pour Hradecky\"}]},{\"@type\":\"WebSite\",\"@id\":\"https:\/\/www.ladiagonale.net\/#website\",\"url\":\"https:\/\/www.ladiagonale.net\/\",\"name\":\"La Diagonale\",\"description\":\"Le site des supporters de l&#039;AS Monaco FC\",\"potentialAction\":[{\"@type\":\"SearchAction\",\"target\":{\"@type\":\"EntryPoint\",\"urlTemplate\":\"https:\/\/www.ladiagonale.net\/?s={search_term_string}\"},\"query-input\":\"required name=search_term_string\"}],\"inLanguage\":\"fr-FR\"},{\"@type\":\"Person\",\"@id\":\"https:\/\/www.ladiagonale.net\/#\/schema\/person\/79ff1e7b0853ed01b2aa26e64ad300bf\",\"name\":\"Damien Dellerba\",\"image\":{\"@type\":\"ImageObject\",\"inLanguage\":\"fr-FR\",\"@id\":\"https:\/\/www.ladiagonale.net\/#\/schema\/person\/image\/\",\"url\":\"https:\/\/secure.gravatar.com\/avatar\/c7850e06d3ff63cdbaee88b7fc16e2f0?s=96&d=mm&r=g\",\"contentUrl\":\"https:\/\/secure.gravatar.com\/avatar\/c7850e06d3ff63cdbaee88b7fc16e2f0?s=96&d=mm&r=g\",\"caption\":\"Damien Dellerba\"},\"url\":\"https:\/\/www.ladiagonale.net\/index.php\/author\/damien\/\"}]}<\/script>\n<!-- \/ Yoast SEO plugin. -->","yoast_head_json":{"title":"Pas de Coupe du monde pour Hradecky - La Diagonale","robots":{"index":"index","follow":"follow","max-snippet":"max-snippet:-1","max-image-preview":"max-image-preview:large","max-video-preview":"max-video-preview:-1"},"canonical":"https:\/\/www.ladiagonale.net\/index.php\/2025\/11\/15\/pas-de-coupe-du-monde-pour-hradecky\/","og_locale":"fr_FR","og_type":"article","og_title":"Pas de Coupe du monde pour Hradecky - La Diagonale","og_description":"Alors que le nombre de qualifi\u00e9s de la zone Europe pour la prochaine Coupe du monde cro\u00eet \u00e0 mesure que la fin des \u00e9liminatoires approche, la Finlande ne sera pas de la partie, et donc Lukas Hradeky non plus. Les Hiboux grands-ducs ne conservaient qu\u2019un mince espoir de pouvoir se qualifier pour le mondial am\u00e9ricain [...]","og_url":"https:\/\/www.ladiagonale.net\/index.php\/2025\/11\/15\/pas-de-coupe-du-monde-pour-hradecky\/","og_site_name":"La Diagonale","article_published_time":"2025-11-15T13:00:56+00:00","og_image":[{"width":1160,"height":650,"url":"https:\/\/www.ladiagonale.net\/wp-content\/uploads\/2025\/08\/Hradecky-finlande.png","type":"image\/png"}],"author":"Damien Dellerba","twitter_card":"summary_large_image","twitter_image":"https:\/\/www.ladiagonale.net\/wp-content\/uploads\/2025\/08\/Hradecky-finlande.png","twitter_misc":{"\u00c9crit par":"Damien Dellerba","Dur\u00e9e de lecture estim\u00e9e":"1 minute"},"schema":{"@context":"https:\/\/schema.org","@graph":[{"@type":"WebPage","@id":"https:\/\/www.ladiagonale.net\/index.php\/2025\/11\/15\/pas-de-coupe-du-monde-pour-hradecky\/","url":"https:\/\/www.ladiagonale.net\/index.php\/2025\/11\/15\/pas-de-coupe-du-monde-pour-hradecky\/","name":"Pas de Coupe du monde pour Hradecky - La Diagonale","isPartOf":{"@id":"https:\/\/www.ladiagonale.net\/#website"},"datePublished":"2025-11-15T13:00:56+00:00","dateModified":"2025-11-15T13:00:56+00:00","author":{"@id":"https:\/\/www.ladiagonale.net\/#\/schema\/person\/79ff1e7b0853ed01b2aa26e64ad300bf"},"breadcrumb":{"@id":"https:\/\/www.ladiagonale.net\/index.php\/2025\/11\/15\/pas-de-coupe-du-monde-pour-hradecky\/#breadcrumb"},"inLanguage":"fr-FR","potentialAction":[{"@type":"ReadAction","target":["https:\/\/www.ladiagonale.net\/index.php\/2025\/11\/15\/pas-de-coupe-du-monde-pour-hradecky\/"]}]},{"@type":"BreadcrumbList","@id":"https:\/\/www.ladiagonale.net\/index.php\/2025\/11\/15\/pas-de-coupe-du-monde-pour-hradecky\/#breadcrumb","itemListElement":[{"@type":"ListItem","position":1,"name":"Accueil","item":"https:\/\/www.ladiagonale.net\/"},{"@type":"ListItem","position":2,"name":"Pas de Coupe du monde pour Hradecky"}]},{"@type":"WebSite","@id":"https:\/\/www.ladiagonale.net\/#website","url":"https:\/\/www.ladiagonale.net\/","name":"La Diagonale","description":"Le site des supporters de l&#039;AS Monaco FC","potentialAction":[{"@type":"SearchAction","target":{"@type":"EntryPoint","urlTemplate":"https:\/\/www.ladiagonale.net\/?s={search_term_string}"},"query-input":"required name=search_term_string"}],"inLanguage":"fr-FR"},{"@type":"Person","@id":"https:\/\/www.ladiagonale.net\/#\/schema\/person\/79ff1e7b0853ed01b2aa26e64ad300bf","name":"Damien Dellerba","image":{"@type":"ImageObject","inLanguage":"fr-FR","@id":"https:\/\/www.ladiagonale.net\/#\/schema\/person\/image\/","url":"https:\/\/secure.gravatar.com\/avatar\/c7850e06d3ff63cdbaee88b7fc16e2f0?s=96&d=mm&r=g","contentUrl":"https:\/\/secure.gravatar.com\/avatar\/c7850e06d3ff63cdbaee88b7fc16e2f0?s=96&d=mm&r=g","caption":"Damien Dellerba"},"url":"https:\/\/www.ladiagonale.net\/index.php\/author\/damien\/"}]}},"_links":{"self":[{"href":"https:\/\/www.ladiagonale.net\/index.php\/wp-json\/wp\/v2\/posts\/35267"}],"collection":[{"href":"https:\/\/www.ladiagonale.net\/index.php\/wp-json\/wp\/v2\/posts"}],"about":[{"href":"https:\/\/www.ladiagonale.net\/index.php\/wp-json\/wp\/v2\/types\/post"}],"author":[{"embeddable":true,"href":"https:\/\/www.ladiagonale.net\/index.php\/wp-json\/wp\/v2\/users\/2"}],"replies":[{"embeddable":true,"href":"https:\/\/www.ladiagonale.net\/index.php\/wp-json\/wp\/v2\/comments?post=35267"}],"version-history":[{"count":1,"href":"https:\/\/www.ladiagonale.net\/index.php\/wp-json\/wp\/v2\/posts\/35267\/revisions"}],"predecessor-version":[{"id":35268,"href":"https:\/\/www.ladiagonale.net\/index.php\/wp-json\/wp\/v2\/posts\/35267\/revisions\/35268"}],"wp:attachment":[{"href":"https:\/\/www.ladiagonale.net\/index.php\/wp-json\/wp\/v2\/media?parent=35267"}],"wp:term":[{"taxonomy":"category","embeddable":true,"href":"https:\/\/www.ladiagonale.net\/index.php\/wp-json\/wp\/v2\/categories?post=35267"},{"taxonomy":"post_tag","embeddable":true,"href":"https:\/\/www.ladiagonale.net\/index.php\/wp-json\/wp\/v2\/tags?post=35267"}],"curies":[{"name":"wp","href":"https:\/\/api.w.org\/{rel}","templated":true}]}}