{"id":35494,"date":"2025-11-29T13:44:23","date_gmt":"2025-11-29T12:44:23","guid":{"rendered":"https:\/\/www.ladiagonale.net\/?p=35494"},"modified":"2025-11-29T13:44:23","modified_gmt":"2025-11-29T12:44:23","slug":"en-pleine-zone-de-turbulences","status":"publish","type":"post","link":"https:\/\/www.ladiagonale.net\/index.php\/2025\/11\/29\/en-pleine-zone-de-turbulences\/","title":{"rendered":"En pleine zone de turbulences"},"content":{"rendered":"\n<p><strong>L\u2019AS Monaco a conc\u00e9d\u00e9 un nul rageant \u00e0 Paphos (2-2), mercredi, en Ligue des champions et apr\u00e8s deux lourdes d\u00e9faites en Ligue 1, elle doit \u00e0 tout prix se relancer. Mais pas s\u00fbr que la r\u00e9ception du PSG le permette.<\/strong><\/p>\n\n\n\n<p>Mohammed Salisu n\u2019\u00e9tait pas ravi \u00e0 l\u2019issue du match contre Paphos, mercredi. Le d\u00e9fenseur central venait de recevoir le troph\u00e9e d\u2019homme du match de la part de l\u2019UEFA mais auparavant, il avait surtout envoy\u00e9 involontairement le ballon dans ses propres filets, enlevant \u00e0 son \u00e9quipe la possibilit\u00e9 de ramener trois points pourtant capitaux de son voyage chypriote. En zone mixte, le Ghan\u00e9en semblait en avoir gros sur le c\u0153ur et il n\u2019a fallu que quelques mots pour mettre le feu aux poudres. \u00ab&nbsp;<em>Nous avons besoin d\u2019avoir des joueurs qui ont la bonne mentalit\u00e9. (&#8230;) Parce qu\u2019en d\u00e9fense, \u00e7a se passe bien. On court, on s\u2019aide les uns les autres mais devant, ce n\u2019est pas le cas.<\/em>&nbsp;\u00bb. Difficile de savoir qui Salisu visait dans sa d\u00e9claration mais elle traduit un certain malaise qui s\u2019installe dans le vestiaire, aussi faute de r\u00e9sultats.<\/p>\n\n\n\n<p>Celui-ci a \u00e9t\u00e9 confirm\u00e9 en conf\u00e9rence de presse par le nouveau gardien Lukas Hradecky, qui doit bien se demander dans quel bourbier il est venu se ficher cet \u00e9t\u00e9, apr\u00e8s avoir quitt\u00e9 le Bayer Leverkusen :\u00ab&nbsp;<em>J\u2019ai aussi entendu ce que Mohammed Salisu a exprim\u00e9, et m\u00eame s\u2019il l\u2019a fait de mani\u00e8re maladroite, je vois du positif l\u00e0-dedans. Les mots n\u2019\u00e9taient pas forc\u00e9ment appropri\u00e9s mais sa r\u00e9action montre bien qu\u2019il avait envie de gagner.&nbsp;<\/em>\u00bb Une sortie qui montre que les choses sont loin d&rsquo;\u00eatre aussi positives que pr\u00e9sent\u00e9es, le Finlandais ayant d\u2019ailleurs reconnu une discussion dans le vestiaire \u00e0 l\u2019issue du match.<\/p>\n\n\n\n<p>Arriv\u00e9 pour r\u00e9soudre un probl\u00e8me sur lequel de nombreux techniciens mon\u00e9gasques se sont cass\u00e9s les dents ces derni\u00e8res ann\u00e9es, S\u00e9bastien Pocognoli n\u2019a pas chang\u00e9 grand-chose. Force est de constater que la dynamique ne s\u2019est pas invers\u00e9e et ni les r\u00e9sultats, ni le jeu ne se sont am\u00e9lior\u00e9s depuis que le Belge a pris place sur le banc de touche. Et surtout, il ne semble pas avoir uni un groupe qui ne tirait d\u00e9j\u00e0 plus dans le m\u00eame sens sous Adi H\u00fctter. Pourtant, l\u2019ancien manager de l\u2019Union Saint-Gilloise s\u2019accroche pour essayer de redresser la barre, mais sur d&rsquo;autres points, il semble d\u00e9j\u00e0 r\u00e9sign\u00e9.<\/p>\n\n\n\n<p>Il y a quelques semaines, il avait indiqu\u00e9 vouloir faire de Maghnes Akliouche un leader par la voix, id\u00e9e d\u00e9j\u00e0 remis\u00e9e au placard : \u00ab&nbsp;<em>Il ne sera jamais un leader vocal, c\u2019est son temp\u00e9rament.<\/em>&nbsp;\u00bb Le discours paraissait saugrenu \u00e0 l\u2019\u00e9poque pour les suiveurs du club, qui connaissent le caract\u00e8re introverti de l\u2019international fran\u00e7ais. Il d\u00e9montrait soit un exc\u00e8s d\u2019optimisme de la part de Pocognoli, au mieux, soit une m\u00e9connaissance de son groupe, ce qui est bien naturel quand on arrive. Mais ce r\u00e9trop\u00e9dalage est un d\u00e9saveu terrible et un symbole de ses difficult\u00e9s \u00e0 prendre la main sur son vestiaire. \u00ab&nbsp;<em>Certains leaders \u00e9mergent mais il en faudrait plus<\/em> \u00bb, a-t-il regrett\u00e9 ensuite.<\/p>\n\n\n\n<p>Le Belge pourra au moins compter sur le leadership technique d\u2019Akliouche sur le terrain. Le milieu offensif de 23 ans peut d\u00e9cevoir ou ne pas se montrer toujours \u00e0 la hauteur de son nouveau statut d\u2019international, mais il est bien souvent le seul \u00e0 apporter la lumi\u00e8re dans cette \u00e9quipe, comme \u00e0 Limassol, mercredi. Ce n\u2019est pas le cas de Denis Zakaria. Le capitaine mon\u00e9gasque est suspendu contre Paris et on est tent\u00e9 de penser que cette absence p\u00e8sera lourd. Mais le Suisse est tellement \u00e0 c\u00f4t\u00e9 de ses pompes depuis le d\u00e9but de la saison, y compris depuis les deux titularisations qui ont suivi son retour de blessure, qu\u2019il est permis d\u2019en douter. Le doute c\u2019est sans doute ce qui habite l\u2019ASM en ce moment et la venue du champion de France en Principaut\u00e9 risque de ne rien arranger. <\/p>\n","protected":false},"excerpt":{"rendered":"<p>L\u2019AS Monaco a conc\u00e9d\u00e9 un nul rageant \u00e0 Paphos (2-2), mercredi, en Ligue des champions et apr\u00e8s deux lourdes d\u00e9faites en Ligue 1, elle doit \u00e0 tout prix se relancer. Mais pas s\u00fbr que la r\u00e9ception du PSG le permette. Mohammed Salisu n\u2019\u00e9tait pas ravi \u00e0 l\u2019issue du match contre Paphos, mercredi. Le d\u00e9fenseur central [&#8230;]\n","protected":false},"author":2,"featured_media":35496,"comment_status":"closed","ping_status":"open","sticky":false,"template":"","format":"standard","meta":[],"categories":[5,6],"tags":[86,94,786],"yoast_head":"<!-- This site is optimized with the Yoast SEO plugin v19.8 - https:\/\/yoast.com\/wordpress\/plugins\/seo\/ -->\n<title>En pleine zone de turbulences - La Diagonale<\/title>\n<meta name=\"robots\" content=\"index, follow, max-snippet:-1, max-image-preview:large, max-video-preview:-1\" \/>\n<link rel=\"canonical\" href=\"https:\/\/www.ladiagonale.net\/index.php\/2025\/11\/29\/en-pleine-zone-de-turbulences\/\" \/>\n<meta property=\"og:locale\" content=\"fr_FR\" \/>\n<meta property=\"og:type\" content=\"article\" \/>\n<meta property=\"og:title\" content=\"En pleine zone de turbulences - La Diagonale\" \/>\n<meta property=\"og:description\" content=\"L\u2019AS Monaco a conc\u00e9d\u00e9 un nul rageant \u00e0 Paphos (2-2), mercredi, en Ligue des champions et apr\u00e8s deux lourdes d\u00e9faites en Ligue 1, elle doit \u00e0 tout prix se relancer. Mais pas s\u00fbr que la r\u00e9ception du PSG le permette. Mohammed Salisu n\u2019\u00e9tait pas ravi \u00e0 l\u2019issue du match contre Paphos, mercredi. Le d\u00e9fenseur central [...]\" \/>\n<meta property=\"og:url\" content=\"https:\/\/www.ladiagonale.net\/index.php\/2025\/11\/29\/en-pleine-zone-de-turbulences\/\" \/>\n<meta property=\"og:site_name\" content=\"La Diagonale\" \/>\n<meta property=\"article:published_time\" content=\"2025-11-29T12:44:23+00:00\" \/>\n<meta property=\"og:image\" content=\"https:\/\/www.ladiagonale.net\/wp-content\/uploads\/2025\/11\/de\u0301ception-paphos.png\" \/>\n\t<meta property=\"og:image:width\" content=\"1160\" \/>\n\t<meta property=\"og:image:height\" content=\"650\" \/>\n\t<meta property=\"og:image:type\" content=\"image\/png\" \/>\n<meta name=\"author\" content=\"Damien Dellerba\" \/>\n<meta name=\"twitter:card\" content=\"summary_large_image\" \/>\n<meta name=\"twitter:image\" content=\"https:\/\/www.ladiagonale.net\/wp-content\/uploads\/2025\/11\/de\u0301ception-paphos.png\" \/>\n<meta name=\"twitter:label1\" content=\"\u00c9crit par\" \/>\n\t<meta name=\"twitter:data1\" content=\"Damien Dellerba\" \/>\n\t<meta name=\"twitter:label2\" content=\"Dur\u00e9e de lecture estim\u00e9e\" \/>\n\t<meta name=\"twitter:data2\" content=\"3 minutes\" \/>\n<script type=\"application\/ld+json\" class=\"yoast-schema-graph\">{\"@context\":\"https:\/\/schema.org\",\"@graph\":[{\"@type\":\"WebPage\",\"@id\":\"https:\/\/www.ladiagonale.net\/index.php\/2025\/11\/29\/en-pleine-zone-de-turbulences\/\",\"url\":\"https:\/\/www.ladiagonale.net\/index.php\/2025\/11\/29\/en-pleine-zone-de-turbulences\/\",\"name\":\"En pleine zone de turbulences - La Diagonale\",\"isPartOf\":{\"@id\":\"https:\/\/www.ladiagonale.net\/#website\"},\"datePublished\":\"2025-11-29T12:44:23+00:00\",\"dateModified\":\"2025-11-29T12:44:23+00:00\",\"author\":{\"@id\":\"https:\/\/www.ladiagonale.net\/#\/schema\/person\/79ff1e7b0853ed01b2aa26e64ad300bf\"},\"breadcrumb\":{\"@id\":\"https:\/\/www.ladiagonale.net\/index.php\/2025\/11\/29\/en-pleine-zone-de-turbulences\/#breadcrumb\"},\"inLanguage\":\"fr-FR\",\"potentialAction\":[{\"@type\":\"ReadAction\",\"target\":[\"https:\/\/www.ladiagonale.net\/index.php\/2025\/11\/29\/en-pleine-zone-de-turbulences\/\"]}]},{\"@type\":\"BreadcrumbList\",\"@id\":\"https:\/\/www.ladiagonale.net\/index.php\/2025\/11\/29\/en-pleine-zone-de-turbulences\/#breadcrumb\",\"itemListElement\":[{\"@type\":\"ListItem\",\"position\":1,\"name\":\"Accueil\",\"item\":\"https:\/\/www.ladiagonale.net\/\"},{\"@type\":\"ListItem\",\"position\":2,\"name\":\"En pleine zone de turbulences\"}]},{\"@type\":\"WebSite\",\"@id\":\"https:\/\/www.ladiagonale.net\/#website\",\"url\":\"https:\/\/www.ladiagonale.net\/\",\"name\":\"La Diagonale\",\"description\":\"Le site des supporters de l&#039;AS Monaco FC\",\"potentialAction\":[{\"@type\":\"SearchAction\",\"target\":{\"@type\":\"EntryPoint\",\"urlTemplate\":\"https:\/\/www.ladiagonale.net\/?s={search_term_string}\"},\"query-input\":\"required name=search_term_string\"}],\"inLanguage\":\"fr-FR\"},{\"@type\":\"Person\",\"@id\":\"https:\/\/www.ladiagonale.net\/#\/schema\/person\/79ff1e7b0853ed01b2aa26e64ad300bf\",\"name\":\"Damien Dellerba\",\"image\":{\"@type\":\"ImageObject\",\"inLanguage\":\"fr-FR\",\"@id\":\"https:\/\/www.ladiagonale.net\/#\/schema\/person\/image\/\",\"url\":\"https:\/\/secure.gravatar.com\/avatar\/c7850e06d3ff63cdbaee88b7fc16e2f0?s=96&d=mm&r=g\",\"contentUrl\":\"https:\/\/secure.gravatar.com\/avatar\/c7850e06d3ff63cdbaee88b7fc16e2f0?s=96&d=mm&r=g\",\"caption\":\"Damien Dellerba\"},\"url\":\"https:\/\/www.ladiagonale.net\/index.php\/author\/damien\/\"}]}<\/script>\n<!-- \/ Yoast SEO plugin. -->","yoast_head_json":{"title":"En pleine zone de turbulences - La Diagonale","robots":{"index":"index","follow":"follow","max-snippet":"max-snippet:-1","max-image-preview":"max-image-preview:large","max-video-preview":"max-video-preview:-1"},"canonical":"https:\/\/www.ladiagonale.net\/index.php\/2025\/11\/29\/en-pleine-zone-de-turbulences\/","og_locale":"fr_FR","og_type":"article","og_title":"En pleine zone de turbulences - La Diagonale","og_description":"L\u2019AS Monaco a conc\u00e9d\u00e9 un nul rageant \u00e0 Paphos (2-2), mercredi, en Ligue des champions et apr\u00e8s deux lourdes d\u00e9faites en Ligue 1, elle doit \u00e0 tout prix se relancer. Mais pas s\u00fbr que la r\u00e9ception du PSG le permette. Mohammed Salisu n\u2019\u00e9tait pas ravi \u00e0 l\u2019issue du match contre Paphos, mercredi. Le d\u00e9fenseur central [...]","og_url":"https:\/\/www.ladiagonale.net\/index.php\/2025\/11\/29\/en-pleine-zone-de-turbulences\/","og_site_name":"La Diagonale","article_published_time":"2025-11-29T12:44:23+00:00","og_image":[{"width":1160,"height":650,"url":"https:\/\/www.ladiagonale.net\/wp-content\/uploads\/2025\/11\/de\u0301ception-paphos.png","type":"image\/png"}],"author":"Damien Dellerba","twitter_card":"summary_large_image","twitter_image":"https:\/\/www.ladiagonale.net\/wp-content\/uploads\/2025\/11\/de\u0301ception-paphos.png","twitter_misc":{"\u00c9crit par":"Damien Dellerba","Dur\u00e9e de lecture estim\u00e9e":"3 minutes"},"schema":{"@context":"https:\/\/schema.org","@graph":[{"@type":"WebPage","@id":"https:\/\/www.ladiagonale.net\/index.php\/2025\/11\/29\/en-pleine-zone-de-turbulences\/","url":"https:\/\/www.ladiagonale.net\/index.php\/2025\/11\/29\/en-pleine-zone-de-turbulences\/","name":"En pleine zone de turbulences - La Diagonale","isPartOf":{"@id":"https:\/\/www.ladiagonale.net\/#website"},"datePublished":"2025-11-29T12:44:23+00:00","dateModified":"2025-11-29T12:44:23+00:00","author":{"@id":"https:\/\/www.ladiagonale.net\/#\/schema\/person\/79ff1e7b0853ed01b2aa26e64ad300bf"},"breadcrumb":{"@id":"https:\/\/www.ladiagonale.net\/index.php\/2025\/11\/29\/en-pleine-zone-de-turbulences\/#breadcrumb"},"inLanguage":"fr-FR","potentialAction":[{"@type":"ReadAction","target":["https:\/\/www.ladiagonale.net\/index.php\/2025\/11\/29\/en-pleine-zone-de-turbulences\/"]}]},{"@type":"BreadcrumbList","@id":"https:\/\/www.ladiagonale.net\/index.php\/2025\/11\/29\/en-pleine-zone-de-turbulences\/#breadcrumb","itemListElement":[{"@type":"ListItem","position":1,"name":"Accueil","item":"https:\/\/www.ladiagonale.net\/"},{"@type":"ListItem","position":2,"name":"En pleine zone de turbulences"}]},{"@type":"WebSite","@id":"https:\/\/www.ladiagonale.net\/#website","url":"https:\/\/www.ladiagonale.net\/","name":"La Diagonale","description":"Le site des supporters de l&#039;AS Monaco FC","potentialAction":[{"@type":"SearchAction","target":{"@type":"EntryPoint","urlTemplate":"https:\/\/www.ladiagonale.net\/?s={search_term_string}"},"query-input":"required name=search_term_string"}],"inLanguage":"fr-FR"},{"@type":"Person","@id":"https:\/\/www.ladiagonale.net\/#\/schema\/person\/79ff1e7b0853ed01b2aa26e64ad300bf","name":"Damien Dellerba","image":{"@type":"ImageObject","inLanguage":"fr-FR","@id":"https:\/\/www.ladiagonale.net\/#\/schema\/person\/image\/","url":"https:\/\/secure.gravatar.com\/avatar\/c7850e06d3ff63cdbaee88b7fc16e2f0?s=96&d=mm&r=g","contentUrl":"https:\/\/secure.gravatar.com\/avatar\/c7850e06d3ff63cdbaee88b7fc16e2f0?s=96&d=mm&r=g","caption":"Damien Dellerba"},"url":"https:\/\/www.ladiagonale.net\/index.php\/author\/damien\/"}]}},"_links":{"self":[{"href":"https:\/\/www.ladiagonale.net\/index.php\/wp-json\/wp\/v2\/posts\/35494"}],"collection":[{"href":"https:\/\/www.ladiagonale.net\/index.php\/wp-json\/wp\/v2\/posts"}],"about":[{"href":"https:\/\/www.ladiagonale.net\/index.php\/wp-json\/wp\/v2\/types\/post"}],"author":[{"embeddable":true,"href":"https:\/\/www.ladiagonale.net\/index.php\/wp-json\/wp\/v2\/users\/2"}],"replies":[{"embeddable":true,"href":"https:\/\/www.ladiagonale.net\/index.php\/wp-json\/wp\/v2\/comments?post=35494"}],"version-history":[{"count":4,"href":"https:\/\/www.ladiagonale.net\/index.php\/wp-json\/wp\/v2\/posts\/35494\/revisions"}],"predecessor-version":[{"id":35499,"href":"https:\/\/www.ladiagonale.net\/index.php\/wp-json\/wp\/v2\/posts\/35494\/revisions\/35499"}],"wp:featuredmedia":[{"embeddable":true,"href":"https:\/\/www.ladiagonale.net\/index.php\/wp-json\/wp\/v2\/media\/35496"}],"wp:attachment":[{"href":"https:\/\/www.ladiagonale.net\/index.php\/wp-json\/wp\/v2\/media?parent=35494"}],"wp:term":[{"taxonomy":"category","embeddable":true,"href":"https:\/\/www.ladiagonale.net\/index.php\/wp-json\/wp\/v2\/categories?post=35494"},{"taxonomy":"post_tag","embeddable":true,"href":"https:\/\/www.ladiagonale.net\/index.php\/wp-json\/wp\/v2\/tags?post=35494"}],"curies":[{"name":"wp","href":"https:\/\/api.w.org\/{rel}","templated":true}]}}