{"id":35643,"date":"2025-12-06T08:56:00","date_gmt":"2025-12-06T07:56:00","guid":{"rendered":"https:\/\/www.ladiagonale.net\/?p=35643"},"modified":"2025-12-06T03:59:49","modified_gmt":"2025-12-06T02:59:49","slug":"camara-le-probleme-cest-nous","status":"publish","type":"post","link":"https:\/\/www.ladiagonale.net\/index.php\/2025\/12\/06\/camara-le-probleme-cest-nous\/","title":{"rendered":"Camara : \u00ab\u00a0Le probl\u00e8me, c\u2019est nous !\u00a0\u00bb"},"content":{"rendered":"\n\n\n<p>Monaco a subi un nouveau revers sur la pelouse de Brest, vendredi. Une d\u00e9faite qui a fait sortir de sa r\u00e9serve Lamine Camara, conscient que le probl\u00e8me ne venait pas de son nouvel entra\u00eeneur mais de l\u2019\u00e9quipe : \u00ab<em>\u00a0Nous sommes tous des professionnels, bien s\u00fbr qu\u2019il y a eu un effet positif (avec Pocognoli) et nous le constatons chaque jour \u00e0 ses c\u00f4t\u00e9s. L\u2019\u00e9quipe s\u2019est vite adapt\u00e9e \u00e0 ses principes et le probl\u00e8me, ce sont nous, les joueurs. Il faut rectifier ces erreurs et nous allons le faire rapidement. Chacun doit \u00eatre plus exigeant envers soi-m\u00eame et nous irons de l\u2019avant tous ensemble.\u00a0<\/em>\u00bb<\/p>\n\n\n\n<p>Le S\u00e9n\u00e9galais reconna\u00eet la spirale n\u00e9gative, que la victoire contre le PSG ne saurait faire passer : \u00ab\u00a0<em>Nous sommes conscients qu\u2019il faut encore progresser et ramener l\u2019\u00e9quipe l\u00e0 o\u00f9 elle doit \u00eatre. En ce moment, c\u2019est difficile et nous allons parler entre nous ainsi qu\u2019avec le coach pour corriger rapidement ce qui nous manque. Nous perdons des points qui peuvent nous manquer en fin de championnat donc il faut vite relever la t\u00eate, m\u00eame s\u2019il reste beaucoup de matchs. Il faut avoir confiance en nous et le podium reste l\u2019objectif donc nous allons tout faire pour renverser la tendance, car c\u2019est l\u00e0 que l\u2019AS Monaco doit \u00eatre !\u00a0<\/em>\u00bb<\/p>\n","protected":false},"excerpt":{"rendered":"<p>Monaco a subi un nouveau revers sur la pelouse de Brest, vendredi. Une d\u00e9faite qui a fait sortir de sa r\u00e9serve Lamine Camara, conscient que le probl\u00e8me ne venait pas de son nouvel entra\u00eeneur mais de l\u2019\u00e9quipe : \u00ab\u00a0Nous sommes tous des professionnels, bien s\u00fbr qu\u2019il y a eu un effet positif (avec Pocognoli) et [&#8230;]\n","protected":false},"author":2,"featured_media":0,"comment_status":"open","ping_status":"open","sticky":false,"template":"","format":"standard","meta":[],"categories":[6,1000],"tags":[86,373,894,94],"yoast_head":"<!-- This site is optimized with the Yoast SEO plugin v19.8 - https:\/\/yoast.com\/wordpress\/plugins\/seo\/ -->\n<title>Camara : \u00ab\u00a0Le probl\u00e8me, c\u2019est nous !\u00a0\u00bb - La Diagonale<\/title>\n<meta name=\"robots\" content=\"index, follow, max-snippet:-1, max-image-preview:large, max-video-preview:-1\" \/>\n<link rel=\"canonical\" href=\"https:\/\/www.ladiagonale.net\/index.php\/2025\/12\/06\/camara-le-probleme-cest-nous\/\" \/>\n<meta property=\"og:locale\" content=\"fr_FR\" \/>\n<meta property=\"og:type\" content=\"article\" \/>\n<meta property=\"og:title\" content=\"Camara : \u00ab\u00a0Le probl\u00e8me, c\u2019est nous !\u00a0\u00bb - La Diagonale\" \/>\n<meta property=\"og:description\" content=\"Monaco a subi un nouveau revers sur la pelouse de Brest, vendredi. Une d\u00e9faite qui a fait sortir de sa r\u00e9serve Lamine Camara, conscient que le probl\u00e8me ne venait pas de son nouvel entra\u00eeneur mais de l\u2019\u00e9quipe : \u00ab\u00a0Nous sommes tous des professionnels, bien s\u00fbr qu\u2019il y a eu un effet positif (avec Pocognoli) et [...]\" \/>\n<meta property=\"og:url\" content=\"https:\/\/www.ladiagonale.net\/index.php\/2025\/12\/06\/camara-le-probleme-cest-nous\/\" \/>\n<meta property=\"og:site_name\" content=\"La Diagonale\" \/>\n<meta property=\"article:published_time\" content=\"2025-12-06T07:56:00+00:00\" \/>\n<meta property=\"article:modified_time\" content=\"2025-12-06T02:59:49+00:00\" \/>\n<meta property=\"og:image\" content=\"https:\/\/www.ladiagonale.net\/wp-content\/uploads\/2025\/09\/Camara-Bruges.png\" \/>\n\t<meta property=\"og:image:width\" content=\"1160\" \/>\n\t<meta property=\"og:image:height\" content=\"650\" \/>\n\t<meta property=\"og:image:type\" content=\"image\/png\" \/>\n<meta name=\"author\" content=\"Damien Dellerba\" \/>\n<meta name=\"twitter:card\" content=\"summary_large_image\" \/>\n<meta name=\"twitter:image\" content=\"https:\/\/www.ladiagonale.net\/wp-content\/uploads\/2025\/09\/Camara-Bruges.png\" \/>\n<meta name=\"twitter:label1\" content=\"\u00c9crit par\" \/>\n\t<meta name=\"twitter:data1\" content=\"Damien Dellerba\" \/>\n\t<meta name=\"twitter:label2\" content=\"Dur\u00e9e de lecture estim\u00e9e\" \/>\n\t<meta name=\"twitter:data2\" content=\"2 minutes\" \/>\n<script type=\"application\/ld+json\" class=\"yoast-schema-graph\">{\"@context\":\"https:\/\/schema.org\",\"@graph\":[{\"@type\":\"WebPage\",\"@id\":\"https:\/\/www.ladiagonale.net\/index.php\/2025\/12\/06\/camara-le-probleme-cest-nous\/\",\"url\":\"https:\/\/www.ladiagonale.net\/index.php\/2025\/12\/06\/camara-le-probleme-cest-nous\/\",\"name\":\"Camara : \u00ab\u00a0Le probl\u00e8me, c\u2019est nous !\u00a0\u00bb - La Diagonale\",\"isPartOf\":{\"@id\":\"https:\/\/www.ladiagonale.net\/#website\"},\"datePublished\":\"2025-12-06T07:56:00+00:00\",\"dateModified\":\"2025-12-06T02:59:49+00:00\",\"author\":{\"@id\":\"https:\/\/www.ladiagonale.net\/#\/schema\/person\/79ff1e7b0853ed01b2aa26e64ad300bf\"},\"breadcrumb\":{\"@id\":\"https:\/\/www.ladiagonale.net\/index.php\/2025\/12\/06\/camara-le-probleme-cest-nous\/#breadcrumb\"},\"inLanguage\":\"fr-FR\",\"potentialAction\":[{\"@type\":\"ReadAction\",\"target\":[\"https:\/\/www.ladiagonale.net\/index.php\/2025\/12\/06\/camara-le-probleme-cest-nous\/\"]}]},{\"@type\":\"BreadcrumbList\",\"@id\":\"https:\/\/www.ladiagonale.net\/index.php\/2025\/12\/06\/camara-le-probleme-cest-nous\/#breadcrumb\",\"itemListElement\":[{\"@type\":\"ListItem\",\"position\":1,\"name\":\"Accueil\",\"item\":\"https:\/\/www.ladiagonale.net\/\"},{\"@type\":\"ListItem\",\"position\":2,\"name\":\"Camara : \u00ab\u00a0Le probl\u00e8me, c\u2019est nous !\u00a0\u00bb\"}]},{\"@type\":\"WebSite\",\"@id\":\"https:\/\/www.ladiagonale.net\/#website\",\"url\":\"https:\/\/www.ladiagonale.net\/\",\"name\":\"La Diagonale\",\"description\":\"Le site des supporters de l&#039;AS Monaco FC\",\"potentialAction\":[{\"@type\":\"SearchAction\",\"target\":{\"@type\":\"EntryPoint\",\"urlTemplate\":\"https:\/\/www.ladiagonale.net\/?s={search_term_string}\"},\"query-input\":\"required name=search_term_string\"}],\"inLanguage\":\"fr-FR\"},{\"@type\":\"Person\",\"@id\":\"https:\/\/www.ladiagonale.net\/#\/schema\/person\/79ff1e7b0853ed01b2aa26e64ad300bf\",\"name\":\"Damien Dellerba\",\"image\":{\"@type\":\"ImageObject\",\"inLanguage\":\"fr-FR\",\"@id\":\"https:\/\/www.ladiagonale.net\/#\/schema\/person\/image\/\",\"url\":\"https:\/\/secure.gravatar.com\/avatar\/c7850e06d3ff63cdbaee88b7fc16e2f0?s=96&d=mm&r=g\",\"contentUrl\":\"https:\/\/secure.gravatar.com\/avatar\/c7850e06d3ff63cdbaee88b7fc16e2f0?s=96&d=mm&r=g\",\"caption\":\"Damien Dellerba\"},\"url\":\"https:\/\/www.ladiagonale.net\/index.php\/author\/damien\/\"}]}<\/script>\n<!-- \/ Yoast SEO plugin. -->","yoast_head_json":{"title":"Camara : \u00ab\u00a0Le probl\u00e8me, c\u2019est nous !\u00a0\u00bb - La Diagonale","robots":{"index":"index","follow":"follow","max-snippet":"max-snippet:-1","max-image-preview":"max-image-preview:large","max-video-preview":"max-video-preview:-1"},"canonical":"https:\/\/www.ladiagonale.net\/index.php\/2025\/12\/06\/camara-le-probleme-cest-nous\/","og_locale":"fr_FR","og_type":"article","og_title":"Camara : \u00ab\u00a0Le probl\u00e8me, c\u2019est nous !\u00a0\u00bb - La Diagonale","og_description":"Monaco a subi un nouveau revers sur la pelouse de Brest, vendredi. Une d\u00e9faite qui a fait sortir de sa r\u00e9serve Lamine Camara, conscient que le probl\u00e8me ne venait pas de son nouvel entra\u00eeneur mais de l\u2019\u00e9quipe : \u00ab\u00a0Nous sommes tous des professionnels, bien s\u00fbr qu\u2019il y a eu un effet positif (avec Pocognoli) et [...]","og_url":"https:\/\/www.ladiagonale.net\/index.php\/2025\/12\/06\/camara-le-probleme-cest-nous\/","og_site_name":"La Diagonale","article_published_time":"2025-12-06T07:56:00+00:00","article_modified_time":"2025-12-06T02:59:49+00:00","og_image":[{"width":1160,"height":650,"url":"https:\/\/www.ladiagonale.net\/wp-content\/uploads\/2025\/09\/Camara-Bruges.png","type":"image\/png"}],"author":"Damien Dellerba","twitter_card":"summary_large_image","twitter_image":"https:\/\/www.ladiagonale.net\/wp-content\/uploads\/2025\/09\/Camara-Bruges.png","twitter_misc":{"\u00c9crit par":"Damien Dellerba","Dur\u00e9e de lecture estim\u00e9e":"2 minutes"},"schema":{"@context":"https:\/\/schema.org","@graph":[{"@type":"WebPage","@id":"https:\/\/www.ladiagonale.net\/index.php\/2025\/12\/06\/camara-le-probleme-cest-nous\/","url":"https:\/\/www.ladiagonale.net\/index.php\/2025\/12\/06\/camara-le-probleme-cest-nous\/","name":"Camara : \u00ab\u00a0Le probl\u00e8me, c\u2019est nous !\u00a0\u00bb - La Diagonale","isPartOf":{"@id":"https:\/\/www.ladiagonale.net\/#website"},"datePublished":"2025-12-06T07:56:00+00:00","dateModified":"2025-12-06T02:59:49+00:00","author":{"@id":"https:\/\/www.ladiagonale.net\/#\/schema\/person\/79ff1e7b0853ed01b2aa26e64ad300bf"},"breadcrumb":{"@id":"https:\/\/www.ladiagonale.net\/index.php\/2025\/12\/06\/camara-le-probleme-cest-nous\/#breadcrumb"},"inLanguage":"fr-FR","potentialAction":[{"@type":"ReadAction","target":["https:\/\/www.ladiagonale.net\/index.php\/2025\/12\/06\/camara-le-probleme-cest-nous\/"]}]},{"@type":"BreadcrumbList","@id":"https:\/\/www.ladiagonale.net\/index.php\/2025\/12\/06\/camara-le-probleme-cest-nous\/#breadcrumb","itemListElement":[{"@type":"ListItem","position":1,"name":"Accueil","item":"https:\/\/www.ladiagonale.net\/"},{"@type":"ListItem","position":2,"name":"Camara : \u00ab\u00a0Le probl\u00e8me, c\u2019est nous !\u00a0\u00bb"}]},{"@type":"WebSite","@id":"https:\/\/www.ladiagonale.net\/#website","url":"https:\/\/www.ladiagonale.net\/","name":"La Diagonale","description":"Le site des supporters de l&#039;AS Monaco FC","potentialAction":[{"@type":"SearchAction","target":{"@type":"EntryPoint","urlTemplate":"https:\/\/www.ladiagonale.net\/?s={search_term_string}"},"query-input":"required name=search_term_string"}],"inLanguage":"fr-FR"},{"@type":"Person","@id":"https:\/\/www.ladiagonale.net\/#\/schema\/person\/79ff1e7b0853ed01b2aa26e64ad300bf","name":"Damien Dellerba","image":{"@type":"ImageObject","inLanguage":"fr-FR","@id":"https:\/\/www.ladiagonale.net\/#\/schema\/person\/image\/","url":"https:\/\/secure.gravatar.com\/avatar\/c7850e06d3ff63cdbaee88b7fc16e2f0?s=96&d=mm&r=g","contentUrl":"https:\/\/secure.gravatar.com\/avatar\/c7850e06d3ff63cdbaee88b7fc16e2f0?s=96&d=mm&r=g","caption":"Damien Dellerba"},"url":"https:\/\/www.ladiagonale.net\/index.php\/author\/damien\/"}]}},"_links":{"self":[{"href":"https:\/\/www.ladiagonale.net\/index.php\/wp-json\/wp\/v2\/posts\/35643"}],"collection":[{"href":"https:\/\/www.ladiagonale.net\/index.php\/wp-json\/wp\/v2\/posts"}],"about":[{"href":"https:\/\/www.ladiagonale.net\/index.php\/wp-json\/wp\/v2\/types\/post"}],"author":[{"embeddable":true,"href":"https:\/\/www.ladiagonale.net\/index.php\/wp-json\/wp\/v2\/users\/2"}],"replies":[{"embeddable":true,"href":"https:\/\/www.ladiagonale.net\/index.php\/wp-json\/wp\/v2\/comments?post=35643"}],"version-history":[{"count":1,"href":"https:\/\/www.ladiagonale.net\/index.php\/wp-json\/wp\/v2\/posts\/35643\/revisions"}],"predecessor-version":[{"id":35644,"href":"https:\/\/www.ladiagonale.net\/index.php\/wp-json\/wp\/v2\/posts\/35643\/revisions\/35644"}],"wp:attachment":[{"href":"https:\/\/www.ladiagonale.net\/index.php\/wp-json\/wp\/v2\/media?parent=35643"}],"wp:term":[{"taxonomy":"category","embeddable":true,"href":"https:\/\/www.ladiagonale.net\/index.php\/wp-json\/wp\/v2\/categories?post=35643"},{"taxonomy":"post_tag","embeddable":true,"href":"https:\/\/www.ladiagonale.net\/index.php\/wp-json\/wp\/v2\/tags?post=35643"}],"curies":[{"name":"wp","href":"https:\/\/api.w.org\/{rel}","templated":true}]}}