{"id":35653,"date":"2025-12-08T07:54:00","date_gmt":"2025-12-08T06:54:00","guid":{"rendered":"https:\/\/www.ladiagonale.net\/?p=35653"},"modified":"2025-12-08T03:36:13","modified_gmt":"2025-12-08T02:36:13","slug":"les-u19-enfoncent-le-clou","status":"publish","type":"post","link":"https:\/\/www.ladiagonale.net\/index.php\/2025\/12\/08\/les-u19-enfoncent-le-clou\/","title":{"rendered":"Les U19 enfoncent le clou"},"content":{"rendered":"\n<p>La p\u00e9riode est faste pour les U19 de l\u2019AS Monaco. Apr\u00e8s avoir pris seuls la t\u00eate de leur poule la semaine derni\u00e8re, les Rouge et Blanc ont battu leur dauphin, le Gaz\u00e9lec Ajaccio, \u00e0 l\u2019occasion de la 15<sup>e<\/sup> journ\u00e9e (3-1). Les buts de la rencontre ont \u00e9t\u00e9 sign\u00e9s par Yannick Dodo (39<sup>e<\/sup>), Najd Ajroud (62<sup>e<\/sup>) et Safouane Benzahra (90<sup>e<\/sup>).<\/p>\n\n\n\n<p>Les hommes de Fr\u00e9d\u00e9ric Barilaro prennent le large et comptent d\u00e9sormais cinq points d\u2019avance sur Montpellier. Les H\u00e9raultais comptent cependant un match de moins. Prochaine rencontre en <em>Youth League<\/em> contre Galatasaray, mardi, afin d\u2019aller chercher la qualification pour les 16<sup>es <\/sup>de finale. La reprise du championnat se fera quant \u00e0 elle le 18 janvier, avec un derby contre Nice.<\/p>\n\n\n","protected":false},"excerpt":{"rendered":"<p>La p\u00e9riode est faste pour les U19 de l\u2019AS Monaco. Apr\u00e8s avoir pris seuls la t\u00eate de leur poule la semaine derni\u00e8re, les Rouge et Blanc ont battu leur dauphin, le Gaz\u00e9lec Ajaccio, \u00e0 l\u2019occasion de la 15e journ\u00e9e (3-1). Les buts de la rencontre ont \u00e9t\u00e9 sign\u00e9s par Yannick Dodo (39e), Najd Ajroud (62e) [&#8230;]\n","protected":false},"author":2,"featured_media":0,"comment_status":"open","ping_status":"open","sticky":false,"template":"","format":"standard","meta":[],"categories":[1110,6],"tags":[76,86,112],"yoast_head":"<!-- This site is optimized with the Yoast SEO plugin v19.8 - https:\/\/yoast.com\/wordpress\/plugins\/seo\/ -->\n<title>Les U19 enfoncent le clou - La Diagonale<\/title>\n<meta name=\"robots\" content=\"index, follow, max-snippet:-1, max-image-preview:large, max-video-preview:-1\" \/>\n<link rel=\"canonical\" href=\"https:\/\/www.ladiagonale.net\/index.php\/2025\/12\/08\/les-u19-enfoncent-le-clou\/\" \/>\n<meta property=\"og:locale\" content=\"fr_FR\" \/>\n<meta property=\"og:type\" content=\"article\" \/>\n<meta property=\"og:title\" content=\"Les U19 enfoncent le clou - La Diagonale\" \/>\n<meta property=\"og:description\" content=\"La p\u00e9riode est faste pour les U19 de l\u2019AS Monaco. Apr\u00e8s avoir pris seuls la t\u00eate de leur poule la semaine derni\u00e8re, les Rouge et Blanc ont battu leur dauphin, le Gaz\u00e9lec Ajaccio, \u00e0 l\u2019occasion de la 15e journ\u00e9e (3-1). Les buts de la rencontre ont \u00e9t\u00e9 sign\u00e9s par Yannick Dodo (39e), Najd Ajroud (62e) [...]\" \/>\n<meta property=\"og:url\" content=\"https:\/\/www.ladiagonale.net\/index.php\/2025\/12\/08\/les-u19-enfoncent-le-clou\/\" \/>\n<meta property=\"og:site_name\" content=\"La Diagonale\" \/>\n<meta property=\"article:published_time\" content=\"2025-12-08T06:54:00+00:00\" \/>\n<meta property=\"article:modified_time\" content=\"2025-12-08T02:36:13+00:00\" \/>\n<meta property=\"og:image\" content=\"https:\/\/www.ladiagonale.net\/wp-content\/uploads\/2025\/09\/Ajroud.png\" \/>\n\t<meta property=\"og:image:width\" content=\"1160\" \/>\n\t<meta property=\"og:image:height\" content=\"650\" \/>\n\t<meta property=\"og:image:type\" content=\"image\/png\" \/>\n<meta name=\"author\" content=\"Damien Dellerba\" \/>\n<meta name=\"twitter:card\" content=\"summary_large_image\" \/>\n<meta name=\"twitter:image\" content=\"https:\/\/www.ladiagonale.net\/wp-content\/uploads\/2025\/09\/Ajroud.png\" \/>\n<meta name=\"twitter:label1\" content=\"\u00c9crit par\" \/>\n\t<meta name=\"twitter:data1\" content=\"Damien Dellerba\" \/>\n\t<meta name=\"twitter:label2\" content=\"Dur\u00e9e de lecture estim\u00e9e\" \/>\n\t<meta name=\"twitter:data2\" content=\"1 minute\" \/>\n<script type=\"application\/ld+json\" class=\"yoast-schema-graph\">{\"@context\":\"https:\/\/schema.org\",\"@graph\":[{\"@type\":\"WebPage\",\"@id\":\"https:\/\/www.ladiagonale.net\/index.php\/2025\/12\/08\/les-u19-enfoncent-le-clou\/\",\"url\":\"https:\/\/www.ladiagonale.net\/index.php\/2025\/12\/08\/les-u19-enfoncent-le-clou\/\",\"name\":\"Les U19 enfoncent le clou - La Diagonale\",\"isPartOf\":{\"@id\":\"https:\/\/www.ladiagonale.net\/#website\"},\"datePublished\":\"2025-12-08T06:54:00+00:00\",\"dateModified\":\"2025-12-08T02:36:13+00:00\",\"author\":{\"@id\":\"https:\/\/www.ladiagonale.net\/#\/schema\/person\/79ff1e7b0853ed01b2aa26e64ad300bf\"},\"breadcrumb\":{\"@id\":\"https:\/\/www.ladiagonale.net\/index.php\/2025\/12\/08\/les-u19-enfoncent-le-clou\/#breadcrumb\"},\"inLanguage\":\"fr-FR\",\"potentialAction\":[{\"@type\":\"ReadAction\",\"target\":[\"https:\/\/www.ladiagonale.net\/index.php\/2025\/12\/08\/les-u19-enfoncent-le-clou\/\"]}]},{\"@type\":\"BreadcrumbList\",\"@id\":\"https:\/\/www.ladiagonale.net\/index.php\/2025\/12\/08\/les-u19-enfoncent-le-clou\/#breadcrumb\",\"itemListElement\":[{\"@type\":\"ListItem\",\"position\":1,\"name\":\"Accueil\",\"item\":\"https:\/\/www.ladiagonale.net\/\"},{\"@type\":\"ListItem\",\"position\":2,\"name\":\"Les U19 enfoncent le clou\"}]},{\"@type\":\"WebSite\",\"@id\":\"https:\/\/www.ladiagonale.net\/#website\",\"url\":\"https:\/\/www.ladiagonale.net\/\",\"name\":\"La Diagonale\",\"description\":\"Le site des supporters de l&#039;AS Monaco FC\",\"potentialAction\":[{\"@type\":\"SearchAction\",\"target\":{\"@type\":\"EntryPoint\",\"urlTemplate\":\"https:\/\/www.ladiagonale.net\/?s={search_term_string}\"},\"query-input\":\"required name=search_term_string\"}],\"inLanguage\":\"fr-FR\"},{\"@type\":\"Person\",\"@id\":\"https:\/\/www.ladiagonale.net\/#\/schema\/person\/79ff1e7b0853ed01b2aa26e64ad300bf\",\"name\":\"Damien Dellerba\",\"image\":{\"@type\":\"ImageObject\",\"inLanguage\":\"fr-FR\",\"@id\":\"https:\/\/www.ladiagonale.net\/#\/schema\/person\/image\/\",\"url\":\"https:\/\/secure.gravatar.com\/avatar\/c7850e06d3ff63cdbaee88b7fc16e2f0?s=96&d=mm&r=g\",\"contentUrl\":\"https:\/\/secure.gravatar.com\/avatar\/c7850e06d3ff63cdbaee88b7fc16e2f0?s=96&d=mm&r=g\",\"caption\":\"Damien Dellerba\"},\"url\":\"https:\/\/www.ladiagonale.net\/index.php\/author\/damien\/\"}]}<\/script>\n<!-- \/ Yoast SEO plugin. -->","yoast_head_json":{"title":"Les U19 enfoncent le clou - La Diagonale","robots":{"index":"index","follow":"follow","max-snippet":"max-snippet:-1","max-image-preview":"max-image-preview:large","max-video-preview":"max-video-preview:-1"},"canonical":"https:\/\/www.ladiagonale.net\/index.php\/2025\/12\/08\/les-u19-enfoncent-le-clou\/","og_locale":"fr_FR","og_type":"article","og_title":"Les U19 enfoncent le clou - La Diagonale","og_description":"La p\u00e9riode est faste pour les U19 de l\u2019AS Monaco. Apr\u00e8s avoir pris seuls la t\u00eate de leur poule la semaine derni\u00e8re, les Rouge et Blanc ont battu leur dauphin, le Gaz\u00e9lec Ajaccio, \u00e0 l\u2019occasion de la 15e journ\u00e9e (3-1). Les buts de la rencontre ont \u00e9t\u00e9 sign\u00e9s par Yannick Dodo (39e), Najd Ajroud (62e) [...]","og_url":"https:\/\/www.ladiagonale.net\/index.php\/2025\/12\/08\/les-u19-enfoncent-le-clou\/","og_site_name":"La Diagonale","article_published_time":"2025-12-08T06:54:00+00:00","article_modified_time":"2025-12-08T02:36:13+00:00","og_image":[{"width":1160,"height":650,"url":"https:\/\/www.ladiagonale.net\/wp-content\/uploads\/2025\/09\/Ajroud.png","type":"image\/png"}],"author":"Damien Dellerba","twitter_card":"summary_large_image","twitter_image":"https:\/\/www.ladiagonale.net\/wp-content\/uploads\/2025\/09\/Ajroud.png","twitter_misc":{"\u00c9crit par":"Damien Dellerba","Dur\u00e9e de lecture estim\u00e9e":"1 minute"},"schema":{"@context":"https:\/\/schema.org","@graph":[{"@type":"WebPage","@id":"https:\/\/www.ladiagonale.net\/index.php\/2025\/12\/08\/les-u19-enfoncent-le-clou\/","url":"https:\/\/www.ladiagonale.net\/index.php\/2025\/12\/08\/les-u19-enfoncent-le-clou\/","name":"Les U19 enfoncent le clou - La Diagonale","isPartOf":{"@id":"https:\/\/www.ladiagonale.net\/#website"},"datePublished":"2025-12-08T06:54:00+00:00","dateModified":"2025-12-08T02:36:13+00:00","author":{"@id":"https:\/\/www.ladiagonale.net\/#\/schema\/person\/79ff1e7b0853ed01b2aa26e64ad300bf"},"breadcrumb":{"@id":"https:\/\/www.ladiagonale.net\/index.php\/2025\/12\/08\/les-u19-enfoncent-le-clou\/#breadcrumb"},"inLanguage":"fr-FR","potentialAction":[{"@type":"ReadAction","target":["https:\/\/www.ladiagonale.net\/index.php\/2025\/12\/08\/les-u19-enfoncent-le-clou\/"]}]},{"@type":"BreadcrumbList","@id":"https:\/\/www.ladiagonale.net\/index.php\/2025\/12\/08\/les-u19-enfoncent-le-clou\/#breadcrumb","itemListElement":[{"@type":"ListItem","position":1,"name":"Accueil","item":"https:\/\/www.ladiagonale.net\/"},{"@type":"ListItem","position":2,"name":"Les U19 enfoncent le clou"}]},{"@type":"WebSite","@id":"https:\/\/www.ladiagonale.net\/#website","url":"https:\/\/www.ladiagonale.net\/","name":"La Diagonale","description":"Le site des supporters de l&#039;AS Monaco FC","potentialAction":[{"@type":"SearchAction","target":{"@type":"EntryPoint","urlTemplate":"https:\/\/www.ladiagonale.net\/?s={search_term_string}"},"query-input":"required name=search_term_string"}],"inLanguage":"fr-FR"},{"@type":"Person","@id":"https:\/\/www.ladiagonale.net\/#\/schema\/person\/79ff1e7b0853ed01b2aa26e64ad300bf","name":"Damien Dellerba","image":{"@type":"ImageObject","inLanguage":"fr-FR","@id":"https:\/\/www.ladiagonale.net\/#\/schema\/person\/image\/","url":"https:\/\/secure.gravatar.com\/avatar\/c7850e06d3ff63cdbaee88b7fc16e2f0?s=96&d=mm&r=g","contentUrl":"https:\/\/secure.gravatar.com\/avatar\/c7850e06d3ff63cdbaee88b7fc16e2f0?s=96&d=mm&r=g","caption":"Damien Dellerba"},"url":"https:\/\/www.ladiagonale.net\/index.php\/author\/damien\/"}]}},"_links":{"self":[{"href":"https:\/\/www.ladiagonale.net\/index.php\/wp-json\/wp\/v2\/posts\/35653"}],"collection":[{"href":"https:\/\/www.ladiagonale.net\/index.php\/wp-json\/wp\/v2\/posts"}],"about":[{"href":"https:\/\/www.ladiagonale.net\/index.php\/wp-json\/wp\/v2\/types\/post"}],"author":[{"embeddable":true,"href":"https:\/\/www.ladiagonale.net\/index.php\/wp-json\/wp\/v2\/users\/2"}],"replies":[{"embeddable":true,"href":"https:\/\/www.ladiagonale.net\/index.php\/wp-json\/wp\/v2\/comments?post=35653"}],"version-history":[{"count":1,"href":"https:\/\/www.ladiagonale.net\/index.php\/wp-json\/wp\/v2\/posts\/35653\/revisions"}],"predecessor-version":[{"id":35654,"href":"https:\/\/www.ladiagonale.net\/index.php\/wp-json\/wp\/v2\/posts\/35653\/revisions\/35654"}],"wp:attachment":[{"href":"https:\/\/www.ladiagonale.net\/index.php\/wp-json\/wp\/v2\/media?parent=35653"}],"wp:term":[{"taxonomy":"category","embeddable":true,"href":"https:\/\/www.ladiagonale.net\/index.php\/wp-json\/wp\/v2\/categories?post=35653"},{"taxonomy":"post_tag","embeddable":true,"href":"https:\/\/www.ladiagonale.net\/index.php\/wp-json\/wp\/v2\/tags?post=35653"}],"curies":[{"name":"wp","href":"https:\/\/api.w.org\/{rel}","templated":true}]}}