{"id":35655,"date":"2025-12-08T08:16:00","date_gmt":"2025-12-08T07:16:00","guid":{"rendered":"https:\/\/www.ladiagonale.net\/?p=35655"},"modified":"2025-12-08T03:47:07","modified_gmt":"2025-12-08T02:47:07","slug":"reaction-des-u17-contre-la-gazelec-ajaccio","status":"publish","type":"post","link":"https:\/\/www.ladiagonale.net\/index.php\/2025\/12\/08\/reaction-des-u17-contre-la-gazelec-ajaccio\/","title":{"rendered":"R\u00e9action des U17 contre la Gaz\u00e9lec Ajaccio"},"content":{"rendered":"\n\n\n<p>Oppos\u00e9s au Gaz\u00e9lec Ajaccio comme leurs a\u00een\u00e9s en U19, les U17 de l&rsquo;AS Monaco ont rebondi apr\u00e8s leur d\u00e9faite contre Saint-Priest une semaine plus t\u00f4t. Le d\u00e9but de rencontre n&rsquo;a pourtant pas tourn\u00e9 en leur faveur, avec l&rsquo;ouverture du score corse (19<sup>e<\/sup>). Mais les Rouge et Blanc ont r\u00e9agi avec l&rsquo;\u00e9galisation de Jean-Daniel Mowelle (59<sup>e<\/sup>). Le lat\u00e9ral droit a obtenu ensuite un p\u00e9nalty, transform\u00e9 par Mohamed Diaby (67<sup>e<\/sup>) pour donner la victoire \u00e0 l&rsquo;ASM.<\/p>\n\n\n\n<p>Les joueurs de Manu Dos Santos gagnent deux positions au classement et se replacent au quatri\u00e8me rang, juste avant les vacances. Le club de la Principaut\u00e9 ne sera en effet pas sur le pont ce week-end, exempt\u00e9 de Coupe Gambardella. Les U17 reprendront le Championnat face \u00e0 Nice, le 17 janvier.<\/p>\n","protected":false},"excerpt":{"rendered":"<p>Oppos\u00e9s au Gaz\u00e9lec Ajaccio comme leurs a\u00een\u00e9s en U19, les U17 de l&rsquo;AS Monaco ont rebondi apr\u00e8s leur d\u00e9faite contre Saint-Priest une semaine plus t\u00f4t. Le d\u00e9but de rencontre n&rsquo;a pourtant pas tourn\u00e9 en leur faveur, avec l&rsquo;ouverture du score corse (19e). Mais les Rouge et Blanc ont r\u00e9agi avec l&rsquo;\u00e9galisation de Jean-Daniel Mowelle (59e). [&#8230;]\n","protected":false},"author":2,"featured_media":0,"comment_status":"open","ping_status":"open","sticky":false,"template":"","format":"standard","meta":[],"categories":[1110,6],"tags":[76,86,130],"yoast_head":"<!-- This site is optimized with the Yoast SEO plugin v19.8 - https:\/\/yoast.com\/wordpress\/plugins\/seo\/ -->\n<title>R\u00e9action des U17 contre la Gaz\u00e9lec Ajaccio - La Diagonale<\/title>\n<meta name=\"robots\" content=\"index, follow, max-snippet:-1, max-image-preview:large, max-video-preview:-1\" \/>\n<link rel=\"canonical\" href=\"https:\/\/www.ladiagonale.net\/index.php\/2025\/12\/08\/reaction-des-u17-contre-la-gazelec-ajaccio\/\" \/>\n<meta property=\"og:locale\" content=\"fr_FR\" \/>\n<meta property=\"og:type\" content=\"article\" \/>\n<meta property=\"og:title\" content=\"R\u00e9action des U17 contre la Gaz\u00e9lec Ajaccio - La Diagonale\" \/>\n<meta property=\"og:description\" content=\"Oppos\u00e9s au Gaz\u00e9lec Ajaccio comme leurs a\u00een\u00e9s en U19, les U17 de l&rsquo;AS Monaco ont rebondi apr\u00e8s leur d\u00e9faite contre Saint-Priest une semaine plus t\u00f4t. Le d\u00e9but de rencontre n&rsquo;a pourtant pas tourn\u00e9 en leur faveur, avec l&rsquo;ouverture du score corse (19e). Mais les Rouge et Blanc ont r\u00e9agi avec l&rsquo;\u00e9galisation de Jean-Daniel Mowelle (59e). [...]\" \/>\n<meta property=\"og:url\" content=\"https:\/\/www.ladiagonale.net\/index.php\/2025\/12\/08\/reaction-des-u17-contre-la-gazelec-ajaccio\/\" \/>\n<meta property=\"og:site_name\" content=\"La Diagonale\" \/>\n<meta property=\"article:published_time\" content=\"2025-12-08T07:16:00+00:00\" \/>\n<meta property=\"article:modified_time\" content=\"2025-12-08T02:47:07+00:00\" \/>\n<meta property=\"og:image\" content=\"https:\/\/www.ladiagonale.net\/wp-content\/uploads\/2025\/12\/Mowelle.png\" \/>\n\t<meta property=\"og:image:width\" content=\"1160\" \/>\n\t<meta property=\"og:image:height\" content=\"650\" \/>\n\t<meta property=\"og:image:type\" content=\"image\/png\" \/>\n<meta name=\"author\" content=\"Damien Dellerba\" \/>\n<meta name=\"twitter:card\" content=\"summary_large_image\" \/>\n<meta name=\"twitter:image\" content=\"https:\/\/www.ladiagonale.net\/wp-content\/uploads\/2025\/12\/Mowelle.png\" \/>\n<meta name=\"twitter:label1\" content=\"\u00c9crit par\" \/>\n\t<meta name=\"twitter:data1\" content=\"Damien Dellerba\" \/>\n\t<meta name=\"twitter:label2\" content=\"Dur\u00e9e de lecture estim\u00e9e\" \/>\n\t<meta name=\"twitter:data2\" content=\"1 minute\" \/>\n<script type=\"application\/ld+json\" class=\"yoast-schema-graph\">{\"@context\":\"https:\/\/schema.org\",\"@graph\":[{\"@type\":\"WebPage\",\"@id\":\"https:\/\/www.ladiagonale.net\/index.php\/2025\/12\/08\/reaction-des-u17-contre-la-gazelec-ajaccio\/\",\"url\":\"https:\/\/www.ladiagonale.net\/index.php\/2025\/12\/08\/reaction-des-u17-contre-la-gazelec-ajaccio\/\",\"name\":\"R\u00e9action des U17 contre la Gaz\u00e9lec Ajaccio - La Diagonale\",\"isPartOf\":{\"@id\":\"https:\/\/www.ladiagonale.net\/#website\"},\"datePublished\":\"2025-12-08T07:16:00+00:00\",\"dateModified\":\"2025-12-08T02:47:07+00:00\",\"author\":{\"@id\":\"https:\/\/www.ladiagonale.net\/#\/schema\/person\/79ff1e7b0853ed01b2aa26e64ad300bf\"},\"breadcrumb\":{\"@id\":\"https:\/\/www.ladiagonale.net\/index.php\/2025\/12\/08\/reaction-des-u17-contre-la-gazelec-ajaccio\/#breadcrumb\"},\"inLanguage\":\"fr-FR\",\"potentialAction\":[{\"@type\":\"ReadAction\",\"target\":[\"https:\/\/www.ladiagonale.net\/index.php\/2025\/12\/08\/reaction-des-u17-contre-la-gazelec-ajaccio\/\"]}]},{\"@type\":\"BreadcrumbList\",\"@id\":\"https:\/\/www.ladiagonale.net\/index.php\/2025\/12\/08\/reaction-des-u17-contre-la-gazelec-ajaccio\/#breadcrumb\",\"itemListElement\":[{\"@type\":\"ListItem\",\"position\":1,\"name\":\"Accueil\",\"item\":\"https:\/\/www.ladiagonale.net\/\"},{\"@type\":\"ListItem\",\"position\":2,\"name\":\"R\u00e9action des U17 contre la Gaz\u00e9lec Ajaccio\"}]},{\"@type\":\"WebSite\",\"@id\":\"https:\/\/www.ladiagonale.net\/#website\",\"url\":\"https:\/\/www.ladiagonale.net\/\",\"name\":\"La Diagonale\",\"description\":\"Le site des supporters de l&#039;AS Monaco FC\",\"potentialAction\":[{\"@type\":\"SearchAction\",\"target\":{\"@type\":\"EntryPoint\",\"urlTemplate\":\"https:\/\/www.ladiagonale.net\/?s={search_term_string}\"},\"query-input\":\"required name=search_term_string\"}],\"inLanguage\":\"fr-FR\"},{\"@type\":\"Person\",\"@id\":\"https:\/\/www.ladiagonale.net\/#\/schema\/person\/79ff1e7b0853ed01b2aa26e64ad300bf\",\"name\":\"Damien Dellerba\",\"image\":{\"@type\":\"ImageObject\",\"inLanguage\":\"fr-FR\",\"@id\":\"https:\/\/www.ladiagonale.net\/#\/schema\/person\/image\/\",\"url\":\"https:\/\/secure.gravatar.com\/avatar\/c7850e06d3ff63cdbaee88b7fc16e2f0?s=96&d=mm&r=g\",\"contentUrl\":\"https:\/\/secure.gravatar.com\/avatar\/c7850e06d3ff63cdbaee88b7fc16e2f0?s=96&d=mm&r=g\",\"caption\":\"Damien Dellerba\"},\"url\":\"https:\/\/www.ladiagonale.net\/index.php\/author\/damien\/\"}]}<\/script>\n<!-- \/ Yoast SEO plugin. -->","yoast_head_json":{"title":"R\u00e9action des U17 contre la Gaz\u00e9lec Ajaccio - La Diagonale","robots":{"index":"index","follow":"follow","max-snippet":"max-snippet:-1","max-image-preview":"max-image-preview:large","max-video-preview":"max-video-preview:-1"},"canonical":"https:\/\/www.ladiagonale.net\/index.php\/2025\/12\/08\/reaction-des-u17-contre-la-gazelec-ajaccio\/","og_locale":"fr_FR","og_type":"article","og_title":"R\u00e9action des U17 contre la Gaz\u00e9lec Ajaccio - La Diagonale","og_description":"Oppos\u00e9s au Gaz\u00e9lec Ajaccio comme leurs a\u00een\u00e9s en U19, les U17 de l&rsquo;AS Monaco ont rebondi apr\u00e8s leur d\u00e9faite contre Saint-Priest une semaine plus t\u00f4t. Le d\u00e9but de rencontre n&rsquo;a pourtant pas tourn\u00e9 en leur faveur, avec l&rsquo;ouverture du score corse (19e). Mais les Rouge et Blanc ont r\u00e9agi avec l&rsquo;\u00e9galisation de Jean-Daniel Mowelle (59e). [...]","og_url":"https:\/\/www.ladiagonale.net\/index.php\/2025\/12\/08\/reaction-des-u17-contre-la-gazelec-ajaccio\/","og_site_name":"La Diagonale","article_published_time":"2025-12-08T07:16:00+00:00","article_modified_time":"2025-12-08T02:47:07+00:00","og_image":[{"width":1160,"height":650,"url":"https:\/\/www.ladiagonale.net\/wp-content\/uploads\/2025\/12\/Mowelle.png","type":"image\/png"}],"author":"Damien Dellerba","twitter_card":"summary_large_image","twitter_image":"https:\/\/www.ladiagonale.net\/wp-content\/uploads\/2025\/12\/Mowelle.png","twitter_misc":{"\u00c9crit par":"Damien Dellerba","Dur\u00e9e de lecture estim\u00e9e":"1 minute"},"schema":{"@context":"https:\/\/schema.org","@graph":[{"@type":"WebPage","@id":"https:\/\/www.ladiagonale.net\/index.php\/2025\/12\/08\/reaction-des-u17-contre-la-gazelec-ajaccio\/","url":"https:\/\/www.ladiagonale.net\/index.php\/2025\/12\/08\/reaction-des-u17-contre-la-gazelec-ajaccio\/","name":"R\u00e9action des U17 contre la Gaz\u00e9lec Ajaccio - La Diagonale","isPartOf":{"@id":"https:\/\/www.ladiagonale.net\/#website"},"datePublished":"2025-12-08T07:16:00+00:00","dateModified":"2025-12-08T02:47:07+00:00","author":{"@id":"https:\/\/www.ladiagonale.net\/#\/schema\/person\/79ff1e7b0853ed01b2aa26e64ad300bf"},"breadcrumb":{"@id":"https:\/\/www.ladiagonale.net\/index.php\/2025\/12\/08\/reaction-des-u17-contre-la-gazelec-ajaccio\/#breadcrumb"},"inLanguage":"fr-FR","potentialAction":[{"@type":"ReadAction","target":["https:\/\/www.ladiagonale.net\/index.php\/2025\/12\/08\/reaction-des-u17-contre-la-gazelec-ajaccio\/"]}]},{"@type":"BreadcrumbList","@id":"https:\/\/www.ladiagonale.net\/index.php\/2025\/12\/08\/reaction-des-u17-contre-la-gazelec-ajaccio\/#breadcrumb","itemListElement":[{"@type":"ListItem","position":1,"name":"Accueil","item":"https:\/\/www.ladiagonale.net\/"},{"@type":"ListItem","position":2,"name":"R\u00e9action des U17 contre la Gaz\u00e9lec Ajaccio"}]},{"@type":"WebSite","@id":"https:\/\/www.ladiagonale.net\/#website","url":"https:\/\/www.ladiagonale.net\/","name":"La Diagonale","description":"Le site des supporters de l&#039;AS Monaco FC","potentialAction":[{"@type":"SearchAction","target":{"@type":"EntryPoint","urlTemplate":"https:\/\/www.ladiagonale.net\/?s={search_term_string}"},"query-input":"required name=search_term_string"}],"inLanguage":"fr-FR"},{"@type":"Person","@id":"https:\/\/www.ladiagonale.net\/#\/schema\/person\/79ff1e7b0853ed01b2aa26e64ad300bf","name":"Damien Dellerba","image":{"@type":"ImageObject","inLanguage":"fr-FR","@id":"https:\/\/www.ladiagonale.net\/#\/schema\/person\/image\/","url":"https:\/\/secure.gravatar.com\/avatar\/c7850e06d3ff63cdbaee88b7fc16e2f0?s=96&d=mm&r=g","contentUrl":"https:\/\/secure.gravatar.com\/avatar\/c7850e06d3ff63cdbaee88b7fc16e2f0?s=96&d=mm&r=g","caption":"Damien Dellerba"},"url":"https:\/\/www.ladiagonale.net\/index.php\/author\/damien\/"}]}},"_links":{"self":[{"href":"https:\/\/www.ladiagonale.net\/index.php\/wp-json\/wp\/v2\/posts\/35655"}],"collection":[{"href":"https:\/\/www.ladiagonale.net\/index.php\/wp-json\/wp\/v2\/posts"}],"about":[{"href":"https:\/\/www.ladiagonale.net\/index.php\/wp-json\/wp\/v2\/types\/post"}],"author":[{"embeddable":true,"href":"https:\/\/www.ladiagonale.net\/index.php\/wp-json\/wp\/v2\/users\/2"}],"replies":[{"embeddable":true,"href":"https:\/\/www.ladiagonale.net\/index.php\/wp-json\/wp\/v2\/comments?post=35655"}],"version-history":[{"count":1,"href":"https:\/\/www.ladiagonale.net\/index.php\/wp-json\/wp\/v2\/posts\/35655\/revisions"}],"predecessor-version":[{"id":35657,"href":"https:\/\/www.ladiagonale.net\/index.php\/wp-json\/wp\/v2\/posts\/35655\/revisions\/35657"}],"wp:attachment":[{"href":"https:\/\/www.ladiagonale.net\/index.php\/wp-json\/wp\/v2\/media?parent=35655"}],"wp:term":[{"taxonomy":"category","embeddable":true,"href":"https:\/\/www.ladiagonale.net\/index.php\/wp-json\/wp\/v2\/categories?post=35655"},{"taxonomy":"post_tag","embeddable":true,"href":"https:\/\/www.ladiagonale.net\/index.php\/wp-json\/wp\/v2\/tags?post=35655"}],"curies":[{"name":"wp","href":"https:\/\/api.w.org\/{rel}","templated":true}]}}