{"id":35658,"date":"2025-12-08T04:55:23","date_gmt":"2025-12-08T03:55:23","guid":{"rendered":"https:\/\/www.ladiagonale.net\/?p=35658"},"modified":"2025-12-08T04:55:24","modified_gmt":"2025-12-08T03:55:24","slug":"les-ultras-reclament-le-depart-de-scuro","status":"publish","type":"post","link":"https:\/\/www.ladiagonale.net\/index.php\/2025\/12\/08\/les-ultras-reclament-le-depart-de-scuro\/","title":{"rendered":"Les Ultras r\u00e9clament le d\u00e9part de Scuro"},"content":{"rendered":"\n<p>Les Ultras de l\u2019AS Monaco ont tap\u00e9 du poing sur la table. Dimanche, le mouvement de supporters a publi\u00e9 un communiqu\u00e9 au vitriol et s\u2019est positionn\u00e9 fermement contre la direction sportive, repr\u00e9sent\u00e9e par son directeur g\u00e9n\u00e9ral Thiago Scuro. Peu avant le d\u00e9part pour Brest, les UM94 avaient d\u00e9j\u00e0 eu une discussion \u00e0 La Turbie avec le Br\u00e9silien ainsi que certains joueurs pour faire passer un message. Le r\u00e9sultat n\u00e9gatif ramen\u00e9 du Finist\u00e8re laisse penser que celui-ci n\u2019a pas \u00e9t\u00e9 entendu, poussant les Ultras \u00e0 r\u00e9agir via cette lettre.<\/p>\n\n\n\n<p>\u00ab\u00a0<em>Nous exigeons un changement radical \u00e0 la t\u00eate de la direction sportive. M. Scuro et son \u00e9quipe n&rsquo;ont plus la l\u00e9gitimit\u00e9 ni la comp\u00e9tence n\u00e9cessaires pour mener ce Club \u00e0 la hauteur de son histoire et de ses ambitions<\/em>\u00a0\u00bb, est-il \u00e9crit sans ambages. Le groupe de supporters pointe du doigt \u00ab\u00a0<em>un effectif, des choix al\u00e9atoires, une vision sportive inexistante<\/em>\u00a0\u00bb et d\u00e9nonce des directeurs sportifs qui \u00ab\u00a0<em>continuent de faire semblant que tout va pour le mieux.\u00a0<\/em>\u00bb<\/p>\n\n\n\n<p>Les Ultras ont maintenu leur opposition au mod\u00e8le mon\u00e9gasque, jug\u00e9 \u00ab\u00a0<em>corporatiste du football<\/em>\u00a0\u00bb et \u00ab\u00a0<em>bas\u00e9 sur la finance au lieu du sportif<\/em>\u00a0\u00bb qui ne \u00ab\u00a0<em>fonctionne pas<\/em>\u00a0\u00bb et dans lequel \u00ab\u00a0l<em>\u2019\u00e2me et l&rsquo;esprit du beau jeu de l&rsquo;AS Monaco ne sont pas respect\u00e9s.<\/em>\u00a0\u00bb Aussi ont-ils d\u00e9cid\u00e9 de sanctions lors de la rencontre de Ligue des champions contre Galatasaray et notamment une gr\u00e8ve des encouragements pendant 15 minutes, et ce jusqu\u2019\u00e0 \u00ab\u00a0<em>satisfaction de [nos] exigences.<\/em>\u00a0\u00bb<\/p>\n\n\n\n<blockquote class=\"twitter-tweet\"><p lang=\"zxx\" dir=\"ltr\"><a href=\"https:\/\/t.co\/DR3ldDkTly\">pic.twitter.com\/DR3ldDkTly<\/a><\/p>&mdash; Ultras Monaco 1994 (@ULTRASMONACO94) <a href=\"https:\/\/twitter.com\/ULTRASMONACO94\/status\/1997712796105187697?ref_src=twsrc%5Etfw\">December 7, 2025<\/a><\/blockquote> <script async src=\"https:\/\/platform.twitter.com\/widgets.js\" charset=\"utf-8\"><\/script> \n","protected":false},"excerpt":{"rendered":"<p>Les Ultras de l\u2019AS Monaco ont tap\u00e9 du poing sur la table. Dimanche, le mouvement de supporters a publi\u00e9 un communiqu\u00e9 au vitriol et s\u2019est positionn\u00e9 fermement contre la direction sportive, repr\u00e9sent\u00e9e par son directeur g\u00e9n\u00e9ral Thiago Scuro. Peu avant le d\u00e9part pour Brest, les UM94 avaient d\u00e9j\u00e0 eu une discussion \u00e0 La Turbie avec [&#8230;]\n","protected":false},"author":2,"featured_media":0,"comment_status":"open","ping_status":"open","sticky":false,"template":"","format":"standard","meta":[],"categories":[4,6],"tags":[86,942,304,479,552],"yoast_head":"<!-- This site is optimized with the Yoast SEO plugin v19.8 - https:\/\/yoast.com\/wordpress\/plugins\/seo\/ -->\n<title>Les Ultras r\u00e9clament le d\u00e9part de Scuro - La Diagonale<\/title>\n<meta name=\"robots\" content=\"index, follow, max-snippet:-1, max-image-preview:large, max-video-preview:-1\" \/>\n<link rel=\"canonical\" href=\"https:\/\/www.ladiagonale.net\/index.php\/2025\/12\/08\/les-ultras-reclament-le-depart-de-scuro\/\" \/>\n<meta property=\"og:locale\" content=\"fr_FR\" \/>\n<meta property=\"og:type\" content=\"article\" \/>\n<meta property=\"og:title\" content=\"Les Ultras r\u00e9clament le d\u00e9part de Scuro - La Diagonale\" \/>\n<meta property=\"og:description\" content=\"Les Ultras de l\u2019AS Monaco ont tap\u00e9 du poing sur la table. Dimanche, le mouvement de supporters a publi\u00e9 un communiqu\u00e9 au vitriol et s\u2019est positionn\u00e9 fermement contre la direction sportive, repr\u00e9sent\u00e9e par son directeur g\u00e9n\u00e9ral Thiago Scuro. Peu avant le d\u00e9part pour Brest, les UM94 avaient d\u00e9j\u00e0 eu une discussion \u00e0 La Turbie avec [...]\" \/>\n<meta property=\"og:url\" content=\"https:\/\/www.ladiagonale.net\/index.php\/2025\/12\/08\/les-ultras-reclament-le-depart-de-scuro\/\" \/>\n<meta property=\"og:site_name\" content=\"La Diagonale\" \/>\n<meta property=\"article:published_time\" content=\"2025-12-08T03:55:23+00:00\" \/>\n<meta property=\"article:modified_time\" content=\"2025-12-08T03:55:24+00:00\" \/>\n<meta property=\"og:image\" content=\"https:\/\/www.ladiagonale.net\/wp-content\/uploads\/2024\/01\/scuro-2.png\" \/>\n\t<meta property=\"og:image:width\" content=\"1160\" \/>\n\t<meta property=\"og:image:height\" content=\"650\" \/>\n\t<meta property=\"og:image:type\" content=\"image\/png\" \/>\n<meta name=\"author\" content=\"Damien Dellerba\" \/>\n<meta name=\"twitter:card\" content=\"summary_large_image\" \/>\n<meta name=\"twitter:image\" content=\"https:\/\/www.ladiagonale.net\/wp-content\/uploads\/2024\/01\/scuro-2.png\" \/>\n<meta name=\"twitter:label1\" content=\"\u00c9crit par\" \/>\n\t<meta name=\"twitter:data1\" content=\"Damien Dellerba\" \/>\n\t<meta name=\"twitter:label2\" content=\"Dur\u00e9e de lecture estim\u00e9e\" \/>\n\t<meta name=\"twitter:data2\" content=\"2 minutes\" \/>\n<script type=\"application\/ld+json\" class=\"yoast-schema-graph\">{\"@context\":\"https:\/\/schema.org\",\"@graph\":[{\"@type\":\"WebPage\",\"@id\":\"https:\/\/www.ladiagonale.net\/index.php\/2025\/12\/08\/les-ultras-reclament-le-depart-de-scuro\/\",\"url\":\"https:\/\/www.ladiagonale.net\/index.php\/2025\/12\/08\/les-ultras-reclament-le-depart-de-scuro\/\",\"name\":\"Les Ultras r\u00e9clament le d\u00e9part de Scuro - La Diagonale\",\"isPartOf\":{\"@id\":\"https:\/\/www.ladiagonale.net\/#website\"},\"datePublished\":\"2025-12-08T03:55:23+00:00\",\"dateModified\":\"2025-12-08T03:55:24+00:00\",\"author\":{\"@id\":\"https:\/\/www.ladiagonale.net\/#\/schema\/person\/79ff1e7b0853ed01b2aa26e64ad300bf\"},\"breadcrumb\":{\"@id\":\"https:\/\/www.ladiagonale.net\/index.php\/2025\/12\/08\/les-ultras-reclament-le-depart-de-scuro\/#breadcrumb\"},\"inLanguage\":\"fr-FR\",\"potentialAction\":[{\"@type\":\"ReadAction\",\"target\":[\"https:\/\/www.ladiagonale.net\/index.php\/2025\/12\/08\/les-ultras-reclament-le-depart-de-scuro\/\"]}]},{\"@type\":\"BreadcrumbList\",\"@id\":\"https:\/\/www.ladiagonale.net\/index.php\/2025\/12\/08\/les-ultras-reclament-le-depart-de-scuro\/#breadcrumb\",\"itemListElement\":[{\"@type\":\"ListItem\",\"position\":1,\"name\":\"Accueil\",\"item\":\"https:\/\/www.ladiagonale.net\/\"},{\"@type\":\"ListItem\",\"position\":2,\"name\":\"Les Ultras r\u00e9clament le d\u00e9part de Scuro\"}]},{\"@type\":\"WebSite\",\"@id\":\"https:\/\/www.ladiagonale.net\/#website\",\"url\":\"https:\/\/www.ladiagonale.net\/\",\"name\":\"La Diagonale\",\"description\":\"Le site des supporters de l&#039;AS Monaco FC\",\"potentialAction\":[{\"@type\":\"SearchAction\",\"target\":{\"@type\":\"EntryPoint\",\"urlTemplate\":\"https:\/\/www.ladiagonale.net\/?s={search_term_string}\"},\"query-input\":\"required name=search_term_string\"}],\"inLanguage\":\"fr-FR\"},{\"@type\":\"Person\",\"@id\":\"https:\/\/www.ladiagonale.net\/#\/schema\/person\/79ff1e7b0853ed01b2aa26e64ad300bf\",\"name\":\"Damien Dellerba\",\"image\":{\"@type\":\"ImageObject\",\"inLanguage\":\"fr-FR\",\"@id\":\"https:\/\/www.ladiagonale.net\/#\/schema\/person\/image\/\",\"url\":\"https:\/\/secure.gravatar.com\/avatar\/c7850e06d3ff63cdbaee88b7fc16e2f0?s=96&d=mm&r=g\",\"contentUrl\":\"https:\/\/secure.gravatar.com\/avatar\/c7850e06d3ff63cdbaee88b7fc16e2f0?s=96&d=mm&r=g\",\"caption\":\"Damien Dellerba\"},\"url\":\"https:\/\/www.ladiagonale.net\/index.php\/author\/damien\/\"}]}<\/script>\n<!-- \/ Yoast SEO plugin. -->","yoast_head_json":{"title":"Les Ultras r\u00e9clament le d\u00e9part de Scuro - La Diagonale","robots":{"index":"index","follow":"follow","max-snippet":"max-snippet:-1","max-image-preview":"max-image-preview:large","max-video-preview":"max-video-preview:-1"},"canonical":"https:\/\/www.ladiagonale.net\/index.php\/2025\/12\/08\/les-ultras-reclament-le-depart-de-scuro\/","og_locale":"fr_FR","og_type":"article","og_title":"Les Ultras r\u00e9clament le d\u00e9part de Scuro - La Diagonale","og_description":"Les Ultras de l\u2019AS Monaco ont tap\u00e9 du poing sur la table. Dimanche, le mouvement de supporters a publi\u00e9 un communiqu\u00e9 au vitriol et s\u2019est positionn\u00e9 fermement contre la direction sportive, repr\u00e9sent\u00e9e par son directeur g\u00e9n\u00e9ral Thiago Scuro. Peu avant le d\u00e9part pour Brest, les UM94 avaient d\u00e9j\u00e0 eu une discussion \u00e0 La Turbie avec [...]","og_url":"https:\/\/www.ladiagonale.net\/index.php\/2025\/12\/08\/les-ultras-reclament-le-depart-de-scuro\/","og_site_name":"La Diagonale","article_published_time":"2025-12-08T03:55:23+00:00","article_modified_time":"2025-12-08T03:55:24+00:00","og_image":[{"width":1160,"height":650,"url":"https:\/\/www.ladiagonale.net\/wp-content\/uploads\/2024\/01\/scuro-2.png","type":"image\/png"}],"author":"Damien Dellerba","twitter_card":"summary_large_image","twitter_image":"https:\/\/www.ladiagonale.net\/wp-content\/uploads\/2024\/01\/scuro-2.png","twitter_misc":{"\u00c9crit par":"Damien Dellerba","Dur\u00e9e de lecture estim\u00e9e":"2 minutes"},"schema":{"@context":"https:\/\/schema.org","@graph":[{"@type":"WebPage","@id":"https:\/\/www.ladiagonale.net\/index.php\/2025\/12\/08\/les-ultras-reclament-le-depart-de-scuro\/","url":"https:\/\/www.ladiagonale.net\/index.php\/2025\/12\/08\/les-ultras-reclament-le-depart-de-scuro\/","name":"Les Ultras r\u00e9clament le d\u00e9part de Scuro - La Diagonale","isPartOf":{"@id":"https:\/\/www.ladiagonale.net\/#website"},"datePublished":"2025-12-08T03:55:23+00:00","dateModified":"2025-12-08T03:55:24+00:00","author":{"@id":"https:\/\/www.ladiagonale.net\/#\/schema\/person\/79ff1e7b0853ed01b2aa26e64ad300bf"},"breadcrumb":{"@id":"https:\/\/www.ladiagonale.net\/index.php\/2025\/12\/08\/les-ultras-reclament-le-depart-de-scuro\/#breadcrumb"},"inLanguage":"fr-FR","potentialAction":[{"@type":"ReadAction","target":["https:\/\/www.ladiagonale.net\/index.php\/2025\/12\/08\/les-ultras-reclament-le-depart-de-scuro\/"]}]},{"@type":"BreadcrumbList","@id":"https:\/\/www.ladiagonale.net\/index.php\/2025\/12\/08\/les-ultras-reclament-le-depart-de-scuro\/#breadcrumb","itemListElement":[{"@type":"ListItem","position":1,"name":"Accueil","item":"https:\/\/www.ladiagonale.net\/"},{"@type":"ListItem","position":2,"name":"Les Ultras r\u00e9clament le d\u00e9part de Scuro"}]},{"@type":"WebSite","@id":"https:\/\/www.ladiagonale.net\/#website","url":"https:\/\/www.ladiagonale.net\/","name":"La Diagonale","description":"Le site des supporters de l&#039;AS Monaco FC","potentialAction":[{"@type":"SearchAction","target":{"@type":"EntryPoint","urlTemplate":"https:\/\/www.ladiagonale.net\/?s={search_term_string}"},"query-input":"required name=search_term_string"}],"inLanguage":"fr-FR"},{"@type":"Person","@id":"https:\/\/www.ladiagonale.net\/#\/schema\/person\/79ff1e7b0853ed01b2aa26e64ad300bf","name":"Damien Dellerba","image":{"@type":"ImageObject","inLanguage":"fr-FR","@id":"https:\/\/www.ladiagonale.net\/#\/schema\/person\/image\/","url":"https:\/\/secure.gravatar.com\/avatar\/c7850e06d3ff63cdbaee88b7fc16e2f0?s=96&d=mm&r=g","contentUrl":"https:\/\/secure.gravatar.com\/avatar\/c7850e06d3ff63cdbaee88b7fc16e2f0?s=96&d=mm&r=g","caption":"Damien Dellerba"},"url":"https:\/\/www.ladiagonale.net\/index.php\/author\/damien\/"}]}},"_links":{"self":[{"href":"https:\/\/www.ladiagonale.net\/index.php\/wp-json\/wp\/v2\/posts\/35658"}],"collection":[{"href":"https:\/\/www.ladiagonale.net\/index.php\/wp-json\/wp\/v2\/posts"}],"about":[{"href":"https:\/\/www.ladiagonale.net\/index.php\/wp-json\/wp\/v2\/types\/post"}],"author":[{"embeddable":true,"href":"https:\/\/www.ladiagonale.net\/index.php\/wp-json\/wp\/v2\/users\/2"}],"replies":[{"embeddable":true,"href":"https:\/\/www.ladiagonale.net\/index.php\/wp-json\/wp\/v2\/comments?post=35658"}],"version-history":[{"count":1,"href":"https:\/\/www.ladiagonale.net\/index.php\/wp-json\/wp\/v2\/posts\/35658\/revisions"}],"predecessor-version":[{"id":35659,"href":"https:\/\/www.ladiagonale.net\/index.php\/wp-json\/wp\/v2\/posts\/35658\/revisions\/35659"}],"wp:attachment":[{"href":"https:\/\/www.ladiagonale.net\/index.php\/wp-json\/wp\/v2\/media?parent=35658"}],"wp:term":[{"taxonomy":"category","embeddable":true,"href":"https:\/\/www.ladiagonale.net\/index.php\/wp-json\/wp\/v2\/categories?post=35658"},{"taxonomy":"post_tag","embeddable":true,"href":"https:\/\/www.ladiagonale.net\/index.php\/wp-json\/wp\/v2\/tags?post=35658"}],"curies":[{"name":"wp","href":"https:\/\/api.w.org\/{rel}","templated":true}]}}