{"id":35689,"date":"2025-12-09T18:46:39","date_gmt":"2025-12-09T17:46:39","guid":{"rendered":"https:\/\/www.ladiagonale.net\/?p=35689"},"modified":"2025-12-09T18:46:40","modified_gmt":"2025-12-09T17:46:40","slug":"lorage-ou-leclaircie","status":"publish","type":"post","link":"https:\/\/www.ladiagonale.net\/index.php\/2025\/12\/09\/lorage-ou-leclaircie\/","title":{"rendered":"L\u2019orage ou l\u2019\u00e9claircie"},"content":{"rendered":"\n<p><strong>Avec une seule victoire en cinq matches, Monaco est de nouveau secou\u00e9 dans une saison qui confine au m\u00e9diocre. La rencontre face \u00e0 Galatasaray en Ligue des champions, ce mardi, pourrait sans doute all\u00e9ger un peu la tension des derniers jours.<\/strong><\/p>\n\n\n\n<p>Sale temps sur la C\u00f4te d\u2019Azur. La temp\u00eate a d\u00e9j\u00e0 atteint le voisin ni\u00e7ois, mais elle se rapproche aussi dangereusement du Rocher. Les jours qui ont suivi la d\u00e9faite \u00e0 Brest ont \u00e9t\u00e9 agit\u00e9s, avec notamment la r\u00e9action des Ultras de l\u2019ASM \u00e0 ce nouveau revers de son \u00e9quipe favorite. Fort heureusement, le m\u00e9contentement ne s\u2019est pas manifest\u00e9 avec la violence dont ont fait preuve les supporters ni\u00e7ois, mais le communiqu\u00e9 publi\u00e9 par le groupe des UM94 est une premi\u00e8re pierre dans le jardin mon\u00e9gasque, qui n\u2019a plus rien d\u2019idyllique.<\/p>\n\n\n\n<p>Il y avait probablement besoin d\u2019un nouveau souffle pour redynamiser l\u2019\u00e9quipe et le choix de se s\u00e9parer d\u2019Adi H\u00fctter \u00e9tait coh\u00e9rent. Mais apr\u00e8s deux mois pass\u00e9s sous la direction de son rempla\u00e7ant S\u00e9bastien Pocognoli, force est de constater que rien ou pas grand-chose n\u2019a chang\u00e9. Il y a sans doute plus d\u2019intensit\u00e9 \u00e0 l\u2019entra\u00eenement, mais pas beaucoup plus en match, ce qui montre que les difficult\u00e9s entrevues ne sont pas n\u00e9cessairement de la responsabilit\u00e9 de l\u2019entra\u00eeneur. Le manque de s\u00e9rieux et d\u2019engagement de certains joueurs a notamment \u00e9t\u00e9 points du doigt par les Ultras et cette attitude est un mauvais signal quant \u00e0 la poursuite de cette saison.<\/p>\n\n\n\n<p>Car on a trop bien vu cette motivation \u00e0 g\u00e9om\u00e9trie variable de la part de ce groupe lors des derni\u00e8res semaines. Capable de se transcender et dominer Tottenham (0-0) ou le PSG (1-0) dans le jeu et de fournir une prestation digne d\u2019une \u00e9quipe rel\u00e9gable juste derri\u00e8re. Les exemples sont nombreux et on peut se demander dans quelles dispositions seront les Rouge et Blanc face \u00e0 Galatasaray, une rencontre capitale pour leur avenir europ\u00e9en. Pour l\u2019instant, \u00e0 trois rencontres du terme de la phase de ligue, l\u2019ASM est dans la zone des qualifi\u00e9s, mais en jouant le Real Madrid puis la Juventus en janvier, pour les deux derni\u00e8res journ\u00e9es, les chances de le rester sont forc\u00e9ment plus minces.<\/p>\n\n\n\n<p>Monaco ne compte que six points apr\u00e8s cinq journ\u00e9es et en ajouter trois de plus contre le club turc, bien mieux class\u00e9, sera indispensable pour croire \u00e0 un printemps europ\u00e9en. \u00ab\u00a0<em>Ce sera un match de tr\u00e8s haut niveau face \u00e0 cette \u00e9quipe, avec une grande intensit\u00e9. Galatasaray a beaucoup d\u2019individualit\u00e9s et un bon collectif\u00a0<\/em>\u00bb, a admis Pocognoli, comme pour annoncer une rencontre \u00e0 venir difficile. S\u2019imposer ne permettra pas de tout r\u00e9gler mais perdre risque de faire empirer la situation. \u00ab\u00a0<em>Je ne me demande pas ce qu\u2019il va se passer si on perd<\/em>\u00a0\u00bb, a fait savoir le technicien belge avant la rencontre. On ne pr\u00e9f\u00e8re franchement pas le savoir<\/p>\n\n\n","protected":false},"excerpt":{"rendered":"<p>Avec une seule victoire en cinq matches, Monaco est de nouveau secou\u00e9 dans une saison qui confine au m\u00e9diocre. La rencontre face \u00e0 Galatasaray en Ligue des champions, ce mardi, pourrait sans doute all\u00e9ger un peu la tension des derniers jours. Sale temps sur la C\u00f4te d\u2019Azur. La temp\u00eate a d\u00e9j\u00e0 atteint le voisin ni\u00e7ois, [&#8230;]\n","protected":false},"author":2,"featured_media":35690,"comment_status":"open","ping_status":"open","sticky":false,"template":"","format":"standard","meta":[],"categories":[5,6,1001],"tags":[86,287,1163],"yoast_head":"<!-- This site is optimized with the Yoast SEO plugin v19.8 - https:\/\/yoast.com\/wordpress\/plugins\/seo\/ -->\n<title>L\u2019orage ou l\u2019\u00e9claircie - La Diagonale<\/title>\n<meta name=\"robots\" content=\"index, follow, max-snippet:-1, max-image-preview:large, max-video-preview:-1\" \/>\n<link rel=\"canonical\" href=\"https:\/\/www.ladiagonale.net\/index.php\/2025\/12\/09\/lorage-ou-leclaircie\/\" \/>\n<meta property=\"og:locale\" content=\"fr_FR\" \/>\n<meta property=\"og:type\" content=\"article\" \/>\n<meta property=\"og:title\" content=\"L\u2019orage ou l\u2019\u00e9claircie - La Diagonale\" \/>\n<meta property=\"og:description\" content=\"Avec une seule victoire en cinq matches, Monaco est de nouveau secou\u00e9 dans une saison qui confine au m\u00e9diocre. La rencontre face \u00e0 Galatasaray en Ligue des champions, ce mardi, pourrait sans doute all\u00e9ger un peu la tension des derniers jours. Sale temps sur la C\u00f4te d\u2019Azur. La temp\u00eate a d\u00e9j\u00e0 atteint le voisin ni\u00e7ois, [...]\" \/>\n<meta property=\"og:url\" content=\"https:\/\/www.ladiagonale.net\/index.php\/2025\/12\/09\/lorage-ou-leclaircie\/\" \/>\n<meta property=\"og:site_name\" content=\"La Diagonale\" \/>\n<meta property=\"article:published_time\" content=\"2025-12-09T17:46:39+00:00\" \/>\n<meta property=\"article:modified_time\" content=\"2025-12-09T17:46:40+00:00\" \/>\n<meta property=\"og:image\" content=\"https:\/\/www.ladiagonale.net\/wp-content\/uploads\/2025\/12\/poco-biereth.png\" \/>\n\t<meta property=\"og:image:width\" content=\"1160\" \/>\n\t<meta property=\"og:image:height\" content=\"650\" \/>\n\t<meta property=\"og:image:type\" content=\"image\/png\" \/>\n<meta name=\"author\" content=\"Damien Dellerba\" \/>\n<meta name=\"twitter:card\" content=\"summary_large_image\" \/>\n<meta name=\"twitter:image\" content=\"https:\/\/www.ladiagonale.net\/wp-content\/uploads\/2025\/12\/poco-biereth.png\" \/>\n<meta name=\"twitter:label1\" content=\"\u00c9crit par\" \/>\n\t<meta name=\"twitter:data1\" content=\"Damien Dellerba\" \/>\n\t<meta name=\"twitter:label2\" content=\"Dur\u00e9e de lecture estim\u00e9e\" \/>\n\t<meta name=\"twitter:data2\" content=\"3 minutes\" \/>\n<script type=\"application\/ld+json\" class=\"yoast-schema-graph\">{\"@context\":\"https:\/\/schema.org\",\"@graph\":[{\"@type\":\"WebPage\",\"@id\":\"https:\/\/www.ladiagonale.net\/index.php\/2025\/12\/09\/lorage-ou-leclaircie\/\",\"url\":\"https:\/\/www.ladiagonale.net\/index.php\/2025\/12\/09\/lorage-ou-leclaircie\/\",\"name\":\"L\u2019orage ou l\u2019\u00e9claircie - La Diagonale\",\"isPartOf\":{\"@id\":\"https:\/\/www.ladiagonale.net\/#website\"},\"datePublished\":\"2025-12-09T17:46:39+00:00\",\"dateModified\":\"2025-12-09T17:46:40+00:00\",\"author\":{\"@id\":\"https:\/\/www.ladiagonale.net\/#\/schema\/person\/79ff1e7b0853ed01b2aa26e64ad300bf\"},\"breadcrumb\":{\"@id\":\"https:\/\/www.ladiagonale.net\/index.php\/2025\/12\/09\/lorage-ou-leclaircie\/#breadcrumb\"},\"inLanguage\":\"fr-FR\",\"potentialAction\":[{\"@type\":\"ReadAction\",\"target\":[\"https:\/\/www.ladiagonale.net\/index.php\/2025\/12\/09\/lorage-ou-leclaircie\/\"]}]},{\"@type\":\"BreadcrumbList\",\"@id\":\"https:\/\/www.ladiagonale.net\/index.php\/2025\/12\/09\/lorage-ou-leclaircie\/#breadcrumb\",\"itemListElement\":[{\"@type\":\"ListItem\",\"position\":1,\"name\":\"Accueil\",\"item\":\"https:\/\/www.ladiagonale.net\/\"},{\"@type\":\"ListItem\",\"position\":2,\"name\":\"L\u2019orage ou l\u2019\u00e9claircie\"}]},{\"@type\":\"WebSite\",\"@id\":\"https:\/\/www.ladiagonale.net\/#website\",\"url\":\"https:\/\/www.ladiagonale.net\/\",\"name\":\"La Diagonale\",\"description\":\"Le site des supporters de l&#039;AS Monaco FC\",\"potentialAction\":[{\"@type\":\"SearchAction\",\"target\":{\"@type\":\"EntryPoint\",\"urlTemplate\":\"https:\/\/www.ladiagonale.net\/?s={search_term_string}\"},\"query-input\":\"required name=search_term_string\"}],\"inLanguage\":\"fr-FR\"},{\"@type\":\"Person\",\"@id\":\"https:\/\/www.ladiagonale.net\/#\/schema\/person\/79ff1e7b0853ed01b2aa26e64ad300bf\",\"name\":\"Damien Dellerba\",\"image\":{\"@type\":\"ImageObject\",\"inLanguage\":\"fr-FR\",\"@id\":\"https:\/\/www.ladiagonale.net\/#\/schema\/person\/image\/\",\"url\":\"https:\/\/secure.gravatar.com\/avatar\/c7850e06d3ff63cdbaee88b7fc16e2f0?s=96&d=mm&r=g\",\"contentUrl\":\"https:\/\/secure.gravatar.com\/avatar\/c7850e06d3ff63cdbaee88b7fc16e2f0?s=96&d=mm&r=g\",\"caption\":\"Damien Dellerba\"},\"url\":\"https:\/\/www.ladiagonale.net\/index.php\/author\/damien\/\"}]}<\/script>\n<!-- \/ Yoast SEO plugin. -->","yoast_head_json":{"title":"L\u2019orage ou l\u2019\u00e9claircie - La Diagonale","robots":{"index":"index","follow":"follow","max-snippet":"max-snippet:-1","max-image-preview":"max-image-preview:large","max-video-preview":"max-video-preview:-1"},"canonical":"https:\/\/www.ladiagonale.net\/index.php\/2025\/12\/09\/lorage-ou-leclaircie\/","og_locale":"fr_FR","og_type":"article","og_title":"L\u2019orage ou l\u2019\u00e9claircie - La Diagonale","og_description":"Avec une seule victoire en cinq matches, Monaco est de nouveau secou\u00e9 dans une saison qui confine au m\u00e9diocre. La rencontre face \u00e0 Galatasaray en Ligue des champions, ce mardi, pourrait sans doute all\u00e9ger un peu la tension des derniers jours. Sale temps sur la C\u00f4te d\u2019Azur. La temp\u00eate a d\u00e9j\u00e0 atteint le voisin ni\u00e7ois, [...]","og_url":"https:\/\/www.ladiagonale.net\/index.php\/2025\/12\/09\/lorage-ou-leclaircie\/","og_site_name":"La Diagonale","article_published_time":"2025-12-09T17:46:39+00:00","article_modified_time":"2025-12-09T17:46:40+00:00","og_image":[{"width":1160,"height":650,"url":"https:\/\/www.ladiagonale.net\/wp-content\/uploads\/2025\/12\/poco-biereth.png","type":"image\/png"}],"author":"Damien Dellerba","twitter_card":"summary_large_image","twitter_image":"https:\/\/www.ladiagonale.net\/wp-content\/uploads\/2025\/12\/poco-biereth.png","twitter_misc":{"\u00c9crit par":"Damien Dellerba","Dur\u00e9e de lecture estim\u00e9e":"3 minutes"},"schema":{"@context":"https:\/\/schema.org","@graph":[{"@type":"WebPage","@id":"https:\/\/www.ladiagonale.net\/index.php\/2025\/12\/09\/lorage-ou-leclaircie\/","url":"https:\/\/www.ladiagonale.net\/index.php\/2025\/12\/09\/lorage-ou-leclaircie\/","name":"L\u2019orage ou l\u2019\u00e9claircie - La Diagonale","isPartOf":{"@id":"https:\/\/www.ladiagonale.net\/#website"},"datePublished":"2025-12-09T17:46:39+00:00","dateModified":"2025-12-09T17:46:40+00:00","author":{"@id":"https:\/\/www.ladiagonale.net\/#\/schema\/person\/79ff1e7b0853ed01b2aa26e64ad300bf"},"breadcrumb":{"@id":"https:\/\/www.ladiagonale.net\/index.php\/2025\/12\/09\/lorage-ou-leclaircie\/#breadcrumb"},"inLanguage":"fr-FR","potentialAction":[{"@type":"ReadAction","target":["https:\/\/www.ladiagonale.net\/index.php\/2025\/12\/09\/lorage-ou-leclaircie\/"]}]},{"@type":"BreadcrumbList","@id":"https:\/\/www.ladiagonale.net\/index.php\/2025\/12\/09\/lorage-ou-leclaircie\/#breadcrumb","itemListElement":[{"@type":"ListItem","position":1,"name":"Accueil","item":"https:\/\/www.ladiagonale.net\/"},{"@type":"ListItem","position":2,"name":"L\u2019orage ou l\u2019\u00e9claircie"}]},{"@type":"WebSite","@id":"https:\/\/www.ladiagonale.net\/#website","url":"https:\/\/www.ladiagonale.net\/","name":"La Diagonale","description":"Le site des supporters de l&#039;AS Monaco FC","potentialAction":[{"@type":"SearchAction","target":{"@type":"EntryPoint","urlTemplate":"https:\/\/www.ladiagonale.net\/?s={search_term_string}"},"query-input":"required name=search_term_string"}],"inLanguage":"fr-FR"},{"@type":"Person","@id":"https:\/\/www.ladiagonale.net\/#\/schema\/person\/79ff1e7b0853ed01b2aa26e64ad300bf","name":"Damien Dellerba","image":{"@type":"ImageObject","inLanguage":"fr-FR","@id":"https:\/\/www.ladiagonale.net\/#\/schema\/person\/image\/","url":"https:\/\/secure.gravatar.com\/avatar\/c7850e06d3ff63cdbaee88b7fc16e2f0?s=96&d=mm&r=g","contentUrl":"https:\/\/secure.gravatar.com\/avatar\/c7850e06d3ff63cdbaee88b7fc16e2f0?s=96&d=mm&r=g","caption":"Damien Dellerba"},"url":"https:\/\/www.ladiagonale.net\/index.php\/author\/damien\/"}]}},"_links":{"self":[{"href":"https:\/\/www.ladiagonale.net\/index.php\/wp-json\/wp\/v2\/posts\/35689"}],"collection":[{"href":"https:\/\/www.ladiagonale.net\/index.php\/wp-json\/wp\/v2\/posts"}],"about":[{"href":"https:\/\/www.ladiagonale.net\/index.php\/wp-json\/wp\/v2\/types\/post"}],"author":[{"embeddable":true,"href":"https:\/\/www.ladiagonale.net\/index.php\/wp-json\/wp\/v2\/users\/2"}],"replies":[{"embeddable":true,"href":"https:\/\/www.ladiagonale.net\/index.php\/wp-json\/wp\/v2\/comments?post=35689"}],"version-history":[{"count":1,"href":"https:\/\/www.ladiagonale.net\/index.php\/wp-json\/wp\/v2\/posts\/35689\/revisions"}],"predecessor-version":[{"id":35691,"href":"https:\/\/www.ladiagonale.net\/index.php\/wp-json\/wp\/v2\/posts\/35689\/revisions\/35691"}],"wp:featuredmedia":[{"embeddable":true,"href":"https:\/\/www.ladiagonale.net\/index.php\/wp-json\/wp\/v2\/media\/35690"}],"wp:attachment":[{"href":"https:\/\/www.ladiagonale.net\/index.php\/wp-json\/wp\/v2\/media?parent=35689"}],"wp:term":[{"taxonomy":"category","embeddable":true,"href":"https:\/\/www.ladiagonale.net\/index.php\/wp-json\/wp\/v2\/categories?post=35689"},{"taxonomy":"post_tag","embeddable":true,"href":"https:\/\/www.ladiagonale.net\/index.php\/wp-json\/wp\/v2\/tags?post=35689"}],"curies":[{"name":"wp","href":"https:\/\/api.w.org\/{rel}","templated":true}]}}