{"id":35738,"date":"2025-12-14T13:35:38","date_gmt":"2025-12-14T12:35:38","guid":{"rendered":"https:\/\/www.ladiagonale.net\/?p=35738"},"modified":"2025-12-14T13:41:33","modified_gmt":"2025-12-14T12:41:33","slug":"le-groupe-monegasque-avec-dier-et-mawissa-sans-pogba-ni-diatta","status":"publish","type":"post","link":"https:\/\/www.ladiagonale.net\/index.php\/2025\/12\/14\/le-groupe-monegasque-avec-dier-et-mawissa-sans-pogba-ni-diatta\/","title":{"rendered":"Le groupe mon\u00e9gasque : avec Dier et Mawissa, sans Pogba ni Diatta"},"content":{"rendered":"\n<p>L&rsquo;AS Monaco enregistre deux retours pour le d\u00e9placement de ce dimanche \u00e0 Marseille. De retour de blessure, Eric Dier et Christian Mawissa ont \u00e9t\u00e9 convoqu\u00e9s par S\u00e9bastien Pocognoli pour la rencontre et vont permettre au Belge de disposer de davantage de solutions en d\u00e9fense, m\u00eame s&rsquo;ils ne sont pas attendus comme titulaires.<\/p>\n\n\n\n<p>En revanche, Paul Pogba a rechut\u00e9. Selon le communiqu\u00e9 m\u00e9dical publi\u00e9 par le club, le milieu de terrain souffre d&rsquo;une g\u00eane au mollet gauche alors que Pocognoli avait rapport\u00e9 un probl\u00e8me \u00e0 un genou face \u00e0 Galatasaray. Ansu Fati est toujours \u00e0 l&rsquo;infirmerie.<\/p>\n\n\n\n<p>Parmi les choix effectu\u00e9s par l&rsquo;entra\u00eeneur mon\u00e9gasque, Kr\u00e9pin Diatta sort du groupe, tout comme Lucas Michal.<\/p>\n\n\n<div class=\"wp-block-image\">\n<figure class=\"aligncenter size-large is-resized\"><img loading=\"lazy\" src=\"https:\/\/www.ladiagonale.net\/wp-content\/uploads\/2025\/12\/G8EzV-wWQAMRXVh-819x1024.jpg\" alt=\"\" class=\"wp-image-35739\" width=\"614\" height=\"768\" srcset=\"https:\/\/www.ladiagonale.net\/wp-content\/uploads\/2025\/12\/G8EzV-wWQAMRXVh-819x1024.jpg 819w, https:\/\/www.ladiagonale.net\/wp-content\/uploads\/2025\/12\/G8EzV-wWQAMRXVh-240x300.jpg 240w, https:\/\/www.ladiagonale.net\/wp-content\/uploads\/2025\/12\/G8EzV-wWQAMRXVh-768x960.jpg 768w, https:\/\/www.ladiagonale.net\/wp-content\/uploads\/2025\/12\/G8EzV-wWQAMRXVh-1229x1536.jpg 1229w, https:\/\/www.ladiagonale.net\/wp-content\/uploads\/2025\/12\/G8EzV-wWQAMRXVh-102x128.jpg 102w, https:\/\/www.ladiagonale.net\/wp-content\/uploads\/2025\/12\/G8EzV-wWQAMRXVh-26x32.jpg 26w, https:\/\/www.ladiagonale.net\/wp-content\/uploads\/2025\/12\/G8EzV-wWQAMRXVh.jpg 1620w\" sizes=\"(max-width: 614px) 100vw, 614px\" \/><figcaption>Cr\u00e9dit : AS Monaco<\/figcaption><\/figure><\/div>\n\n\n<p>Absents : Pogba, Fati (bless\u00e9), Diatta, Michal, Cabral, Bamba, Brunner (choix).<\/p>\n","protected":false},"excerpt":{"rendered":"<p>L&rsquo;AS Monaco enregistre deux retours pour le d\u00e9placement de ce dimanche \u00e0 Marseille. De retour de blessure, Eric Dier et Christian Mawissa ont \u00e9t\u00e9 convoqu\u00e9s par S\u00e9bastien Pocognoli pour la rencontre et vont permettre au Belge de disposer de davantage de solutions en d\u00e9fense, m\u00eame s&rsquo;ils ne sont pas attendus comme titulaires. En revanche, Paul [&#8230;]\n","protected":false},"author":2,"featured_media":0,"comment_status":"open","ping_status":"open","sticky":false,"template":"","format":"standard","meta":[],"categories":[4,6,1000],"tags":[86,225,94,374],"yoast_head":"<!-- This site is optimized with the Yoast SEO plugin v19.8 - https:\/\/yoast.com\/wordpress\/plugins\/seo\/ -->\n<title>Le groupe mon\u00e9gasque : avec Dier et Mawissa, sans Pogba ni Diatta - La Diagonale<\/title>\n<meta name=\"robots\" content=\"index, follow, max-snippet:-1, max-image-preview:large, max-video-preview:-1\" \/>\n<link rel=\"canonical\" href=\"https:\/\/www.ladiagonale.net\/index.php\/2025\/12\/14\/le-groupe-monegasque-avec-dier-et-mawissa-sans-pogba-ni-diatta\/\" \/>\n<meta property=\"og:locale\" content=\"fr_FR\" \/>\n<meta property=\"og:type\" content=\"article\" \/>\n<meta property=\"og:title\" content=\"Le groupe mon\u00e9gasque : avec Dier et Mawissa, sans Pogba ni Diatta - La Diagonale\" \/>\n<meta property=\"og:description\" content=\"L&rsquo;AS Monaco enregistre deux retours pour le d\u00e9placement de ce dimanche \u00e0 Marseille. De retour de blessure, Eric Dier et Christian Mawissa ont \u00e9t\u00e9 convoqu\u00e9s par S\u00e9bastien Pocognoli pour la rencontre et vont permettre au Belge de disposer de davantage de solutions en d\u00e9fense, m\u00eame s&rsquo;ils ne sont pas attendus comme titulaires. En revanche, Paul [...]\" \/>\n<meta property=\"og:url\" content=\"https:\/\/www.ladiagonale.net\/index.php\/2025\/12\/14\/le-groupe-monegasque-avec-dier-et-mawissa-sans-pogba-ni-diatta\/\" \/>\n<meta property=\"og:site_name\" content=\"La Diagonale\" \/>\n<meta property=\"article:published_time\" content=\"2025-12-14T12:35:38+00:00\" \/>\n<meta property=\"article:modified_time\" content=\"2025-12-14T12:41:33+00:00\" \/>\n<meta property=\"og:image\" content=\"https:\/\/www.ladiagonale.net\/wp-content\/uploads\/2025\/11\/pogba-slider.jpg\" \/>\n\t<meta property=\"og:image:width\" content=\"1366\" \/>\n\t<meta property=\"og:image:height\" content=\"768\" \/>\n\t<meta property=\"og:image:type\" content=\"image\/jpeg\" \/>\n<meta name=\"author\" content=\"Damien Dellerba\" \/>\n<meta name=\"twitter:card\" content=\"summary_large_image\" \/>\n<meta name=\"twitter:image\" content=\"https:\/\/www.ladiagonale.net\/wp-content\/uploads\/2025\/11\/pogba-slider.jpg\" \/>\n<meta name=\"twitter:label1\" content=\"\u00c9crit par\" \/>\n\t<meta name=\"twitter:data1\" content=\"Damien Dellerba\" \/>\n\t<meta name=\"twitter:label2\" content=\"Dur\u00e9e de lecture estim\u00e9e\" \/>\n\t<meta name=\"twitter:data2\" content=\"1 minute\" \/>\n<script type=\"application\/ld+json\" class=\"yoast-schema-graph\">{\"@context\":\"https:\/\/schema.org\",\"@graph\":[{\"@type\":\"WebPage\",\"@id\":\"https:\/\/www.ladiagonale.net\/index.php\/2025\/12\/14\/le-groupe-monegasque-avec-dier-et-mawissa-sans-pogba-ni-diatta\/\",\"url\":\"https:\/\/www.ladiagonale.net\/index.php\/2025\/12\/14\/le-groupe-monegasque-avec-dier-et-mawissa-sans-pogba-ni-diatta\/\",\"name\":\"Le groupe mon\u00e9gasque : avec Dier et Mawissa, sans Pogba ni Diatta - La Diagonale\",\"isPartOf\":{\"@id\":\"https:\/\/www.ladiagonale.net\/#website\"},\"datePublished\":\"2025-12-14T12:35:38+00:00\",\"dateModified\":\"2025-12-14T12:41:33+00:00\",\"author\":{\"@id\":\"https:\/\/www.ladiagonale.net\/#\/schema\/person\/79ff1e7b0853ed01b2aa26e64ad300bf\"},\"breadcrumb\":{\"@id\":\"https:\/\/www.ladiagonale.net\/index.php\/2025\/12\/14\/le-groupe-monegasque-avec-dier-et-mawissa-sans-pogba-ni-diatta\/#breadcrumb\"},\"inLanguage\":\"fr-FR\",\"potentialAction\":[{\"@type\":\"ReadAction\",\"target\":[\"https:\/\/www.ladiagonale.net\/index.php\/2025\/12\/14\/le-groupe-monegasque-avec-dier-et-mawissa-sans-pogba-ni-diatta\/\"]}]},{\"@type\":\"BreadcrumbList\",\"@id\":\"https:\/\/www.ladiagonale.net\/index.php\/2025\/12\/14\/le-groupe-monegasque-avec-dier-et-mawissa-sans-pogba-ni-diatta\/#breadcrumb\",\"itemListElement\":[{\"@type\":\"ListItem\",\"position\":1,\"name\":\"Accueil\",\"item\":\"https:\/\/www.ladiagonale.net\/\"},{\"@type\":\"ListItem\",\"position\":2,\"name\":\"Le groupe mon\u00e9gasque : avec Dier et Mawissa, sans Pogba ni Diatta\"}]},{\"@type\":\"WebSite\",\"@id\":\"https:\/\/www.ladiagonale.net\/#website\",\"url\":\"https:\/\/www.ladiagonale.net\/\",\"name\":\"La Diagonale\",\"description\":\"Le site des supporters de l&#039;AS Monaco FC\",\"potentialAction\":[{\"@type\":\"SearchAction\",\"target\":{\"@type\":\"EntryPoint\",\"urlTemplate\":\"https:\/\/www.ladiagonale.net\/?s={search_term_string}\"},\"query-input\":\"required name=search_term_string\"}],\"inLanguage\":\"fr-FR\"},{\"@type\":\"Person\",\"@id\":\"https:\/\/www.ladiagonale.net\/#\/schema\/person\/79ff1e7b0853ed01b2aa26e64ad300bf\",\"name\":\"Damien Dellerba\",\"image\":{\"@type\":\"ImageObject\",\"inLanguage\":\"fr-FR\",\"@id\":\"https:\/\/www.ladiagonale.net\/#\/schema\/person\/image\/\",\"url\":\"https:\/\/secure.gravatar.com\/avatar\/c7850e06d3ff63cdbaee88b7fc16e2f0?s=96&d=mm&r=g\",\"contentUrl\":\"https:\/\/secure.gravatar.com\/avatar\/c7850e06d3ff63cdbaee88b7fc16e2f0?s=96&d=mm&r=g\",\"caption\":\"Damien Dellerba\"},\"url\":\"https:\/\/www.ladiagonale.net\/index.php\/author\/damien\/\"}]}<\/script>\n<!-- \/ Yoast SEO plugin. -->","yoast_head_json":{"title":"Le groupe mon\u00e9gasque : avec Dier et Mawissa, sans Pogba ni Diatta - La Diagonale","robots":{"index":"index","follow":"follow","max-snippet":"max-snippet:-1","max-image-preview":"max-image-preview:large","max-video-preview":"max-video-preview:-1"},"canonical":"https:\/\/www.ladiagonale.net\/index.php\/2025\/12\/14\/le-groupe-monegasque-avec-dier-et-mawissa-sans-pogba-ni-diatta\/","og_locale":"fr_FR","og_type":"article","og_title":"Le groupe mon\u00e9gasque : avec Dier et Mawissa, sans Pogba ni Diatta - La Diagonale","og_description":"L&rsquo;AS Monaco enregistre deux retours pour le d\u00e9placement de ce dimanche \u00e0 Marseille. De retour de blessure, Eric Dier et Christian Mawissa ont \u00e9t\u00e9 convoqu\u00e9s par S\u00e9bastien Pocognoli pour la rencontre et vont permettre au Belge de disposer de davantage de solutions en d\u00e9fense, m\u00eame s&rsquo;ils ne sont pas attendus comme titulaires. En revanche, Paul [...]","og_url":"https:\/\/www.ladiagonale.net\/index.php\/2025\/12\/14\/le-groupe-monegasque-avec-dier-et-mawissa-sans-pogba-ni-diatta\/","og_site_name":"La Diagonale","article_published_time":"2025-12-14T12:35:38+00:00","article_modified_time":"2025-12-14T12:41:33+00:00","og_image":[{"width":1366,"height":768,"url":"https:\/\/www.ladiagonale.net\/wp-content\/uploads\/2025\/11\/pogba-slider.jpg","type":"image\/jpeg"}],"author":"Damien Dellerba","twitter_card":"summary_large_image","twitter_image":"https:\/\/www.ladiagonale.net\/wp-content\/uploads\/2025\/11\/pogba-slider.jpg","twitter_misc":{"\u00c9crit par":"Damien Dellerba","Dur\u00e9e de lecture estim\u00e9e":"1 minute"},"schema":{"@context":"https:\/\/schema.org","@graph":[{"@type":"WebPage","@id":"https:\/\/www.ladiagonale.net\/index.php\/2025\/12\/14\/le-groupe-monegasque-avec-dier-et-mawissa-sans-pogba-ni-diatta\/","url":"https:\/\/www.ladiagonale.net\/index.php\/2025\/12\/14\/le-groupe-monegasque-avec-dier-et-mawissa-sans-pogba-ni-diatta\/","name":"Le groupe mon\u00e9gasque : avec Dier et Mawissa, sans Pogba ni Diatta - La Diagonale","isPartOf":{"@id":"https:\/\/www.ladiagonale.net\/#website"},"datePublished":"2025-12-14T12:35:38+00:00","dateModified":"2025-12-14T12:41:33+00:00","author":{"@id":"https:\/\/www.ladiagonale.net\/#\/schema\/person\/79ff1e7b0853ed01b2aa26e64ad300bf"},"breadcrumb":{"@id":"https:\/\/www.ladiagonale.net\/index.php\/2025\/12\/14\/le-groupe-monegasque-avec-dier-et-mawissa-sans-pogba-ni-diatta\/#breadcrumb"},"inLanguage":"fr-FR","potentialAction":[{"@type":"ReadAction","target":["https:\/\/www.ladiagonale.net\/index.php\/2025\/12\/14\/le-groupe-monegasque-avec-dier-et-mawissa-sans-pogba-ni-diatta\/"]}]},{"@type":"BreadcrumbList","@id":"https:\/\/www.ladiagonale.net\/index.php\/2025\/12\/14\/le-groupe-monegasque-avec-dier-et-mawissa-sans-pogba-ni-diatta\/#breadcrumb","itemListElement":[{"@type":"ListItem","position":1,"name":"Accueil","item":"https:\/\/www.ladiagonale.net\/"},{"@type":"ListItem","position":2,"name":"Le groupe mon\u00e9gasque : avec Dier et Mawissa, sans Pogba ni Diatta"}]},{"@type":"WebSite","@id":"https:\/\/www.ladiagonale.net\/#website","url":"https:\/\/www.ladiagonale.net\/","name":"La Diagonale","description":"Le site des supporters de l&#039;AS Monaco FC","potentialAction":[{"@type":"SearchAction","target":{"@type":"EntryPoint","urlTemplate":"https:\/\/www.ladiagonale.net\/?s={search_term_string}"},"query-input":"required name=search_term_string"}],"inLanguage":"fr-FR"},{"@type":"Person","@id":"https:\/\/www.ladiagonale.net\/#\/schema\/person\/79ff1e7b0853ed01b2aa26e64ad300bf","name":"Damien Dellerba","image":{"@type":"ImageObject","inLanguage":"fr-FR","@id":"https:\/\/www.ladiagonale.net\/#\/schema\/person\/image\/","url":"https:\/\/secure.gravatar.com\/avatar\/c7850e06d3ff63cdbaee88b7fc16e2f0?s=96&d=mm&r=g","contentUrl":"https:\/\/secure.gravatar.com\/avatar\/c7850e06d3ff63cdbaee88b7fc16e2f0?s=96&d=mm&r=g","caption":"Damien Dellerba"},"url":"https:\/\/www.ladiagonale.net\/index.php\/author\/damien\/"}]}},"_links":{"self":[{"href":"https:\/\/www.ladiagonale.net\/index.php\/wp-json\/wp\/v2\/posts\/35738"}],"collection":[{"href":"https:\/\/www.ladiagonale.net\/index.php\/wp-json\/wp\/v2\/posts"}],"about":[{"href":"https:\/\/www.ladiagonale.net\/index.php\/wp-json\/wp\/v2\/types\/post"}],"author":[{"embeddable":true,"href":"https:\/\/www.ladiagonale.net\/index.php\/wp-json\/wp\/v2\/users\/2"}],"replies":[{"embeddable":true,"href":"https:\/\/www.ladiagonale.net\/index.php\/wp-json\/wp\/v2\/comments?post=35738"}],"version-history":[{"count":2,"href":"https:\/\/www.ladiagonale.net\/index.php\/wp-json\/wp\/v2\/posts\/35738\/revisions"}],"predecessor-version":[{"id":35741,"href":"https:\/\/www.ladiagonale.net\/index.php\/wp-json\/wp\/v2\/posts\/35738\/revisions\/35741"}],"wp:attachment":[{"href":"https:\/\/www.ladiagonale.net\/index.php\/wp-json\/wp\/v2\/media?parent=35738"}],"wp:term":[{"taxonomy":"category","embeddable":true,"href":"https:\/\/www.ladiagonale.net\/index.php\/wp-json\/wp\/v2\/categories?post=35738"},{"taxonomy":"post_tag","embeddable":true,"href":"https:\/\/www.ladiagonale.net\/index.php\/wp-json\/wp\/v2\/tags?post=35738"}],"curies":[{"name":"wp","href":"https:\/\/api.w.org\/{rel}","templated":true}]}}