{"id":35742,"date":"2025-12-14T14:57:45","date_gmt":"2025-12-14T13:57:45","guid":{"rendered":"https:\/\/www.ladiagonale.net\/?p=35742"},"modified":"2025-12-14T14:57:46","modified_gmt":"2025-12-14T13:57:46","slug":"balogun-je-veux-vraiment-faire-une-grosse-saison","status":"publish","type":"post","link":"https:\/\/www.ladiagonale.net\/index.php\/2025\/12\/14\/balogun-je-veux-vraiment-faire-une-grosse-saison\/","title":{"rendered":"Balogun : \u00ab&nbsp; Je veux vraiment faire une grosse saison&nbsp;\u00bb"},"content":{"rendered":"\n<p>Avant le choc face \u00e0 l\u2019Olympique de Marseille, Folarin Balogun a donn\u00e9 un entretien au journal <em>L\u2019\u00c9quipe<\/em>. En pleine confiance, l\u2019attaquant am\u00e9ricain semble avoir enfin trouv\u00e9 ses marques \u00e0 l\u2019AS Monaco et veut marquer les esprits : \u00ab\u00a0<em>Quand je joue pour un club, le minimum est que je fasse au moins une bonne saison. (\u2026) Je veux vraiment faire une grosse saison.<\/em>\u00a0\u00bb<\/p>\n\n\n\n<p>L\u2019ancien joueur d\u2019Arsenal a notamment \u00e9voqu\u00e9 l\u2019arriv\u00e9e de S\u00e9bastien Pocognoli sur le banc pour justifier cette renaissance : \u00ab\u00a0<em>L&rsquo;arriv\u00e9e du coach a b\u00e9n\u00e9fici\u00e9 \u00e0 plusieurs joueurs. Avec les adjoints, comme Kevin (Mirallas), il a voulu imm\u00e9diatement g\u00e9n\u00e9rer beaucoup d&rsquo;assurance chez les attaquants. Cet apport a \u00e9t\u00e9 tr\u00e8s positif. (\u2026) Quand on travaille avec un coach plus jeune, parfois il a des id\u00e9es plus modernes dans lesquelles nous, au sein des jeunes g\u00e9n\u00e9rations, on se reconna\u00eet davantage.<\/em>\u00a0\u00bb<\/p>\n\n\n\n<h3>Il pr\u00e9f\u00e8re jouer seul en pointe<\/h3>\n\n\n\n<p>Balogun a notamment expliqu\u00e9 que Pocognoli leur donnait plus de confiance : \u00ab<em>\u00a0La fa\u00e7on dont il vient nous encourager aux entra\u00eenements n\u2019est pas la m\u00eame non plus. (\u2026) Il suffit parfois de petites choses pour cr\u00e9er un d\u00e9clic. C&rsquo;est un coach tr\u00e8s intelligent. C&rsquo;est encore t\u00f4t pour voir les effets de son travail, mais on est tous derri\u00e8re lui.<\/em>\u00a0\u00bb<\/p>\n\n\n\n<p>Le n\u00b09 mon\u00e9gasque se sent aussi plus \u00e0 l\u2019aise tactiquement depuis l\u2019arriv\u00e9e du Belge, car cela lui permet d\u2019\u00e9voluer seul en pointe :\u00a0\u00ab\u00a0<em>Il (Pocognoli) veut jouer diff\u00e9remment, avec un seul attaquant le plus souvent, contre deux avec Adi (H\u00fctter). (\u2026) C\u2019est comme \u00e7a que j&rsquo;ai le plus jou\u00e9. Pour moi, c&rsquo;est plus naturel de jouer seul.<\/em>\u00a0\u00bb<\/p>\n\n\n\n<p>Paradoxalement, ce n\u2019est pas de cette fa\u00e7on qu\u2019il a \u00e9t\u00e9 form\u00e9 \u00e0 Arsenal : \u00ab\u00a0<em>On travaillait surtout sur l&rsquo;aspect technique \u00e0 Arsenal. Apr\u00e8s, j&rsquo;ai d\u00fb me r\u00e9inventer un peu parce qu&rsquo;on ne m&rsquo;avait pas appris \u00e0 jouer en pointe. Je n&rsquo;ai jou\u00e9 qu&rsquo;ailier. C&rsquo;est pour \u00e7a que je dirais aujourd&rsquo;hui que je suis un attaquant peu orthodoxe. Mes objectifs \u00e9taient toujours de faire des passes d\u00e9cisives.<\/em>\u00a0\u00bb<\/p>\n\n\n","protected":false},"excerpt":{"rendered":"<p>Avant le choc face \u00e0 l\u2019Olympique de Marseille, Folarin Balogun a donn\u00e9 un entretien au journal L\u2019\u00c9quipe. En pleine confiance, l\u2019attaquant am\u00e9ricain semble avoir enfin trouv\u00e9 ses marques \u00e0 l\u2019AS Monaco et veut marquer les esprits : \u00ab\u00a0Quand je joue pour un club, le minimum est que je fasse au moins une bonne saison. (\u2026) [&#8230;]\n","protected":false},"author":2,"featured_media":0,"comment_status":"open","ping_status":"open","sticky":false,"template":"","format":"standard","meta":[],"categories":[6],"tags":[86,483],"yoast_head":"<!-- This site is optimized with the Yoast SEO plugin v19.8 - https:\/\/yoast.com\/wordpress\/plugins\/seo\/ -->\n<title>Balogun : \u00ab&nbsp; Je veux vraiment faire une grosse saison&nbsp;\u00bb - La Diagonale<\/title>\n<meta name=\"robots\" content=\"index, follow, max-snippet:-1, max-image-preview:large, max-video-preview:-1\" \/>\n<link rel=\"canonical\" href=\"https:\/\/www.ladiagonale.net\/index.php\/2025\/12\/14\/balogun-je-veux-vraiment-faire-une-grosse-saison\/\" \/>\n<meta property=\"og:locale\" content=\"fr_FR\" \/>\n<meta property=\"og:type\" content=\"article\" \/>\n<meta property=\"og:title\" content=\"Balogun : \u00ab&nbsp; Je veux vraiment faire une grosse saison&nbsp;\u00bb - La Diagonale\" \/>\n<meta property=\"og:description\" content=\"Avant le choc face \u00e0 l\u2019Olympique de Marseille, Folarin Balogun a donn\u00e9 un entretien au journal L\u2019\u00c9quipe. En pleine confiance, l\u2019attaquant am\u00e9ricain semble avoir enfin trouv\u00e9 ses marques \u00e0 l\u2019AS Monaco et veut marquer les esprits : \u00ab\u00a0Quand je joue pour un club, le minimum est que je fasse au moins une bonne saison. (\u2026) [...]\" \/>\n<meta property=\"og:url\" content=\"https:\/\/www.ladiagonale.net\/index.php\/2025\/12\/14\/balogun-je-veux-vraiment-faire-une-grosse-saison\/\" \/>\n<meta property=\"og:site_name\" content=\"La Diagonale\" \/>\n<meta property=\"article:published_time\" content=\"2025-12-14T13:57:45+00:00\" \/>\n<meta property=\"article:modified_time\" content=\"2025-12-14T13:57:46+00:00\" \/>\n<meta property=\"og:image\" content=\"https:\/\/www.ladiagonale.net\/wp-content\/uploads\/2025\/09\/Balogunrcsa.png\" \/>\n\t<meta property=\"og:image:width\" content=\"1160\" \/>\n\t<meta property=\"og:image:height\" content=\"650\" \/>\n\t<meta property=\"og:image:type\" content=\"image\/png\" \/>\n<meta name=\"author\" content=\"Damien Dellerba\" \/>\n<meta name=\"twitter:card\" content=\"summary_large_image\" \/>\n<meta name=\"twitter:image\" content=\"https:\/\/www.ladiagonale.net\/wp-content\/uploads\/2025\/09\/Balogunrcsa.png\" \/>\n<meta name=\"twitter:label1\" content=\"\u00c9crit par\" \/>\n\t<meta name=\"twitter:data1\" content=\"Damien Dellerba\" \/>\n\t<meta name=\"twitter:label2\" content=\"Dur\u00e9e de lecture estim\u00e9e\" \/>\n\t<meta name=\"twitter:data2\" content=\"2 minutes\" \/>\n<script type=\"application\/ld+json\" class=\"yoast-schema-graph\">{\"@context\":\"https:\/\/schema.org\",\"@graph\":[{\"@type\":\"WebPage\",\"@id\":\"https:\/\/www.ladiagonale.net\/index.php\/2025\/12\/14\/balogun-je-veux-vraiment-faire-une-grosse-saison\/\",\"url\":\"https:\/\/www.ladiagonale.net\/index.php\/2025\/12\/14\/balogun-je-veux-vraiment-faire-une-grosse-saison\/\",\"name\":\"Balogun : \u00ab&nbsp; Je veux vraiment faire une grosse saison&nbsp;\u00bb - La Diagonale\",\"isPartOf\":{\"@id\":\"https:\/\/www.ladiagonale.net\/#website\"},\"datePublished\":\"2025-12-14T13:57:45+00:00\",\"dateModified\":\"2025-12-14T13:57:46+00:00\",\"author\":{\"@id\":\"https:\/\/www.ladiagonale.net\/#\/schema\/person\/79ff1e7b0853ed01b2aa26e64ad300bf\"},\"breadcrumb\":{\"@id\":\"https:\/\/www.ladiagonale.net\/index.php\/2025\/12\/14\/balogun-je-veux-vraiment-faire-une-grosse-saison\/#breadcrumb\"},\"inLanguage\":\"fr-FR\",\"potentialAction\":[{\"@type\":\"ReadAction\",\"target\":[\"https:\/\/www.ladiagonale.net\/index.php\/2025\/12\/14\/balogun-je-veux-vraiment-faire-une-grosse-saison\/\"]}]},{\"@type\":\"BreadcrumbList\",\"@id\":\"https:\/\/www.ladiagonale.net\/index.php\/2025\/12\/14\/balogun-je-veux-vraiment-faire-une-grosse-saison\/#breadcrumb\",\"itemListElement\":[{\"@type\":\"ListItem\",\"position\":1,\"name\":\"Accueil\",\"item\":\"https:\/\/www.ladiagonale.net\/\"},{\"@type\":\"ListItem\",\"position\":2,\"name\":\"Balogun : \u00ab&nbsp; Je veux vraiment faire une grosse saison&nbsp;\u00bb\"}]},{\"@type\":\"WebSite\",\"@id\":\"https:\/\/www.ladiagonale.net\/#website\",\"url\":\"https:\/\/www.ladiagonale.net\/\",\"name\":\"La Diagonale\",\"description\":\"Le site des supporters de l&#039;AS Monaco FC\",\"potentialAction\":[{\"@type\":\"SearchAction\",\"target\":{\"@type\":\"EntryPoint\",\"urlTemplate\":\"https:\/\/www.ladiagonale.net\/?s={search_term_string}\"},\"query-input\":\"required name=search_term_string\"}],\"inLanguage\":\"fr-FR\"},{\"@type\":\"Person\",\"@id\":\"https:\/\/www.ladiagonale.net\/#\/schema\/person\/79ff1e7b0853ed01b2aa26e64ad300bf\",\"name\":\"Damien Dellerba\",\"image\":{\"@type\":\"ImageObject\",\"inLanguage\":\"fr-FR\",\"@id\":\"https:\/\/www.ladiagonale.net\/#\/schema\/person\/image\/\",\"url\":\"https:\/\/secure.gravatar.com\/avatar\/c7850e06d3ff63cdbaee88b7fc16e2f0?s=96&d=mm&r=g\",\"contentUrl\":\"https:\/\/secure.gravatar.com\/avatar\/c7850e06d3ff63cdbaee88b7fc16e2f0?s=96&d=mm&r=g\",\"caption\":\"Damien Dellerba\"},\"url\":\"https:\/\/www.ladiagonale.net\/index.php\/author\/damien\/\"}]}<\/script>\n<!-- \/ Yoast SEO plugin. -->","yoast_head_json":{"title":"Balogun : \u00ab&nbsp; Je veux vraiment faire une grosse saison&nbsp;\u00bb - La Diagonale","robots":{"index":"index","follow":"follow","max-snippet":"max-snippet:-1","max-image-preview":"max-image-preview:large","max-video-preview":"max-video-preview:-1"},"canonical":"https:\/\/www.ladiagonale.net\/index.php\/2025\/12\/14\/balogun-je-veux-vraiment-faire-une-grosse-saison\/","og_locale":"fr_FR","og_type":"article","og_title":"Balogun : \u00ab&nbsp; Je veux vraiment faire une grosse saison&nbsp;\u00bb - La Diagonale","og_description":"Avant le choc face \u00e0 l\u2019Olympique de Marseille, Folarin Balogun a donn\u00e9 un entretien au journal L\u2019\u00c9quipe. En pleine confiance, l\u2019attaquant am\u00e9ricain semble avoir enfin trouv\u00e9 ses marques \u00e0 l\u2019AS Monaco et veut marquer les esprits : \u00ab\u00a0Quand je joue pour un club, le minimum est que je fasse au moins une bonne saison. (\u2026) [...]","og_url":"https:\/\/www.ladiagonale.net\/index.php\/2025\/12\/14\/balogun-je-veux-vraiment-faire-une-grosse-saison\/","og_site_name":"La Diagonale","article_published_time":"2025-12-14T13:57:45+00:00","article_modified_time":"2025-12-14T13:57:46+00:00","og_image":[{"width":1160,"height":650,"url":"https:\/\/www.ladiagonale.net\/wp-content\/uploads\/2025\/09\/Balogunrcsa.png","type":"image\/png"}],"author":"Damien Dellerba","twitter_card":"summary_large_image","twitter_image":"https:\/\/www.ladiagonale.net\/wp-content\/uploads\/2025\/09\/Balogunrcsa.png","twitter_misc":{"\u00c9crit par":"Damien Dellerba","Dur\u00e9e de lecture estim\u00e9e":"2 minutes"},"schema":{"@context":"https:\/\/schema.org","@graph":[{"@type":"WebPage","@id":"https:\/\/www.ladiagonale.net\/index.php\/2025\/12\/14\/balogun-je-veux-vraiment-faire-une-grosse-saison\/","url":"https:\/\/www.ladiagonale.net\/index.php\/2025\/12\/14\/balogun-je-veux-vraiment-faire-une-grosse-saison\/","name":"Balogun : \u00ab&nbsp; Je veux vraiment faire une grosse saison&nbsp;\u00bb - La Diagonale","isPartOf":{"@id":"https:\/\/www.ladiagonale.net\/#website"},"datePublished":"2025-12-14T13:57:45+00:00","dateModified":"2025-12-14T13:57:46+00:00","author":{"@id":"https:\/\/www.ladiagonale.net\/#\/schema\/person\/79ff1e7b0853ed01b2aa26e64ad300bf"},"breadcrumb":{"@id":"https:\/\/www.ladiagonale.net\/index.php\/2025\/12\/14\/balogun-je-veux-vraiment-faire-une-grosse-saison\/#breadcrumb"},"inLanguage":"fr-FR","potentialAction":[{"@type":"ReadAction","target":["https:\/\/www.ladiagonale.net\/index.php\/2025\/12\/14\/balogun-je-veux-vraiment-faire-une-grosse-saison\/"]}]},{"@type":"BreadcrumbList","@id":"https:\/\/www.ladiagonale.net\/index.php\/2025\/12\/14\/balogun-je-veux-vraiment-faire-une-grosse-saison\/#breadcrumb","itemListElement":[{"@type":"ListItem","position":1,"name":"Accueil","item":"https:\/\/www.ladiagonale.net\/"},{"@type":"ListItem","position":2,"name":"Balogun : \u00ab&nbsp; Je veux vraiment faire une grosse saison&nbsp;\u00bb"}]},{"@type":"WebSite","@id":"https:\/\/www.ladiagonale.net\/#website","url":"https:\/\/www.ladiagonale.net\/","name":"La Diagonale","description":"Le site des supporters de l&#039;AS Monaco FC","potentialAction":[{"@type":"SearchAction","target":{"@type":"EntryPoint","urlTemplate":"https:\/\/www.ladiagonale.net\/?s={search_term_string}"},"query-input":"required name=search_term_string"}],"inLanguage":"fr-FR"},{"@type":"Person","@id":"https:\/\/www.ladiagonale.net\/#\/schema\/person\/79ff1e7b0853ed01b2aa26e64ad300bf","name":"Damien Dellerba","image":{"@type":"ImageObject","inLanguage":"fr-FR","@id":"https:\/\/www.ladiagonale.net\/#\/schema\/person\/image\/","url":"https:\/\/secure.gravatar.com\/avatar\/c7850e06d3ff63cdbaee88b7fc16e2f0?s=96&d=mm&r=g","contentUrl":"https:\/\/secure.gravatar.com\/avatar\/c7850e06d3ff63cdbaee88b7fc16e2f0?s=96&d=mm&r=g","caption":"Damien Dellerba"},"url":"https:\/\/www.ladiagonale.net\/index.php\/author\/damien\/"}]}},"_links":{"self":[{"href":"https:\/\/www.ladiagonale.net\/index.php\/wp-json\/wp\/v2\/posts\/35742"}],"collection":[{"href":"https:\/\/www.ladiagonale.net\/index.php\/wp-json\/wp\/v2\/posts"}],"about":[{"href":"https:\/\/www.ladiagonale.net\/index.php\/wp-json\/wp\/v2\/types\/post"}],"author":[{"embeddable":true,"href":"https:\/\/www.ladiagonale.net\/index.php\/wp-json\/wp\/v2\/users\/2"}],"replies":[{"embeddable":true,"href":"https:\/\/www.ladiagonale.net\/index.php\/wp-json\/wp\/v2\/comments?post=35742"}],"version-history":[{"count":1,"href":"https:\/\/www.ladiagonale.net\/index.php\/wp-json\/wp\/v2\/posts\/35742\/revisions"}],"predecessor-version":[{"id":35743,"href":"https:\/\/www.ladiagonale.net\/index.php\/wp-json\/wp\/v2\/posts\/35742\/revisions\/35743"}],"wp:attachment":[{"href":"https:\/\/www.ladiagonale.net\/index.php\/wp-json\/wp\/v2\/media?parent=35742"}],"wp:term":[{"taxonomy":"category","embeddable":true,"href":"https:\/\/www.ladiagonale.net\/index.php\/wp-json\/wp\/v2\/categories?post=35742"},{"taxonomy":"post_tag","embeddable":true,"href":"https:\/\/www.ladiagonale.net\/index.php\/wp-json\/wp\/v2\/tags?post=35742"}],"curies":[{"name":"wp","href":"https:\/\/api.w.org\/{rel}","templated":true}]}}