{"id":35745,"date":"2025-12-14T23:43:41","date_gmt":"2025-12-14T22:43:41","guid":{"rendered":"https:\/\/www.ladiagonale.net\/?p=35745"},"modified":"2025-12-16T16:42:14","modified_gmt":"2025-12-16T15:42:14","slug":"defaite-amere-pour-monaco-a-marseille","status":"publish","type":"post","link":"https:\/\/www.ladiagonale.net\/index.php\/2025\/12\/14\/defaite-amere-pour-monaco-a-marseille\/","title":{"rendered":"D\u00e9faite am\u00e8re pour Monaco \u00e0 Marseille"},"content":{"rendered":"\n\n\n<p>C&rsquo;est avec beaucoup de regrets et sans le moindre point que l&rsquo;AS Monaco va retrouver la Principaut\u00e9 dans la nuit de dimanche \u00e0 lundi. Apr\u00e8s avoir domin\u00e9 l&rsquo;Olympique de Marseille une grande partie du match, les joueurs de S\u00e9bastien Pocognoli ont conc\u00e9d\u00e9 une d\u00e9faite frustrante au stade V\u00e9lodrome (0-1), pour la 16<sup>e<\/sup> journ\u00e9e de Ligue 1, o\u00f9 ils se sont inclin\u00e9s en fin de rencontre sur un but de Mason Greenwood (82<sup>e<\/sup>).<\/p>\n\n\n\n<p>\u00c0 chaud apr\u00e8s la rencontre, Maghnes Akliouche exprimait sa d\u00e9ception l\u00e9gitime de subir un nouveau revers en Championnat, le septi\u00e8me de la saison d\u00e9j\u00e0, et regrettait que le vainqueur du soir ne soit pas celui qui le m\u00e9ritait le plus. Et on ne saurait lui donner tort, tant l&rsquo;ASM s&rsquo;est procur\u00e9 de nombreuses occasions. En particulier une, qui a vu Lamine Camara tromper Rulli et ouvrir le score dans cette rencontre (51<sup>e<\/sup>). Mais le but a \u00e9t\u00e9 injustement ravi au S\u00e9n\u00e9galais par l&rsquo;arbitre Fran\u00e7ois Letexier, pour une position de hors-jeu de Folarin Balogun, qui ne faisait pourtant pas action de jeu.<\/p>\n\n\n\n<p>L&rsquo;attaquant am\u00e9ricain a cru lui aussi d\u00e9bloquer le score afin de valider son bon match et sa belle forme du moment (81<sup>e<\/sup>). Mais il a \u00e9t\u00e9 pris au pi\u00e8ge du hors-jeu pour une \u00e9paule qui ne lui conf\u00e9rait aucun avantage particulier. La sanction est venue imm\u00e9diatement, avec l&rsquo;ouverture du score de Greenwood dans la foul\u00e9e, punissant un Monaco en grand manque d&rsquo;efficacit\u00e9. Quand Lille, un concurrent \u00e0 l&rsquo;Europe de l&rsquo;ASM enfilait quatre buts \u00e0 Auxerre avec 0.52 xG (buts attendus), l&rsquo;ASM ne parvenait pas \u00e0 faire trembler les filets olympiens en affichant un score de 2.12 xG.<\/p>\n\n\n\n<p>Alors que l&rsquo;ASM aligne quasiment une \u00e9quipe au complet, son incapacit\u00e9 \u00e0 faire tourner la pi\u00e8ce du bon c\u00f4t\u00e9 a de quoi inqui\u00e9ter. Elle peut toujours se rassurer en vantant le nombre d&rsquo;occasions obtenues et que le manque de r\u00e9ussite ne durera pas \u00e9ternellement. Mais la finalit\u00e9 de cette soir\u00e9e reste une d\u00e9faite, une de plus, et surtout face \u00e0 un concurrent direct qui creuse son avance sur l&rsquo;ASM, comme Paris et Lens, eux aussi vainqueurs lors de cette 16e lev\u00e9e de L1. Aujourd&rsquo;hui, Monaco n&rsquo;est qu&rsquo;une \u00e9quipe de milieu de tableau, 9<sup>e<\/sup>, \u00e0 neuf points du podium, intercal\u00e9 entre Toulouse et Angers et c&rsquo;est dans la peau d&rsquo;un \u00e9l\u00e8ve moyen qui peut mieux faire qu&rsquo;elle va aborder la tr\u00eave des confiseurs, puisque la semaine prochaine sera consacr\u00e9e \u00e0 la Coupe de France.<\/p>\n","protected":false},"excerpt":{"rendered":"<p>C&rsquo;est avec beaucoup de regrets et sans le moindre point que l&rsquo;AS Monaco va retrouver la Principaut\u00e9 dans la nuit de dimanche \u00e0 lundi. Apr\u00e8s avoir domin\u00e9 l&rsquo;Olympique de Marseille une grande partie du match, les joueurs de S\u00e9bastien Pocognoli ont conc\u00e9d\u00e9 une d\u00e9faite frustrante au stade V\u00e9lodrome (0-1), pour la 16e journ\u00e9e de Ligue [&#8230;]\n","protected":false},"author":2,"featured_media":35746,"comment_status":"open","ping_status":"open","sticky":false,"template":"","format":"standard","meta":[],"categories":[5,6,1000],"tags":[86,94,374],"yoast_head":"<!-- This site is optimized with the Yoast SEO plugin v19.8 - https:\/\/yoast.com\/wordpress\/plugins\/seo\/ -->\n<title>D\u00e9faite am\u00e8re pour Monaco \u00e0 Marseille - La Diagonale<\/title>\n<meta name=\"robots\" content=\"index, follow, max-snippet:-1, max-image-preview:large, max-video-preview:-1\" \/>\n<link rel=\"canonical\" href=\"https:\/\/www.ladiagonale.net\/index.php\/2025\/12\/14\/defaite-amere-pour-monaco-a-marseille\/\" \/>\n<meta property=\"og:locale\" content=\"fr_FR\" \/>\n<meta property=\"og:type\" content=\"article\" \/>\n<meta property=\"og:title\" content=\"D\u00e9faite am\u00e8re pour Monaco \u00e0 Marseille - La Diagonale\" \/>\n<meta property=\"og:description\" content=\"C&rsquo;est avec beaucoup de regrets et sans le moindre point que l&rsquo;AS Monaco va retrouver la Principaut\u00e9 dans la nuit de dimanche \u00e0 lundi. Apr\u00e8s avoir domin\u00e9 l&rsquo;Olympique de Marseille une grande partie du match, les joueurs de S\u00e9bastien Pocognoli ont conc\u00e9d\u00e9 une d\u00e9faite frustrante au stade V\u00e9lodrome (0-1), pour la 16e journ\u00e9e de Ligue [...]\" \/>\n<meta property=\"og:url\" content=\"https:\/\/www.ladiagonale.net\/index.php\/2025\/12\/14\/defaite-amere-pour-monaco-a-marseille\/\" \/>\n<meta property=\"og:site_name\" content=\"La Diagonale\" \/>\n<meta property=\"article:published_time\" content=\"2025-12-14T22:43:41+00:00\" \/>\n<meta property=\"article:modified_time\" content=\"2025-12-16T15:42:14+00:00\" \/>\n<meta property=\"og:image\" content=\"https:\/\/www.ladiagonale.net\/wp-content\/uploads\/2025\/12\/2025-12-14-om-asm-00954.jpg\" \/>\n\t<meta property=\"og:image:width\" content=\"1160\" \/>\n\t<meta property=\"og:image:height\" content=\"650\" \/>\n\t<meta property=\"og:image:type\" content=\"image\/jpeg\" \/>\n<meta name=\"author\" content=\"Damien Dellerba\" \/>\n<meta name=\"twitter:card\" content=\"summary_large_image\" \/>\n<meta name=\"twitter:image\" content=\"https:\/\/www.ladiagonale.net\/wp-content\/uploads\/2025\/12\/2025-12-14-om-asm-00954.jpg\" \/>\n<meta name=\"twitter:label1\" content=\"\u00c9crit par\" \/>\n\t<meta name=\"twitter:data1\" content=\"Damien Dellerba\" \/>\n\t<meta name=\"twitter:label2\" content=\"Dur\u00e9e de lecture estim\u00e9e\" \/>\n\t<meta name=\"twitter:data2\" content=\"3 minutes\" \/>\n<script type=\"application\/ld+json\" class=\"yoast-schema-graph\">{\"@context\":\"https:\/\/schema.org\",\"@graph\":[{\"@type\":\"WebPage\",\"@id\":\"https:\/\/www.ladiagonale.net\/index.php\/2025\/12\/14\/defaite-amere-pour-monaco-a-marseille\/\",\"url\":\"https:\/\/www.ladiagonale.net\/index.php\/2025\/12\/14\/defaite-amere-pour-monaco-a-marseille\/\",\"name\":\"D\u00e9faite am\u00e8re pour Monaco \u00e0 Marseille - La Diagonale\",\"isPartOf\":{\"@id\":\"https:\/\/www.ladiagonale.net\/#website\"},\"datePublished\":\"2025-12-14T22:43:41+00:00\",\"dateModified\":\"2025-12-16T15:42:14+00:00\",\"author\":{\"@id\":\"https:\/\/www.ladiagonale.net\/#\/schema\/person\/79ff1e7b0853ed01b2aa26e64ad300bf\"},\"breadcrumb\":{\"@id\":\"https:\/\/www.ladiagonale.net\/index.php\/2025\/12\/14\/defaite-amere-pour-monaco-a-marseille\/#breadcrumb\"},\"inLanguage\":\"fr-FR\",\"potentialAction\":[{\"@type\":\"ReadAction\",\"target\":[\"https:\/\/www.ladiagonale.net\/index.php\/2025\/12\/14\/defaite-amere-pour-monaco-a-marseille\/\"]}]},{\"@type\":\"BreadcrumbList\",\"@id\":\"https:\/\/www.ladiagonale.net\/index.php\/2025\/12\/14\/defaite-amere-pour-monaco-a-marseille\/#breadcrumb\",\"itemListElement\":[{\"@type\":\"ListItem\",\"position\":1,\"name\":\"Accueil\",\"item\":\"https:\/\/www.ladiagonale.net\/\"},{\"@type\":\"ListItem\",\"position\":2,\"name\":\"D\u00e9faite am\u00e8re pour Monaco \u00e0 Marseille\"}]},{\"@type\":\"WebSite\",\"@id\":\"https:\/\/www.ladiagonale.net\/#website\",\"url\":\"https:\/\/www.ladiagonale.net\/\",\"name\":\"La Diagonale\",\"description\":\"Le site des supporters de l&#039;AS Monaco FC\",\"potentialAction\":[{\"@type\":\"SearchAction\",\"target\":{\"@type\":\"EntryPoint\",\"urlTemplate\":\"https:\/\/www.ladiagonale.net\/?s={search_term_string}\"},\"query-input\":\"required name=search_term_string\"}],\"inLanguage\":\"fr-FR\"},{\"@type\":\"Person\",\"@id\":\"https:\/\/www.ladiagonale.net\/#\/schema\/person\/79ff1e7b0853ed01b2aa26e64ad300bf\",\"name\":\"Damien Dellerba\",\"image\":{\"@type\":\"ImageObject\",\"inLanguage\":\"fr-FR\",\"@id\":\"https:\/\/www.ladiagonale.net\/#\/schema\/person\/image\/\",\"url\":\"https:\/\/secure.gravatar.com\/avatar\/c7850e06d3ff63cdbaee88b7fc16e2f0?s=96&d=mm&r=g\",\"contentUrl\":\"https:\/\/secure.gravatar.com\/avatar\/c7850e06d3ff63cdbaee88b7fc16e2f0?s=96&d=mm&r=g\",\"caption\":\"Damien Dellerba\"},\"url\":\"https:\/\/www.ladiagonale.net\/index.php\/author\/damien\/\"}]}<\/script>\n<!-- \/ Yoast SEO plugin. -->","yoast_head_json":{"title":"D\u00e9faite am\u00e8re pour Monaco \u00e0 Marseille - La Diagonale","robots":{"index":"index","follow":"follow","max-snippet":"max-snippet:-1","max-image-preview":"max-image-preview:large","max-video-preview":"max-video-preview:-1"},"canonical":"https:\/\/www.ladiagonale.net\/index.php\/2025\/12\/14\/defaite-amere-pour-monaco-a-marseille\/","og_locale":"fr_FR","og_type":"article","og_title":"D\u00e9faite am\u00e8re pour Monaco \u00e0 Marseille - La Diagonale","og_description":"C&rsquo;est avec beaucoup de regrets et sans le moindre point que l&rsquo;AS Monaco va retrouver la Principaut\u00e9 dans la nuit de dimanche \u00e0 lundi. Apr\u00e8s avoir domin\u00e9 l&rsquo;Olympique de Marseille une grande partie du match, les joueurs de S\u00e9bastien Pocognoli ont conc\u00e9d\u00e9 une d\u00e9faite frustrante au stade V\u00e9lodrome (0-1), pour la 16e journ\u00e9e de Ligue [...]","og_url":"https:\/\/www.ladiagonale.net\/index.php\/2025\/12\/14\/defaite-amere-pour-monaco-a-marseille\/","og_site_name":"La Diagonale","article_published_time":"2025-12-14T22:43:41+00:00","article_modified_time":"2025-12-16T15:42:14+00:00","og_image":[{"width":1160,"height":650,"url":"https:\/\/www.ladiagonale.net\/wp-content\/uploads\/2025\/12\/2025-12-14-om-asm-00954.jpg","type":"image\/jpeg"}],"author":"Damien Dellerba","twitter_card":"summary_large_image","twitter_image":"https:\/\/www.ladiagonale.net\/wp-content\/uploads\/2025\/12\/2025-12-14-om-asm-00954.jpg","twitter_misc":{"\u00c9crit par":"Damien Dellerba","Dur\u00e9e de lecture estim\u00e9e":"3 minutes"},"schema":{"@context":"https:\/\/schema.org","@graph":[{"@type":"WebPage","@id":"https:\/\/www.ladiagonale.net\/index.php\/2025\/12\/14\/defaite-amere-pour-monaco-a-marseille\/","url":"https:\/\/www.ladiagonale.net\/index.php\/2025\/12\/14\/defaite-amere-pour-monaco-a-marseille\/","name":"D\u00e9faite am\u00e8re pour Monaco \u00e0 Marseille - La Diagonale","isPartOf":{"@id":"https:\/\/www.ladiagonale.net\/#website"},"datePublished":"2025-12-14T22:43:41+00:00","dateModified":"2025-12-16T15:42:14+00:00","author":{"@id":"https:\/\/www.ladiagonale.net\/#\/schema\/person\/79ff1e7b0853ed01b2aa26e64ad300bf"},"breadcrumb":{"@id":"https:\/\/www.ladiagonale.net\/index.php\/2025\/12\/14\/defaite-amere-pour-monaco-a-marseille\/#breadcrumb"},"inLanguage":"fr-FR","potentialAction":[{"@type":"ReadAction","target":["https:\/\/www.ladiagonale.net\/index.php\/2025\/12\/14\/defaite-amere-pour-monaco-a-marseille\/"]}]},{"@type":"BreadcrumbList","@id":"https:\/\/www.ladiagonale.net\/index.php\/2025\/12\/14\/defaite-amere-pour-monaco-a-marseille\/#breadcrumb","itemListElement":[{"@type":"ListItem","position":1,"name":"Accueil","item":"https:\/\/www.ladiagonale.net\/"},{"@type":"ListItem","position":2,"name":"D\u00e9faite am\u00e8re pour Monaco \u00e0 Marseille"}]},{"@type":"WebSite","@id":"https:\/\/www.ladiagonale.net\/#website","url":"https:\/\/www.ladiagonale.net\/","name":"La Diagonale","description":"Le site des supporters de l&#039;AS Monaco FC","potentialAction":[{"@type":"SearchAction","target":{"@type":"EntryPoint","urlTemplate":"https:\/\/www.ladiagonale.net\/?s={search_term_string}"},"query-input":"required name=search_term_string"}],"inLanguage":"fr-FR"},{"@type":"Person","@id":"https:\/\/www.ladiagonale.net\/#\/schema\/person\/79ff1e7b0853ed01b2aa26e64ad300bf","name":"Damien Dellerba","image":{"@type":"ImageObject","inLanguage":"fr-FR","@id":"https:\/\/www.ladiagonale.net\/#\/schema\/person\/image\/","url":"https:\/\/secure.gravatar.com\/avatar\/c7850e06d3ff63cdbaee88b7fc16e2f0?s=96&d=mm&r=g","contentUrl":"https:\/\/secure.gravatar.com\/avatar\/c7850e06d3ff63cdbaee88b7fc16e2f0?s=96&d=mm&r=g","caption":"Damien Dellerba"},"url":"https:\/\/www.ladiagonale.net\/index.php\/author\/damien\/"}]}},"_links":{"self":[{"href":"https:\/\/www.ladiagonale.net\/index.php\/wp-json\/wp\/v2\/posts\/35745"}],"collection":[{"href":"https:\/\/www.ladiagonale.net\/index.php\/wp-json\/wp\/v2\/posts"}],"about":[{"href":"https:\/\/www.ladiagonale.net\/index.php\/wp-json\/wp\/v2\/types\/post"}],"author":[{"embeddable":true,"href":"https:\/\/www.ladiagonale.net\/index.php\/wp-json\/wp\/v2\/users\/2"}],"replies":[{"embeddable":true,"href":"https:\/\/www.ladiagonale.net\/index.php\/wp-json\/wp\/v2\/comments?post=35745"}],"version-history":[{"count":5,"href":"https:\/\/www.ladiagonale.net\/index.php\/wp-json\/wp\/v2\/posts\/35745\/revisions"}],"predecessor-version":[{"id":35816,"href":"https:\/\/www.ladiagonale.net\/index.php\/wp-json\/wp\/v2\/posts\/35745\/revisions\/35816"}],"wp:featuredmedia":[{"embeddable":true,"href":"https:\/\/www.ladiagonale.net\/index.php\/wp-json\/wp\/v2\/media\/35746"}],"wp:attachment":[{"href":"https:\/\/www.ladiagonale.net\/index.php\/wp-json\/wp\/v2\/media?parent=35745"}],"wp:term":[{"taxonomy":"category","embeddable":true,"href":"https:\/\/www.ladiagonale.net\/index.php\/wp-json\/wp\/v2\/categories?post=35745"},{"taxonomy":"post_tag","embeddable":true,"href":"https:\/\/www.ladiagonale.net\/index.php\/wp-json\/wp\/v2\/tags?post=35745"}],"curies":[{"name":"wp","href":"https:\/\/api.w.org\/{rel}","templated":true}]}}