{"id":35752,"date":"2025-12-15T14:07:16","date_gmt":"2025-12-15T13:07:16","guid":{"rendered":"https:\/\/www.ladiagonale.net\/?p=35752"},"modified":"2025-12-15T14:07:16","modified_gmt":"2025-12-15T13:07:16","slug":"pocognoli-mes-joueurs-meritaient-beaucoup-mieux","status":"publish","type":"post","link":"https:\/\/www.ladiagonale.net\/index.php\/2025\/12\/15\/pocognoli-mes-joueurs-meritaient-beaucoup-mieux\/","title":{"rendered":"Pocognoli : \u00ab&nbsp;Mes joueurs m\u00e9ritaient beaucoup mieux&nbsp;\u00bb"},"content":{"rendered":"\n<p>La frustration \u00e9tait de mise \u00e0 Monaco et pour S\u00e9bastien Pocognoli, apr\u00e8s la d\u00e9faite face \u00e0 Marseille (0-1), dimanche soir : \u00ab\u00a0<em>Ce qui prime, c\u2019est la d\u00e9ception. J\u2019ai aussi ressenti cela apr\u00e8s le match \u00e0 Rennes et celui face au Paris FC, o\u00f9 on devait surtout se regarder nous-m\u00eames et faire une grosse autocritique. Mais aujourd\u2019hui, je suis d\u00e9\u00e7u parce que je pense que mes joueurs et le club en g\u00e9n\u00e9ral m\u00e9ritaient beaucoup mieux !<\/em> \u00bb L\u2019entra\u00eeneur belge veut d\u00e9sormais savoir comme ce groupe va se relever : \u00ab\u00a0<em>Maintenant la question est comment va-t-on la g\u00e9rer ? Est-ce qu\u2019on va s\u2019en servir pour se rebeller et continuer \u00e0 encha\u00eener de bonnes prestations comme aujourd\u2019hui ? Ou va-t-on essayer de chercher des excuses et contourner ces points positifs ?<\/em>\u00a0\u00bb<\/p>\n\n\n\n<p>Monaco aurait pu s\u2019imposer mais deux buts lui ont \u00e9t\u00e9 refus\u00e9s pour hors-jeu. Le technicien de l\u2019ASM n\u2019a pas voulu r\u00e9agir dessus : \u00ab\u00a0<em>Je ne les ai pas vues, je ne vais pas en discuter, parce que chaque semaine on discute que ce soit pour ou contre nous. Je n\u2019ai pas le temps de me focaliser sur \u00e7a, car j\u2019ai une \u00e9quipe \u00e0 faire progresser. J\u2019ai dit \u00e0 mes joueurs avant le match qu\u2019on devait essayer de contr\u00f4ler tout ce qu\u2019on peut contr\u00f4ler sur le terrain. (\u2026) Ce dont vous parlez, \u00a0je n\u2019ai pas de contr\u00f4le l\u00e0-dessus. Donc \u00e0 part perdre de l\u2019\u00e9nergie et critiquer des coll\u00e8gues, parce que les arbitres restent des coll\u00e8gues, \u00e7a ne va servir \u00e0 rien !\u00a0<\/em>\u00bb<\/p>\n\n\n\n<p>Pocognoli est aussi revenu sur le manque d\u2019efficacit\u00e9 de son \u00e9quipe : \u00ab<em>\u00a0Beaucoup d\u2019occasions ont \u00e9t\u00e9 cr\u00e9\u00e9es par un bon pressing et le pressing, tu as le droit de le faire mais \u00e9galement de ne pas le faire. C\u2019est une d\u00e9cision \u00e0 prendre, surtout \u00e0 Marseille, qui est avec le Paris Saint-Germain l\u2019\u00e9quipe avec le plus de possession et le plus de r\u00e9ussite dans ses passes. Soit tu vas les chercher, soit tu les attends mais si tu vas les chercher, il faut se r\u00e9compenser parce que \u00e7a co\u00fbte beaucoup d\u2019\u00e9nergie. Ce soir, c\u2019est surtout vis-\u00e0-vis de \u00e7a que je suis frustr\u00e9, car le travail de l\u2019\u00e9quipe nous a permis d\u2019\u00eatre devant le but et on n\u2019a pas su finir les actions comme il le fallait.\u00a0<\/em>\u00bb<\/p>\n\n\n","protected":false},"excerpt":{"rendered":"<p>La frustration \u00e9tait de mise \u00e0 Monaco et pour S\u00e9bastien Pocognoli, apr\u00e8s la d\u00e9faite face \u00e0 Marseille (0-1), dimanche soir : \u00ab\u00a0Ce qui prime, c\u2019est la d\u00e9ception. J\u2019ai aussi ressenti cela apr\u00e8s le match \u00e0 Rennes et celui face au Paris FC, o\u00f9 on devait surtout se regarder nous-m\u00eames et faire une grosse autocritique. Mais [&#8230;]\n","protected":false},"author":2,"featured_media":0,"comment_status":"open","ping_status":"open","sticky":false,"template":"","format":"standard","meta":[],"categories":[6,1000],"tags":[86,94,374,1140],"yoast_head":"<!-- This site is optimized with the Yoast SEO plugin v19.8 - https:\/\/yoast.com\/wordpress\/plugins\/seo\/ -->\n<title>Pocognoli : \u00ab&nbsp;Mes joueurs m\u00e9ritaient beaucoup mieux&nbsp;\u00bb - La Diagonale<\/title>\n<meta name=\"robots\" content=\"index, follow, max-snippet:-1, max-image-preview:large, max-video-preview:-1\" \/>\n<link rel=\"canonical\" href=\"https:\/\/www.ladiagonale.net\/index.php\/2025\/12\/15\/pocognoli-mes-joueurs-meritaient-beaucoup-mieux\/\" \/>\n<meta property=\"og:locale\" content=\"fr_FR\" \/>\n<meta property=\"og:type\" content=\"article\" \/>\n<meta property=\"og:title\" content=\"Pocognoli : \u00ab&nbsp;Mes joueurs m\u00e9ritaient beaucoup mieux&nbsp;\u00bb - La Diagonale\" \/>\n<meta property=\"og:description\" content=\"La frustration \u00e9tait de mise \u00e0 Monaco et pour S\u00e9bastien Pocognoli, apr\u00e8s la d\u00e9faite face \u00e0 Marseille (0-1), dimanche soir : \u00ab\u00a0Ce qui prime, c\u2019est la d\u00e9ception. J\u2019ai aussi ressenti cela apr\u00e8s le match \u00e0 Rennes et celui face au Paris FC, o\u00f9 on devait surtout se regarder nous-m\u00eames et faire une grosse autocritique. Mais [...]\" \/>\n<meta property=\"og:url\" content=\"https:\/\/www.ladiagonale.net\/index.php\/2025\/12\/15\/pocognoli-mes-joueurs-meritaient-beaucoup-mieux\/\" \/>\n<meta property=\"og:site_name\" content=\"La Diagonale\" \/>\n<meta property=\"article:published_time\" content=\"2025-12-15T13:07:16+00:00\" \/>\n<meta property=\"og:image\" content=\"https:\/\/www.ladiagonale.net\/wp-content\/uploads\/2025\/12\/poco-biereth.png\" \/>\n\t<meta property=\"og:image:width\" content=\"1160\" \/>\n\t<meta property=\"og:image:height\" content=\"650\" \/>\n\t<meta property=\"og:image:type\" content=\"image\/png\" \/>\n<meta name=\"author\" content=\"Damien Dellerba\" \/>\n<meta name=\"twitter:card\" content=\"summary_large_image\" \/>\n<meta name=\"twitter:image\" content=\"https:\/\/www.ladiagonale.net\/wp-content\/uploads\/2025\/12\/poco-biereth.png\" \/>\n<meta name=\"twitter:label1\" content=\"\u00c9crit par\" \/>\n\t<meta name=\"twitter:data1\" content=\"Damien Dellerba\" \/>\n\t<meta name=\"twitter:label2\" content=\"Dur\u00e9e de lecture estim\u00e9e\" \/>\n\t<meta name=\"twitter:data2\" content=\"2 minutes\" \/>\n<script type=\"application\/ld+json\" class=\"yoast-schema-graph\">{\"@context\":\"https:\/\/schema.org\",\"@graph\":[{\"@type\":\"WebPage\",\"@id\":\"https:\/\/www.ladiagonale.net\/index.php\/2025\/12\/15\/pocognoli-mes-joueurs-meritaient-beaucoup-mieux\/\",\"url\":\"https:\/\/www.ladiagonale.net\/index.php\/2025\/12\/15\/pocognoli-mes-joueurs-meritaient-beaucoup-mieux\/\",\"name\":\"Pocognoli : \u00ab&nbsp;Mes joueurs m\u00e9ritaient beaucoup mieux&nbsp;\u00bb - La Diagonale\",\"isPartOf\":{\"@id\":\"https:\/\/www.ladiagonale.net\/#website\"},\"datePublished\":\"2025-12-15T13:07:16+00:00\",\"dateModified\":\"2025-12-15T13:07:16+00:00\",\"author\":{\"@id\":\"https:\/\/www.ladiagonale.net\/#\/schema\/person\/79ff1e7b0853ed01b2aa26e64ad300bf\"},\"breadcrumb\":{\"@id\":\"https:\/\/www.ladiagonale.net\/index.php\/2025\/12\/15\/pocognoli-mes-joueurs-meritaient-beaucoup-mieux\/#breadcrumb\"},\"inLanguage\":\"fr-FR\",\"potentialAction\":[{\"@type\":\"ReadAction\",\"target\":[\"https:\/\/www.ladiagonale.net\/index.php\/2025\/12\/15\/pocognoli-mes-joueurs-meritaient-beaucoup-mieux\/\"]}]},{\"@type\":\"BreadcrumbList\",\"@id\":\"https:\/\/www.ladiagonale.net\/index.php\/2025\/12\/15\/pocognoli-mes-joueurs-meritaient-beaucoup-mieux\/#breadcrumb\",\"itemListElement\":[{\"@type\":\"ListItem\",\"position\":1,\"name\":\"Accueil\",\"item\":\"https:\/\/www.ladiagonale.net\/\"},{\"@type\":\"ListItem\",\"position\":2,\"name\":\"Pocognoli : \u00ab&nbsp;Mes joueurs m\u00e9ritaient beaucoup mieux&nbsp;\u00bb\"}]},{\"@type\":\"WebSite\",\"@id\":\"https:\/\/www.ladiagonale.net\/#website\",\"url\":\"https:\/\/www.ladiagonale.net\/\",\"name\":\"La Diagonale\",\"description\":\"Le site des supporters de l&#039;AS Monaco FC\",\"potentialAction\":[{\"@type\":\"SearchAction\",\"target\":{\"@type\":\"EntryPoint\",\"urlTemplate\":\"https:\/\/www.ladiagonale.net\/?s={search_term_string}\"},\"query-input\":\"required name=search_term_string\"}],\"inLanguage\":\"fr-FR\"},{\"@type\":\"Person\",\"@id\":\"https:\/\/www.ladiagonale.net\/#\/schema\/person\/79ff1e7b0853ed01b2aa26e64ad300bf\",\"name\":\"Damien Dellerba\",\"image\":{\"@type\":\"ImageObject\",\"inLanguage\":\"fr-FR\",\"@id\":\"https:\/\/www.ladiagonale.net\/#\/schema\/person\/image\/\",\"url\":\"https:\/\/secure.gravatar.com\/avatar\/c7850e06d3ff63cdbaee88b7fc16e2f0?s=96&d=mm&r=g\",\"contentUrl\":\"https:\/\/secure.gravatar.com\/avatar\/c7850e06d3ff63cdbaee88b7fc16e2f0?s=96&d=mm&r=g\",\"caption\":\"Damien Dellerba\"},\"url\":\"https:\/\/www.ladiagonale.net\/index.php\/author\/damien\/\"}]}<\/script>\n<!-- \/ Yoast SEO plugin. -->","yoast_head_json":{"title":"Pocognoli : \u00ab&nbsp;Mes joueurs m\u00e9ritaient beaucoup mieux&nbsp;\u00bb - La Diagonale","robots":{"index":"index","follow":"follow","max-snippet":"max-snippet:-1","max-image-preview":"max-image-preview:large","max-video-preview":"max-video-preview:-1"},"canonical":"https:\/\/www.ladiagonale.net\/index.php\/2025\/12\/15\/pocognoli-mes-joueurs-meritaient-beaucoup-mieux\/","og_locale":"fr_FR","og_type":"article","og_title":"Pocognoli : \u00ab&nbsp;Mes joueurs m\u00e9ritaient beaucoup mieux&nbsp;\u00bb - La Diagonale","og_description":"La frustration \u00e9tait de mise \u00e0 Monaco et pour S\u00e9bastien Pocognoli, apr\u00e8s la d\u00e9faite face \u00e0 Marseille (0-1), dimanche soir : \u00ab\u00a0Ce qui prime, c\u2019est la d\u00e9ception. J\u2019ai aussi ressenti cela apr\u00e8s le match \u00e0 Rennes et celui face au Paris FC, o\u00f9 on devait surtout se regarder nous-m\u00eames et faire une grosse autocritique. Mais [...]","og_url":"https:\/\/www.ladiagonale.net\/index.php\/2025\/12\/15\/pocognoli-mes-joueurs-meritaient-beaucoup-mieux\/","og_site_name":"La Diagonale","article_published_time":"2025-12-15T13:07:16+00:00","og_image":[{"width":1160,"height":650,"url":"https:\/\/www.ladiagonale.net\/wp-content\/uploads\/2025\/12\/poco-biereth.png","type":"image\/png"}],"author":"Damien Dellerba","twitter_card":"summary_large_image","twitter_image":"https:\/\/www.ladiagonale.net\/wp-content\/uploads\/2025\/12\/poco-biereth.png","twitter_misc":{"\u00c9crit par":"Damien Dellerba","Dur\u00e9e de lecture estim\u00e9e":"2 minutes"},"schema":{"@context":"https:\/\/schema.org","@graph":[{"@type":"WebPage","@id":"https:\/\/www.ladiagonale.net\/index.php\/2025\/12\/15\/pocognoli-mes-joueurs-meritaient-beaucoup-mieux\/","url":"https:\/\/www.ladiagonale.net\/index.php\/2025\/12\/15\/pocognoli-mes-joueurs-meritaient-beaucoup-mieux\/","name":"Pocognoli : \u00ab&nbsp;Mes joueurs m\u00e9ritaient beaucoup mieux&nbsp;\u00bb - La Diagonale","isPartOf":{"@id":"https:\/\/www.ladiagonale.net\/#website"},"datePublished":"2025-12-15T13:07:16+00:00","dateModified":"2025-12-15T13:07:16+00:00","author":{"@id":"https:\/\/www.ladiagonale.net\/#\/schema\/person\/79ff1e7b0853ed01b2aa26e64ad300bf"},"breadcrumb":{"@id":"https:\/\/www.ladiagonale.net\/index.php\/2025\/12\/15\/pocognoli-mes-joueurs-meritaient-beaucoup-mieux\/#breadcrumb"},"inLanguage":"fr-FR","potentialAction":[{"@type":"ReadAction","target":["https:\/\/www.ladiagonale.net\/index.php\/2025\/12\/15\/pocognoli-mes-joueurs-meritaient-beaucoup-mieux\/"]}]},{"@type":"BreadcrumbList","@id":"https:\/\/www.ladiagonale.net\/index.php\/2025\/12\/15\/pocognoli-mes-joueurs-meritaient-beaucoup-mieux\/#breadcrumb","itemListElement":[{"@type":"ListItem","position":1,"name":"Accueil","item":"https:\/\/www.ladiagonale.net\/"},{"@type":"ListItem","position":2,"name":"Pocognoli : \u00ab&nbsp;Mes joueurs m\u00e9ritaient beaucoup mieux&nbsp;\u00bb"}]},{"@type":"WebSite","@id":"https:\/\/www.ladiagonale.net\/#website","url":"https:\/\/www.ladiagonale.net\/","name":"La Diagonale","description":"Le site des supporters de l&#039;AS Monaco FC","potentialAction":[{"@type":"SearchAction","target":{"@type":"EntryPoint","urlTemplate":"https:\/\/www.ladiagonale.net\/?s={search_term_string}"},"query-input":"required name=search_term_string"}],"inLanguage":"fr-FR"},{"@type":"Person","@id":"https:\/\/www.ladiagonale.net\/#\/schema\/person\/79ff1e7b0853ed01b2aa26e64ad300bf","name":"Damien Dellerba","image":{"@type":"ImageObject","inLanguage":"fr-FR","@id":"https:\/\/www.ladiagonale.net\/#\/schema\/person\/image\/","url":"https:\/\/secure.gravatar.com\/avatar\/c7850e06d3ff63cdbaee88b7fc16e2f0?s=96&d=mm&r=g","contentUrl":"https:\/\/secure.gravatar.com\/avatar\/c7850e06d3ff63cdbaee88b7fc16e2f0?s=96&d=mm&r=g","caption":"Damien Dellerba"},"url":"https:\/\/www.ladiagonale.net\/index.php\/author\/damien\/"}]}},"_links":{"self":[{"href":"https:\/\/www.ladiagonale.net\/index.php\/wp-json\/wp\/v2\/posts\/35752"}],"collection":[{"href":"https:\/\/www.ladiagonale.net\/index.php\/wp-json\/wp\/v2\/posts"}],"about":[{"href":"https:\/\/www.ladiagonale.net\/index.php\/wp-json\/wp\/v2\/types\/post"}],"author":[{"embeddable":true,"href":"https:\/\/www.ladiagonale.net\/index.php\/wp-json\/wp\/v2\/users\/2"}],"replies":[{"embeddable":true,"href":"https:\/\/www.ladiagonale.net\/index.php\/wp-json\/wp\/v2\/comments?post=35752"}],"version-history":[{"count":1,"href":"https:\/\/www.ladiagonale.net\/index.php\/wp-json\/wp\/v2\/posts\/35752\/revisions"}],"predecessor-version":[{"id":35753,"href":"https:\/\/www.ladiagonale.net\/index.php\/wp-json\/wp\/v2\/posts\/35752\/revisions\/35753"}],"wp:attachment":[{"href":"https:\/\/www.ladiagonale.net\/index.php\/wp-json\/wp\/v2\/media?parent=35752"}],"wp:term":[{"taxonomy":"category","embeddable":true,"href":"https:\/\/www.ladiagonale.net\/index.php\/wp-json\/wp\/v2\/categories?post=35752"},{"taxonomy":"post_tag","embeddable":true,"href":"https:\/\/www.ladiagonale.net\/index.php\/wp-json\/wp\/v2\/tags?post=35752"}],"curies":[{"name":"wp","href":"https:\/\/api.w.org\/{rel}","templated":true}]}}