{"id":35754,"date":"2025-12-15T16:31:07","date_gmt":"2025-12-15T15:31:07","guid":{"rendered":"https:\/\/www.ladiagonale.net\/?p=35754"},"modified":"2025-12-15T16:31:08","modified_gmt":"2025-12-15T15:31:08","slug":"camara-cest-rageant-on-ne-comprend-pas","status":"publish","type":"post","link":"https:\/\/www.ladiagonale.net\/index.php\/2025\/12\/15\/camara-cest-rageant-on-ne-comprend-pas\/","title":{"rendered":"Camara : \u00ab&nbsp;C\u2019est rageant, on ne comprend pas&nbsp;\u00bb"},"content":{"rendered":"\n<p>Apr\u00e8s la d\u00e9faite de l\u2019AS Monaco contre Marseille, S\u00e9bastien Pocognoli s\u2019\u00e9tait retenu de commenter des d\u00e9cisions arbitrales d\u00e9favorables. Mais Lamine Camara a exprim\u00e9 sa \u00ab\u00a0<em>frustration<\/em>\u00a0\u00bb et celle du groupe, apr\u00e8s son but refus\u00e9 \u00e0 la 51<sup>e<\/sup> minute du match : \u00ab\u00a0<em>Nous nous entra\u00eenons toute la semaine pour effectuer ce genre de matches, et c\u2019est rageant car on ne comprend pas, m\u00eame apr\u00e8s avoir vu les images dans le vestiaire, pourquoi mon but n\u2019a pas \u00e9t\u00e9 accord\u00e9.<\/em>\u00a0\u00bb<\/p>\n\n\n\n<p>Le contenu a tout de m\u00eame rassur\u00e9 les Mon\u00e9gasques :\u00a0\u00ab\u00a0<em>On a r\u00e9alis\u00e9 une tr\u00e8s bonne performance, un match de guerriers j\u2019ai envie de dire, car on sait tous que ce n\u2019est pas facile de venir jouer au V\u00e9lodrome avec ce public. On savait \u00e0 quoi s\u2019attendre dans ce stade. Mais encore une fois, on va retenir ce que l\u2019on a bien fait ce soir et tenter de gommer ce qui n\u2019a pas \u00e9t\u00e9 pour repartir. Nous avons manqu\u00e9 trop d\u2019occasions de marquer sur des r\u00e9cup\u00e9rations hautes !<\/em>\u00a0\u00bb<\/p>\n\n\n\n<p>Le S\u00e9n\u00e9galais ne veut pas se d\u00e9motiver malgr\u00e9 la situation au classement :\u00a0\u00ab\u00a0<em>Le championnat est encore long, et avec toutes les qualit\u00e9s que nous avons dans le vestiaire, on peut encore inverser la situation. Nous croyons en nous et le coach aussi, et on sait que si on continue \u00e0 faire ce genre de matchs, on peut en gagner beaucoup. Il faut continuer sur cette lanc\u00e9e. C\u2019\u00e9tait une rencontre difficile o\u00f9 on a fait ce qu\u2019il fallait, en respectant les consignes du coach, il y a seulement ce but qu\u2019on encaisse qui nous fait mal.<\/em>\u00a0\u00bb<\/p>\n\n\n","protected":false},"excerpt":{"rendered":"<p>Apr\u00e8s la d\u00e9faite de l\u2019AS Monaco contre Marseille, S\u00e9bastien Pocognoli s\u2019\u00e9tait retenu de commenter des d\u00e9cisions arbitrales d\u00e9favorables. Mais Lamine Camara a exprim\u00e9 sa \u00ab\u00a0frustration\u00a0\u00bb et celle du groupe, apr\u00e8s son but refus\u00e9 \u00e0 la 51e minute du match : \u00ab\u00a0Nous nous entra\u00eenons toute la semaine pour effectuer ce genre de matches, et c\u2019est rageant [&#8230;]\n","protected":false},"author":2,"featured_media":0,"comment_status":"open","ping_status":"open","sticky":false,"template":"","format":"standard","meta":[],"categories":[1000],"tags":[86,894,94],"yoast_head":"<!-- This site is optimized with the Yoast SEO plugin v19.8 - https:\/\/yoast.com\/wordpress\/plugins\/seo\/ -->\n<title>Camara : \u00ab&nbsp;C\u2019est rageant, on ne comprend pas&nbsp;\u00bb - La Diagonale<\/title>\n<meta name=\"robots\" content=\"index, follow, max-snippet:-1, max-image-preview:large, max-video-preview:-1\" \/>\n<link rel=\"canonical\" href=\"https:\/\/www.ladiagonale.net\/index.php\/2025\/12\/15\/camara-cest-rageant-on-ne-comprend-pas\/\" \/>\n<meta property=\"og:locale\" content=\"fr_FR\" \/>\n<meta property=\"og:type\" content=\"article\" \/>\n<meta property=\"og:title\" content=\"Camara : \u00ab&nbsp;C\u2019est rageant, on ne comprend pas&nbsp;\u00bb - La Diagonale\" \/>\n<meta property=\"og:description\" content=\"Apr\u00e8s la d\u00e9faite de l\u2019AS Monaco contre Marseille, S\u00e9bastien Pocognoli s\u2019\u00e9tait retenu de commenter des d\u00e9cisions arbitrales d\u00e9favorables. Mais Lamine Camara a exprim\u00e9 sa \u00ab\u00a0frustration\u00a0\u00bb et celle du groupe, apr\u00e8s son but refus\u00e9 \u00e0 la 51e minute du match : \u00ab\u00a0Nous nous entra\u00eenons toute la semaine pour effectuer ce genre de matches, et c\u2019est rageant [...]\" \/>\n<meta property=\"og:url\" content=\"https:\/\/www.ladiagonale.net\/index.php\/2025\/12\/15\/camara-cest-rageant-on-ne-comprend-pas\/\" \/>\n<meta property=\"og:site_name\" content=\"La Diagonale\" \/>\n<meta property=\"article:published_time\" content=\"2025-12-15T15:31:07+00:00\" \/>\n<meta property=\"article:modified_time\" content=\"2025-12-15T15:31:08+00:00\" \/>\n<meta property=\"og:image\" content=\"https:\/\/www.ladiagonale.net\/wp-content\/uploads\/2025\/09\/Camara-Bruges.png\" \/>\n\t<meta property=\"og:image:width\" content=\"1160\" \/>\n\t<meta property=\"og:image:height\" content=\"650\" \/>\n\t<meta property=\"og:image:type\" content=\"image\/png\" \/>\n<meta name=\"author\" content=\"Damien Dellerba\" \/>\n<meta name=\"twitter:card\" content=\"summary_large_image\" \/>\n<meta name=\"twitter:image\" content=\"https:\/\/www.ladiagonale.net\/wp-content\/uploads\/2025\/09\/Camara-Bruges.png\" \/>\n<meta name=\"twitter:label1\" content=\"\u00c9crit par\" \/>\n\t<meta name=\"twitter:data1\" content=\"Damien Dellerba\" \/>\n\t<meta name=\"twitter:label2\" content=\"Dur\u00e9e de lecture estim\u00e9e\" \/>\n\t<meta name=\"twitter:data2\" content=\"2 minutes\" \/>\n<script type=\"application\/ld+json\" class=\"yoast-schema-graph\">{\"@context\":\"https:\/\/schema.org\",\"@graph\":[{\"@type\":\"WebPage\",\"@id\":\"https:\/\/www.ladiagonale.net\/index.php\/2025\/12\/15\/camara-cest-rageant-on-ne-comprend-pas\/\",\"url\":\"https:\/\/www.ladiagonale.net\/index.php\/2025\/12\/15\/camara-cest-rageant-on-ne-comprend-pas\/\",\"name\":\"Camara : \u00ab&nbsp;C\u2019est rageant, on ne comprend pas&nbsp;\u00bb - La Diagonale\",\"isPartOf\":{\"@id\":\"https:\/\/www.ladiagonale.net\/#website\"},\"datePublished\":\"2025-12-15T15:31:07+00:00\",\"dateModified\":\"2025-12-15T15:31:08+00:00\",\"author\":{\"@id\":\"https:\/\/www.ladiagonale.net\/#\/schema\/person\/79ff1e7b0853ed01b2aa26e64ad300bf\"},\"breadcrumb\":{\"@id\":\"https:\/\/www.ladiagonale.net\/index.php\/2025\/12\/15\/camara-cest-rageant-on-ne-comprend-pas\/#breadcrumb\"},\"inLanguage\":\"fr-FR\",\"potentialAction\":[{\"@type\":\"ReadAction\",\"target\":[\"https:\/\/www.ladiagonale.net\/index.php\/2025\/12\/15\/camara-cest-rageant-on-ne-comprend-pas\/\"]}]},{\"@type\":\"BreadcrumbList\",\"@id\":\"https:\/\/www.ladiagonale.net\/index.php\/2025\/12\/15\/camara-cest-rageant-on-ne-comprend-pas\/#breadcrumb\",\"itemListElement\":[{\"@type\":\"ListItem\",\"position\":1,\"name\":\"Accueil\",\"item\":\"https:\/\/www.ladiagonale.net\/\"},{\"@type\":\"ListItem\",\"position\":2,\"name\":\"Camara : \u00ab&nbsp;C\u2019est rageant, on ne comprend pas&nbsp;\u00bb\"}]},{\"@type\":\"WebSite\",\"@id\":\"https:\/\/www.ladiagonale.net\/#website\",\"url\":\"https:\/\/www.ladiagonale.net\/\",\"name\":\"La Diagonale\",\"description\":\"Le site des supporters de l&#039;AS Monaco FC\",\"potentialAction\":[{\"@type\":\"SearchAction\",\"target\":{\"@type\":\"EntryPoint\",\"urlTemplate\":\"https:\/\/www.ladiagonale.net\/?s={search_term_string}\"},\"query-input\":\"required name=search_term_string\"}],\"inLanguage\":\"fr-FR\"},{\"@type\":\"Person\",\"@id\":\"https:\/\/www.ladiagonale.net\/#\/schema\/person\/79ff1e7b0853ed01b2aa26e64ad300bf\",\"name\":\"Damien Dellerba\",\"image\":{\"@type\":\"ImageObject\",\"inLanguage\":\"fr-FR\",\"@id\":\"https:\/\/www.ladiagonale.net\/#\/schema\/person\/image\/\",\"url\":\"https:\/\/secure.gravatar.com\/avatar\/c7850e06d3ff63cdbaee88b7fc16e2f0?s=96&d=mm&r=g\",\"contentUrl\":\"https:\/\/secure.gravatar.com\/avatar\/c7850e06d3ff63cdbaee88b7fc16e2f0?s=96&d=mm&r=g\",\"caption\":\"Damien Dellerba\"},\"url\":\"https:\/\/www.ladiagonale.net\/index.php\/author\/damien\/\"}]}<\/script>\n<!-- \/ Yoast SEO plugin. -->","yoast_head_json":{"title":"Camara : \u00ab&nbsp;C\u2019est rageant, on ne comprend pas&nbsp;\u00bb - La Diagonale","robots":{"index":"index","follow":"follow","max-snippet":"max-snippet:-1","max-image-preview":"max-image-preview:large","max-video-preview":"max-video-preview:-1"},"canonical":"https:\/\/www.ladiagonale.net\/index.php\/2025\/12\/15\/camara-cest-rageant-on-ne-comprend-pas\/","og_locale":"fr_FR","og_type":"article","og_title":"Camara : \u00ab&nbsp;C\u2019est rageant, on ne comprend pas&nbsp;\u00bb - La Diagonale","og_description":"Apr\u00e8s la d\u00e9faite de l\u2019AS Monaco contre Marseille, S\u00e9bastien Pocognoli s\u2019\u00e9tait retenu de commenter des d\u00e9cisions arbitrales d\u00e9favorables. Mais Lamine Camara a exprim\u00e9 sa \u00ab\u00a0frustration\u00a0\u00bb et celle du groupe, apr\u00e8s son but refus\u00e9 \u00e0 la 51e minute du match : \u00ab\u00a0Nous nous entra\u00eenons toute la semaine pour effectuer ce genre de matches, et c\u2019est rageant [...]","og_url":"https:\/\/www.ladiagonale.net\/index.php\/2025\/12\/15\/camara-cest-rageant-on-ne-comprend-pas\/","og_site_name":"La Diagonale","article_published_time":"2025-12-15T15:31:07+00:00","article_modified_time":"2025-12-15T15:31:08+00:00","og_image":[{"width":1160,"height":650,"url":"https:\/\/www.ladiagonale.net\/wp-content\/uploads\/2025\/09\/Camara-Bruges.png","type":"image\/png"}],"author":"Damien Dellerba","twitter_card":"summary_large_image","twitter_image":"https:\/\/www.ladiagonale.net\/wp-content\/uploads\/2025\/09\/Camara-Bruges.png","twitter_misc":{"\u00c9crit par":"Damien Dellerba","Dur\u00e9e de lecture estim\u00e9e":"2 minutes"},"schema":{"@context":"https:\/\/schema.org","@graph":[{"@type":"WebPage","@id":"https:\/\/www.ladiagonale.net\/index.php\/2025\/12\/15\/camara-cest-rageant-on-ne-comprend-pas\/","url":"https:\/\/www.ladiagonale.net\/index.php\/2025\/12\/15\/camara-cest-rageant-on-ne-comprend-pas\/","name":"Camara : \u00ab&nbsp;C\u2019est rageant, on ne comprend pas&nbsp;\u00bb - La Diagonale","isPartOf":{"@id":"https:\/\/www.ladiagonale.net\/#website"},"datePublished":"2025-12-15T15:31:07+00:00","dateModified":"2025-12-15T15:31:08+00:00","author":{"@id":"https:\/\/www.ladiagonale.net\/#\/schema\/person\/79ff1e7b0853ed01b2aa26e64ad300bf"},"breadcrumb":{"@id":"https:\/\/www.ladiagonale.net\/index.php\/2025\/12\/15\/camara-cest-rageant-on-ne-comprend-pas\/#breadcrumb"},"inLanguage":"fr-FR","potentialAction":[{"@type":"ReadAction","target":["https:\/\/www.ladiagonale.net\/index.php\/2025\/12\/15\/camara-cest-rageant-on-ne-comprend-pas\/"]}]},{"@type":"BreadcrumbList","@id":"https:\/\/www.ladiagonale.net\/index.php\/2025\/12\/15\/camara-cest-rageant-on-ne-comprend-pas\/#breadcrumb","itemListElement":[{"@type":"ListItem","position":1,"name":"Accueil","item":"https:\/\/www.ladiagonale.net\/"},{"@type":"ListItem","position":2,"name":"Camara : \u00ab&nbsp;C\u2019est rageant, on ne comprend pas&nbsp;\u00bb"}]},{"@type":"WebSite","@id":"https:\/\/www.ladiagonale.net\/#website","url":"https:\/\/www.ladiagonale.net\/","name":"La Diagonale","description":"Le site des supporters de l&#039;AS Monaco FC","potentialAction":[{"@type":"SearchAction","target":{"@type":"EntryPoint","urlTemplate":"https:\/\/www.ladiagonale.net\/?s={search_term_string}"},"query-input":"required name=search_term_string"}],"inLanguage":"fr-FR"},{"@type":"Person","@id":"https:\/\/www.ladiagonale.net\/#\/schema\/person\/79ff1e7b0853ed01b2aa26e64ad300bf","name":"Damien Dellerba","image":{"@type":"ImageObject","inLanguage":"fr-FR","@id":"https:\/\/www.ladiagonale.net\/#\/schema\/person\/image\/","url":"https:\/\/secure.gravatar.com\/avatar\/c7850e06d3ff63cdbaee88b7fc16e2f0?s=96&d=mm&r=g","contentUrl":"https:\/\/secure.gravatar.com\/avatar\/c7850e06d3ff63cdbaee88b7fc16e2f0?s=96&d=mm&r=g","caption":"Damien Dellerba"},"url":"https:\/\/www.ladiagonale.net\/index.php\/author\/damien\/"}]}},"_links":{"self":[{"href":"https:\/\/www.ladiagonale.net\/index.php\/wp-json\/wp\/v2\/posts\/35754"}],"collection":[{"href":"https:\/\/www.ladiagonale.net\/index.php\/wp-json\/wp\/v2\/posts"}],"about":[{"href":"https:\/\/www.ladiagonale.net\/index.php\/wp-json\/wp\/v2\/types\/post"}],"author":[{"embeddable":true,"href":"https:\/\/www.ladiagonale.net\/index.php\/wp-json\/wp\/v2\/users\/2"}],"replies":[{"embeddable":true,"href":"https:\/\/www.ladiagonale.net\/index.php\/wp-json\/wp\/v2\/comments?post=35754"}],"version-history":[{"count":1,"href":"https:\/\/www.ladiagonale.net\/index.php\/wp-json\/wp\/v2\/posts\/35754\/revisions"}],"predecessor-version":[{"id":35755,"href":"https:\/\/www.ladiagonale.net\/index.php\/wp-json\/wp\/v2\/posts\/35754\/revisions\/35755"}],"wp:attachment":[{"href":"https:\/\/www.ladiagonale.net\/index.php\/wp-json\/wp\/v2\/media?parent=35754"}],"wp:term":[{"taxonomy":"category","embeddable":true,"href":"https:\/\/www.ladiagonale.net\/index.php\/wp-json\/wp\/v2\/categories?post=35754"},{"taxonomy":"post_tag","embeddable":true,"href":"https:\/\/www.ladiagonale.net\/index.php\/wp-json\/wp\/v2\/tags?post=35754"}],"curies":[{"name":"wp","href":"https:\/\/api.w.org\/{rel}","templated":true}]}}