{"id":35769,"date":"2025-12-16T00:53:53","date_gmt":"2025-12-15T23:53:53","guid":{"rendered":"https:\/\/www.ladiagonale.net\/?p=35769"},"modified":"2025-12-16T00:53:54","modified_gmt":"2025-12-15T23:53:54","slug":"podcast-le-debrief-de-marseille-monaco-4","status":"publish","type":"post","link":"https:\/\/www.ladiagonale.net\/index.php\/2025\/12\/16\/podcast-le-debrief-de-marseille-monaco-4\/","title":{"rendered":"Podcast : Le D\u00e9brief de Marseille-Monaco"},"content":{"rendered":"\n<p>Monaco a perdu le choc \u00e0 Marseille (1-0) apr\u00e8s avoir fait bonne figure et aurait m\u00e9rit\u00e9 un meilleur sort. Le r\u00e9sultat ne valide pas la victoire acquise contre Galatasaray plus t\u00f4t dans la semaine en Ligue des champions (1-0).<\/p>\n\n\n\n<p>Avec 9 points d&rsquo;\u00e9cart sur le podium, quasiment \u00e0 mi-parcours, l&rsquo;ASM a-t-elle d\u00e9j\u00e0 perdu ses chances de se qualifier pour la prochaine C1 ?<\/p>\n\n\n\n<p>Avec Damien, Patrice et Rom.<\/p>\n\n\n\n<iframe data-testid=\"embed-iframe\" style=\"border-radius:12px\" src=\"https:\/\/open.spotify.com\/embed\/episode\/089QHRTuLRYoGtq9GgL91T?utm_source=generator\" width=\"100%\" height=\"352\" frameBorder=\"0\" allowfullscreen=\"\" allow=\"autoplay; clipboard-write; encrypted-media; fullscreen; picture-in-picture\" loading=\"lazy\"><\/iframe>\n\n\n\n<figure class=\"wp-block-embed is-type-video is-provider-youtube wp-block-embed-youtube wp-embed-aspect-16-9 wp-has-aspect-ratio\"><div class=\"wp-block-embed__wrapper\">\n<iframe loading=\"lazy\" title=\"Le D\u00e9brief - Ligue 1 - J16 Marseille\/Monaco (1-0)\" width=\"1020\" height=\"574\" src=\"https:\/\/www.youtube.com\/embed\/TqLujoi7q3Q?feature=oembed\" frameborder=\"0\" allow=\"accelerometer; autoplay; clipboard-write; encrypted-media; gyroscope; picture-in-picture; web-share\" referrerpolicy=\"strict-origin-when-cross-origin\" allowfullscreen><\/iframe>\n<\/div><\/figure>\n","protected":false},"excerpt":{"rendered":"<p>Monaco a perdu le choc \u00e0 Marseille (1-0) apr\u00e8s avoir fait bonne figure et aurait m\u00e9rit\u00e9 un meilleur sort. Le r\u00e9sultat ne valide pas la victoire acquise contre Galatasaray plus t\u00f4t dans la semaine en Ligue des champions (1-0). Avec 9 points d&rsquo;\u00e9cart sur le podium, quasiment \u00e0 mi-parcours, l&rsquo;ASM a-t-elle d\u00e9j\u00e0 perdu ses chances [&#8230;]\n","protected":false},"author":2,"featured_media":0,"comment_status":"open","ping_status":"open","sticky":false,"template":"","format":"standard","meta":[],"categories":[4,6,1000],"tags":[86,234,94,374,211,292],"yoast_head":"<!-- This site is optimized with the Yoast SEO plugin v19.8 - https:\/\/yoast.com\/wordpress\/plugins\/seo\/ -->\n<title>Podcast : Le D\u00e9brief de Marseille-Monaco - La Diagonale<\/title>\n<meta name=\"robots\" content=\"index, follow, max-snippet:-1, max-image-preview:large, max-video-preview:-1\" \/>\n<link rel=\"canonical\" href=\"https:\/\/www.ladiagonale.net\/index.php\/2025\/12\/16\/podcast-le-debrief-de-marseille-monaco-4\/\" \/>\n<meta property=\"og:locale\" content=\"fr_FR\" \/>\n<meta property=\"og:type\" content=\"article\" \/>\n<meta property=\"og:title\" content=\"Podcast : Le D\u00e9brief de Marseille-Monaco - La Diagonale\" \/>\n<meta property=\"og:description\" content=\"Monaco a perdu le choc \u00e0 Marseille (1-0) apr\u00e8s avoir fait bonne figure et aurait m\u00e9rit\u00e9 un meilleur sort. Le r\u00e9sultat ne valide pas la victoire acquise contre Galatasaray plus t\u00f4t dans la semaine en Ligue des champions (1-0). Avec 9 points d&rsquo;\u00e9cart sur le podium, quasiment \u00e0 mi-parcours, l&rsquo;ASM a-t-elle d\u00e9j\u00e0 perdu ses chances [...]\" \/>\n<meta property=\"og:url\" content=\"https:\/\/www.ladiagonale.net\/index.php\/2025\/12\/16\/podcast-le-debrief-de-marseille-monaco-4\/\" \/>\n<meta property=\"og:site_name\" content=\"La Diagonale\" \/>\n<meta property=\"article:published_time\" content=\"2025-12-15T23:53:53+00:00\" \/>\n<meta property=\"article:modified_time\" content=\"2025-12-15T23:53:54+00:00\" \/>\n<meta property=\"og:image\" content=\"https:\/\/www.ladiagonale.net\/wp-content\/uploads\/2025\/12\/OMASM1.png\" \/>\n\t<meta property=\"og:image:width\" content=\"1920\" \/>\n\t<meta property=\"og:image:height\" content=\"1080\" \/>\n\t<meta property=\"og:image:type\" content=\"image\/png\" \/>\n<meta name=\"author\" content=\"Damien Dellerba\" \/>\n<meta name=\"twitter:card\" content=\"summary_large_image\" \/>\n<meta name=\"twitter:image\" content=\"https:\/\/www.ladiagonale.net\/wp-content\/uploads\/2025\/12\/OMASM1.png\" \/>\n<meta name=\"twitter:label1\" content=\"\u00c9crit par\" \/>\n\t<meta name=\"twitter:data1\" content=\"Damien Dellerba\" \/>\n\t<meta name=\"twitter:label2\" content=\"Dur\u00e9e de lecture estim\u00e9e\" \/>\n\t<meta name=\"twitter:data2\" content=\"1 minute\" \/>\n<script type=\"application\/ld+json\" class=\"yoast-schema-graph\">{\"@context\":\"https:\/\/schema.org\",\"@graph\":[{\"@type\":\"WebPage\",\"@id\":\"https:\/\/www.ladiagonale.net\/index.php\/2025\/12\/16\/podcast-le-debrief-de-marseille-monaco-4\/\",\"url\":\"https:\/\/www.ladiagonale.net\/index.php\/2025\/12\/16\/podcast-le-debrief-de-marseille-monaco-4\/\",\"name\":\"Podcast : Le D\u00e9brief de Marseille-Monaco - La Diagonale\",\"isPartOf\":{\"@id\":\"https:\/\/www.ladiagonale.net\/#website\"},\"datePublished\":\"2025-12-15T23:53:53+00:00\",\"dateModified\":\"2025-12-15T23:53:54+00:00\",\"author\":{\"@id\":\"https:\/\/www.ladiagonale.net\/#\/schema\/person\/79ff1e7b0853ed01b2aa26e64ad300bf\"},\"breadcrumb\":{\"@id\":\"https:\/\/www.ladiagonale.net\/index.php\/2025\/12\/16\/podcast-le-debrief-de-marseille-monaco-4\/#breadcrumb\"},\"inLanguage\":\"fr-FR\",\"potentialAction\":[{\"@type\":\"ReadAction\",\"target\":[\"https:\/\/www.ladiagonale.net\/index.php\/2025\/12\/16\/podcast-le-debrief-de-marseille-monaco-4\/\"]}]},{\"@type\":\"BreadcrumbList\",\"@id\":\"https:\/\/www.ladiagonale.net\/index.php\/2025\/12\/16\/podcast-le-debrief-de-marseille-monaco-4\/#breadcrumb\",\"itemListElement\":[{\"@type\":\"ListItem\",\"position\":1,\"name\":\"Accueil\",\"item\":\"https:\/\/www.ladiagonale.net\/\"},{\"@type\":\"ListItem\",\"position\":2,\"name\":\"Podcast : Le D\u00e9brief de Marseille-Monaco\"}]},{\"@type\":\"WebSite\",\"@id\":\"https:\/\/www.ladiagonale.net\/#website\",\"url\":\"https:\/\/www.ladiagonale.net\/\",\"name\":\"La Diagonale\",\"description\":\"Le site des supporters de l&#039;AS Monaco FC\",\"potentialAction\":[{\"@type\":\"SearchAction\",\"target\":{\"@type\":\"EntryPoint\",\"urlTemplate\":\"https:\/\/www.ladiagonale.net\/?s={search_term_string}\"},\"query-input\":\"required name=search_term_string\"}],\"inLanguage\":\"fr-FR\"},{\"@type\":\"Person\",\"@id\":\"https:\/\/www.ladiagonale.net\/#\/schema\/person\/79ff1e7b0853ed01b2aa26e64ad300bf\",\"name\":\"Damien Dellerba\",\"image\":{\"@type\":\"ImageObject\",\"inLanguage\":\"fr-FR\",\"@id\":\"https:\/\/www.ladiagonale.net\/#\/schema\/person\/image\/\",\"url\":\"https:\/\/secure.gravatar.com\/avatar\/c7850e06d3ff63cdbaee88b7fc16e2f0?s=96&d=mm&r=g\",\"contentUrl\":\"https:\/\/secure.gravatar.com\/avatar\/c7850e06d3ff63cdbaee88b7fc16e2f0?s=96&d=mm&r=g\",\"caption\":\"Damien Dellerba\"},\"url\":\"https:\/\/www.ladiagonale.net\/index.php\/author\/damien\/\"}]}<\/script>\n<!-- \/ Yoast SEO plugin. -->","yoast_head_json":{"title":"Podcast : Le D\u00e9brief de Marseille-Monaco - La Diagonale","robots":{"index":"index","follow":"follow","max-snippet":"max-snippet:-1","max-image-preview":"max-image-preview:large","max-video-preview":"max-video-preview:-1"},"canonical":"https:\/\/www.ladiagonale.net\/index.php\/2025\/12\/16\/podcast-le-debrief-de-marseille-monaco-4\/","og_locale":"fr_FR","og_type":"article","og_title":"Podcast : Le D\u00e9brief de Marseille-Monaco - La Diagonale","og_description":"Monaco a perdu le choc \u00e0 Marseille (1-0) apr\u00e8s avoir fait bonne figure et aurait m\u00e9rit\u00e9 un meilleur sort. Le r\u00e9sultat ne valide pas la victoire acquise contre Galatasaray plus t\u00f4t dans la semaine en Ligue des champions (1-0). Avec 9 points d&rsquo;\u00e9cart sur le podium, quasiment \u00e0 mi-parcours, l&rsquo;ASM a-t-elle d\u00e9j\u00e0 perdu ses chances [...]","og_url":"https:\/\/www.ladiagonale.net\/index.php\/2025\/12\/16\/podcast-le-debrief-de-marseille-monaco-4\/","og_site_name":"La Diagonale","article_published_time":"2025-12-15T23:53:53+00:00","article_modified_time":"2025-12-15T23:53:54+00:00","og_image":[{"width":1920,"height":1080,"url":"https:\/\/www.ladiagonale.net\/wp-content\/uploads\/2025\/12\/OMASM1.png","type":"image\/png"}],"author":"Damien Dellerba","twitter_card":"summary_large_image","twitter_image":"https:\/\/www.ladiagonale.net\/wp-content\/uploads\/2025\/12\/OMASM1.png","twitter_misc":{"\u00c9crit par":"Damien Dellerba","Dur\u00e9e de lecture estim\u00e9e":"1 minute"},"schema":{"@context":"https:\/\/schema.org","@graph":[{"@type":"WebPage","@id":"https:\/\/www.ladiagonale.net\/index.php\/2025\/12\/16\/podcast-le-debrief-de-marseille-monaco-4\/","url":"https:\/\/www.ladiagonale.net\/index.php\/2025\/12\/16\/podcast-le-debrief-de-marseille-monaco-4\/","name":"Podcast : Le D\u00e9brief de Marseille-Monaco - La Diagonale","isPartOf":{"@id":"https:\/\/www.ladiagonale.net\/#website"},"datePublished":"2025-12-15T23:53:53+00:00","dateModified":"2025-12-15T23:53:54+00:00","author":{"@id":"https:\/\/www.ladiagonale.net\/#\/schema\/person\/79ff1e7b0853ed01b2aa26e64ad300bf"},"breadcrumb":{"@id":"https:\/\/www.ladiagonale.net\/index.php\/2025\/12\/16\/podcast-le-debrief-de-marseille-monaco-4\/#breadcrumb"},"inLanguage":"fr-FR","potentialAction":[{"@type":"ReadAction","target":["https:\/\/www.ladiagonale.net\/index.php\/2025\/12\/16\/podcast-le-debrief-de-marseille-monaco-4\/"]}]},{"@type":"BreadcrumbList","@id":"https:\/\/www.ladiagonale.net\/index.php\/2025\/12\/16\/podcast-le-debrief-de-marseille-monaco-4\/#breadcrumb","itemListElement":[{"@type":"ListItem","position":1,"name":"Accueil","item":"https:\/\/www.ladiagonale.net\/"},{"@type":"ListItem","position":2,"name":"Podcast : Le D\u00e9brief de Marseille-Monaco"}]},{"@type":"WebSite","@id":"https:\/\/www.ladiagonale.net\/#website","url":"https:\/\/www.ladiagonale.net\/","name":"La Diagonale","description":"Le site des supporters de l&#039;AS Monaco FC","potentialAction":[{"@type":"SearchAction","target":{"@type":"EntryPoint","urlTemplate":"https:\/\/www.ladiagonale.net\/?s={search_term_string}"},"query-input":"required name=search_term_string"}],"inLanguage":"fr-FR"},{"@type":"Person","@id":"https:\/\/www.ladiagonale.net\/#\/schema\/person\/79ff1e7b0853ed01b2aa26e64ad300bf","name":"Damien Dellerba","image":{"@type":"ImageObject","inLanguage":"fr-FR","@id":"https:\/\/www.ladiagonale.net\/#\/schema\/person\/image\/","url":"https:\/\/secure.gravatar.com\/avatar\/c7850e06d3ff63cdbaee88b7fc16e2f0?s=96&d=mm&r=g","contentUrl":"https:\/\/secure.gravatar.com\/avatar\/c7850e06d3ff63cdbaee88b7fc16e2f0?s=96&d=mm&r=g","caption":"Damien Dellerba"},"url":"https:\/\/www.ladiagonale.net\/index.php\/author\/damien\/"}]}},"_links":{"self":[{"href":"https:\/\/www.ladiagonale.net\/index.php\/wp-json\/wp\/v2\/posts\/35769"}],"collection":[{"href":"https:\/\/www.ladiagonale.net\/index.php\/wp-json\/wp\/v2\/posts"}],"about":[{"href":"https:\/\/www.ladiagonale.net\/index.php\/wp-json\/wp\/v2\/types\/post"}],"author":[{"embeddable":true,"href":"https:\/\/www.ladiagonale.net\/index.php\/wp-json\/wp\/v2\/users\/2"}],"replies":[{"embeddable":true,"href":"https:\/\/www.ladiagonale.net\/index.php\/wp-json\/wp\/v2\/comments?post=35769"}],"version-history":[{"count":1,"href":"https:\/\/www.ladiagonale.net\/index.php\/wp-json\/wp\/v2\/posts\/35769\/revisions"}],"predecessor-version":[{"id":35771,"href":"https:\/\/www.ladiagonale.net\/index.php\/wp-json\/wp\/v2\/posts\/35769\/revisions\/35771"}],"wp:attachment":[{"href":"https:\/\/www.ladiagonale.net\/index.php\/wp-json\/wp\/v2\/media?parent=35769"}],"wp:term":[{"taxonomy":"category","embeddable":true,"href":"https:\/\/www.ladiagonale.net\/index.php\/wp-json\/wp\/v2\/categories?post=35769"},{"taxonomy":"post_tag","embeddable":true,"href":"https:\/\/www.ladiagonale.net\/index.php\/wp-json\/wp\/v2\/tags?post=35769"}],"curies":[{"name":"wp","href":"https:\/\/api.w.org\/{rel}","templated":true}]}}