{"id":35772,"date":"2025-12-16T01:06:34","date_gmt":"2025-12-16T00:06:34","guid":{"rendered":"https:\/\/www.ladiagonale.net\/?p=35772"},"modified":"2025-12-16T01:07:04","modified_gmt":"2025-12-16T00:07:04","slug":"camara-et-diatta-a-la-can","status":"publish","type":"post","link":"https:\/\/www.ladiagonale.net\/index.php\/2025\/12\/16\/camara-et-diatta-a-la-can\/","title":{"rendered":"Camara et Diatta \u00e0 la CAN"},"content":{"rendered":"\n\n\n<p>Sans la moindre surprise, Lamine Camara et Kr\u00e9pin Diatta ont \u00e9t\u00e9 convoqu\u00e9s par Pape Thiaw pour disputer la Coupe d\u2019Afrique des nations avec le S\u00e9n\u00e9gal. Les deux joueurs de l\u2019AS Monaco vont rejoindre leur s\u00e9lection cette semaine et ne seront donc pas disponibles pour la derni\u00e8re rencontre de l\u2019ann\u00e9e civile en club, contre Auxerre, en Coupe de France, dimanche.<\/p>\n\n\n\n<p>La comp\u00e9tition d\u00e9butera dans une semaine pour les <em>Lions de la Teranga<\/em>. Ils affronteront le Botswana le 23 d\u00e9cembre, puis la RD Congo le 27 et enfin le B\u00e9nin le 30. Un groupe o\u00f9 ils ont de bonnes chances de se qualifier. La CAN se terminera le 18 janvier.<\/p>\n","protected":false},"excerpt":{"rendered":"<p>Sans la moindre surprise, Lamine Camara et Kr\u00e9pin Diatta ont \u00e9t\u00e9 convoqu\u00e9s par Pape Thiaw pour disputer la Coupe d\u2019Afrique des nations avec le S\u00e9n\u00e9gal. Les deux joueurs de l\u2019AS Monaco vont rejoindre leur s\u00e9lection cette semaine et ne seront donc pas disponibles pour la derni\u00e8re rencontre de l\u2019ann\u00e9e civile en club, contre Auxerre, en [&#8230;]\n","protected":false},"author":2,"featured_media":0,"comment_status":"open","ping_status":"open","sticky":false,"template":"","format":"standard","meta":[],"categories":[6,1111],"tags":[86,745,163,894,116],"yoast_head":"<!-- This site is optimized with the Yoast SEO plugin v19.8 - https:\/\/yoast.com\/wordpress\/plugins\/seo\/ -->\n<title>Camara et Diatta \u00e0 la CAN - La Diagonale<\/title>\n<meta name=\"robots\" content=\"index, follow, max-snippet:-1, max-image-preview:large, max-video-preview:-1\" \/>\n<link rel=\"canonical\" href=\"https:\/\/www.ladiagonale.net\/index.php\/2025\/12\/16\/camara-et-diatta-a-la-can\/\" \/>\n<meta property=\"og:locale\" content=\"fr_FR\" \/>\n<meta property=\"og:type\" content=\"article\" \/>\n<meta property=\"og:title\" content=\"Camara et Diatta \u00e0 la CAN - La Diagonale\" \/>\n<meta property=\"og:description\" content=\"Sans la moindre surprise, Lamine Camara et Kr\u00e9pin Diatta ont \u00e9t\u00e9 convoqu\u00e9s par Pape Thiaw pour disputer la Coupe d\u2019Afrique des nations avec le S\u00e9n\u00e9gal. Les deux joueurs de l\u2019AS Monaco vont rejoindre leur s\u00e9lection cette semaine et ne seront donc pas disponibles pour la derni\u00e8re rencontre de l\u2019ann\u00e9e civile en club, contre Auxerre, en [...]\" \/>\n<meta property=\"og:url\" content=\"https:\/\/www.ladiagonale.net\/index.php\/2025\/12\/16\/camara-et-diatta-a-la-can\/\" \/>\n<meta property=\"og:site_name\" content=\"La Diagonale\" \/>\n<meta property=\"article:published_time\" content=\"2025-12-16T00:06:34+00:00\" \/>\n<meta property=\"article:modified_time\" content=\"2025-12-16T00:07:04+00:00\" \/>\n<meta property=\"og:image\" content=\"https:\/\/www.ladiagonale.net\/wp-content\/uploads\/2025\/12\/Camara-se\u0301ne\u0301gal.png\" \/>\n\t<meta property=\"og:image:width\" content=\"1160\" \/>\n\t<meta property=\"og:image:height\" content=\"650\" \/>\n\t<meta property=\"og:image:type\" content=\"image\/png\" \/>\n<meta name=\"author\" content=\"Damien Dellerba\" \/>\n<meta name=\"twitter:card\" content=\"summary_large_image\" \/>\n<meta name=\"twitter:image\" content=\"https:\/\/www.ladiagonale.net\/wp-content\/uploads\/2025\/12\/Camara-se\u0301ne\u0301gal.png\" \/>\n<meta name=\"twitter:label1\" content=\"\u00c9crit par\" \/>\n\t<meta name=\"twitter:data1\" content=\"Damien Dellerba\" \/>\n\t<meta name=\"twitter:label2\" content=\"Dur\u00e9e de lecture estim\u00e9e\" \/>\n\t<meta name=\"twitter:data2\" content=\"1 minute\" \/>\n<script type=\"application\/ld+json\" class=\"yoast-schema-graph\">{\"@context\":\"https:\/\/schema.org\",\"@graph\":[{\"@type\":\"WebPage\",\"@id\":\"https:\/\/www.ladiagonale.net\/index.php\/2025\/12\/16\/camara-et-diatta-a-la-can\/\",\"url\":\"https:\/\/www.ladiagonale.net\/index.php\/2025\/12\/16\/camara-et-diatta-a-la-can\/\",\"name\":\"Camara et Diatta \u00e0 la CAN - La Diagonale\",\"isPartOf\":{\"@id\":\"https:\/\/www.ladiagonale.net\/#website\"},\"datePublished\":\"2025-12-16T00:06:34+00:00\",\"dateModified\":\"2025-12-16T00:07:04+00:00\",\"author\":{\"@id\":\"https:\/\/www.ladiagonale.net\/#\/schema\/person\/79ff1e7b0853ed01b2aa26e64ad300bf\"},\"breadcrumb\":{\"@id\":\"https:\/\/www.ladiagonale.net\/index.php\/2025\/12\/16\/camara-et-diatta-a-la-can\/#breadcrumb\"},\"inLanguage\":\"fr-FR\",\"potentialAction\":[{\"@type\":\"ReadAction\",\"target\":[\"https:\/\/www.ladiagonale.net\/index.php\/2025\/12\/16\/camara-et-diatta-a-la-can\/\"]}]},{\"@type\":\"BreadcrumbList\",\"@id\":\"https:\/\/www.ladiagonale.net\/index.php\/2025\/12\/16\/camara-et-diatta-a-la-can\/#breadcrumb\",\"itemListElement\":[{\"@type\":\"ListItem\",\"position\":1,\"name\":\"Accueil\",\"item\":\"https:\/\/www.ladiagonale.net\/\"},{\"@type\":\"ListItem\",\"position\":2,\"name\":\"Camara et Diatta \u00e0 la CAN\"}]},{\"@type\":\"WebSite\",\"@id\":\"https:\/\/www.ladiagonale.net\/#website\",\"url\":\"https:\/\/www.ladiagonale.net\/\",\"name\":\"La Diagonale\",\"description\":\"Le site des supporters de l&#039;AS Monaco FC\",\"potentialAction\":[{\"@type\":\"SearchAction\",\"target\":{\"@type\":\"EntryPoint\",\"urlTemplate\":\"https:\/\/www.ladiagonale.net\/?s={search_term_string}\"},\"query-input\":\"required name=search_term_string\"}],\"inLanguage\":\"fr-FR\"},{\"@type\":\"Person\",\"@id\":\"https:\/\/www.ladiagonale.net\/#\/schema\/person\/79ff1e7b0853ed01b2aa26e64ad300bf\",\"name\":\"Damien Dellerba\",\"image\":{\"@type\":\"ImageObject\",\"inLanguage\":\"fr-FR\",\"@id\":\"https:\/\/www.ladiagonale.net\/#\/schema\/person\/image\/\",\"url\":\"https:\/\/secure.gravatar.com\/avatar\/c7850e06d3ff63cdbaee88b7fc16e2f0?s=96&d=mm&r=g\",\"contentUrl\":\"https:\/\/secure.gravatar.com\/avatar\/c7850e06d3ff63cdbaee88b7fc16e2f0?s=96&d=mm&r=g\",\"caption\":\"Damien Dellerba\"},\"url\":\"https:\/\/www.ladiagonale.net\/index.php\/author\/damien\/\"}]}<\/script>\n<!-- \/ Yoast SEO plugin. -->","yoast_head_json":{"title":"Camara et Diatta \u00e0 la CAN - La Diagonale","robots":{"index":"index","follow":"follow","max-snippet":"max-snippet:-1","max-image-preview":"max-image-preview:large","max-video-preview":"max-video-preview:-1"},"canonical":"https:\/\/www.ladiagonale.net\/index.php\/2025\/12\/16\/camara-et-diatta-a-la-can\/","og_locale":"fr_FR","og_type":"article","og_title":"Camara et Diatta \u00e0 la CAN - La Diagonale","og_description":"Sans la moindre surprise, Lamine Camara et Kr\u00e9pin Diatta ont \u00e9t\u00e9 convoqu\u00e9s par Pape Thiaw pour disputer la Coupe d\u2019Afrique des nations avec le S\u00e9n\u00e9gal. Les deux joueurs de l\u2019AS Monaco vont rejoindre leur s\u00e9lection cette semaine et ne seront donc pas disponibles pour la derni\u00e8re rencontre de l\u2019ann\u00e9e civile en club, contre Auxerre, en [...]","og_url":"https:\/\/www.ladiagonale.net\/index.php\/2025\/12\/16\/camara-et-diatta-a-la-can\/","og_site_name":"La Diagonale","article_published_time":"2025-12-16T00:06:34+00:00","article_modified_time":"2025-12-16T00:07:04+00:00","og_image":[{"width":1160,"height":650,"url":"https:\/\/www.ladiagonale.net\/wp-content\/uploads\/2025\/12\/Camara-se\u0301ne\u0301gal.png","type":"image\/png"}],"author":"Damien Dellerba","twitter_card":"summary_large_image","twitter_image":"https:\/\/www.ladiagonale.net\/wp-content\/uploads\/2025\/12\/Camara-se\u0301ne\u0301gal.png","twitter_misc":{"\u00c9crit par":"Damien Dellerba","Dur\u00e9e de lecture estim\u00e9e":"1 minute"},"schema":{"@context":"https:\/\/schema.org","@graph":[{"@type":"WebPage","@id":"https:\/\/www.ladiagonale.net\/index.php\/2025\/12\/16\/camara-et-diatta-a-la-can\/","url":"https:\/\/www.ladiagonale.net\/index.php\/2025\/12\/16\/camara-et-diatta-a-la-can\/","name":"Camara et Diatta \u00e0 la CAN - La Diagonale","isPartOf":{"@id":"https:\/\/www.ladiagonale.net\/#website"},"datePublished":"2025-12-16T00:06:34+00:00","dateModified":"2025-12-16T00:07:04+00:00","author":{"@id":"https:\/\/www.ladiagonale.net\/#\/schema\/person\/79ff1e7b0853ed01b2aa26e64ad300bf"},"breadcrumb":{"@id":"https:\/\/www.ladiagonale.net\/index.php\/2025\/12\/16\/camara-et-diatta-a-la-can\/#breadcrumb"},"inLanguage":"fr-FR","potentialAction":[{"@type":"ReadAction","target":["https:\/\/www.ladiagonale.net\/index.php\/2025\/12\/16\/camara-et-diatta-a-la-can\/"]}]},{"@type":"BreadcrumbList","@id":"https:\/\/www.ladiagonale.net\/index.php\/2025\/12\/16\/camara-et-diatta-a-la-can\/#breadcrumb","itemListElement":[{"@type":"ListItem","position":1,"name":"Accueil","item":"https:\/\/www.ladiagonale.net\/"},{"@type":"ListItem","position":2,"name":"Camara et Diatta \u00e0 la CAN"}]},{"@type":"WebSite","@id":"https:\/\/www.ladiagonale.net\/#website","url":"https:\/\/www.ladiagonale.net\/","name":"La Diagonale","description":"Le site des supporters de l&#039;AS Monaco FC","potentialAction":[{"@type":"SearchAction","target":{"@type":"EntryPoint","urlTemplate":"https:\/\/www.ladiagonale.net\/?s={search_term_string}"},"query-input":"required name=search_term_string"}],"inLanguage":"fr-FR"},{"@type":"Person","@id":"https:\/\/www.ladiagonale.net\/#\/schema\/person\/79ff1e7b0853ed01b2aa26e64ad300bf","name":"Damien Dellerba","image":{"@type":"ImageObject","inLanguage":"fr-FR","@id":"https:\/\/www.ladiagonale.net\/#\/schema\/person\/image\/","url":"https:\/\/secure.gravatar.com\/avatar\/c7850e06d3ff63cdbaee88b7fc16e2f0?s=96&d=mm&r=g","contentUrl":"https:\/\/secure.gravatar.com\/avatar\/c7850e06d3ff63cdbaee88b7fc16e2f0?s=96&d=mm&r=g","caption":"Damien Dellerba"},"url":"https:\/\/www.ladiagonale.net\/index.php\/author\/damien\/"}]}},"_links":{"self":[{"href":"https:\/\/www.ladiagonale.net\/index.php\/wp-json\/wp\/v2\/posts\/35772"}],"collection":[{"href":"https:\/\/www.ladiagonale.net\/index.php\/wp-json\/wp\/v2\/posts"}],"about":[{"href":"https:\/\/www.ladiagonale.net\/index.php\/wp-json\/wp\/v2\/types\/post"}],"author":[{"embeddable":true,"href":"https:\/\/www.ladiagonale.net\/index.php\/wp-json\/wp\/v2\/users\/2"}],"replies":[{"embeddable":true,"href":"https:\/\/www.ladiagonale.net\/index.php\/wp-json\/wp\/v2\/comments?post=35772"}],"version-history":[{"count":2,"href":"https:\/\/www.ladiagonale.net\/index.php\/wp-json\/wp\/v2\/posts\/35772\/revisions"}],"predecessor-version":[{"id":35774,"href":"https:\/\/www.ladiagonale.net\/index.php\/wp-json\/wp\/v2\/posts\/35772\/revisions\/35774"}],"wp:attachment":[{"href":"https:\/\/www.ladiagonale.net\/index.php\/wp-json\/wp\/v2\/media?parent=35772"}],"wp:term":[{"taxonomy":"category","embeddable":true,"href":"https:\/\/www.ladiagonale.net\/index.php\/wp-json\/wp\/v2\/categories?post=35772"},{"taxonomy":"post_tag","embeddable":true,"href":"https:\/\/www.ladiagonale.net\/index.php\/wp-json\/wp\/v2\/tags?post=35772"}],"curies":[{"name":"wp","href":"https:\/\/api.w.org\/{rel}","templated":true}]}}