{"id":36378,"date":"2026-01-24T14:40:49","date_gmt":"2026-01-24T13:40:49","guid":{"rendered":"https:\/\/www.ladiagonale.net\/?p=36378"},"modified":"2026-01-24T14:40:50","modified_gmt":"2026-01-24T13:40:50","slug":"le-groupe-havrais-avec-boufal-et-pembele","status":"publish","type":"post","link":"https:\/\/www.ladiagonale.net\/index.php\/2026\/01\/24\/le-groupe-havrais-avec-boufal-et-pembele\/","title":{"rendered":"Le groupe havrais : avec Boufal et Pemb\u00e9l\u00e9"},"content":{"rendered":"\n\n\n<p>Le HAC re\u00e7oit l&rsquo;AS Monaco ce samedi et ce sera avec ses deux recrues de l&rsquo;hiver, Sofiane Boufal et Timoth\u00e9e Pemb\u00e9l\u00e9. Les deux joueurs ont fait leurs premiers pas sous leurs nouvelles couleurs le week-end pr\u00e9c\u00e9dent contre Rennes (1-1). <\/p>\n\n\n\n<p>Mais il y aura des absences importantes, \u00e0 commencer par celle du gardien titulaire, Mory Diaw, tout juste revenu de la CAN et laiss\u00e9 au repos par Didier Digard. Deux autres joueurs essentiels au Havre sont bless\u00e9s : Abdoulaye Tour\u00e9 et Gautier Lloris.<\/p>\n\n\n\n<figure class=\"wp-block-image size-large\"><img loading=\"lazy\" width=\"819\" height=\"1024\" src=\"https:\/\/www.ladiagonale.net\/wp-content\/uploads\/2026\/01\/G_a5XyyWQAAiGBy-819x1024.jpg\" alt=\"\" class=\"wp-image-36379\" srcset=\"https:\/\/www.ladiagonale.net\/wp-content\/uploads\/2026\/01\/G_a5XyyWQAAiGBy-819x1024.jpg 819w, https:\/\/www.ladiagonale.net\/wp-content\/uploads\/2026\/01\/G_a5XyyWQAAiGBy-240x300.jpg 240w, https:\/\/www.ladiagonale.net\/wp-content\/uploads\/2026\/01\/G_a5XyyWQAAiGBy-768x960.jpg 768w, https:\/\/www.ladiagonale.net\/wp-content\/uploads\/2026\/01\/G_a5XyyWQAAiGBy-102x128.jpg 102w, https:\/\/www.ladiagonale.net\/wp-content\/uploads\/2026\/01\/G_a5XyyWQAAiGBy-26x32.jpg 26w, https:\/\/www.ladiagonale.net\/wp-content\/uploads\/2026\/01\/G_a5XyyWQAAiGBy.jpg 1080w\" sizes=\"(max-width: 819px) 100vw, 819px\" \/><\/figure>\n\n\n\n<p><em>Absents : <\/em>Tour\u00e9, Lloris, Yout\u00e9, Khadra (bless\u00e9s), Diaw (g.), Mosengo (choix).<\/p>\n","protected":false},"excerpt":{"rendered":"<p>Le HAC re\u00e7oit l&rsquo;AS Monaco ce samedi et ce sera avec ses deux recrues de l&rsquo;hiver, Sofiane Boufal et Timoth\u00e9e Pemb\u00e9l\u00e9. Les deux joueurs ont fait leurs premiers pas sous leurs nouvelles couleurs le week-end pr\u00e9c\u00e9dent contre Rennes (1-1). Mais il y aura des absences importantes, \u00e0 commencer par celle du gardien titulaire, Mory Diaw, [&#8230;]\n","protected":false},"author":2,"featured_media":0,"comment_status":"open","ping_status":"open","sticky":false,"template":"","format":"standard","meta":[],"categories":[6,1000],"tags":[86,225,712,94],"yoast_head":"<!-- This site is optimized with the Yoast SEO plugin v19.8 - https:\/\/yoast.com\/wordpress\/plugins\/seo\/ -->\n<title>Le groupe havrais : avec Boufal et Pemb\u00e9l\u00e9 - La Diagonale<\/title>\n<meta name=\"robots\" content=\"index, follow, max-snippet:-1, max-image-preview:large, max-video-preview:-1\" \/>\n<link rel=\"canonical\" href=\"https:\/\/www.ladiagonale.net\/index.php\/2026\/01\/24\/le-groupe-havrais-avec-boufal-et-pembele\/\" \/>\n<meta property=\"og:locale\" content=\"fr_FR\" \/>\n<meta property=\"og:type\" content=\"article\" \/>\n<meta property=\"og:title\" content=\"Le groupe havrais : avec Boufal et Pemb\u00e9l\u00e9 - La Diagonale\" \/>\n<meta property=\"og:description\" content=\"Le HAC re\u00e7oit l&rsquo;AS Monaco ce samedi et ce sera avec ses deux recrues de l&rsquo;hiver, Sofiane Boufal et Timoth\u00e9e Pemb\u00e9l\u00e9. Les deux joueurs ont fait leurs premiers pas sous leurs nouvelles couleurs le week-end pr\u00e9c\u00e9dent contre Rennes (1-1). Mais il y aura des absences importantes, \u00e0 commencer par celle du gardien titulaire, Mory Diaw, [...]\" \/>\n<meta property=\"og:url\" content=\"https:\/\/www.ladiagonale.net\/index.php\/2026\/01\/24\/le-groupe-havrais-avec-boufal-et-pembele\/\" \/>\n<meta property=\"og:site_name\" content=\"La Diagonale\" \/>\n<meta property=\"article:published_time\" content=\"2026-01-24T13:40:49+00:00\" \/>\n<meta property=\"article:modified_time\" content=\"2026-01-24T13:40:50+00:00\" \/>\n<meta property=\"og:image\" content=\"https:\/\/www.ladiagonale.net\/wp-content\/uploads\/2026\/01\/Boufal.png\" \/>\n\t<meta property=\"og:image:width\" content=\"1160\" \/>\n\t<meta property=\"og:image:height\" content=\"650\" \/>\n\t<meta property=\"og:image:type\" content=\"image\/png\" \/>\n<meta name=\"author\" content=\"Damien Dellerba\" \/>\n<meta name=\"twitter:card\" content=\"summary_large_image\" \/>\n<meta name=\"twitter:image\" content=\"https:\/\/www.ladiagonale.net\/wp-content\/uploads\/2026\/01\/Boufal.png\" \/>\n<meta name=\"twitter:label1\" content=\"\u00c9crit par\" \/>\n\t<meta name=\"twitter:data1\" content=\"Damien Dellerba\" \/>\n\t<meta name=\"twitter:label2\" content=\"Dur\u00e9e de lecture estim\u00e9e\" \/>\n\t<meta name=\"twitter:data2\" content=\"1 minute\" \/>\n<script type=\"application\/ld+json\" class=\"yoast-schema-graph\">{\"@context\":\"https:\/\/schema.org\",\"@graph\":[{\"@type\":\"WebPage\",\"@id\":\"https:\/\/www.ladiagonale.net\/index.php\/2026\/01\/24\/le-groupe-havrais-avec-boufal-et-pembele\/\",\"url\":\"https:\/\/www.ladiagonale.net\/index.php\/2026\/01\/24\/le-groupe-havrais-avec-boufal-et-pembele\/\",\"name\":\"Le groupe havrais : avec Boufal et Pemb\u00e9l\u00e9 - La Diagonale\",\"isPartOf\":{\"@id\":\"https:\/\/www.ladiagonale.net\/#website\"},\"datePublished\":\"2026-01-24T13:40:49+00:00\",\"dateModified\":\"2026-01-24T13:40:50+00:00\",\"author\":{\"@id\":\"https:\/\/www.ladiagonale.net\/#\/schema\/person\/79ff1e7b0853ed01b2aa26e64ad300bf\"},\"breadcrumb\":{\"@id\":\"https:\/\/www.ladiagonale.net\/index.php\/2026\/01\/24\/le-groupe-havrais-avec-boufal-et-pembele\/#breadcrumb\"},\"inLanguage\":\"fr-FR\",\"potentialAction\":[{\"@type\":\"ReadAction\",\"target\":[\"https:\/\/www.ladiagonale.net\/index.php\/2026\/01\/24\/le-groupe-havrais-avec-boufal-et-pembele\/\"]}]},{\"@type\":\"BreadcrumbList\",\"@id\":\"https:\/\/www.ladiagonale.net\/index.php\/2026\/01\/24\/le-groupe-havrais-avec-boufal-et-pembele\/#breadcrumb\",\"itemListElement\":[{\"@type\":\"ListItem\",\"position\":1,\"name\":\"Accueil\",\"item\":\"https:\/\/www.ladiagonale.net\/\"},{\"@type\":\"ListItem\",\"position\":2,\"name\":\"Le groupe havrais : avec Boufal et Pemb\u00e9l\u00e9\"}]},{\"@type\":\"WebSite\",\"@id\":\"https:\/\/www.ladiagonale.net\/#website\",\"url\":\"https:\/\/www.ladiagonale.net\/\",\"name\":\"La Diagonale\",\"description\":\"Le site des supporters de l&#039;AS Monaco FC\",\"potentialAction\":[{\"@type\":\"SearchAction\",\"target\":{\"@type\":\"EntryPoint\",\"urlTemplate\":\"https:\/\/www.ladiagonale.net\/?s={search_term_string}\"},\"query-input\":\"required name=search_term_string\"}],\"inLanguage\":\"fr-FR\"},{\"@type\":\"Person\",\"@id\":\"https:\/\/www.ladiagonale.net\/#\/schema\/person\/79ff1e7b0853ed01b2aa26e64ad300bf\",\"name\":\"Damien Dellerba\",\"image\":{\"@type\":\"ImageObject\",\"inLanguage\":\"fr-FR\",\"@id\":\"https:\/\/www.ladiagonale.net\/#\/schema\/person\/image\/\",\"url\":\"https:\/\/secure.gravatar.com\/avatar\/c7850e06d3ff63cdbaee88b7fc16e2f0?s=96&d=mm&r=g\",\"contentUrl\":\"https:\/\/secure.gravatar.com\/avatar\/c7850e06d3ff63cdbaee88b7fc16e2f0?s=96&d=mm&r=g\",\"caption\":\"Damien Dellerba\"},\"url\":\"https:\/\/www.ladiagonale.net\/index.php\/author\/damien\/\"}]}<\/script>\n<!-- \/ Yoast SEO plugin. -->","yoast_head_json":{"title":"Le groupe havrais : avec Boufal et Pemb\u00e9l\u00e9 - La Diagonale","robots":{"index":"index","follow":"follow","max-snippet":"max-snippet:-1","max-image-preview":"max-image-preview:large","max-video-preview":"max-video-preview:-1"},"canonical":"https:\/\/www.ladiagonale.net\/index.php\/2026\/01\/24\/le-groupe-havrais-avec-boufal-et-pembele\/","og_locale":"fr_FR","og_type":"article","og_title":"Le groupe havrais : avec Boufal et Pemb\u00e9l\u00e9 - La Diagonale","og_description":"Le HAC re\u00e7oit l&rsquo;AS Monaco ce samedi et ce sera avec ses deux recrues de l&rsquo;hiver, Sofiane Boufal et Timoth\u00e9e Pemb\u00e9l\u00e9. Les deux joueurs ont fait leurs premiers pas sous leurs nouvelles couleurs le week-end pr\u00e9c\u00e9dent contre Rennes (1-1). Mais il y aura des absences importantes, \u00e0 commencer par celle du gardien titulaire, Mory Diaw, [...]","og_url":"https:\/\/www.ladiagonale.net\/index.php\/2026\/01\/24\/le-groupe-havrais-avec-boufal-et-pembele\/","og_site_name":"La Diagonale","article_published_time":"2026-01-24T13:40:49+00:00","article_modified_time":"2026-01-24T13:40:50+00:00","og_image":[{"width":1160,"height":650,"url":"https:\/\/www.ladiagonale.net\/wp-content\/uploads\/2026\/01\/Boufal.png","type":"image\/png"}],"author":"Damien Dellerba","twitter_card":"summary_large_image","twitter_image":"https:\/\/www.ladiagonale.net\/wp-content\/uploads\/2026\/01\/Boufal.png","twitter_misc":{"\u00c9crit par":"Damien Dellerba","Dur\u00e9e de lecture estim\u00e9e":"1 minute"},"schema":{"@context":"https:\/\/schema.org","@graph":[{"@type":"WebPage","@id":"https:\/\/www.ladiagonale.net\/index.php\/2026\/01\/24\/le-groupe-havrais-avec-boufal-et-pembele\/","url":"https:\/\/www.ladiagonale.net\/index.php\/2026\/01\/24\/le-groupe-havrais-avec-boufal-et-pembele\/","name":"Le groupe havrais : avec Boufal et Pemb\u00e9l\u00e9 - La Diagonale","isPartOf":{"@id":"https:\/\/www.ladiagonale.net\/#website"},"datePublished":"2026-01-24T13:40:49+00:00","dateModified":"2026-01-24T13:40:50+00:00","author":{"@id":"https:\/\/www.ladiagonale.net\/#\/schema\/person\/79ff1e7b0853ed01b2aa26e64ad300bf"},"breadcrumb":{"@id":"https:\/\/www.ladiagonale.net\/index.php\/2026\/01\/24\/le-groupe-havrais-avec-boufal-et-pembele\/#breadcrumb"},"inLanguage":"fr-FR","potentialAction":[{"@type":"ReadAction","target":["https:\/\/www.ladiagonale.net\/index.php\/2026\/01\/24\/le-groupe-havrais-avec-boufal-et-pembele\/"]}]},{"@type":"BreadcrumbList","@id":"https:\/\/www.ladiagonale.net\/index.php\/2026\/01\/24\/le-groupe-havrais-avec-boufal-et-pembele\/#breadcrumb","itemListElement":[{"@type":"ListItem","position":1,"name":"Accueil","item":"https:\/\/www.ladiagonale.net\/"},{"@type":"ListItem","position":2,"name":"Le groupe havrais : avec Boufal et Pemb\u00e9l\u00e9"}]},{"@type":"WebSite","@id":"https:\/\/www.ladiagonale.net\/#website","url":"https:\/\/www.ladiagonale.net\/","name":"La Diagonale","description":"Le site des supporters de l&#039;AS Monaco FC","potentialAction":[{"@type":"SearchAction","target":{"@type":"EntryPoint","urlTemplate":"https:\/\/www.ladiagonale.net\/?s={search_term_string}"},"query-input":"required name=search_term_string"}],"inLanguage":"fr-FR"},{"@type":"Person","@id":"https:\/\/www.ladiagonale.net\/#\/schema\/person\/79ff1e7b0853ed01b2aa26e64ad300bf","name":"Damien Dellerba","image":{"@type":"ImageObject","inLanguage":"fr-FR","@id":"https:\/\/www.ladiagonale.net\/#\/schema\/person\/image\/","url":"https:\/\/secure.gravatar.com\/avatar\/c7850e06d3ff63cdbaee88b7fc16e2f0?s=96&d=mm&r=g","contentUrl":"https:\/\/secure.gravatar.com\/avatar\/c7850e06d3ff63cdbaee88b7fc16e2f0?s=96&d=mm&r=g","caption":"Damien Dellerba"},"url":"https:\/\/www.ladiagonale.net\/index.php\/author\/damien\/"}]}},"_links":{"self":[{"href":"https:\/\/www.ladiagonale.net\/index.php\/wp-json\/wp\/v2\/posts\/36378"}],"collection":[{"href":"https:\/\/www.ladiagonale.net\/index.php\/wp-json\/wp\/v2\/posts"}],"about":[{"href":"https:\/\/www.ladiagonale.net\/index.php\/wp-json\/wp\/v2\/types\/post"}],"author":[{"embeddable":true,"href":"https:\/\/www.ladiagonale.net\/index.php\/wp-json\/wp\/v2\/users\/2"}],"replies":[{"embeddable":true,"href":"https:\/\/www.ladiagonale.net\/index.php\/wp-json\/wp\/v2\/comments?post=36378"}],"version-history":[{"count":1,"href":"https:\/\/www.ladiagonale.net\/index.php\/wp-json\/wp\/v2\/posts\/36378\/revisions"}],"predecessor-version":[{"id":36381,"href":"https:\/\/www.ladiagonale.net\/index.php\/wp-json\/wp\/v2\/posts\/36378\/revisions\/36381"}],"wp:attachment":[{"href":"https:\/\/www.ladiagonale.net\/index.php\/wp-json\/wp\/v2\/media?parent=36378"}],"wp:term":[{"taxonomy":"category","embeddable":true,"href":"https:\/\/www.ladiagonale.net\/index.php\/wp-json\/wp\/v2\/categories?post=36378"},{"taxonomy":"post_tag","embeddable":true,"href":"https:\/\/www.ladiagonale.net\/index.php\/wp-json\/wp\/v2\/tags?post=36378"}],"curies":[{"name":"wp","href":"https:\/\/api.w.org\/{rel}","templated":true}]}}