{"id":36383,"date":"2026-01-24T15:02:49","date_gmt":"2026-01-24T14:02:49","guid":{"rendered":"https:\/\/www.ladiagonale.net\/?p=36383"},"modified":"2026-01-24T16:02:43","modified_gmt":"2026-01-24T15:02:43","slug":"pocognoli-attend-un-electrochoc-mais-ne-voit-pas-un-vestiaire-qui-craque","status":"publish","type":"post","link":"https:\/\/www.ladiagonale.net\/index.php\/2026\/01\/24\/pocognoli-attend-un-electrochoc-mais-ne-voit-pas-un-vestiaire-qui-craque\/","title":{"rendered":"Pocognoli attend un \u00ab\u00a0\u00e9l\u00e9ctrochoc\u00a0\u00bb mais ne voit pas \u00ab\u00a0un vestiaire qui craque\u00a0\u00bb"},"content":{"rendered":"\n\n\n<p>L\u2019AS Monaco est bel et bien plong\u00e9e dans la crise. Apr\u00e8s la claque re\u00e7ue contre le Real Madrid, Dmitry Rybolovlev a eu une r\u00e9union mercredi avec les joueurs et mis la pression pour un r\u00e9sultat contre Le Havre, ce samedi. S\u00e9bastien Pocognoli fonde de grands espoirs sur celle-ci : \u00ab\u00a0<em>C\u2019\u00e9tait une r\u00e9union pour aller dans le bon sens dans tous les d\u00e9partements sportifs afin de prendre conscience de la situation, m\u00eame si on en a d\u00e9j\u00e0 conscience depuis plusieurs semaines. Elle doit servir d\u2019\u00e9lectrochoc. (\u2026) Celle-ci \u00e9tait principalement bas\u00e9e sur cette coh\u00e9sion et le fait d\u2019\u00eatre plus solidaire et positif. Il y avait en tout cas de la bienveillance pour stimuler tout le monde.<\/em>\u00a0\u00bb<\/p>\n\n\n\n<p>L\u2019entra\u00eeneur mon\u00e9gasque n\u2019a pas le sentiment de voir un groupe qui se fissure : \u00ab&nbsp;<em>\u00c0 l\u2019entra\u00eenement, on ne peut pas voir un groupe qui encha\u00eene les d\u00e9faites. C\u2019est un signal important parce que j\u2019ai connu des vestiaires qui craquent, ce n\u2019est pas le cas aujourd\u2019hui.<\/em>&nbsp;\u00bb La <a href=\"https:\/\/www.ladiagonale.net\/index.php\/2026\/01\/21\/pocognoli-par-rapport-a-mon-futur-je-suis-assez-serein\/\" target=\"_blank\" rel=\"noreferrer noopener\">conf\u00e9rence de presse<\/a> qui avait suivi le match contre Madrid avait laiss\u00e9 voir un Pocognoli tr\u00e8s s\u00fbr de lui, peut-\u00eatre m\u00eame un peu trop. Mais le Belge s\u2019est justifi\u00e9 :&nbsp;\u00ab&nbsp;<em>Je suis align\u00e9 sur mes convictions, et je le r\u00e9p\u00e8te, j\u2019aurais certainement fait beaucoup de choses de la m\u00eame mani\u00e8re. On ne m\u2019enl\u00e8vera pas ma confiance, ce c\u00f4t\u00e9 positif que j\u2019ai en moi et que j\u2019essaie de transmettre \u00e0 mes joueurs.&nbsp;<\/em>\u00bb<\/p>\n\n\n\n<blockquote class=\"wp-block-quote\"><p>\u00ab\u00a0<em>Toute ma carri\u00e8re est bas\u00e9e sur l\u2019esp\u00e9rance, le travail et le fait de rester positif<\/em>\u00a0\u00bb<\/p><cite>S\u00e9bastien Pocognoli<\/cite><\/blockquote>\n\n\n\n<p>L\u2019ancien technicien de l\u2019Union Saint-Gilloise a assur\u00e9 se remettre en question r\u00e9guli\u00e8rement : \u00ab\u00a0<em>J\u2019ai cette communication afin de continuer d\u2019avoir confiance, tout en \u00e9tant capable de r\u00e9soudre les probl\u00e8mes pr\u00e9sents, dont j\u2019ai totalement conscience. Je me remets d\u2019ailleurs en question apr\u00e8s chaque match et entra\u00eenement\u00a0<\/em>\u00bb Et dans le m\u00eame temps, il continue de penser que sa strat\u00e9gie \u00e0 Madrid \u00e9tait la bonne : \u00ab\u00a0<em>Mon analyse apr\u00e8s le match \u00e9tait vraiment \u00e0 t\u00eate repos\u00e9e. (\u2026) Apr\u00e8s la rencontre, j\u2019avais dit que je ne regrettais pas notre approche, c\u2019est de nouveau le cas aujourd\u2019hui parce qu\u2019on a pu jouer notre jeu en premi\u00e8re p\u00e9riode.<\/em>\u00a0\u00bb<\/p>\n\n\n\n<p>Forc\u00e9ment, l\u2019inexp\u00e9rience de Pocognoli sur un banc est limit\u00e9e et peut s&rsquo;av\u00e9rer \u00eatre un probl\u00e8me au summum de cette crise mon\u00e9gasque :&nbsp;\u00ab&nbsp;<em>Depuis que j\u2019ai d\u00e9but\u00e9 comme coach, il y a eu du bon et des moins bons moments dans chaque exp\u00e9rience. Il y a une seule chose qui a toujours fait que \u00e7a a bien tourn\u00e9 et qui a pu \u00eatre mal interpr\u00e9t\u00e9e, c\u2019est de garder la confiance et la positivit\u00e9. Il faut avoir cette approche pour faire tourner les choses, comme j\u2019avais fait \u00e0 l\u2019Union Saint-Gilloise. En interne, j\u2019avais pr\u00e9dit certaines choses pour lesquelles on m\u2019avait vu trop ambitieux puis celles-ci se sont r\u00e9alis\u00e9es. Toute ma carri\u00e8re est bas\u00e9e sur l\u2019esp\u00e9rance, le travail et le fait de rester positif.<\/em>&nbsp;\u00bb<\/p>\n","protected":false},"excerpt":{"rendered":"<p>L\u2019AS Monaco est bel et bien plong\u00e9e dans la crise. Apr\u00e8s la claque re\u00e7ue contre le Real Madrid, Dmitry Rybolovlev a eu une r\u00e9union mercredi avec les joueurs et mis la pression pour un r\u00e9sultat contre Le Havre, ce samedi. S\u00e9bastien Pocognoli fonde de grands espoirs sur celle-ci : \u00ab\u00a0C\u2019\u00e9tait une r\u00e9union pour aller dans [&#8230;]\n","protected":false},"author":2,"featured_media":0,"comment_status":"open","ping_status":"open","sticky":false,"template":"","format":"standard","meta":[],"categories":[6,1000],"tags":[86,712,94,1140],"yoast_head":"<!-- This site is optimized with the Yoast SEO plugin v19.8 - https:\/\/yoast.com\/wordpress\/plugins\/seo\/ -->\n<title>Pocognoli attend un \u00ab\u00a0\u00e9l\u00e9ctrochoc\u00a0\u00bb mais ne voit pas \u00ab\u00a0un vestiaire qui craque\u00a0\u00bb - La Diagonale<\/title>\n<meta name=\"robots\" content=\"index, follow, max-snippet:-1, max-image-preview:large, max-video-preview:-1\" \/>\n<link rel=\"canonical\" href=\"https:\/\/www.ladiagonale.net\/index.php\/2026\/01\/24\/pocognoli-attend-un-electrochoc-mais-ne-voit-pas-un-vestiaire-qui-craque\/\" \/>\n<meta property=\"og:locale\" content=\"fr_FR\" \/>\n<meta property=\"og:type\" content=\"article\" \/>\n<meta property=\"og:title\" content=\"Pocognoli attend un \u00ab\u00a0\u00e9l\u00e9ctrochoc\u00a0\u00bb mais ne voit pas \u00ab\u00a0un vestiaire qui craque\u00a0\u00bb - La Diagonale\" \/>\n<meta property=\"og:description\" content=\"L\u2019AS Monaco est bel et bien plong\u00e9e dans la crise. Apr\u00e8s la claque re\u00e7ue contre le Real Madrid, Dmitry Rybolovlev a eu une r\u00e9union mercredi avec les joueurs et mis la pression pour un r\u00e9sultat contre Le Havre, ce samedi. S\u00e9bastien Pocognoli fonde de grands espoirs sur celle-ci : \u00ab\u00a0C\u2019\u00e9tait une r\u00e9union pour aller dans [...]\" \/>\n<meta property=\"og:url\" content=\"https:\/\/www.ladiagonale.net\/index.php\/2026\/01\/24\/pocognoli-attend-un-electrochoc-mais-ne-voit-pas-un-vestiaire-qui-craque\/\" \/>\n<meta property=\"og:site_name\" content=\"La Diagonale\" \/>\n<meta property=\"article:published_time\" content=\"2026-01-24T14:02:49+00:00\" \/>\n<meta property=\"article:modified_time\" content=\"2026-01-24T15:02:43+00:00\" \/>\n<meta property=\"og:image\" content=\"https:\/\/www.ladiagonale.net\/wp-content\/uploads\/2025\/10\/Pocognol-Angers.png\" \/>\n\t<meta property=\"og:image:width\" content=\"1160\" \/>\n\t<meta property=\"og:image:height\" content=\"650\" \/>\n\t<meta property=\"og:image:type\" content=\"image\/png\" \/>\n<meta name=\"author\" content=\"Damien Dellerba\" \/>\n<meta name=\"twitter:card\" content=\"summary_large_image\" \/>\n<meta name=\"twitter:image\" content=\"https:\/\/www.ladiagonale.net\/wp-content\/uploads\/2025\/10\/Pocognol-Angers.png\" \/>\n<meta name=\"twitter:label1\" content=\"\u00c9crit par\" \/>\n\t<meta name=\"twitter:data1\" content=\"Damien Dellerba\" \/>\n\t<meta name=\"twitter:label2\" content=\"Dur\u00e9e de lecture estim\u00e9e\" \/>\n\t<meta name=\"twitter:data2\" content=\"3 minutes\" \/>\n<script type=\"application\/ld+json\" class=\"yoast-schema-graph\">{\"@context\":\"https:\/\/schema.org\",\"@graph\":[{\"@type\":\"WebPage\",\"@id\":\"https:\/\/www.ladiagonale.net\/index.php\/2026\/01\/24\/pocognoli-attend-un-electrochoc-mais-ne-voit-pas-un-vestiaire-qui-craque\/\",\"url\":\"https:\/\/www.ladiagonale.net\/index.php\/2026\/01\/24\/pocognoli-attend-un-electrochoc-mais-ne-voit-pas-un-vestiaire-qui-craque\/\",\"name\":\"Pocognoli attend un \u00ab\u00a0\u00e9l\u00e9ctrochoc\u00a0\u00bb mais ne voit pas \u00ab\u00a0un vestiaire qui craque\u00a0\u00bb - La Diagonale\",\"isPartOf\":{\"@id\":\"https:\/\/www.ladiagonale.net\/#website\"},\"datePublished\":\"2026-01-24T14:02:49+00:00\",\"dateModified\":\"2026-01-24T15:02:43+00:00\",\"author\":{\"@id\":\"https:\/\/www.ladiagonale.net\/#\/schema\/person\/79ff1e7b0853ed01b2aa26e64ad300bf\"},\"breadcrumb\":{\"@id\":\"https:\/\/www.ladiagonale.net\/index.php\/2026\/01\/24\/pocognoli-attend-un-electrochoc-mais-ne-voit-pas-un-vestiaire-qui-craque\/#breadcrumb\"},\"inLanguage\":\"fr-FR\",\"potentialAction\":[{\"@type\":\"ReadAction\",\"target\":[\"https:\/\/www.ladiagonale.net\/index.php\/2026\/01\/24\/pocognoli-attend-un-electrochoc-mais-ne-voit-pas-un-vestiaire-qui-craque\/\"]}]},{\"@type\":\"BreadcrumbList\",\"@id\":\"https:\/\/www.ladiagonale.net\/index.php\/2026\/01\/24\/pocognoli-attend-un-electrochoc-mais-ne-voit-pas-un-vestiaire-qui-craque\/#breadcrumb\",\"itemListElement\":[{\"@type\":\"ListItem\",\"position\":1,\"name\":\"Accueil\",\"item\":\"https:\/\/www.ladiagonale.net\/\"},{\"@type\":\"ListItem\",\"position\":2,\"name\":\"Pocognoli attend un \u00ab\u00a0\u00e9l\u00e9ctrochoc\u00a0\u00bb mais ne voit pas \u00ab\u00a0un vestiaire qui craque\u00a0\u00bb\"}]},{\"@type\":\"WebSite\",\"@id\":\"https:\/\/www.ladiagonale.net\/#website\",\"url\":\"https:\/\/www.ladiagonale.net\/\",\"name\":\"La Diagonale\",\"description\":\"Le site des supporters de l&#039;AS Monaco FC\",\"potentialAction\":[{\"@type\":\"SearchAction\",\"target\":{\"@type\":\"EntryPoint\",\"urlTemplate\":\"https:\/\/www.ladiagonale.net\/?s={search_term_string}\"},\"query-input\":\"required name=search_term_string\"}],\"inLanguage\":\"fr-FR\"},{\"@type\":\"Person\",\"@id\":\"https:\/\/www.ladiagonale.net\/#\/schema\/person\/79ff1e7b0853ed01b2aa26e64ad300bf\",\"name\":\"Damien Dellerba\",\"image\":{\"@type\":\"ImageObject\",\"inLanguage\":\"fr-FR\",\"@id\":\"https:\/\/www.ladiagonale.net\/#\/schema\/person\/image\/\",\"url\":\"https:\/\/secure.gravatar.com\/avatar\/c7850e06d3ff63cdbaee88b7fc16e2f0?s=96&d=mm&r=g\",\"contentUrl\":\"https:\/\/secure.gravatar.com\/avatar\/c7850e06d3ff63cdbaee88b7fc16e2f0?s=96&d=mm&r=g\",\"caption\":\"Damien Dellerba\"},\"url\":\"https:\/\/www.ladiagonale.net\/index.php\/author\/damien\/\"}]}<\/script>\n<!-- \/ Yoast SEO plugin. -->","yoast_head_json":{"title":"Pocognoli attend un \u00ab\u00a0\u00e9l\u00e9ctrochoc\u00a0\u00bb mais ne voit pas \u00ab\u00a0un vestiaire qui craque\u00a0\u00bb - La Diagonale","robots":{"index":"index","follow":"follow","max-snippet":"max-snippet:-1","max-image-preview":"max-image-preview:large","max-video-preview":"max-video-preview:-1"},"canonical":"https:\/\/www.ladiagonale.net\/index.php\/2026\/01\/24\/pocognoli-attend-un-electrochoc-mais-ne-voit-pas-un-vestiaire-qui-craque\/","og_locale":"fr_FR","og_type":"article","og_title":"Pocognoli attend un \u00ab\u00a0\u00e9l\u00e9ctrochoc\u00a0\u00bb mais ne voit pas \u00ab\u00a0un vestiaire qui craque\u00a0\u00bb - La Diagonale","og_description":"L\u2019AS Monaco est bel et bien plong\u00e9e dans la crise. Apr\u00e8s la claque re\u00e7ue contre le Real Madrid, Dmitry Rybolovlev a eu une r\u00e9union mercredi avec les joueurs et mis la pression pour un r\u00e9sultat contre Le Havre, ce samedi. S\u00e9bastien Pocognoli fonde de grands espoirs sur celle-ci : \u00ab\u00a0C\u2019\u00e9tait une r\u00e9union pour aller dans [...]","og_url":"https:\/\/www.ladiagonale.net\/index.php\/2026\/01\/24\/pocognoli-attend-un-electrochoc-mais-ne-voit-pas-un-vestiaire-qui-craque\/","og_site_name":"La Diagonale","article_published_time":"2026-01-24T14:02:49+00:00","article_modified_time":"2026-01-24T15:02:43+00:00","og_image":[{"width":1160,"height":650,"url":"https:\/\/www.ladiagonale.net\/wp-content\/uploads\/2025\/10\/Pocognol-Angers.png","type":"image\/png"}],"author":"Damien Dellerba","twitter_card":"summary_large_image","twitter_image":"https:\/\/www.ladiagonale.net\/wp-content\/uploads\/2025\/10\/Pocognol-Angers.png","twitter_misc":{"\u00c9crit par":"Damien Dellerba","Dur\u00e9e de lecture estim\u00e9e":"3 minutes"},"schema":{"@context":"https:\/\/schema.org","@graph":[{"@type":"WebPage","@id":"https:\/\/www.ladiagonale.net\/index.php\/2026\/01\/24\/pocognoli-attend-un-electrochoc-mais-ne-voit-pas-un-vestiaire-qui-craque\/","url":"https:\/\/www.ladiagonale.net\/index.php\/2026\/01\/24\/pocognoli-attend-un-electrochoc-mais-ne-voit-pas-un-vestiaire-qui-craque\/","name":"Pocognoli attend un \u00ab\u00a0\u00e9l\u00e9ctrochoc\u00a0\u00bb mais ne voit pas \u00ab\u00a0un vestiaire qui craque\u00a0\u00bb - La Diagonale","isPartOf":{"@id":"https:\/\/www.ladiagonale.net\/#website"},"datePublished":"2026-01-24T14:02:49+00:00","dateModified":"2026-01-24T15:02:43+00:00","author":{"@id":"https:\/\/www.ladiagonale.net\/#\/schema\/person\/79ff1e7b0853ed01b2aa26e64ad300bf"},"breadcrumb":{"@id":"https:\/\/www.ladiagonale.net\/index.php\/2026\/01\/24\/pocognoli-attend-un-electrochoc-mais-ne-voit-pas-un-vestiaire-qui-craque\/#breadcrumb"},"inLanguage":"fr-FR","potentialAction":[{"@type":"ReadAction","target":["https:\/\/www.ladiagonale.net\/index.php\/2026\/01\/24\/pocognoli-attend-un-electrochoc-mais-ne-voit-pas-un-vestiaire-qui-craque\/"]}]},{"@type":"BreadcrumbList","@id":"https:\/\/www.ladiagonale.net\/index.php\/2026\/01\/24\/pocognoli-attend-un-electrochoc-mais-ne-voit-pas-un-vestiaire-qui-craque\/#breadcrumb","itemListElement":[{"@type":"ListItem","position":1,"name":"Accueil","item":"https:\/\/www.ladiagonale.net\/"},{"@type":"ListItem","position":2,"name":"Pocognoli attend un \u00ab\u00a0\u00e9l\u00e9ctrochoc\u00a0\u00bb mais ne voit pas \u00ab\u00a0un vestiaire qui craque\u00a0\u00bb"}]},{"@type":"WebSite","@id":"https:\/\/www.ladiagonale.net\/#website","url":"https:\/\/www.ladiagonale.net\/","name":"La Diagonale","description":"Le site des supporters de l&#039;AS Monaco FC","potentialAction":[{"@type":"SearchAction","target":{"@type":"EntryPoint","urlTemplate":"https:\/\/www.ladiagonale.net\/?s={search_term_string}"},"query-input":"required name=search_term_string"}],"inLanguage":"fr-FR"},{"@type":"Person","@id":"https:\/\/www.ladiagonale.net\/#\/schema\/person\/79ff1e7b0853ed01b2aa26e64ad300bf","name":"Damien Dellerba","image":{"@type":"ImageObject","inLanguage":"fr-FR","@id":"https:\/\/www.ladiagonale.net\/#\/schema\/person\/image\/","url":"https:\/\/secure.gravatar.com\/avatar\/c7850e06d3ff63cdbaee88b7fc16e2f0?s=96&d=mm&r=g","contentUrl":"https:\/\/secure.gravatar.com\/avatar\/c7850e06d3ff63cdbaee88b7fc16e2f0?s=96&d=mm&r=g","caption":"Damien Dellerba"},"url":"https:\/\/www.ladiagonale.net\/index.php\/author\/damien\/"}]}},"_links":{"self":[{"href":"https:\/\/www.ladiagonale.net\/index.php\/wp-json\/wp\/v2\/posts\/36383"}],"collection":[{"href":"https:\/\/www.ladiagonale.net\/index.php\/wp-json\/wp\/v2\/posts"}],"about":[{"href":"https:\/\/www.ladiagonale.net\/index.php\/wp-json\/wp\/v2\/types\/post"}],"author":[{"embeddable":true,"href":"https:\/\/www.ladiagonale.net\/index.php\/wp-json\/wp\/v2\/users\/2"}],"replies":[{"embeddable":true,"href":"https:\/\/www.ladiagonale.net\/index.php\/wp-json\/wp\/v2\/comments?post=36383"}],"version-history":[{"count":3,"href":"https:\/\/www.ladiagonale.net\/index.php\/wp-json\/wp\/v2\/posts\/36383\/revisions"}],"predecessor-version":[{"id":36387,"href":"https:\/\/www.ladiagonale.net\/index.php\/wp-json\/wp\/v2\/posts\/36383\/revisions\/36387"}],"wp:attachment":[{"href":"https:\/\/www.ladiagonale.net\/index.php\/wp-json\/wp\/v2\/media?parent=36383"}],"wp:term":[{"taxonomy":"category","embeddable":true,"href":"https:\/\/www.ladiagonale.net\/index.php\/wp-json\/wp\/v2\/categories?post=36383"},{"taxonomy":"post_tag","embeddable":true,"href":"https:\/\/www.ladiagonale.net\/index.php\/wp-json\/wp\/v2\/tags?post=36383"}],"curies":[{"name":"wp","href":"https:\/\/api.w.org\/{rel}","templated":true}]}}