{"id":36388,"date":"2026-01-24T16:05:12","date_gmt":"2026-01-24T15:05:12","guid":{"rendered":"https:\/\/www.ladiagonale.net\/?p=36388"},"modified":"2026-01-24T16:05:12","modified_gmt":"2026-01-24T15:05:12","slug":"digard-salue-un-pocognoli-tres-combatif-apres-madrid","status":"publish","type":"post","link":"https:\/\/www.ladiagonale.net\/index.php\/2026\/01\/24\/digard-salue-un-pocognoli-tres-combatif-apres-madrid\/","title":{"rendered":"Digard salue un Pocognoli \u00ab&nbsp;tr\u00e8s combatif&nbsp;\u00bb apr\u00e8s Madrid"},"content":{"rendered":"\n<p>L\u2019attitude et les propos de l\u2019entra\u00eeneur de l\u2019AS Monaco S\u00e9bastien Pocognoli apr\u00e8s Madrid ont pu interpeller. Mais un son de cloche diff\u00e9rent est venu de son homologue havrais, Didier Digard : \u00ab\u00a0<em>L\u2019entra\u00eeneur a eu une observation assez juste de la rencontre. Il peut avoir de regrets sur des choses qui ont \u00e9t\u00e9 faites en premi\u00e8re p\u00e9riode, ils ont eu quelques situations qui auraient pu donner un score diff\u00e9rent. Pour avoir jou\u00e9 au Bernabeu, le terrain est grand, et quand tu commences \u00e0 \u00eatre men\u00e9 et que tu n\u2019es pas dans la meilleure p\u00e9riode de ta saison, le match peut devenir long.<\/em>\u00a0\u00bb<\/p>\n\n\n\n<p>Digard a salu\u00e9 l\u2019attitude du technicien mon\u00e9gasque, qui ne s\u2019est pas d\u00e9mont\u00e9 et a assum\u00e9 son approche : \u00ab\u00a0<em>Il y a une grosse diff\u00e9rence entre ce qu\u2019ils font actuellement et ce qu\u2019ils sont capables de faire. L\u00e0 o\u00f9 il ne faut pas se tromper, c\u2019est qu\u2019ils ont eu beaucoup d\u2019absents qui commencent \u00e0 revenir et des suspendus qui reviennent aussi. \u00c7a reste une \u00e9quipe de Ligue des champions taill\u00e9e pour le haut du tableau. Apr\u00e8s le match contre Madrid, j\u2019ai aussi vu un coach tr\u00e8s combatif qui avait envie de faire face.<\/em>\u00a0\u00bb<\/p>\n\n\n\n<p>Si le manque de motivation de l\u2019ASM dans certains matches a d\u00e9j\u00e0 \u00e9t\u00e9 point\u00e9 du doigt, Digard ne pense pas que les Mon\u00e9gasques choisissent leurs rencontres : \u00ab\u00a0<em>La p\u00e9riode est un peu d\u00e9licate pour eux, ils ne peuvent pas se permettre de choisir leurs matches. Surtout que Monaco est, et doit \u00eatre, un club de Coupe d\u2019Europe, donc ils ne peuvent pas se permettre de rester \u00e0 cette place au classement et \u00e7a passe par des bons r\u00e9sultats en Championnat. Ils vont devoir prendre des points pour y retourner, parce que c\u2019est la place de Monaco.<\/em>\u00a0\u00bb<\/p>\n\n\n","protected":false},"excerpt":{"rendered":"<p>L\u2019attitude et les propos de l\u2019entra\u00eeneur de l\u2019AS Monaco S\u00e9bastien Pocognoli apr\u00e8s Madrid ont pu interpeller. Mais un son de cloche diff\u00e9rent est venu de son homologue havrais, Didier Digard : \u00ab\u00a0L\u2019entra\u00eeneur a eu une observation assez juste de la rencontre. Il peut avoir de regrets sur des choses qui ont \u00e9t\u00e9 faites en premi\u00e8re [&#8230;]\n","protected":false},"author":2,"featured_media":0,"comment_status":"open","ping_status":"open","sticky":false,"template":"","format":"standard","meta":[],"categories":[6,1000],"tags":[86,426,712,94],"yoast_head":"<!-- This site is optimized with the Yoast SEO plugin v19.8 - https:\/\/yoast.com\/wordpress\/plugins\/seo\/ -->\n<title>Digard salue un Pocognoli \u00ab&nbsp;tr\u00e8s combatif&nbsp;\u00bb apr\u00e8s Madrid - La Diagonale<\/title>\n<meta name=\"robots\" content=\"index, follow, max-snippet:-1, max-image-preview:large, max-video-preview:-1\" \/>\n<link rel=\"canonical\" href=\"https:\/\/www.ladiagonale.net\/index.php\/2026\/01\/24\/digard-salue-un-pocognoli-tres-combatif-apres-madrid\/\" \/>\n<meta property=\"og:locale\" content=\"fr_FR\" \/>\n<meta property=\"og:type\" content=\"article\" \/>\n<meta property=\"og:title\" content=\"Digard salue un Pocognoli \u00ab&nbsp;tr\u00e8s combatif&nbsp;\u00bb apr\u00e8s Madrid - La Diagonale\" \/>\n<meta property=\"og:description\" content=\"L\u2019attitude et les propos de l\u2019entra\u00eeneur de l\u2019AS Monaco S\u00e9bastien Pocognoli apr\u00e8s Madrid ont pu interpeller. Mais un son de cloche diff\u00e9rent est venu de son homologue havrais, Didier Digard : \u00ab\u00a0L\u2019entra\u00eeneur a eu une observation assez juste de la rencontre. Il peut avoir de regrets sur des choses qui ont \u00e9t\u00e9 faites en premi\u00e8re [...]\" \/>\n<meta property=\"og:url\" content=\"https:\/\/www.ladiagonale.net\/index.php\/2026\/01\/24\/digard-salue-un-pocognoli-tres-combatif-apres-madrid\/\" \/>\n<meta property=\"og:site_name\" content=\"La Diagonale\" \/>\n<meta property=\"article:published_time\" content=\"2026-01-24T15:05:12+00:00\" \/>\n<meta property=\"og:image\" content=\"https:\/\/www.ladiagonale.net\/wp-content\/uploads\/2023\/02\/digard.png\" \/>\n\t<meta property=\"og:image:width\" content=\"1160\" \/>\n\t<meta property=\"og:image:height\" content=\"650\" \/>\n\t<meta property=\"og:image:type\" content=\"image\/png\" \/>\n<meta name=\"author\" content=\"Damien Dellerba\" \/>\n<meta name=\"twitter:card\" content=\"summary_large_image\" \/>\n<meta name=\"twitter:image\" content=\"https:\/\/www.ladiagonale.net\/wp-content\/uploads\/2023\/02\/digard.png\" \/>\n<meta name=\"twitter:label1\" content=\"\u00c9crit par\" \/>\n\t<meta name=\"twitter:data1\" content=\"Damien Dellerba\" \/>\n\t<meta name=\"twitter:label2\" content=\"Dur\u00e9e de lecture estim\u00e9e\" \/>\n\t<meta name=\"twitter:data2\" content=\"2 minutes\" \/>\n<script type=\"application\/ld+json\" class=\"yoast-schema-graph\">{\"@context\":\"https:\/\/schema.org\",\"@graph\":[{\"@type\":\"WebPage\",\"@id\":\"https:\/\/www.ladiagonale.net\/index.php\/2026\/01\/24\/digard-salue-un-pocognoli-tres-combatif-apres-madrid\/\",\"url\":\"https:\/\/www.ladiagonale.net\/index.php\/2026\/01\/24\/digard-salue-un-pocognoli-tres-combatif-apres-madrid\/\",\"name\":\"Digard salue un Pocognoli \u00ab&nbsp;tr\u00e8s combatif&nbsp;\u00bb apr\u00e8s Madrid - La Diagonale\",\"isPartOf\":{\"@id\":\"https:\/\/www.ladiagonale.net\/#website\"},\"datePublished\":\"2026-01-24T15:05:12+00:00\",\"dateModified\":\"2026-01-24T15:05:12+00:00\",\"author\":{\"@id\":\"https:\/\/www.ladiagonale.net\/#\/schema\/person\/79ff1e7b0853ed01b2aa26e64ad300bf\"},\"breadcrumb\":{\"@id\":\"https:\/\/www.ladiagonale.net\/index.php\/2026\/01\/24\/digard-salue-un-pocognoli-tres-combatif-apres-madrid\/#breadcrumb\"},\"inLanguage\":\"fr-FR\",\"potentialAction\":[{\"@type\":\"ReadAction\",\"target\":[\"https:\/\/www.ladiagonale.net\/index.php\/2026\/01\/24\/digard-salue-un-pocognoli-tres-combatif-apres-madrid\/\"]}]},{\"@type\":\"BreadcrumbList\",\"@id\":\"https:\/\/www.ladiagonale.net\/index.php\/2026\/01\/24\/digard-salue-un-pocognoli-tres-combatif-apres-madrid\/#breadcrumb\",\"itemListElement\":[{\"@type\":\"ListItem\",\"position\":1,\"name\":\"Accueil\",\"item\":\"https:\/\/www.ladiagonale.net\/\"},{\"@type\":\"ListItem\",\"position\":2,\"name\":\"Digard salue un Pocognoli \u00ab&nbsp;tr\u00e8s combatif&nbsp;\u00bb apr\u00e8s Madrid\"}]},{\"@type\":\"WebSite\",\"@id\":\"https:\/\/www.ladiagonale.net\/#website\",\"url\":\"https:\/\/www.ladiagonale.net\/\",\"name\":\"La Diagonale\",\"description\":\"Le site des supporters de l&#039;AS Monaco FC\",\"potentialAction\":[{\"@type\":\"SearchAction\",\"target\":{\"@type\":\"EntryPoint\",\"urlTemplate\":\"https:\/\/www.ladiagonale.net\/?s={search_term_string}\"},\"query-input\":\"required name=search_term_string\"}],\"inLanguage\":\"fr-FR\"},{\"@type\":\"Person\",\"@id\":\"https:\/\/www.ladiagonale.net\/#\/schema\/person\/79ff1e7b0853ed01b2aa26e64ad300bf\",\"name\":\"Damien Dellerba\",\"image\":{\"@type\":\"ImageObject\",\"inLanguage\":\"fr-FR\",\"@id\":\"https:\/\/www.ladiagonale.net\/#\/schema\/person\/image\/\",\"url\":\"https:\/\/secure.gravatar.com\/avatar\/c7850e06d3ff63cdbaee88b7fc16e2f0?s=96&d=mm&r=g\",\"contentUrl\":\"https:\/\/secure.gravatar.com\/avatar\/c7850e06d3ff63cdbaee88b7fc16e2f0?s=96&d=mm&r=g\",\"caption\":\"Damien Dellerba\"},\"url\":\"https:\/\/www.ladiagonale.net\/index.php\/author\/damien\/\"}]}<\/script>\n<!-- \/ Yoast SEO plugin. -->","yoast_head_json":{"title":"Digard salue un Pocognoli \u00ab&nbsp;tr\u00e8s combatif&nbsp;\u00bb apr\u00e8s Madrid - La Diagonale","robots":{"index":"index","follow":"follow","max-snippet":"max-snippet:-1","max-image-preview":"max-image-preview:large","max-video-preview":"max-video-preview:-1"},"canonical":"https:\/\/www.ladiagonale.net\/index.php\/2026\/01\/24\/digard-salue-un-pocognoli-tres-combatif-apres-madrid\/","og_locale":"fr_FR","og_type":"article","og_title":"Digard salue un Pocognoli \u00ab&nbsp;tr\u00e8s combatif&nbsp;\u00bb apr\u00e8s Madrid - La Diagonale","og_description":"L\u2019attitude et les propos de l\u2019entra\u00eeneur de l\u2019AS Monaco S\u00e9bastien Pocognoli apr\u00e8s Madrid ont pu interpeller. Mais un son de cloche diff\u00e9rent est venu de son homologue havrais, Didier Digard : \u00ab\u00a0L\u2019entra\u00eeneur a eu une observation assez juste de la rencontre. Il peut avoir de regrets sur des choses qui ont \u00e9t\u00e9 faites en premi\u00e8re [...]","og_url":"https:\/\/www.ladiagonale.net\/index.php\/2026\/01\/24\/digard-salue-un-pocognoli-tres-combatif-apres-madrid\/","og_site_name":"La Diagonale","article_published_time":"2026-01-24T15:05:12+00:00","og_image":[{"width":1160,"height":650,"url":"https:\/\/www.ladiagonale.net\/wp-content\/uploads\/2023\/02\/digard.png","type":"image\/png"}],"author":"Damien Dellerba","twitter_card":"summary_large_image","twitter_image":"https:\/\/www.ladiagonale.net\/wp-content\/uploads\/2023\/02\/digard.png","twitter_misc":{"\u00c9crit par":"Damien Dellerba","Dur\u00e9e de lecture estim\u00e9e":"2 minutes"},"schema":{"@context":"https:\/\/schema.org","@graph":[{"@type":"WebPage","@id":"https:\/\/www.ladiagonale.net\/index.php\/2026\/01\/24\/digard-salue-un-pocognoli-tres-combatif-apres-madrid\/","url":"https:\/\/www.ladiagonale.net\/index.php\/2026\/01\/24\/digard-salue-un-pocognoli-tres-combatif-apres-madrid\/","name":"Digard salue un Pocognoli \u00ab&nbsp;tr\u00e8s combatif&nbsp;\u00bb apr\u00e8s Madrid - La Diagonale","isPartOf":{"@id":"https:\/\/www.ladiagonale.net\/#website"},"datePublished":"2026-01-24T15:05:12+00:00","dateModified":"2026-01-24T15:05:12+00:00","author":{"@id":"https:\/\/www.ladiagonale.net\/#\/schema\/person\/79ff1e7b0853ed01b2aa26e64ad300bf"},"breadcrumb":{"@id":"https:\/\/www.ladiagonale.net\/index.php\/2026\/01\/24\/digard-salue-un-pocognoli-tres-combatif-apres-madrid\/#breadcrumb"},"inLanguage":"fr-FR","potentialAction":[{"@type":"ReadAction","target":["https:\/\/www.ladiagonale.net\/index.php\/2026\/01\/24\/digard-salue-un-pocognoli-tres-combatif-apres-madrid\/"]}]},{"@type":"BreadcrumbList","@id":"https:\/\/www.ladiagonale.net\/index.php\/2026\/01\/24\/digard-salue-un-pocognoli-tres-combatif-apres-madrid\/#breadcrumb","itemListElement":[{"@type":"ListItem","position":1,"name":"Accueil","item":"https:\/\/www.ladiagonale.net\/"},{"@type":"ListItem","position":2,"name":"Digard salue un Pocognoli \u00ab&nbsp;tr\u00e8s combatif&nbsp;\u00bb apr\u00e8s Madrid"}]},{"@type":"WebSite","@id":"https:\/\/www.ladiagonale.net\/#website","url":"https:\/\/www.ladiagonale.net\/","name":"La Diagonale","description":"Le site des supporters de l&#039;AS Monaco FC","potentialAction":[{"@type":"SearchAction","target":{"@type":"EntryPoint","urlTemplate":"https:\/\/www.ladiagonale.net\/?s={search_term_string}"},"query-input":"required name=search_term_string"}],"inLanguage":"fr-FR"},{"@type":"Person","@id":"https:\/\/www.ladiagonale.net\/#\/schema\/person\/79ff1e7b0853ed01b2aa26e64ad300bf","name":"Damien Dellerba","image":{"@type":"ImageObject","inLanguage":"fr-FR","@id":"https:\/\/www.ladiagonale.net\/#\/schema\/person\/image\/","url":"https:\/\/secure.gravatar.com\/avatar\/c7850e06d3ff63cdbaee88b7fc16e2f0?s=96&d=mm&r=g","contentUrl":"https:\/\/secure.gravatar.com\/avatar\/c7850e06d3ff63cdbaee88b7fc16e2f0?s=96&d=mm&r=g","caption":"Damien Dellerba"},"url":"https:\/\/www.ladiagonale.net\/index.php\/author\/damien\/"}]}},"_links":{"self":[{"href":"https:\/\/www.ladiagonale.net\/index.php\/wp-json\/wp\/v2\/posts\/36388"}],"collection":[{"href":"https:\/\/www.ladiagonale.net\/index.php\/wp-json\/wp\/v2\/posts"}],"about":[{"href":"https:\/\/www.ladiagonale.net\/index.php\/wp-json\/wp\/v2\/types\/post"}],"author":[{"embeddable":true,"href":"https:\/\/www.ladiagonale.net\/index.php\/wp-json\/wp\/v2\/users\/2"}],"replies":[{"embeddable":true,"href":"https:\/\/www.ladiagonale.net\/index.php\/wp-json\/wp\/v2\/comments?post=36388"}],"version-history":[{"count":1,"href":"https:\/\/www.ladiagonale.net\/index.php\/wp-json\/wp\/v2\/posts\/36388\/revisions"}],"predecessor-version":[{"id":36389,"href":"https:\/\/www.ladiagonale.net\/index.php\/wp-json\/wp\/v2\/posts\/36388\/revisions\/36389"}],"wp:attachment":[{"href":"https:\/\/www.ladiagonale.net\/index.php\/wp-json\/wp\/v2\/media?parent=36388"}],"wp:term":[{"taxonomy":"category","embeddable":true,"href":"https:\/\/www.ladiagonale.net\/index.php\/wp-json\/wp\/v2\/categories?post=36388"},{"taxonomy":"post_tag","embeddable":true,"href":"https:\/\/www.ladiagonale.net\/index.php\/wp-json\/wp\/v2\/tags?post=36388"}],"curies":[{"name":"wp","href":"https:\/\/api.w.org\/{rel}","templated":true}]}}