{"id":36423,"date":"2026-01-25T00:32:21","date_gmt":"2026-01-24T23:32:21","guid":{"rendered":"https:\/\/www.ladiagonale.net\/?p=36423"},"modified":"2026-01-25T00:32:22","modified_gmt":"2026-01-24T23:32:22","slug":"pocognoli-lequipe-avait-envie-de-se-battre-sur-90-minutes","status":"publish","type":"post","link":"https:\/\/www.ladiagonale.net\/index.php\/2026\/01\/25\/pocognoli-lequipe-avait-envie-de-se-battre-sur-90-minutes\/","title":{"rendered":"Pocognoli : \u00ab\u00a0L\u2019\u00e9quipe avait envie de se battre sur 90 minutes\u00a0\u00bb"},"content":{"rendered":"\n\n\n<p>Une r\u00e9action \u00e9tait attendue du c\u00f4t\u00e9 de l\u2019AS Monaco apr\u00e8s la lourde d\u00e9faite contre le Real Madrid conc\u00e9d\u00e9e cinq jours plus t\u00f4t. Si S\u00e9bastien Pocognoli n\u2019a sans doute pas vu l\u2019\u00e9lectrochoc esp\u00e9r\u00e9, il s\u2019est montr\u00e9 satisfait de l\u2019investissement de ses joueurs : \u00ab\u00a0<em>Par rapport \u00e0 la situation actuelle, je pense qu\u2019on a vu des fondamentaux qui \u00e9taient bien pr\u00e9sents comme l\u2019\u00e9tat d\u2019esprit. Il y avait une \u00e9quipe qui avait envie de se battre, pas seulement sur 20 minutes mais sur 90, et qui a pouss\u00e9 pour aller chercher un r\u00e9sultat. Nous avons gard\u00e9 le clean sheet donc on se rassure un petit peu sur cet aspect-l\u00e0, et c\u2019est positif.<\/em>\u00a0\u00bb<\/p>\n\n\n\n<p>Maintenant, le Belge a conscience qu\u2019il est n\u00e9cessaire de faire mieux \u00e0 la t\u00eate de l\u2019ASM : \u00ab\u00a0<em>Nous sommes l\u2019AS Monaco, donc il faut esp\u00e9rer plus mais je suis aussi assez r\u00e9aliste par rapport \u00e0 la situation actuelle. Le groupe avait aussi besoin de stabilit\u00e9, de se rassurer sur des fondamentaux : l\u2019esprit d\u2019\u00e9quipe, se battre sur chaque ballon, d\u00e9fendre. Ce sont des points qui doivent \u00eatre pr\u00e9sents \u00e0 chaque match et ce n\u2019\u00e9tait pas toujours le cas sur les deux ou trois derni\u00e8res rencontres. Il y a une bonne rigueur \u00e0 l\u2019entra\u00eenement mais il faut le traduire sur le terrain.<\/em>\u00a0\u00bb<\/p>\n\n\n\n<blockquote class=\"wp-block-quote\"><p>\u00ab\u00a0Je suis dans le football depuis assez longtemps pour savoir que les r\u00e9sultats dictent pas mal de choses\u00a0\u00bb<\/p><cite>S\u00e9bastien Pocognoli, \u00e0 propos de <\/cite><\/blockquote>\n\n\n\n<p>Et notamment d\u2019\u00eatre meilleurs dans la production offensive : \u00ab\u00a0<em>Malheureusement, nous n\u2019avons pas \u00e9t\u00e9 assez pr\u00e9sents dans la surface adverse, c\u2019est un peu d\u00e9cevant parce qu\u2019il y avait certaines situations o\u00f9 on aurait pu \u00eatre plus cliniques mais je retiens le positif. (\u2026) Ce que je retiens, c\u2019est qu\u2019il nous a manqu\u00e9 un peu de qualit\u00e9 dans la surface adverse. Ce sera la prochaine \u00e9tape, mais \u00e7a reviendra avec la confiance.<\/em>\u00a0\u00bb<\/p>\n\n\n\n<p>Il faut maintenant se projeter sur le Ligue des champions et la r\u00e9ception de la Juventus : \u00ab\u00a0<em>Nous devons rester soud\u00e9s pour le moment. C\u2019\u00e9tait le mot d\u2019ordre et \u00e7a a \u00e9t\u00e9 confirm\u00e9 par mon ressenti et c\u2019est important que les joueurs aient le m\u00eame. On doit se servir de \u00e7a pour aborder le match face \u00e0 la Juventus avec le meilleur \u00e9tat d\u2019esprit possible. (\u2026) Je suis dans le football depuis assez longtemps pour savoir que les r\u00e9sultats dictent pas mal de choses mais la mani\u00e8re \u00e9tait positive et l\u2019\u00e9tat d\u2019esprit aussi. J\u2019essaie de faire le maximum pour le club et les joueurs \u00e9galement.<\/em>\u00a0\u00bb<\/p>\n\n\n\n<p>En toile de fond de cette s\u00e9quence douloureuse, c&rsquo;est peut-\u00eatre l&rsquo;avenir de Pocognoli qui se joue : \u00ab\u00a0<em>Je ne vais\u00a0pas me plaindre.\u00a0Je ne me pose pas la question de savoir si je joue mon avenir sur ce match<\/em>, a-t-il r\u00e9pondu.<em> Je me concentre sur le pr\u00e9sent sans penser \u00e0 l&rsquo;apr\u00e8s.\u00a0Un ultimatum de mes dirigeants ? On est dans un grand club et c&rsquo;est normal qu&rsquo;il y ait une pression. Pour moi, elle permet de se surpasser. Je ne me mets pas de pression n\u00e9gative dans la t\u00eate. J&rsquo;essaie de faire le maximum. <\/em>\u00bb<\/p>\n\n\n\n<p class=\"has-text-align-right has-small-font-size\">Source : <em>AS Monaco<\/em> et <em>Nice-Matin<\/em><\/p>\n","protected":false},"excerpt":{"rendered":"<p>Une r\u00e9action \u00e9tait attendue du c\u00f4t\u00e9 de l\u2019AS Monaco apr\u00e8s la lourde d\u00e9faite contre le Real Madrid conc\u00e9d\u00e9e cinq jours plus t\u00f4t. Si S\u00e9bastien Pocognoli n\u2019a sans doute pas vu l\u2019\u00e9lectrochoc esp\u00e9r\u00e9, il s\u2019est montr\u00e9 satisfait de l\u2019investissement de ses joueurs : \u00ab\u00a0Par rapport \u00e0 la situation actuelle, je pense qu\u2019on a vu des fondamentaux [&#8230;]\n","protected":false},"author":2,"featured_media":0,"comment_status":"open","ping_status":"open","sticky":false,"template":"","format":"standard","meta":[],"categories":[6,1000],"tags":[86,712,94,1140],"yoast_head":"<!-- This site is optimized with the Yoast SEO plugin v19.8 - https:\/\/yoast.com\/wordpress\/plugins\/seo\/ -->\n<title>Pocognoli : \u00ab\u00a0L\u2019\u00e9quipe avait envie de se battre sur 90 minutes\u00a0\u00bb - La Diagonale<\/title>\n<meta name=\"robots\" content=\"index, follow, max-snippet:-1, max-image-preview:large, max-video-preview:-1\" \/>\n<link rel=\"canonical\" href=\"https:\/\/www.ladiagonale.net\/index.php\/2026\/01\/25\/pocognoli-lequipe-avait-envie-de-se-battre-sur-90-minutes\/\" \/>\n<meta property=\"og:locale\" content=\"fr_FR\" \/>\n<meta property=\"og:type\" content=\"article\" \/>\n<meta property=\"og:title\" content=\"Pocognoli : \u00ab\u00a0L\u2019\u00e9quipe avait envie de se battre sur 90 minutes\u00a0\u00bb - La Diagonale\" \/>\n<meta property=\"og:description\" content=\"Une r\u00e9action \u00e9tait attendue du c\u00f4t\u00e9 de l\u2019AS Monaco apr\u00e8s la lourde d\u00e9faite contre le Real Madrid conc\u00e9d\u00e9e cinq jours plus t\u00f4t. Si S\u00e9bastien Pocognoli n\u2019a sans doute pas vu l\u2019\u00e9lectrochoc esp\u00e9r\u00e9, il s\u2019est montr\u00e9 satisfait de l\u2019investissement de ses joueurs : \u00ab\u00a0Par rapport \u00e0 la situation actuelle, je pense qu\u2019on a vu des fondamentaux [...]\" \/>\n<meta property=\"og:url\" content=\"https:\/\/www.ladiagonale.net\/index.php\/2026\/01\/25\/pocognoli-lequipe-avait-envie-de-se-battre-sur-90-minutes\/\" \/>\n<meta property=\"og:site_name\" content=\"La Diagonale\" \/>\n<meta property=\"article:published_time\" content=\"2026-01-24T23:32:21+00:00\" \/>\n<meta property=\"article:modified_time\" content=\"2026-01-24T23:32:22+00:00\" \/>\n<meta property=\"og:image\" content=\"https:\/\/www.ladiagonale.net\/wp-content\/uploads\/2025\/12\/Pocognoli-Brest.png\" \/>\n\t<meta property=\"og:image:width\" content=\"1160\" \/>\n\t<meta property=\"og:image:height\" content=\"650\" \/>\n\t<meta property=\"og:image:type\" content=\"image\/png\" \/>\n<meta name=\"author\" content=\"Damien Dellerba\" \/>\n<meta name=\"twitter:card\" content=\"summary_large_image\" \/>\n<meta name=\"twitter:image\" content=\"https:\/\/www.ladiagonale.net\/wp-content\/uploads\/2025\/12\/Pocognoli-Brest.png\" \/>\n<meta name=\"twitter:label1\" content=\"\u00c9crit par\" \/>\n\t<meta name=\"twitter:data1\" content=\"Damien Dellerba\" \/>\n\t<meta name=\"twitter:label2\" content=\"Dur\u00e9e de lecture estim\u00e9e\" \/>\n\t<meta name=\"twitter:data2\" content=\"3 minutes\" \/>\n<script type=\"application\/ld+json\" class=\"yoast-schema-graph\">{\"@context\":\"https:\/\/schema.org\",\"@graph\":[{\"@type\":\"WebPage\",\"@id\":\"https:\/\/www.ladiagonale.net\/index.php\/2026\/01\/25\/pocognoli-lequipe-avait-envie-de-se-battre-sur-90-minutes\/\",\"url\":\"https:\/\/www.ladiagonale.net\/index.php\/2026\/01\/25\/pocognoli-lequipe-avait-envie-de-se-battre-sur-90-minutes\/\",\"name\":\"Pocognoli : \u00ab\u00a0L\u2019\u00e9quipe avait envie de se battre sur 90 minutes\u00a0\u00bb - La Diagonale\",\"isPartOf\":{\"@id\":\"https:\/\/www.ladiagonale.net\/#website\"},\"datePublished\":\"2026-01-24T23:32:21+00:00\",\"dateModified\":\"2026-01-24T23:32:22+00:00\",\"author\":{\"@id\":\"https:\/\/www.ladiagonale.net\/#\/schema\/person\/79ff1e7b0853ed01b2aa26e64ad300bf\"},\"breadcrumb\":{\"@id\":\"https:\/\/www.ladiagonale.net\/index.php\/2026\/01\/25\/pocognoli-lequipe-avait-envie-de-se-battre-sur-90-minutes\/#breadcrumb\"},\"inLanguage\":\"fr-FR\",\"potentialAction\":[{\"@type\":\"ReadAction\",\"target\":[\"https:\/\/www.ladiagonale.net\/index.php\/2026\/01\/25\/pocognoli-lequipe-avait-envie-de-se-battre-sur-90-minutes\/\"]}]},{\"@type\":\"BreadcrumbList\",\"@id\":\"https:\/\/www.ladiagonale.net\/index.php\/2026\/01\/25\/pocognoli-lequipe-avait-envie-de-se-battre-sur-90-minutes\/#breadcrumb\",\"itemListElement\":[{\"@type\":\"ListItem\",\"position\":1,\"name\":\"Accueil\",\"item\":\"https:\/\/www.ladiagonale.net\/\"},{\"@type\":\"ListItem\",\"position\":2,\"name\":\"Pocognoli : \u00ab\u00a0L\u2019\u00e9quipe avait envie de se battre sur 90 minutes\u00a0\u00bb\"}]},{\"@type\":\"WebSite\",\"@id\":\"https:\/\/www.ladiagonale.net\/#website\",\"url\":\"https:\/\/www.ladiagonale.net\/\",\"name\":\"La Diagonale\",\"description\":\"Le site des supporters de l&#039;AS Monaco FC\",\"potentialAction\":[{\"@type\":\"SearchAction\",\"target\":{\"@type\":\"EntryPoint\",\"urlTemplate\":\"https:\/\/www.ladiagonale.net\/?s={search_term_string}\"},\"query-input\":\"required name=search_term_string\"}],\"inLanguage\":\"fr-FR\"},{\"@type\":\"Person\",\"@id\":\"https:\/\/www.ladiagonale.net\/#\/schema\/person\/79ff1e7b0853ed01b2aa26e64ad300bf\",\"name\":\"Damien Dellerba\",\"image\":{\"@type\":\"ImageObject\",\"inLanguage\":\"fr-FR\",\"@id\":\"https:\/\/www.ladiagonale.net\/#\/schema\/person\/image\/\",\"url\":\"https:\/\/secure.gravatar.com\/avatar\/c7850e06d3ff63cdbaee88b7fc16e2f0?s=96&d=mm&r=g\",\"contentUrl\":\"https:\/\/secure.gravatar.com\/avatar\/c7850e06d3ff63cdbaee88b7fc16e2f0?s=96&d=mm&r=g\",\"caption\":\"Damien Dellerba\"},\"url\":\"https:\/\/www.ladiagonale.net\/index.php\/author\/damien\/\"}]}<\/script>\n<!-- \/ Yoast SEO plugin. -->","yoast_head_json":{"title":"Pocognoli : \u00ab\u00a0L\u2019\u00e9quipe avait envie de se battre sur 90 minutes\u00a0\u00bb - La Diagonale","robots":{"index":"index","follow":"follow","max-snippet":"max-snippet:-1","max-image-preview":"max-image-preview:large","max-video-preview":"max-video-preview:-1"},"canonical":"https:\/\/www.ladiagonale.net\/index.php\/2026\/01\/25\/pocognoli-lequipe-avait-envie-de-se-battre-sur-90-minutes\/","og_locale":"fr_FR","og_type":"article","og_title":"Pocognoli : \u00ab\u00a0L\u2019\u00e9quipe avait envie de se battre sur 90 minutes\u00a0\u00bb - La Diagonale","og_description":"Une r\u00e9action \u00e9tait attendue du c\u00f4t\u00e9 de l\u2019AS Monaco apr\u00e8s la lourde d\u00e9faite contre le Real Madrid conc\u00e9d\u00e9e cinq jours plus t\u00f4t. Si S\u00e9bastien Pocognoli n\u2019a sans doute pas vu l\u2019\u00e9lectrochoc esp\u00e9r\u00e9, il s\u2019est montr\u00e9 satisfait de l\u2019investissement de ses joueurs : \u00ab\u00a0Par rapport \u00e0 la situation actuelle, je pense qu\u2019on a vu des fondamentaux [...]","og_url":"https:\/\/www.ladiagonale.net\/index.php\/2026\/01\/25\/pocognoli-lequipe-avait-envie-de-se-battre-sur-90-minutes\/","og_site_name":"La Diagonale","article_published_time":"2026-01-24T23:32:21+00:00","article_modified_time":"2026-01-24T23:32:22+00:00","og_image":[{"width":1160,"height":650,"url":"https:\/\/www.ladiagonale.net\/wp-content\/uploads\/2025\/12\/Pocognoli-Brest.png","type":"image\/png"}],"author":"Damien Dellerba","twitter_card":"summary_large_image","twitter_image":"https:\/\/www.ladiagonale.net\/wp-content\/uploads\/2025\/12\/Pocognoli-Brest.png","twitter_misc":{"\u00c9crit par":"Damien Dellerba","Dur\u00e9e de lecture estim\u00e9e":"3 minutes"},"schema":{"@context":"https:\/\/schema.org","@graph":[{"@type":"WebPage","@id":"https:\/\/www.ladiagonale.net\/index.php\/2026\/01\/25\/pocognoli-lequipe-avait-envie-de-se-battre-sur-90-minutes\/","url":"https:\/\/www.ladiagonale.net\/index.php\/2026\/01\/25\/pocognoli-lequipe-avait-envie-de-se-battre-sur-90-minutes\/","name":"Pocognoli : \u00ab\u00a0L\u2019\u00e9quipe avait envie de se battre sur 90 minutes\u00a0\u00bb - La Diagonale","isPartOf":{"@id":"https:\/\/www.ladiagonale.net\/#website"},"datePublished":"2026-01-24T23:32:21+00:00","dateModified":"2026-01-24T23:32:22+00:00","author":{"@id":"https:\/\/www.ladiagonale.net\/#\/schema\/person\/79ff1e7b0853ed01b2aa26e64ad300bf"},"breadcrumb":{"@id":"https:\/\/www.ladiagonale.net\/index.php\/2026\/01\/25\/pocognoli-lequipe-avait-envie-de-se-battre-sur-90-minutes\/#breadcrumb"},"inLanguage":"fr-FR","potentialAction":[{"@type":"ReadAction","target":["https:\/\/www.ladiagonale.net\/index.php\/2026\/01\/25\/pocognoli-lequipe-avait-envie-de-se-battre-sur-90-minutes\/"]}]},{"@type":"BreadcrumbList","@id":"https:\/\/www.ladiagonale.net\/index.php\/2026\/01\/25\/pocognoli-lequipe-avait-envie-de-se-battre-sur-90-minutes\/#breadcrumb","itemListElement":[{"@type":"ListItem","position":1,"name":"Accueil","item":"https:\/\/www.ladiagonale.net\/"},{"@type":"ListItem","position":2,"name":"Pocognoli : \u00ab\u00a0L\u2019\u00e9quipe avait envie de se battre sur 90 minutes\u00a0\u00bb"}]},{"@type":"WebSite","@id":"https:\/\/www.ladiagonale.net\/#website","url":"https:\/\/www.ladiagonale.net\/","name":"La Diagonale","description":"Le site des supporters de l&#039;AS Monaco FC","potentialAction":[{"@type":"SearchAction","target":{"@type":"EntryPoint","urlTemplate":"https:\/\/www.ladiagonale.net\/?s={search_term_string}"},"query-input":"required name=search_term_string"}],"inLanguage":"fr-FR"},{"@type":"Person","@id":"https:\/\/www.ladiagonale.net\/#\/schema\/person\/79ff1e7b0853ed01b2aa26e64ad300bf","name":"Damien Dellerba","image":{"@type":"ImageObject","inLanguage":"fr-FR","@id":"https:\/\/www.ladiagonale.net\/#\/schema\/person\/image\/","url":"https:\/\/secure.gravatar.com\/avatar\/c7850e06d3ff63cdbaee88b7fc16e2f0?s=96&d=mm&r=g","contentUrl":"https:\/\/secure.gravatar.com\/avatar\/c7850e06d3ff63cdbaee88b7fc16e2f0?s=96&d=mm&r=g","caption":"Damien Dellerba"},"url":"https:\/\/www.ladiagonale.net\/index.php\/author\/damien\/"}]}},"_links":{"self":[{"href":"https:\/\/www.ladiagonale.net\/index.php\/wp-json\/wp\/v2\/posts\/36423"}],"collection":[{"href":"https:\/\/www.ladiagonale.net\/index.php\/wp-json\/wp\/v2\/posts"}],"about":[{"href":"https:\/\/www.ladiagonale.net\/index.php\/wp-json\/wp\/v2\/types\/post"}],"author":[{"embeddable":true,"href":"https:\/\/www.ladiagonale.net\/index.php\/wp-json\/wp\/v2\/users\/2"}],"replies":[{"embeddable":true,"href":"https:\/\/www.ladiagonale.net\/index.php\/wp-json\/wp\/v2\/comments?post=36423"}],"version-history":[{"count":1,"href":"https:\/\/www.ladiagonale.net\/index.php\/wp-json\/wp\/v2\/posts\/36423\/revisions"}],"predecessor-version":[{"id":36424,"href":"https:\/\/www.ladiagonale.net\/index.php\/wp-json\/wp\/v2\/posts\/36423\/revisions\/36424"}],"wp:attachment":[{"href":"https:\/\/www.ladiagonale.net\/index.php\/wp-json\/wp\/v2\/media?parent=36423"}],"wp:term":[{"taxonomy":"category","embeddable":true,"href":"https:\/\/www.ladiagonale.net\/index.php\/wp-json\/wp\/v2\/categories?post=36423"},{"taxonomy":"post_tag","embeddable":true,"href":"https:\/\/www.ladiagonale.net\/index.php\/wp-json\/wp\/v2\/tags?post=36423"}],"curies":[{"name":"wp","href":"https:\/\/api.w.org\/{rel}","templated":true}]}}