{"id":36429,"date":"2026-01-25T17:07:23","date_gmt":"2026-01-25T16:07:23","guid":{"rendered":"https:\/\/www.ladiagonale.net\/?p=36429"},"modified":"2026-01-25T17:07:23","modified_gmt":"2026-01-25T16:07:23","slug":"les-notes-ouattara-volontaire","status":"publish","type":"post","link":"https:\/\/www.ladiagonale.net\/index.php\/2026\/01\/25\/les-notes-ouattara-volontaire\/","title":{"rendered":"Les notes : Ouattara volontaire"},"content":{"rendered":"\n\n\n<p><strong>Le gaucher, encore positionn\u00e9 au poste de lat\u00e9ral droit, a livr\u00e9 une prestation encourageante face au Havre.<\/strong><\/p>\n\n\n\n<h4 class=\"wp-block-heading has-white-color has-text-color has-background\" style=\"background-color:#155a00\">TOPS<\/h4>\n\n\n\n<div class=\"wp-block-media-text alignwide is-stacked-on-mobile\" style=\"grid-template-columns:35% auto\"><figure class=\"wp-block-media-text__media\"><img loading=\"lazy\" width=\"400\" height=\"400\" src=\"https:\/\/www.ladiagonale.net\/wp-content\/uploads\/2025\/10\/Ouattara6.png\" alt=\"\" class=\"wp-image-34425 size-full\" srcset=\"https:\/\/www.ladiagonale.net\/wp-content\/uploads\/2025\/10\/Ouattara6.png 400w, https:\/\/www.ladiagonale.net\/wp-content\/uploads\/2025\/10\/Ouattara6-300x300.png 300w, https:\/\/www.ladiagonale.net\/wp-content\/uploads\/2025\/10\/Ouattara6-150x150.png 150w, https:\/\/www.ladiagonale.net\/wp-content\/uploads\/2025\/10\/Ouattara6-128x128.png 128w, https:\/\/www.ladiagonale.net\/wp-content\/uploads\/2025\/10\/Ouattara6-32x32.png 32w\" sizes=\"(max-width: 400px) 100vw, 400px\" \/><\/figure><div class=\"wp-block-media-text__content\">\n<p style=\"font-size:16px\"><strong>Kassoum Ouattara<\/strong><\/p>\n\n\n\n<p style=\"font-size:15px\">Malgr\u00e9 certaines difficult\u00e9s \u00e9videntes \u00e0 se positionner, l&rsquo;ancien Ami\u00e9nois a fait preuve d&rsquo;entrain dans cette rencontre et il a \u00e9t\u00e9 l&rsquo;un des Mon\u00e9gasques les plus en vue, notamment au cours du premier acte. Il s&rsquo;est r\u00e9guli\u00e8rement projet\u00e9 et n\u2019a pas m\u00e9nag\u00e9 ses efforts pour apporter le surnombre dans le camp havrais. Il a aussi bien ferm\u00e9 son couloir, m\u00eame s\u2019il a, \u00e0 de rares occasions, pu \u00eatre pris dans la profondeur.<\/p>\n<\/div><\/div>\n\n\n\n<div style=\"height:40px\" aria-hidden=\"true\" class=\"wp-block-spacer\"><\/div>\n\n\n\n<div class=\"wp-block-media-text alignwide is-stacked-on-mobile\" style=\"grid-template-columns:35% auto\"><figure class=\"wp-block-media-text__media\"><img loading=\"lazy\" width=\"400\" height=\"400\" src=\"https:\/\/www.ladiagonale.net\/wp-content\/uploads\/2025\/09\/Camara-6.png\" alt=\"\" class=\"wp-image-34056 size-full\" srcset=\"https:\/\/www.ladiagonale.net\/wp-content\/uploads\/2025\/09\/Camara-6.png 400w, https:\/\/www.ladiagonale.net\/wp-content\/uploads\/2025\/09\/Camara-6-300x300.png 300w, https:\/\/www.ladiagonale.net\/wp-content\/uploads\/2025\/09\/Camara-6-150x150.png 150w, https:\/\/www.ladiagonale.net\/wp-content\/uploads\/2025\/09\/Camara-6-128x128.png 128w, https:\/\/www.ladiagonale.net\/wp-content\/uploads\/2025\/09\/Camara-6-32x32.png 32w\" sizes=\"(max-width: 400px) 100vw, 400px\" \/><\/figure><div class=\"wp-block-media-text__content\">\n<p style=\"font-size:16px\"><strong>Lamine Camara<\/strong><\/p>\n\n\n\n<p style=\"font-size:15px\">De retour de la CAN, le nouveau champion d\u2019Afrique a donn\u00e9 des signaux positifs. Install\u00e9 au poste de relayeur droit, il est mont\u00e9 en puissance au fil des minutes et r\u00e9alis\u00e9 plusieurs bonnes passes. Son offrande dans l\u2019intervalle pour Zakaria aurait m\u00e9rit\u00e9 un meilleur sort. Meilleur r\u00e9cup\u00e9rateur de l\u2019\u00e9quipe (8) mais pas toujours souverain dans le duel.<\/p>\n<\/div><\/div>\n\n\n\n<div style=\"height:40px\" aria-hidden=\"true\" class=\"wp-block-spacer\"><\/div>\n\n\n\n<h4 class=\"wp-block-heading has-white-color has-text-color has-background\" style=\"background-color:#c00501\">FLOPS<\/h4>\n\n\n\n<div class=\"wp-block-media-text alignwide is-stacked-on-mobile\" style=\"grid-template-columns:35% auto\"><figure class=\"wp-block-media-text__media\"><img loading=\"lazy\" width=\"400\" height=\"400\" src=\"https:\/\/www.ladiagonale.net\/wp-content\/uploads\/2025\/09\/Zakaria4.png\" alt=\"\" class=\"wp-image-33895 size-full\" srcset=\"https:\/\/www.ladiagonale.net\/wp-content\/uploads\/2025\/09\/Zakaria4.png 400w, https:\/\/www.ladiagonale.net\/wp-content\/uploads\/2025\/09\/Zakaria4-300x300.png 300w, https:\/\/www.ladiagonale.net\/wp-content\/uploads\/2025\/09\/Zakaria4-150x150.png 150w, https:\/\/www.ladiagonale.net\/wp-content\/uploads\/2025\/09\/Zakaria4-128x128.png 128w, https:\/\/www.ladiagonale.net\/wp-content\/uploads\/2025\/09\/Zakaria4-32x32.png 32w\" sizes=\"(max-width: 400px) 100vw, 400px\" \/><\/figure><div class=\"wp-block-media-text__content\">\n<p style=\"font-size:16px\"><strong>Denis Zakaria<\/strong><\/p>\n\n\n\n<p style=\"font-size:15px\">Le capitaine suisse subit encore beaucoup trop le jeu et ne parvient pas \u00e0 le prendre \u00e0 son compte depuis trop longtemps. S&rsquo;il a bien r\u00e9ussi quelques compensations, et r\u00e9cup\u00e9r\u00e9 cinq ballons, il est en difficult\u00e9 dans les duels sur lesquels il ne parvient pas suffisamment \u00e0 s&rsquo;imposer. Dans l&rsquo;animation, il n&rsquo;est pas capable d&rsquo;insuffler de la vie \u00e0 l&rsquo;\u00e9quipe, avec ce r\u00f4le de sentinelle. Offensivement, il avait aussi la balle de match dans ses pieds mais s&rsquo;est rat\u00e9 devant Mpasi (73e), alors que Fati attendait une offrande.<\/p>\n<\/div><\/div>\n\n\n\n<div style=\"height:40px\" aria-hidden=\"true\" class=\"wp-block-spacer\"><\/div>\n\n\n\n<div class=\"wp-block-media-text alignwide is-stacked-on-mobile\" style=\"grid-template-columns:35% auto\"><figure class=\"wp-block-media-text__media\"><img loading=\"lazy\" width=\"400\" height=\"400\" src=\"https:\/\/www.ladiagonale.net\/wp-content\/uploads\/2026\/01\/Ilenikhena4.png\" alt=\"\" class=\"wp-image-36433 size-full\" srcset=\"https:\/\/www.ladiagonale.net\/wp-content\/uploads\/2026\/01\/Ilenikhena4.png 400w, https:\/\/www.ladiagonale.net\/wp-content\/uploads\/2026\/01\/Ilenikhena4-300x300.png 300w, https:\/\/www.ladiagonale.net\/wp-content\/uploads\/2026\/01\/Ilenikhena4-150x150.png 150w, https:\/\/www.ladiagonale.net\/wp-content\/uploads\/2026\/01\/Ilenikhena4-128x128.png 128w, https:\/\/www.ladiagonale.net\/wp-content\/uploads\/2026\/01\/Ilenikhena4-32x32.png 32w\" sizes=\"(max-width: 400px) 100vw, 400px\" \/><\/figure><div class=\"wp-block-media-text__content\">\n<p style=\"font-size:16px\"><strong>George Ilenikhena<\/strong><\/p>\n\n\n\n<p style=\"font-size:15px\">Sa troisi\u00e8me titularisation de la saison a mis en \u00e9vidence un probl\u00e8me, outre son niveau insuffisant, \u00e0 savoir son manque d&rsquo;automatisme avec le reste de ses co\u00e9quipiers. Il n&rsquo;est d\u00e9j\u00e0 pas le plus adroit dans les combinaisons et les petits espaces, mais quand il a tent\u00e9 des choses, il n&rsquo;a pas souvent \u00e9t\u00e9 compris par ses partenaires. Jusqu&rsquo;\u00e0 sa sortie, il n&rsquo;avait pas d\u00e9m\u00e9rit\u00e9 et essay\u00e9 de faire des diff\u00e9rences. Mais c&rsquo;\u00e9tait trop brouillon et approximatif. Et physiquement, ce qui est cens\u00e9 \u00eatre son point fort, il s\u2019est fait bouger.<\/p>\n<\/div><\/div>\n\n\n\n<div style=\"height:40px\" aria-hidden=\"true\" class=\"wp-block-spacer\"><\/div>\n\n\n\n<div class=\"wp-block-media-text alignwide is-stacked-on-mobile\" style=\"grid-template-columns:35% auto\"><figure class=\"wp-block-media-text__media\"><img loading=\"lazy\" width=\"400\" height=\"400\" src=\"https:\/\/www.ladiagonale.net\/wp-content\/uploads\/2025\/11\/Balogun4.png\" alt=\"\" class=\"wp-image-34994 size-full\" srcset=\"https:\/\/www.ladiagonale.net\/wp-content\/uploads\/2025\/11\/Balogun4.png 400w, https:\/\/www.ladiagonale.net\/wp-content\/uploads\/2025\/11\/Balogun4-300x300.png 300w, https:\/\/www.ladiagonale.net\/wp-content\/uploads\/2025\/11\/Balogun4-150x150.png 150w, https:\/\/www.ladiagonale.net\/wp-content\/uploads\/2025\/11\/Balogun4-128x128.png 128w, https:\/\/www.ladiagonale.net\/wp-content\/uploads\/2025\/11\/Balogun4-32x32.png 32w\" sizes=\"(max-width: 400px) 100vw, 400px\" \/><\/figure><div class=\"wp-block-media-text__content\">\n<p style=\"font-size:16px\"><strong>Folarin Balogun<\/strong><\/p>\n\n\n\n<p style=\"font-size:15px\">L\u2019attaquant am\u00e9ricain a rarement fait le geste juste dans la zone de v\u00e9rit\u00e9, aussi bien \u00e0 la conclusion qu&rsquo;au service de ses partenaires. Il se procure tout de m\u00eame une vraie belle occasion en fin de partie mais sa frappe, qui \u00e9tait proche de terminer sous la barre de Mpasi, a \u00e9t\u00e9 claqu\u00e9e par le gardien havrais (77e). C\u2019est insuffisant.<\/p>\n<\/div><\/div>\n\n\n\n<div style=\"height:40px\" aria-hidden=\"true\" class=\"wp-block-spacer\"><\/div>\n\n\n\n<div class=\"wp-block-media-text alignwide is-stacked-on-mobile\" style=\"grid-template-columns:35% auto\"><figure class=\"wp-block-media-text__media\"><img loading=\"lazy\" width=\"400\" height=\"400\" src=\"https:\/\/www.ladiagonale.net\/wp-content\/uploads\/2025\/09\/Akliouche4.png\" alt=\"\" class=\"wp-image-34054 size-full\" srcset=\"https:\/\/www.ladiagonale.net\/wp-content\/uploads\/2025\/09\/Akliouche4.png 400w, https:\/\/www.ladiagonale.net\/wp-content\/uploads\/2025\/09\/Akliouche4-300x300.png 300w, https:\/\/www.ladiagonale.net\/wp-content\/uploads\/2025\/09\/Akliouche4-150x150.png 150w, https:\/\/www.ladiagonale.net\/wp-content\/uploads\/2025\/09\/Akliouche4-128x128.png 128w, https:\/\/www.ladiagonale.net\/wp-content\/uploads\/2025\/09\/Akliouche4-32x32.png 32w\" sizes=\"(max-width: 400px) 100vw, 400px\" \/><\/figure><div class=\"wp-block-media-text__content\">\n<p style=\"font-size:16px\"><strong>Maghnes Akliouche<\/strong><\/p>\n\n\n\n<p style=\"font-size:15px\">Comment souvent, c&rsquo;est avec lui qui l&rsquo;animation offensive de l&rsquo;\u00e9quipe prend un peu de hauteur. Cela a \u00e9t\u00e9 le cas en seconde p\u00e9riode, mais la pauvret\u00e9 globale de la prestation mon\u00e9gasque dans le camp adverse est r\u00e9v\u00e9latrice de sa difficult\u00e9 \u00e0 peser sur cette rencontre. <\/p>\n<\/div><\/div>\n\n\n\n<div style=\"height:40px\" aria-hidden=\"true\" class=\"wp-block-spacer\"><\/div>\n\n\n\n<h4 class=\"wp-block-heading has-white-color has-text-color has-background\" style=\"background-color:#303030\">Les autres notes<\/h4>\n\n\n\n<p><strong>Philipp K\u00f6hn : 5\/10<\/strong><\/p>\n\n\n\n<p>Avec un seul tir cadr\u00e9 pour le HAC, le Suisse a pass\u00e9 une soir\u00e9e sans \u00eatre trop inqui\u00e9t\u00e9. Vu ses statistiques r\u00e9centes, c&rsquo;est mieux ainsi. <\/p>\n\n\n\n<p><strong>Thilo Kehrer : 5\/10<\/strong><\/p>\n\n\n\n<p>L&rsquo;Allemand devait absolument se remettre la t\u00eate \u00e0 l&rsquo;endroit apr\u00e8s la nuit de cauchemar du Bernabeu. \u00c0 l&rsquo;image de l&rsquo;\u00e9quipe, il s&rsquo;est montr\u00e9 s\u00e9rieux et appliqu\u00e9 dans ses t\u00e2ches d\u00e9fensives pour \u00e9viter de commettre le moindre impair, mais il n&rsquo;a pas \u00e9t\u00e9 imp\u00e9rial au duel, loin de l\u00e0 m\u00eame (3\/11 remport\u00e9s). <\/p>\n\n\n\n<p><strong>Wout Faes : non not\u00e9<\/strong><\/p>\n\n\n\n<p>La rencontre du Belge a dur\u00e9 une demi-heure, le temps de se blesser \u00e0 une cheville. Il a \u00e9t\u00e9 remplac\u00e9 par Eric <strong>Dier<\/strong> (29e, non not\u00e9), qui n&rsquo;a pas jou\u00e9 davantage, lui aussi bless\u00e9 \u00e0 la 70e minute. Il avait pourtant mieux d\u00e9fendu et mis beaucoup d&rsquo;impact.<\/p>\n\n\n\n<p><strong>Caio Henrique : 5\/10<\/strong><\/p>\n\n\n\n<p>Le lat\u00e9ral br\u00e9silien a \u00e9t\u00e9 protagoniste et n&rsquo;a jamais h\u00e9sit\u00e9 \u00e0 arpenter son couloir pour d\u00e9doubler avec Golovin. Il a centr\u00e9 \u00e0 de nombreuses reprises (7) mais sans \u00eatre d\u00e9cisif. D\u00e9fensivement, il n&rsquo;a pas \u00e9t\u00e9 trop mis en difficult\u00e9 mais il a n\u00e9anmoins perdu un peu trop de ballons (25).<\/p>\n\n\n\n<p><strong>Aleksandr Golovin : 5\/10<\/strong><\/p>\n\n\n\n<p>Le Russe a eu de l&rsquo;activit\u00e9 \u00e0 d\u00e9faut d&rsquo;avoir une r\u00e9elle influence sur cette rencontre. Il \u00e9tait volontaire pour combler les br\u00e8ches et a r\u00e9alis\u00e9 plusieurs retours d\u00e9fensifs. Un abattage louable qui contraste avec sa capacit\u00e9 \u00e0 faire des diff\u00e9rences dans les trente derniers m\u00e8tres. Un peu trop sur courant alternatif. <\/p>\n\n\n\n<p><strong>S\u00e9bastien Pocognoli : 4\/10<\/strong><\/p>\n\n\n\n<p>Son \u00e9quipe s&rsquo;est appliqu\u00e9e pour respecter des principes simples et rester coh\u00e9rente d\u00e9fensivement. Mais offensivement, l&rsquo;animation laisse \u00e0 d\u00e9sirer. On comprend la volont\u00e9 de se rassurer dans cette p\u00e9riode mais la prestation \u00e9tait p\u00e9nible \u00e0 regarder et on se doit d&rsquo;\u00eatre exigeant avec l&rsquo;ASM. <\/p>\n\n\n<div class=\"wp-block-image\">\n<figure class=\"aligncenter size-large is-resized\"><img loading=\"lazy\" width=\"819\" height=\"1024\" src=\"https:\/\/www.ladiagonale.net\/wp-content\/uploads\/2026\/01\/terrainhac-819x1024.png\" alt=\"\" class=\"wp-image-36434\" style=\"width:614px;height:768px\" srcset=\"https:\/\/www.ladiagonale.net\/wp-content\/uploads\/2026\/01\/terrainhac-819x1024.png 819w, https:\/\/www.ladiagonale.net\/wp-content\/uploads\/2026\/01\/terrainhac-240x300.png 240w, https:\/\/www.ladiagonale.net\/wp-content\/uploads\/2026\/01\/terrainhac-768x960.png 768w, https:\/\/www.ladiagonale.net\/wp-content\/uploads\/2026\/01\/terrainhac-1229x1536.png 1229w, https:\/\/www.ladiagonale.net\/wp-content\/uploads\/2026\/01\/terrainhac-102x128.png 102w, https:\/\/www.ladiagonale.net\/wp-content\/uploads\/2026\/01\/terrainhac-26x32.png 26w, https:\/\/www.ladiagonale.net\/wp-content\/uploads\/2026\/01\/terrainhac.png 1242w\" sizes=\"(max-width: 819px) 100vw, 819px\" \/><figcaption class=\"wp-element-caption\"><strong>Moyenne :<\/strong> <strong>4,8\/10<\/strong><\/figcaption><\/figure><\/div>","protected":false},"excerpt":{"rendered":"<p>Le gaucher, encore positionn\u00e9 au poste de lat\u00e9ral droit, a livr\u00e9 une prestation encourageante face au Havre. TOPS Kassoum Ouattara Malgr\u00e9 certaines difficult\u00e9s \u00e9videntes \u00e0 se positionner, l&rsquo;ancien Ami\u00e9nois a fait preuve d&rsquo;entrain dans cette rencontre et il a \u00e9t\u00e9 l&rsquo;un des Mon\u00e9gasques les plus en vue, notamment au cours du premier acte. Il s&rsquo;est [&#8230;]\n","protected":false},"author":2,"featured_media":36435,"comment_status":"open","ping_status":"open","sticky":false,"template":"","format":"standard","meta":[],"categories":[5,6,1000],"tags":[86,722,712,94,248],"yoast_head":"<!-- This site is optimized with the Yoast SEO plugin v19.8 - https:\/\/yoast.com\/wordpress\/plugins\/seo\/ -->\n<title>Les notes : Ouattara volontaire - La Diagonale<\/title>\n<meta name=\"robots\" content=\"index, follow, max-snippet:-1, max-image-preview:large, max-video-preview:-1\" \/>\n<link rel=\"canonical\" href=\"https:\/\/www.ladiagonale.net\/index.php\/2026\/01\/25\/les-notes-ouattara-volontaire\/\" \/>\n<meta property=\"og:locale\" content=\"fr_FR\" \/>\n<meta property=\"og:type\" content=\"article\" \/>\n<meta property=\"og:title\" content=\"Les notes : Ouattara volontaire - La Diagonale\" \/>\n<meta property=\"og:description\" content=\"Le gaucher, encore positionn\u00e9 au poste de lat\u00e9ral droit, a livr\u00e9 une prestation encourageante face au Havre. TOPS Kassoum Ouattara Malgr\u00e9 certaines difficult\u00e9s \u00e9videntes \u00e0 se positionner, l&rsquo;ancien Ami\u00e9nois a fait preuve d&rsquo;entrain dans cette rencontre et il a \u00e9t\u00e9 l&rsquo;un des Mon\u00e9gasques les plus en vue, notamment au cours du premier acte. Il s&rsquo;est [...]\" \/>\n<meta property=\"og:url\" content=\"https:\/\/www.ladiagonale.net\/index.php\/2026\/01\/25\/les-notes-ouattara-volontaire\/\" \/>\n<meta property=\"og:site_name\" content=\"La Diagonale\" \/>\n<meta property=\"article:published_time\" content=\"2026-01-25T16:07:23+00:00\" \/>\n<meta property=\"og:image\" content=\"https:\/\/www.ladiagonale.net\/wp-content\/uploads\/2026\/01\/OUattaraHAC.png\" \/>\n\t<meta property=\"og:image:width\" content=\"1160\" \/>\n\t<meta property=\"og:image:height\" content=\"650\" \/>\n\t<meta property=\"og:image:type\" content=\"image\/png\" \/>\n<meta name=\"author\" content=\"Damien Dellerba\" \/>\n<meta name=\"twitter:card\" content=\"summary_large_image\" \/>\n<meta name=\"twitter:image\" content=\"https:\/\/www.ladiagonale.net\/wp-content\/uploads\/2026\/01\/OUattaraHAC.png\" \/>\n<meta name=\"twitter:label1\" content=\"\u00c9crit par\" \/>\n\t<meta name=\"twitter:data1\" content=\"Damien Dellerba\" \/>\n\t<meta name=\"twitter:label2\" content=\"Dur\u00e9e de lecture estim\u00e9e\" \/>\n\t<meta name=\"twitter:data2\" content=\"5 minutes\" \/>\n<script type=\"application\/ld+json\" class=\"yoast-schema-graph\">{\"@context\":\"https:\/\/schema.org\",\"@graph\":[{\"@type\":\"WebPage\",\"@id\":\"https:\/\/www.ladiagonale.net\/index.php\/2026\/01\/25\/les-notes-ouattara-volontaire\/\",\"url\":\"https:\/\/www.ladiagonale.net\/index.php\/2026\/01\/25\/les-notes-ouattara-volontaire\/\",\"name\":\"Les notes : Ouattara volontaire - La Diagonale\",\"isPartOf\":{\"@id\":\"https:\/\/www.ladiagonale.net\/#website\"},\"datePublished\":\"2026-01-25T16:07:23+00:00\",\"dateModified\":\"2026-01-25T16:07:23+00:00\",\"author\":{\"@id\":\"https:\/\/www.ladiagonale.net\/#\/schema\/person\/79ff1e7b0853ed01b2aa26e64ad300bf\"},\"breadcrumb\":{\"@id\":\"https:\/\/www.ladiagonale.net\/index.php\/2026\/01\/25\/les-notes-ouattara-volontaire\/#breadcrumb\"},\"inLanguage\":\"fr-FR\",\"potentialAction\":[{\"@type\":\"ReadAction\",\"target\":[\"https:\/\/www.ladiagonale.net\/index.php\/2026\/01\/25\/les-notes-ouattara-volontaire\/\"]}]},{\"@type\":\"BreadcrumbList\",\"@id\":\"https:\/\/www.ladiagonale.net\/index.php\/2026\/01\/25\/les-notes-ouattara-volontaire\/#breadcrumb\",\"itemListElement\":[{\"@type\":\"ListItem\",\"position\":1,\"name\":\"Accueil\",\"item\":\"https:\/\/www.ladiagonale.net\/\"},{\"@type\":\"ListItem\",\"position\":2,\"name\":\"Les notes : Ouattara volontaire\"}]},{\"@type\":\"WebSite\",\"@id\":\"https:\/\/www.ladiagonale.net\/#website\",\"url\":\"https:\/\/www.ladiagonale.net\/\",\"name\":\"La Diagonale\",\"description\":\"Le site des supporters de l&#039;AS Monaco FC\",\"potentialAction\":[{\"@type\":\"SearchAction\",\"target\":{\"@type\":\"EntryPoint\",\"urlTemplate\":\"https:\/\/www.ladiagonale.net\/?s={search_term_string}\"},\"query-input\":\"required name=search_term_string\"}],\"inLanguage\":\"fr-FR\"},{\"@type\":\"Person\",\"@id\":\"https:\/\/www.ladiagonale.net\/#\/schema\/person\/79ff1e7b0853ed01b2aa26e64ad300bf\",\"name\":\"Damien Dellerba\",\"image\":{\"@type\":\"ImageObject\",\"inLanguage\":\"fr-FR\",\"@id\":\"https:\/\/www.ladiagonale.net\/#\/schema\/person\/image\/\",\"url\":\"https:\/\/secure.gravatar.com\/avatar\/c7850e06d3ff63cdbaee88b7fc16e2f0?s=96&d=mm&r=g\",\"contentUrl\":\"https:\/\/secure.gravatar.com\/avatar\/c7850e06d3ff63cdbaee88b7fc16e2f0?s=96&d=mm&r=g\",\"caption\":\"Damien Dellerba\"},\"url\":\"https:\/\/www.ladiagonale.net\/index.php\/author\/damien\/\"}]}<\/script>\n<!-- \/ Yoast SEO plugin. -->","yoast_head_json":{"title":"Les notes : Ouattara volontaire - La Diagonale","robots":{"index":"index","follow":"follow","max-snippet":"max-snippet:-1","max-image-preview":"max-image-preview:large","max-video-preview":"max-video-preview:-1"},"canonical":"https:\/\/www.ladiagonale.net\/index.php\/2026\/01\/25\/les-notes-ouattara-volontaire\/","og_locale":"fr_FR","og_type":"article","og_title":"Les notes : Ouattara volontaire - La Diagonale","og_description":"Le gaucher, encore positionn\u00e9 au poste de lat\u00e9ral droit, a livr\u00e9 une prestation encourageante face au Havre. TOPS Kassoum Ouattara Malgr\u00e9 certaines difficult\u00e9s \u00e9videntes \u00e0 se positionner, l&rsquo;ancien Ami\u00e9nois a fait preuve d&rsquo;entrain dans cette rencontre et il a \u00e9t\u00e9 l&rsquo;un des Mon\u00e9gasques les plus en vue, notamment au cours du premier acte. Il s&rsquo;est [...]","og_url":"https:\/\/www.ladiagonale.net\/index.php\/2026\/01\/25\/les-notes-ouattara-volontaire\/","og_site_name":"La Diagonale","article_published_time":"2026-01-25T16:07:23+00:00","og_image":[{"width":1160,"height":650,"url":"https:\/\/www.ladiagonale.net\/wp-content\/uploads\/2026\/01\/OUattaraHAC.png","type":"image\/png"}],"author":"Damien Dellerba","twitter_card":"summary_large_image","twitter_image":"https:\/\/www.ladiagonale.net\/wp-content\/uploads\/2026\/01\/OUattaraHAC.png","twitter_misc":{"\u00c9crit par":"Damien Dellerba","Dur\u00e9e de lecture estim\u00e9e":"5 minutes"},"schema":{"@context":"https:\/\/schema.org","@graph":[{"@type":"WebPage","@id":"https:\/\/www.ladiagonale.net\/index.php\/2026\/01\/25\/les-notes-ouattara-volontaire\/","url":"https:\/\/www.ladiagonale.net\/index.php\/2026\/01\/25\/les-notes-ouattara-volontaire\/","name":"Les notes : Ouattara volontaire - La Diagonale","isPartOf":{"@id":"https:\/\/www.ladiagonale.net\/#website"},"datePublished":"2026-01-25T16:07:23+00:00","dateModified":"2026-01-25T16:07:23+00:00","author":{"@id":"https:\/\/www.ladiagonale.net\/#\/schema\/person\/79ff1e7b0853ed01b2aa26e64ad300bf"},"breadcrumb":{"@id":"https:\/\/www.ladiagonale.net\/index.php\/2026\/01\/25\/les-notes-ouattara-volontaire\/#breadcrumb"},"inLanguage":"fr-FR","potentialAction":[{"@type":"ReadAction","target":["https:\/\/www.ladiagonale.net\/index.php\/2026\/01\/25\/les-notes-ouattara-volontaire\/"]}]},{"@type":"BreadcrumbList","@id":"https:\/\/www.ladiagonale.net\/index.php\/2026\/01\/25\/les-notes-ouattara-volontaire\/#breadcrumb","itemListElement":[{"@type":"ListItem","position":1,"name":"Accueil","item":"https:\/\/www.ladiagonale.net\/"},{"@type":"ListItem","position":2,"name":"Les notes : Ouattara volontaire"}]},{"@type":"WebSite","@id":"https:\/\/www.ladiagonale.net\/#website","url":"https:\/\/www.ladiagonale.net\/","name":"La Diagonale","description":"Le site des supporters de l&#039;AS Monaco FC","potentialAction":[{"@type":"SearchAction","target":{"@type":"EntryPoint","urlTemplate":"https:\/\/www.ladiagonale.net\/?s={search_term_string}"},"query-input":"required name=search_term_string"}],"inLanguage":"fr-FR"},{"@type":"Person","@id":"https:\/\/www.ladiagonale.net\/#\/schema\/person\/79ff1e7b0853ed01b2aa26e64ad300bf","name":"Damien Dellerba","image":{"@type":"ImageObject","inLanguage":"fr-FR","@id":"https:\/\/www.ladiagonale.net\/#\/schema\/person\/image\/","url":"https:\/\/secure.gravatar.com\/avatar\/c7850e06d3ff63cdbaee88b7fc16e2f0?s=96&d=mm&r=g","contentUrl":"https:\/\/secure.gravatar.com\/avatar\/c7850e06d3ff63cdbaee88b7fc16e2f0?s=96&d=mm&r=g","caption":"Damien Dellerba"},"url":"https:\/\/www.ladiagonale.net\/index.php\/author\/damien\/"}]}},"_links":{"self":[{"href":"https:\/\/www.ladiagonale.net\/index.php\/wp-json\/wp\/v2\/posts\/36429"}],"collection":[{"href":"https:\/\/www.ladiagonale.net\/index.php\/wp-json\/wp\/v2\/posts"}],"about":[{"href":"https:\/\/www.ladiagonale.net\/index.php\/wp-json\/wp\/v2\/types\/post"}],"author":[{"embeddable":true,"href":"https:\/\/www.ladiagonale.net\/index.php\/wp-json\/wp\/v2\/users\/2"}],"replies":[{"embeddable":true,"href":"https:\/\/www.ladiagonale.net\/index.php\/wp-json\/wp\/v2\/comments?post=36429"}],"version-history":[{"count":6,"href":"https:\/\/www.ladiagonale.net\/index.php\/wp-json\/wp\/v2\/posts\/36429\/revisions"}],"predecessor-version":[{"id":36438,"href":"https:\/\/www.ladiagonale.net\/index.php\/wp-json\/wp\/v2\/posts\/36429\/revisions\/36438"}],"wp:featuredmedia":[{"embeddable":true,"href":"https:\/\/www.ladiagonale.net\/index.php\/wp-json\/wp\/v2\/media\/36435"}],"wp:attachment":[{"href":"https:\/\/www.ladiagonale.net\/index.php\/wp-json\/wp\/v2\/media?parent=36429"}],"wp:term":[{"taxonomy":"category","embeddable":true,"href":"https:\/\/www.ladiagonale.net\/index.php\/wp-json\/wp\/v2\/categories?post=36429"},{"taxonomy":"post_tag","embeddable":true,"href":"https:\/\/www.ladiagonale.net\/index.php\/wp-json\/wp\/v2\/tags?post=36429"}],"curies":[{"name":"wp","href":"https:\/\/api.w.org\/{rel}","templated":true}]}}