{"id":36439,"date":"2026-01-25T22:36:41","date_gmt":"2026-01-25T21:36:41","guid":{"rendered":"https:\/\/www.ladiagonale.net\/?p=36439"},"modified":"2026-01-25T22:36:41","modified_gmt":"2026-01-25T21:36:41","slug":"faes-et-dier-indisponibles-pour-plusieurs-semaines","status":"publish","type":"post","link":"https:\/\/www.ladiagonale.net\/index.php\/2026\/01\/25\/faes-et-dier-indisponibles-pour-plusieurs-semaines\/","title":{"rendered":"Faes et Dier indisponibles pour plusieurs semaines"},"content":{"rendered":"\n\n\n<p>La mal\u00e9diction se poursuit du c\u00f4t\u00e9 de l&rsquo;AS Monaco et l&rsquo;infirmerie est toujours autant surcharg\u00e9e. Contre Le Havre, samedi, le club de la Principaut\u00e9 a perdu deux d\u00e9fenseurs centraux. Titulaire au coup d&rsquo;envoi, la nouvelle recrue Wout Faes a vu sa cheville gauche tourner et souffre d&rsquo;une <em>\u00ab\u00a0entorse externe de moyenne gravit\u00e9\u00a0\u00bb<\/em>, comme l&rsquo;a communiqu\u00e9 le club \u00e0 l&rsquo;AFP, et sera absent plusieurs semaines.<\/p>\n\n\n\n<p>M\u00eame tarif pour son rempla\u00e7ant au Havre, Eric Dier, qui va manquer plusieurs semaines de comp\u00e9tition. L&rsquo;ASM a indiqu\u00e9 que l&rsquo;international anglais avait \u00e9t\u00e9 victime d&rsquo;une\u00a0<em>\u00ab\u00a0l\u00e9sion \u00e0 l&rsquo;ischio-jambier droit\u00a0\u00bb<\/em>, tout en pr\u00e9cisant qu&rsquo;il ne s&rsquo;agissait <em>\u00ab\u00a0pas tout \u00e0 fait la m\u00eame que celle du mois d&rsquo;octobre <em>\u00bb<\/em><\/em> et qu&rsquo;il n&rsquo;\u00e9tait pas possible de parler de <em>\u00ab<\/em> <em>r\u00e9cidive\u00a0\u00bb<\/em>. <\/p>\n\n\n\n<p>Si la blessure du premier est \u00e9videmment un coup du sort, lui qui n&rsquo;a connu que deux blessures dans sa carri\u00e8re, celle de Dier r\u00e9pond \u00e0 une certaine logique. Avant la rencontre contre le Real Madrid, S\u00e9bastien Pocognoli avait indiqu\u00e9 que le staff avait \u00e9t\u00e9 contraint d&rsquo;acc\u00e9l\u00e9rer son processus de reprise : \u00ab\u00a0<em>On a d\u00fb le remettre rapidement sur le terrain avec les absences. Dans un monde parfait, il y a un processus de reprise pour les joueurs bless\u00e9s et on a d\u00fb sauter beaucoup d\u2019\u00e9tapes.<\/em>\u00a0\u00bb<\/p>\n","protected":false},"excerpt":{"rendered":"<p>La mal\u00e9diction se poursuit du c\u00f4t\u00e9 de l&rsquo;AS Monaco et l&rsquo;infirmerie est toujours autant surcharg\u00e9e. Contre Le Havre, samedi, le club de la Principaut\u00e9 a perdu deux d\u00e9fenseurs centraux. Titulaire au coup d&rsquo;envoi, la nouvelle recrue Wout Faes a vu sa cheville gauche tourner et souffre d&rsquo;une \u00ab\u00a0entorse externe de moyenne gravit\u00e9\u00a0\u00bb, comme l&rsquo;a communiqu\u00e9 [&#8230;]\n","protected":false},"author":2,"featured_media":0,"comment_status":"open","ping_status":"open","sticky":false,"template":"","format":"standard","meta":[],"categories":[4,6,1035],"tags":[86,1026,196,1177],"yoast_head":"<!-- This site is optimized with the Yoast SEO plugin v19.8 - https:\/\/yoast.com\/wordpress\/plugins\/seo\/ -->\n<title>Faes et Dier indisponibles pour plusieurs semaines - La Diagonale<\/title>\n<meta name=\"robots\" content=\"index, follow, max-snippet:-1, max-image-preview:large, max-video-preview:-1\" \/>\n<link rel=\"canonical\" href=\"https:\/\/www.ladiagonale.net\/index.php\/2026\/01\/25\/faes-et-dier-indisponibles-pour-plusieurs-semaines\/\" \/>\n<meta property=\"og:locale\" content=\"fr_FR\" \/>\n<meta property=\"og:type\" content=\"article\" \/>\n<meta property=\"og:title\" content=\"Faes et Dier indisponibles pour plusieurs semaines - La Diagonale\" \/>\n<meta property=\"og:description\" content=\"La mal\u00e9diction se poursuit du c\u00f4t\u00e9 de l&rsquo;AS Monaco et l&rsquo;infirmerie est toujours autant surcharg\u00e9e. Contre Le Havre, samedi, le club de la Principaut\u00e9 a perdu deux d\u00e9fenseurs centraux. Titulaire au coup d&rsquo;envoi, la nouvelle recrue Wout Faes a vu sa cheville gauche tourner et souffre d&rsquo;une \u00ab\u00a0entorse externe de moyenne gravit\u00e9\u00a0\u00bb, comme l&rsquo;a communiqu\u00e9 [...]\" \/>\n<meta property=\"og:url\" content=\"https:\/\/www.ladiagonale.net\/index.php\/2026\/01\/25\/faes-et-dier-indisponibles-pour-plusieurs-semaines\/\" \/>\n<meta property=\"og:site_name\" content=\"La Diagonale\" \/>\n<meta property=\"article:published_time\" content=\"2026-01-25T21:36:41+00:00\" \/>\n<meta name=\"author\" content=\"Damien Dellerba\" \/>\n<meta name=\"twitter:card\" content=\"summary_large_image\" \/>\n<meta name=\"twitter:label1\" content=\"\u00c9crit par\" \/>\n\t<meta name=\"twitter:data1\" content=\"Damien Dellerba\" \/>\n<script type=\"application\/ld+json\" class=\"yoast-schema-graph\">{\"@context\":\"https:\/\/schema.org\",\"@graph\":[{\"@type\":\"WebPage\",\"@id\":\"https:\/\/www.ladiagonale.net\/index.php\/2026\/01\/25\/faes-et-dier-indisponibles-pour-plusieurs-semaines\/\",\"url\":\"https:\/\/www.ladiagonale.net\/index.php\/2026\/01\/25\/faes-et-dier-indisponibles-pour-plusieurs-semaines\/\",\"name\":\"Faes et Dier indisponibles pour plusieurs semaines - La Diagonale\",\"isPartOf\":{\"@id\":\"https:\/\/www.ladiagonale.net\/#website\"},\"datePublished\":\"2026-01-25T21:36:41+00:00\",\"dateModified\":\"2026-01-25T21:36:41+00:00\",\"author\":{\"@id\":\"https:\/\/www.ladiagonale.net\/#\/schema\/person\/79ff1e7b0853ed01b2aa26e64ad300bf\"},\"breadcrumb\":{\"@id\":\"https:\/\/www.ladiagonale.net\/index.php\/2026\/01\/25\/faes-et-dier-indisponibles-pour-plusieurs-semaines\/#breadcrumb\"},\"inLanguage\":\"fr-FR\",\"potentialAction\":[{\"@type\":\"ReadAction\",\"target\":[\"https:\/\/www.ladiagonale.net\/index.php\/2026\/01\/25\/faes-et-dier-indisponibles-pour-plusieurs-semaines\/\"]}]},{\"@type\":\"BreadcrumbList\",\"@id\":\"https:\/\/www.ladiagonale.net\/index.php\/2026\/01\/25\/faes-et-dier-indisponibles-pour-plusieurs-semaines\/#breadcrumb\",\"itemListElement\":[{\"@type\":\"ListItem\",\"position\":1,\"name\":\"Accueil\",\"item\":\"https:\/\/www.ladiagonale.net\/\"},{\"@type\":\"ListItem\",\"position\":2,\"name\":\"Faes et Dier indisponibles pour plusieurs semaines\"}]},{\"@type\":\"WebSite\",\"@id\":\"https:\/\/www.ladiagonale.net\/#website\",\"url\":\"https:\/\/www.ladiagonale.net\/\",\"name\":\"La Diagonale\",\"description\":\"Le site des supporters de l&#039;AS Monaco FC\",\"potentialAction\":[{\"@type\":\"SearchAction\",\"target\":{\"@type\":\"EntryPoint\",\"urlTemplate\":\"https:\/\/www.ladiagonale.net\/?s={search_term_string}\"},\"query-input\":\"required name=search_term_string\"}],\"inLanguage\":\"fr-FR\"},{\"@type\":\"Person\",\"@id\":\"https:\/\/www.ladiagonale.net\/#\/schema\/person\/79ff1e7b0853ed01b2aa26e64ad300bf\",\"name\":\"Damien Dellerba\",\"image\":{\"@type\":\"ImageObject\",\"inLanguage\":\"fr-FR\",\"@id\":\"https:\/\/www.ladiagonale.net\/#\/schema\/person\/image\/\",\"url\":\"https:\/\/secure.gravatar.com\/avatar\/c7850e06d3ff63cdbaee88b7fc16e2f0?s=96&d=mm&r=g\",\"contentUrl\":\"https:\/\/secure.gravatar.com\/avatar\/c7850e06d3ff63cdbaee88b7fc16e2f0?s=96&d=mm&r=g\",\"caption\":\"Damien Dellerba\"},\"url\":\"https:\/\/www.ladiagonale.net\/index.php\/author\/damien\/\"}]}<\/script>\n<!-- \/ Yoast SEO plugin. -->","yoast_head_json":{"title":"Faes et Dier indisponibles pour plusieurs semaines - La Diagonale","robots":{"index":"index","follow":"follow","max-snippet":"max-snippet:-1","max-image-preview":"max-image-preview:large","max-video-preview":"max-video-preview:-1"},"canonical":"https:\/\/www.ladiagonale.net\/index.php\/2026\/01\/25\/faes-et-dier-indisponibles-pour-plusieurs-semaines\/","og_locale":"fr_FR","og_type":"article","og_title":"Faes et Dier indisponibles pour plusieurs semaines - La Diagonale","og_description":"La mal\u00e9diction se poursuit du c\u00f4t\u00e9 de l&rsquo;AS Monaco et l&rsquo;infirmerie est toujours autant surcharg\u00e9e. Contre Le Havre, samedi, le club de la Principaut\u00e9 a perdu deux d\u00e9fenseurs centraux. Titulaire au coup d&rsquo;envoi, la nouvelle recrue Wout Faes a vu sa cheville gauche tourner et souffre d&rsquo;une \u00ab\u00a0entorse externe de moyenne gravit\u00e9\u00a0\u00bb, comme l&rsquo;a communiqu\u00e9 [...]","og_url":"https:\/\/www.ladiagonale.net\/index.php\/2026\/01\/25\/faes-et-dier-indisponibles-pour-plusieurs-semaines\/","og_site_name":"La Diagonale","article_published_time":"2026-01-25T21:36:41+00:00","author":"Damien Dellerba","twitter_card":"summary_large_image","twitter_misc":{"\u00c9crit par":"Damien Dellerba"},"schema":{"@context":"https:\/\/schema.org","@graph":[{"@type":"WebPage","@id":"https:\/\/www.ladiagonale.net\/index.php\/2026\/01\/25\/faes-et-dier-indisponibles-pour-plusieurs-semaines\/","url":"https:\/\/www.ladiagonale.net\/index.php\/2026\/01\/25\/faes-et-dier-indisponibles-pour-plusieurs-semaines\/","name":"Faes et Dier indisponibles pour plusieurs semaines - La Diagonale","isPartOf":{"@id":"https:\/\/www.ladiagonale.net\/#website"},"datePublished":"2026-01-25T21:36:41+00:00","dateModified":"2026-01-25T21:36:41+00:00","author":{"@id":"https:\/\/www.ladiagonale.net\/#\/schema\/person\/79ff1e7b0853ed01b2aa26e64ad300bf"},"breadcrumb":{"@id":"https:\/\/www.ladiagonale.net\/index.php\/2026\/01\/25\/faes-et-dier-indisponibles-pour-plusieurs-semaines\/#breadcrumb"},"inLanguage":"fr-FR","potentialAction":[{"@type":"ReadAction","target":["https:\/\/www.ladiagonale.net\/index.php\/2026\/01\/25\/faes-et-dier-indisponibles-pour-plusieurs-semaines\/"]}]},{"@type":"BreadcrumbList","@id":"https:\/\/www.ladiagonale.net\/index.php\/2026\/01\/25\/faes-et-dier-indisponibles-pour-plusieurs-semaines\/#breadcrumb","itemListElement":[{"@type":"ListItem","position":1,"name":"Accueil","item":"https:\/\/www.ladiagonale.net\/"},{"@type":"ListItem","position":2,"name":"Faes et Dier indisponibles pour plusieurs semaines"}]},{"@type":"WebSite","@id":"https:\/\/www.ladiagonale.net\/#website","url":"https:\/\/www.ladiagonale.net\/","name":"La Diagonale","description":"Le site des supporters de l&#039;AS Monaco FC","potentialAction":[{"@type":"SearchAction","target":{"@type":"EntryPoint","urlTemplate":"https:\/\/www.ladiagonale.net\/?s={search_term_string}"},"query-input":"required name=search_term_string"}],"inLanguage":"fr-FR"},{"@type":"Person","@id":"https:\/\/www.ladiagonale.net\/#\/schema\/person\/79ff1e7b0853ed01b2aa26e64ad300bf","name":"Damien Dellerba","image":{"@type":"ImageObject","inLanguage":"fr-FR","@id":"https:\/\/www.ladiagonale.net\/#\/schema\/person\/image\/","url":"https:\/\/secure.gravatar.com\/avatar\/c7850e06d3ff63cdbaee88b7fc16e2f0?s=96&d=mm&r=g","contentUrl":"https:\/\/secure.gravatar.com\/avatar\/c7850e06d3ff63cdbaee88b7fc16e2f0?s=96&d=mm&r=g","caption":"Damien Dellerba"},"url":"https:\/\/www.ladiagonale.net\/index.php\/author\/damien\/"}]}},"_links":{"self":[{"href":"https:\/\/www.ladiagonale.net\/index.php\/wp-json\/wp\/v2\/posts\/36439"}],"collection":[{"href":"https:\/\/www.ladiagonale.net\/index.php\/wp-json\/wp\/v2\/posts"}],"about":[{"href":"https:\/\/www.ladiagonale.net\/index.php\/wp-json\/wp\/v2\/types\/post"}],"author":[{"embeddable":true,"href":"https:\/\/www.ladiagonale.net\/index.php\/wp-json\/wp\/v2\/users\/2"}],"replies":[{"embeddable":true,"href":"https:\/\/www.ladiagonale.net\/index.php\/wp-json\/wp\/v2\/comments?post=36439"}],"version-history":[{"count":2,"href":"https:\/\/www.ladiagonale.net\/index.php\/wp-json\/wp\/v2\/posts\/36439\/revisions"}],"predecessor-version":[{"id":36442,"href":"https:\/\/www.ladiagonale.net\/index.php\/wp-json\/wp\/v2\/posts\/36439\/revisions\/36442"}],"wp:attachment":[{"href":"https:\/\/www.ladiagonale.net\/index.php\/wp-json\/wp\/v2\/media?parent=36439"}],"wp:term":[{"taxonomy":"category","embeddable":true,"href":"https:\/\/www.ladiagonale.net\/index.php\/wp-json\/wp\/v2\/categories?post=36439"},{"taxonomy":"post_tag","embeddable":true,"href":"https:\/\/www.ladiagonale.net\/index.php\/wp-json\/wp\/v2\/tags?post=36439"}],"curies":[{"name":"wp","href":"https:\/\/api.w.org\/{rel}","templated":true}]}}