{"id":36443,"date":"2026-01-25T23:07:01","date_gmt":"2026-01-25T22:07:01","guid":{"rendered":"https:\/\/www.ladiagonale.net\/?p=36443"},"modified":"2026-01-26T04:12:55","modified_gmt":"2026-01-26T03:12:55","slug":"ben-seghir-de-retour-a-monaco","status":"publish","type":"post","link":"https:\/\/www.ladiagonale.net\/index.php\/2026\/01\/25\/ben-seghir-de-retour-a-monaco\/","title":{"rendered":"Ben Seghir de retour \u00e0 Monaco ?"},"content":{"rendered":"\n\n\n<p>Eliesse Ben Seghir a quitt\u00e9 l&rsquo;AS Monaco au cours de l&rsquo;\u00e9t\u00e9 pour rejoindre l&rsquo;Allemagne et le Bayer Leverkusen, avec lequel il s&rsquo;est engag\u00e9 jusqu&rsquo;en 2030. Mais les choses ne se passent pas comme pr\u00e9vu pour le joueur form\u00e9 \u00e0 l&rsquo;ASM, en raison d&rsquo;un faible temps de jeu (12 apparitions) et sans jamais se montrer d\u00e9cisif. D&rsquo;apr\u00e8s <em>Kicker<\/em>, le pensionnaire de <em>Bundesliga <\/em>souhaiterait pr\u00eater l&rsquo;international marocain et Monaco pourrait \u00eatre une option, dans la mesure o\u00f9 le milieu offensif de 20 ans a d\u00e9j\u00e0 jou\u00e9 deux rencontres de Ligue 1 et qu&rsquo;il ne peut pas jouer pour un troisi\u00e8me club dans une m\u00eame saison.<\/p>\n\n\n\n<p>Cependant, Ben Seghir n&rsquo;est pour l&rsquo;instant pas op\u00e9rationnel, puisqu&rsquo;il souffre d&rsquo;une entorse \u00e0 une cheville contract\u00e9e juste avant la finale perdue contre le S\u00e9n\u00e9gal de Lamine Camara et Kr\u00e9pin Diatta \u00e0 la CAN. Et selon le m\u00e9dia allemand, la dur\u00e9e de son indisponibilit\u00e9 ne semble pas encore clairement \u00e9tablie, ce qui pourrait \u00eatre un frein \u00e0 son retour en Principaut\u00e9. Il faut dire que l&rsquo;infirmerie de l&rsquo;ASM ne d\u00e9semplit pas depuis des semaines et qu&rsquo;elle a encore accueilli <a href=\"https:\/\/www.ladiagonale.net\/index.php\/2026\/01\/25\/faes-et-dier-indisponibles-pour-plusieurs-semaines\/\" target=\"_blank\" rel=\"noreferrer noopener\">deux membres suppl\u00e9mentaires<\/a> ce week-end.<\/p>\n","protected":false},"excerpt":{"rendered":"<p>Eliesse Ben Seghir a quitt\u00e9 l&rsquo;AS Monaco au cours de l&rsquo;\u00e9t\u00e9 pour rejoindre l&rsquo;Allemagne et le Bayer Leverkusen, avec lequel il s&rsquo;est engag\u00e9 jusqu&rsquo;en 2030. Mais les choses ne se passent pas comme pr\u00e9vu pour le joueur form\u00e9 \u00e0 l&rsquo;ASM, en raison d&rsquo;un faible temps de jeu (12 apparitions) et sans jamais se montrer d\u00e9cisif. [&#8230;]\n","protected":false},"author":2,"featured_media":0,"comment_status":"open","ping_status":"open","sticky":false,"template":"","format":"standard","meta":[],"categories":[6,1086],"tags":[86,286,111,110],"yoast_head":"<!-- This site is optimized with the Yoast SEO plugin v19.8 - https:\/\/yoast.com\/wordpress\/plugins\/seo\/ -->\n<title>Ben Seghir de retour \u00e0 Monaco ? - La Diagonale<\/title>\n<meta name=\"robots\" content=\"index, follow, max-snippet:-1, max-image-preview:large, max-video-preview:-1\" \/>\n<link rel=\"canonical\" href=\"https:\/\/www.ladiagonale.net\/index.php\/2026\/01\/25\/ben-seghir-de-retour-a-monaco\/\" \/>\n<meta property=\"og:locale\" content=\"fr_FR\" \/>\n<meta property=\"og:type\" content=\"article\" \/>\n<meta property=\"og:title\" content=\"Ben Seghir de retour \u00e0 Monaco ? - La Diagonale\" \/>\n<meta property=\"og:description\" content=\"Eliesse Ben Seghir a quitt\u00e9 l&rsquo;AS Monaco au cours de l&rsquo;\u00e9t\u00e9 pour rejoindre l&rsquo;Allemagne et le Bayer Leverkusen, avec lequel il s&rsquo;est engag\u00e9 jusqu&rsquo;en 2030. Mais les choses ne se passent pas comme pr\u00e9vu pour le joueur form\u00e9 \u00e0 l&rsquo;ASM, en raison d&rsquo;un faible temps de jeu (12 apparitions) et sans jamais se montrer d\u00e9cisif. [...]\" \/>\n<meta property=\"og:url\" content=\"https:\/\/www.ladiagonale.net\/index.php\/2026\/01\/25\/ben-seghir-de-retour-a-monaco\/\" \/>\n<meta property=\"og:site_name\" content=\"La Diagonale\" \/>\n<meta property=\"article:published_time\" content=\"2026-01-25T22:07:01+00:00\" \/>\n<meta property=\"article:modified_time\" content=\"2026-01-26T03:12:55+00:00\" \/>\n<meta property=\"og:image\" content=\"https:\/\/www.ladiagonale.net\/wp-content\/uploads\/2025\/07\/Ben-Segir-masque.png\" \/>\n\t<meta property=\"og:image:width\" content=\"1160\" \/>\n\t<meta property=\"og:image:height\" content=\"650\" \/>\n\t<meta property=\"og:image:type\" content=\"image\/png\" \/>\n<meta name=\"author\" content=\"Damien Dellerba\" \/>\n<meta name=\"twitter:card\" content=\"summary_large_image\" \/>\n<meta name=\"twitter:image\" content=\"https:\/\/www.ladiagonale.net\/wp-content\/uploads\/2025\/07\/Ben-Segir-masque.png\" \/>\n<meta name=\"twitter:label1\" content=\"\u00c9crit par\" \/>\n\t<meta name=\"twitter:data1\" content=\"Damien Dellerba\" \/>\n\t<meta name=\"twitter:label2\" content=\"Dur\u00e9e de lecture estim\u00e9e\" \/>\n\t<meta name=\"twitter:data2\" content=\"1 minute\" \/>\n<script type=\"application\/ld+json\" class=\"yoast-schema-graph\">{\"@context\":\"https:\/\/schema.org\",\"@graph\":[{\"@type\":\"WebPage\",\"@id\":\"https:\/\/www.ladiagonale.net\/index.php\/2026\/01\/25\/ben-seghir-de-retour-a-monaco\/\",\"url\":\"https:\/\/www.ladiagonale.net\/index.php\/2026\/01\/25\/ben-seghir-de-retour-a-monaco\/\",\"name\":\"Ben Seghir de retour \u00e0 Monaco ? - La Diagonale\",\"isPartOf\":{\"@id\":\"https:\/\/www.ladiagonale.net\/#website\"},\"datePublished\":\"2026-01-25T22:07:01+00:00\",\"dateModified\":\"2026-01-26T03:12:55+00:00\",\"author\":{\"@id\":\"https:\/\/www.ladiagonale.net\/#\/schema\/person\/79ff1e7b0853ed01b2aa26e64ad300bf\"},\"breadcrumb\":{\"@id\":\"https:\/\/www.ladiagonale.net\/index.php\/2026\/01\/25\/ben-seghir-de-retour-a-monaco\/#breadcrumb\"},\"inLanguage\":\"fr-FR\",\"potentialAction\":[{\"@type\":\"ReadAction\",\"target\":[\"https:\/\/www.ladiagonale.net\/index.php\/2026\/01\/25\/ben-seghir-de-retour-a-monaco\/\"]}]},{\"@type\":\"BreadcrumbList\",\"@id\":\"https:\/\/www.ladiagonale.net\/index.php\/2026\/01\/25\/ben-seghir-de-retour-a-monaco\/#breadcrumb\",\"itemListElement\":[{\"@type\":\"ListItem\",\"position\":1,\"name\":\"Accueil\",\"item\":\"https:\/\/www.ladiagonale.net\/\"},{\"@type\":\"ListItem\",\"position\":2,\"name\":\"Ben Seghir de retour \u00e0 Monaco ?\"}]},{\"@type\":\"WebSite\",\"@id\":\"https:\/\/www.ladiagonale.net\/#website\",\"url\":\"https:\/\/www.ladiagonale.net\/\",\"name\":\"La Diagonale\",\"description\":\"Le site des supporters de l&#039;AS Monaco FC\",\"potentialAction\":[{\"@type\":\"SearchAction\",\"target\":{\"@type\":\"EntryPoint\",\"urlTemplate\":\"https:\/\/www.ladiagonale.net\/?s={search_term_string}\"},\"query-input\":\"required name=search_term_string\"}],\"inLanguage\":\"fr-FR\"},{\"@type\":\"Person\",\"@id\":\"https:\/\/www.ladiagonale.net\/#\/schema\/person\/79ff1e7b0853ed01b2aa26e64ad300bf\",\"name\":\"Damien Dellerba\",\"image\":{\"@type\":\"ImageObject\",\"inLanguage\":\"fr-FR\",\"@id\":\"https:\/\/www.ladiagonale.net\/#\/schema\/person\/image\/\",\"url\":\"https:\/\/secure.gravatar.com\/avatar\/c7850e06d3ff63cdbaee88b7fc16e2f0?s=96&d=mm&r=g\",\"contentUrl\":\"https:\/\/secure.gravatar.com\/avatar\/c7850e06d3ff63cdbaee88b7fc16e2f0?s=96&d=mm&r=g\",\"caption\":\"Damien Dellerba\"},\"url\":\"https:\/\/www.ladiagonale.net\/index.php\/author\/damien\/\"}]}<\/script>\n<!-- \/ Yoast SEO plugin. -->","yoast_head_json":{"title":"Ben Seghir de retour \u00e0 Monaco ? - La Diagonale","robots":{"index":"index","follow":"follow","max-snippet":"max-snippet:-1","max-image-preview":"max-image-preview:large","max-video-preview":"max-video-preview:-1"},"canonical":"https:\/\/www.ladiagonale.net\/index.php\/2026\/01\/25\/ben-seghir-de-retour-a-monaco\/","og_locale":"fr_FR","og_type":"article","og_title":"Ben Seghir de retour \u00e0 Monaco ? - La Diagonale","og_description":"Eliesse Ben Seghir a quitt\u00e9 l&rsquo;AS Monaco au cours de l&rsquo;\u00e9t\u00e9 pour rejoindre l&rsquo;Allemagne et le Bayer Leverkusen, avec lequel il s&rsquo;est engag\u00e9 jusqu&rsquo;en 2030. Mais les choses ne se passent pas comme pr\u00e9vu pour le joueur form\u00e9 \u00e0 l&rsquo;ASM, en raison d&rsquo;un faible temps de jeu (12 apparitions) et sans jamais se montrer d\u00e9cisif. [...]","og_url":"https:\/\/www.ladiagonale.net\/index.php\/2026\/01\/25\/ben-seghir-de-retour-a-monaco\/","og_site_name":"La Diagonale","article_published_time":"2026-01-25T22:07:01+00:00","article_modified_time":"2026-01-26T03:12:55+00:00","og_image":[{"width":1160,"height":650,"url":"https:\/\/www.ladiagonale.net\/wp-content\/uploads\/2025\/07\/Ben-Segir-masque.png","type":"image\/png"}],"author":"Damien Dellerba","twitter_card":"summary_large_image","twitter_image":"https:\/\/www.ladiagonale.net\/wp-content\/uploads\/2025\/07\/Ben-Segir-masque.png","twitter_misc":{"\u00c9crit par":"Damien Dellerba","Dur\u00e9e de lecture estim\u00e9e":"1 minute"},"schema":{"@context":"https:\/\/schema.org","@graph":[{"@type":"WebPage","@id":"https:\/\/www.ladiagonale.net\/index.php\/2026\/01\/25\/ben-seghir-de-retour-a-monaco\/","url":"https:\/\/www.ladiagonale.net\/index.php\/2026\/01\/25\/ben-seghir-de-retour-a-monaco\/","name":"Ben Seghir de retour \u00e0 Monaco ? - La Diagonale","isPartOf":{"@id":"https:\/\/www.ladiagonale.net\/#website"},"datePublished":"2026-01-25T22:07:01+00:00","dateModified":"2026-01-26T03:12:55+00:00","author":{"@id":"https:\/\/www.ladiagonale.net\/#\/schema\/person\/79ff1e7b0853ed01b2aa26e64ad300bf"},"breadcrumb":{"@id":"https:\/\/www.ladiagonale.net\/index.php\/2026\/01\/25\/ben-seghir-de-retour-a-monaco\/#breadcrumb"},"inLanguage":"fr-FR","potentialAction":[{"@type":"ReadAction","target":["https:\/\/www.ladiagonale.net\/index.php\/2026\/01\/25\/ben-seghir-de-retour-a-monaco\/"]}]},{"@type":"BreadcrumbList","@id":"https:\/\/www.ladiagonale.net\/index.php\/2026\/01\/25\/ben-seghir-de-retour-a-monaco\/#breadcrumb","itemListElement":[{"@type":"ListItem","position":1,"name":"Accueil","item":"https:\/\/www.ladiagonale.net\/"},{"@type":"ListItem","position":2,"name":"Ben Seghir de retour \u00e0 Monaco ?"}]},{"@type":"WebSite","@id":"https:\/\/www.ladiagonale.net\/#website","url":"https:\/\/www.ladiagonale.net\/","name":"La Diagonale","description":"Le site des supporters de l&#039;AS Monaco FC","potentialAction":[{"@type":"SearchAction","target":{"@type":"EntryPoint","urlTemplate":"https:\/\/www.ladiagonale.net\/?s={search_term_string}"},"query-input":"required name=search_term_string"}],"inLanguage":"fr-FR"},{"@type":"Person","@id":"https:\/\/www.ladiagonale.net\/#\/schema\/person\/79ff1e7b0853ed01b2aa26e64ad300bf","name":"Damien Dellerba","image":{"@type":"ImageObject","inLanguage":"fr-FR","@id":"https:\/\/www.ladiagonale.net\/#\/schema\/person\/image\/","url":"https:\/\/secure.gravatar.com\/avatar\/c7850e06d3ff63cdbaee88b7fc16e2f0?s=96&d=mm&r=g","contentUrl":"https:\/\/secure.gravatar.com\/avatar\/c7850e06d3ff63cdbaee88b7fc16e2f0?s=96&d=mm&r=g","caption":"Damien Dellerba"},"url":"https:\/\/www.ladiagonale.net\/index.php\/author\/damien\/"}]}},"_links":{"self":[{"href":"https:\/\/www.ladiagonale.net\/index.php\/wp-json\/wp\/v2\/posts\/36443"}],"collection":[{"href":"https:\/\/www.ladiagonale.net\/index.php\/wp-json\/wp\/v2\/posts"}],"about":[{"href":"https:\/\/www.ladiagonale.net\/index.php\/wp-json\/wp\/v2\/types\/post"}],"author":[{"embeddable":true,"href":"https:\/\/www.ladiagonale.net\/index.php\/wp-json\/wp\/v2\/users\/2"}],"replies":[{"embeddable":true,"href":"https:\/\/www.ladiagonale.net\/index.php\/wp-json\/wp\/v2\/comments?post=36443"}],"version-history":[{"count":3,"href":"https:\/\/www.ladiagonale.net\/index.php\/wp-json\/wp\/v2\/posts\/36443\/revisions"}],"predecessor-version":[{"id":36447,"href":"https:\/\/www.ladiagonale.net\/index.php\/wp-json\/wp\/v2\/posts\/36443\/revisions\/36447"}],"wp:attachment":[{"href":"https:\/\/www.ladiagonale.net\/index.php\/wp-json\/wp\/v2\/media?parent=36443"}],"wp:term":[{"taxonomy":"category","embeddable":true,"href":"https:\/\/www.ladiagonale.net\/index.php\/wp-json\/wp\/v2\/categories?post=36443"},{"taxonomy":"post_tag","embeddable":true,"href":"https:\/\/www.ladiagonale.net\/index.php\/wp-json\/wp\/v2\/tags?post=36443"}],"curies":[{"name":"wp","href":"https:\/\/api.w.org\/{rel}","templated":true}]}}