{"id":36449,"date":"2026-01-26T13:27:16","date_gmt":"2026-01-26T12:27:16","guid":{"rendered":"https:\/\/www.ladiagonale.net\/?p=36449"},"modified":"2026-01-26T13:28:42","modified_gmt":"2026-01-26T12:28:42","slug":"une-marche-de-protestation-contre-la-direction-avant-la-juventus","status":"publish","type":"post","link":"https:\/\/www.ladiagonale.net\/index.php\/2026\/01\/26\/une-marche-de-protestation-contre-la-direction-avant-la-juventus\/","title":{"rendered":"Une marche de protestation contre la direction avant la Juventus"},"content":{"rendered":"\n<p>Le ras-le-bol semble avoir atteint un niveau jamais vu auparavant du c\u00f4t\u00e9 des supporters mon\u00e9gasques et la rupture avec la direction actuelle de l\u2019AS Monaco est d\u00e9sormais consomm\u00e9e. Dans un communiqu\u00e9 commun aux diff\u00e9rents groupes de supporters (CSM, Ultras, Munegu IDF, Muneg\u2019Oc, Munegu Da Viken), des comptes ont \u00e9t\u00e9 exig\u00e9s et le \u00ab\u00a0<em>d\u00e9part sans d\u00e9lai<\/em>\u00a0\u00bb de Thiago Scuro, le directeur g\u00e9n\u00e9ral mon\u00e9gasque, a \u00e9t\u00e9 r\u00e9clam\u00e9 \u00e0 cor et \u00e0 cri.<\/p>\n\n\n\n<p>Cette revendication s\u2019accompagnera d\u2019une marche de protestation mercredi \u00e0 18 heures sur la digue de Fontvieille, soit juste avant une derni\u00e8re rencontre cruciale en Ligue des champions contre la Juventus, dans l\u2019objectif de cr\u00e9er un sentiment d\u2019unit\u00e9 entre les supporters et d\u2019\u00eatre entendu par le pr\u00e9sident de l\u2019ASM, Dmitry Rybolovlev. Ce dernier n\u2019est pas \u00e9pargn\u00e9 par la grogne, qui lui reproche son \u00ab\u00a0<em>absence<\/em>\u00a0\u00bb et sa \u00ab\u00a0<em>gestion par procuration, froide et sans \u00e2me<\/em>\u00a0\u00bb.<\/p>\n\n\n\n<p>Les groupes de supporters, inquiets du \u00ab\u00a0<em>naufrag\u00e9 programm\u00e9<\/em>\u00a0\u00bb de l\u2019ASM et de sa \u00ab\u00a0<em>dilution<\/em>\u00a0\u00bb, se sont aussi agac\u00e9s devant le \u00ab\u00a0<em>laisser-aller g\u00e9n\u00e9ralis\u00e9\u00a0qui gangr\u00e8ne<\/em>\u00a0\u00bb au sein du club de la Principaut\u00e9, malgr\u00e9 les alertes lanc\u00e9es par le pass\u00e9. Des comportements et des attitudes qui ne passent plus et contre lesquels les supporters Rouge et Blanc refusent de devenir \u00ab\u00a0<em>des spectateurs passifs<\/em>\u00a0\u00bb. Dont acte.<\/p>\n\n\n\n<p><\/p>\n\n\n<div class=\"wp-block-image\">\n<figure class=\"aligncenter size-large is-resized\"><img loading=\"lazy\" src=\"https:\/\/www.ladiagonale.net\/wp-content\/uploads\/2026\/01\/WhatsApp-Image-2026-01-25-at-20.23.33-819x1024.jpeg\" alt=\"\" class=\"wp-image-36452\" width=\"614\" height=\"768\" srcset=\"https:\/\/www.ladiagonale.net\/wp-content\/uploads\/2026\/01\/WhatsApp-Image-2026-01-25-at-20.23.33-819x1024.jpeg 819w, https:\/\/www.ladiagonale.net\/wp-content\/uploads\/2026\/01\/WhatsApp-Image-2026-01-25-at-20.23.33-240x300.jpeg 240w, https:\/\/www.ladiagonale.net\/wp-content\/uploads\/2026\/01\/WhatsApp-Image-2026-01-25-at-20.23.33-768x960.jpeg 768w, https:\/\/www.ladiagonale.net\/wp-content\/uploads\/2026\/01\/WhatsApp-Image-2026-01-25-at-20.23.33-1229x1536.jpeg 1229w, https:\/\/www.ladiagonale.net\/wp-content\/uploads\/2026\/01\/WhatsApp-Image-2026-01-25-at-20.23.33-102x128.jpeg 102w, https:\/\/www.ladiagonale.net\/wp-content\/uploads\/2026\/01\/WhatsApp-Image-2026-01-25-at-20.23.33-26x32.jpeg 26w, https:\/\/www.ladiagonale.net\/wp-content\/uploads\/2026\/01\/WhatsApp-Image-2026-01-25-at-20.23.33.jpeg 1280w\" sizes=\"(max-width: 614px) 100vw, 614px\" \/><figcaption>Le communiqu\u00e9 des groupes de supporters<\/figcaption><\/figure><\/div>\n\n","protected":false},"excerpt":{"rendered":"<p>Le ras-le-bol semble avoir atteint un niveau jamais vu auparavant du c\u00f4t\u00e9 des supporters mon\u00e9gasques et la rupture avec la direction actuelle de l\u2019AS Monaco est d\u00e9sormais consomm\u00e9e. Dans un communiqu\u00e9 commun aux diff\u00e9rents groupes de supporters (CSM, Ultras, Munegu IDF, Muneg\u2019Oc, Munegu Da Viken), des comptes ont \u00e9t\u00e9 exig\u00e9s et le \u00ab\u00a0d\u00e9part sans d\u00e9lai\u00a0\u00bb [&#8230;]\n","protected":false},"author":2,"featured_media":0,"comment_status":"open","ping_status":"open","sticky":false,"template":"","format":"standard","meta":[],"categories":[6],"tags":[86,303,296,304,479,552],"yoast_head":"<!-- This site is optimized with the Yoast SEO plugin v19.8 - https:\/\/yoast.com\/wordpress\/plugins\/seo\/ -->\n<title>Une marche de protestation contre la direction avant la Juventus - La Diagonale<\/title>\n<meta name=\"robots\" content=\"index, follow, max-snippet:-1, max-image-preview:large, max-video-preview:-1\" \/>\n<link rel=\"canonical\" href=\"https:\/\/www.ladiagonale.net\/index.php\/2026\/01\/26\/une-marche-de-protestation-contre-la-direction-avant-la-juventus\/\" \/>\n<meta property=\"og:locale\" content=\"fr_FR\" \/>\n<meta property=\"og:type\" content=\"article\" \/>\n<meta property=\"og:title\" content=\"Une marche de protestation contre la direction avant la Juventus - La Diagonale\" \/>\n<meta property=\"og:description\" content=\"Le ras-le-bol semble avoir atteint un niveau jamais vu auparavant du c\u00f4t\u00e9 des supporters mon\u00e9gasques et la rupture avec la direction actuelle de l\u2019AS Monaco est d\u00e9sormais consomm\u00e9e. Dans un communiqu\u00e9 commun aux diff\u00e9rents groupes de supporters (CSM, Ultras, Munegu IDF, Muneg\u2019Oc, Munegu Da Viken), des comptes ont \u00e9t\u00e9 exig\u00e9s et le \u00ab\u00a0d\u00e9part sans d\u00e9lai\u00a0\u00bb [...]\" \/>\n<meta property=\"og:url\" content=\"https:\/\/www.ladiagonale.net\/index.php\/2026\/01\/26\/une-marche-de-protestation-contre-la-direction-avant-la-juventus\/\" \/>\n<meta property=\"og:site_name\" content=\"La Diagonale\" \/>\n<meta property=\"article:published_time\" content=\"2026-01-26T12:27:16+00:00\" \/>\n<meta property=\"article:modified_time\" content=\"2026-01-26T12:28:42+00:00\" \/>\n<meta property=\"og:image\" content=\"https:\/\/www.ladiagonale.net\/wp-content\/uploads\/2026\/01\/Banderoles.png\" \/>\n\t<meta property=\"og:image:width\" content=\"1160\" \/>\n\t<meta property=\"og:image:height\" content=\"650\" \/>\n\t<meta property=\"og:image:type\" content=\"image\/png\" \/>\n<meta name=\"author\" content=\"Damien Dellerba\" \/>\n<meta name=\"twitter:card\" content=\"summary_large_image\" \/>\n<meta name=\"twitter:image\" content=\"https:\/\/www.ladiagonale.net\/wp-content\/uploads\/2026\/01\/Banderoles.png\" \/>\n<meta name=\"twitter:label1\" content=\"\u00c9crit par\" \/>\n\t<meta name=\"twitter:data1\" content=\"Damien Dellerba\" \/>\n\t<meta name=\"twitter:label2\" content=\"Dur\u00e9e de lecture estim\u00e9e\" \/>\n\t<meta name=\"twitter:data2\" content=\"2 minutes\" \/>\n<script type=\"application\/ld+json\" class=\"yoast-schema-graph\">{\"@context\":\"https:\/\/schema.org\",\"@graph\":[{\"@type\":\"WebPage\",\"@id\":\"https:\/\/www.ladiagonale.net\/index.php\/2026\/01\/26\/une-marche-de-protestation-contre-la-direction-avant-la-juventus\/\",\"url\":\"https:\/\/www.ladiagonale.net\/index.php\/2026\/01\/26\/une-marche-de-protestation-contre-la-direction-avant-la-juventus\/\",\"name\":\"Une marche de protestation contre la direction avant la Juventus - La Diagonale\",\"isPartOf\":{\"@id\":\"https:\/\/www.ladiagonale.net\/#website\"},\"datePublished\":\"2026-01-26T12:27:16+00:00\",\"dateModified\":\"2026-01-26T12:28:42+00:00\",\"author\":{\"@id\":\"https:\/\/www.ladiagonale.net\/#\/schema\/person\/79ff1e7b0853ed01b2aa26e64ad300bf\"},\"breadcrumb\":{\"@id\":\"https:\/\/www.ladiagonale.net\/index.php\/2026\/01\/26\/une-marche-de-protestation-contre-la-direction-avant-la-juventus\/#breadcrumb\"},\"inLanguage\":\"fr-FR\",\"potentialAction\":[{\"@type\":\"ReadAction\",\"target\":[\"https:\/\/www.ladiagonale.net\/index.php\/2026\/01\/26\/une-marche-de-protestation-contre-la-direction-avant-la-juventus\/\"]}]},{\"@type\":\"BreadcrumbList\",\"@id\":\"https:\/\/www.ladiagonale.net\/index.php\/2026\/01\/26\/une-marche-de-protestation-contre-la-direction-avant-la-juventus\/#breadcrumb\",\"itemListElement\":[{\"@type\":\"ListItem\",\"position\":1,\"name\":\"Accueil\",\"item\":\"https:\/\/www.ladiagonale.net\/\"},{\"@type\":\"ListItem\",\"position\":2,\"name\":\"Une marche de protestation contre la direction avant la Juventus\"}]},{\"@type\":\"WebSite\",\"@id\":\"https:\/\/www.ladiagonale.net\/#website\",\"url\":\"https:\/\/www.ladiagonale.net\/\",\"name\":\"La Diagonale\",\"description\":\"Le site des supporters de l&#039;AS Monaco FC\",\"potentialAction\":[{\"@type\":\"SearchAction\",\"target\":{\"@type\":\"EntryPoint\",\"urlTemplate\":\"https:\/\/www.ladiagonale.net\/?s={search_term_string}\"},\"query-input\":\"required name=search_term_string\"}],\"inLanguage\":\"fr-FR\"},{\"@type\":\"Person\",\"@id\":\"https:\/\/www.ladiagonale.net\/#\/schema\/person\/79ff1e7b0853ed01b2aa26e64ad300bf\",\"name\":\"Damien Dellerba\",\"image\":{\"@type\":\"ImageObject\",\"inLanguage\":\"fr-FR\",\"@id\":\"https:\/\/www.ladiagonale.net\/#\/schema\/person\/image\/\",\"url\":\"https:\/\/secure.gravatar.com\/avatar\/c7850e06d3ff63cdbaee88b7fc16e2f0?s=96&d=mm&r=g\",\"contentUrl\":\"https:\/\/secure.gravatar.com\/avatar\/c7850e06d3ff63cdbaee88b7fc16e2f0?s=96&d=mm&r=g\",\"caption\":\"Damien Dellerba\"},\"url\":\"https:\/\/www.ladiagonale.net\/index.php\/author\/damien\/\"}]}<\/script>\n<!-- \/ Yoast SEO plugin. -->","yoast_head_json":{"title":"Une marche de protestation contre la direction avant la Juventus - La Diagonale","robots":{"index":"index","follow":"follow","max-snippet":"max-snippet:-1","max-image-preview":"max-image-preview:large","max-video-preview":"max-video-preview:-1"},"canonical":"https:\/\/www.ladiagonale.net\/index.php\/2026\/01\/26\/une-marche-de-protestation-contre-la-direction-avant-la-juventus\/","og_locale":"fr_FR","og_type":"article","og_title":"Une marche de protestation contre la direction avant la Juventus - La Diagonale","og_description":"Le ras-le-bol semble avoir atteint un niveau jamais vu auparavant du c\u00f4t\u00e9 des supporters mon\u00e9gasques et la rupture avec la direction actuelle de l\u2019AS Monaco est d\u00e9sormais consomm\u00e9e. Dans un communiqu\u00e9 commun aux diff\u00e9rents groupes de supporters (CSM, Ultras, Munegu IDF, Muneg\u2019Oc, Munegu Da Viken), des comptes ont \u00e9t\u00e9 exig\u00e9s et le \u00ab\u00a0d\u00e9part sans d\u00e9lai\u00a0\u00bb [...]","og_url":"https:\/\/www.ladiagonale.net\/index.php\/2026\/01\/26\/une-marche-de-protestation-contre-la-direction-avant-la-juventus\/","og_site_name":"La Diagonale","article_published_time":"2026-01-26T12:27:16+00:00","article_modified_time":"2026-01-26T12:28:42+00:00","og_image":[{"width":1160,"height":650,"url":"https:\/\/www.ladiagonale.net\/wp-content\/uploads\/2026\/01\/Banderoles.png","type":"image\/png"}],"author":"Damien Dellerba","twitter_card":"summary_large_image","twitter_image":"https:\/\/www.ladiagonale.net\/wp-content\/uploads\/2026\/01\/Banderoles.png","twitter_misc":{"\u00c9crit par":"Damien Dellerba","Dur\u00e9e de lecture estim\u00e9e":"2 minutes"},"schema":{"@context":"https:\/\/schema.org","@graph":[{"@type":"WebPage","@id":"https:\/\/www.ladiagonale.net\/index.php\/2026\/01\/26\/une-marche-de-protestation-contre-la-direction-avant-la-juventus\/","url":"https:\/\/www.ladiagonale.net\/index.php\/2026\/01\/26\/une-marche-de-protestation-contre-la-direction-avant-la-juventus\/","name":"Une marche de protestation contre la direction avant la Juventus - La Diagonale","isPartOf":{"@id":"https:\/\/www.ladiagonale.net\/#website"},"datePublished":"2026-01-26T12:27:16+00:00","dateModified":"2026-01-26T12:28:42+00:00","author":{"@id":"https:\/\/www.ladiagonale.net\/#\/schema\/person\/79ff1e7b0853ed01b2aa26e64ad300bf"},"breadcrumb":{"@id":"https:\/\/www.ladiagonale.net\/index.php\/2026\/01\/26\/une-marche-de-protestation-contre-la-direction-avant-la-juventus\/#breadcrumb"},"inLanguage":"fr-FR","potentialAction":[{"@type":"ReadAction","target":["https:\/\/www.ladiagonale.net\/index.php\/2026\/01\/26\/une-marche-de-protestation-contre-la-direction-avant-la-juventus\/"]}]},{"@type":"BreadcrumbList","@id":"https:\/\/www.ladiagonale.net\/index.php\/2026\/01\/26\/une-marche-de-protestation-contre-la-direction-avant-la-juventus\/#breadcrumb","itemListElement":[{"@type":"ListItem","position":1,"name":"Accueil","item":"https:\/\/www.ladiagonale.net\/"},{"@type":"ListItem","position":2,"name":"Une marche de protestation contre la direction avant la Juventus"}]},{"@type":"WebSite","@id":"https:\/\/www.ladiagonale.net\/#website","url":"https:\/\/www.ladiagonale.net\/","name":"La Diagonale","description":"Le site des supporters de l&#039;AS Monaco FC","potentialAction":[{"@type":"SearchAction","target":{"@type":"EntryPoint","urlTemplate":"https:\/\/www.ladiagonale.net\/?s={search_term_string}"},"query-input":"required name=search_term_string"}],"inLanguage":"fr-FR"},{"@type":"Person","@id":"https:\/\/www.ladiagonale.net\/#\/schema\/person\/79ff1e7b0853ed01b2aa26e64ad300bf","name":"Damien Dellerba","image":{"@type":"ImageObject","inLanguage":"fr-FR","@id":"https:\/\/www.ladiagonale.net\/#\/schema\/person\/image\/","url":"https:\/\/secure.gravatar.com\/avatar\/c7850e06d3ff63cdbaee88b7fc16e2f0?s=96&d=mm&r=g","contentUrl":"https:\/\/secure.gravatar.com\/avatar\/c7850e06d3ff63cdbaee88b7fc16e2f0?s=96&d=mm&r=g","caption":"Damien Dellerba"},"url":"https:\/\/www.ladiagonale.net\/index.php\/author\/damien\/"}]}},"_links":{"self":[{"href":"https:\/\/www.ladiagonale.net\/index.php\/wp-json\/wp\/v2\/posts\/36449"}],"collection":[{"href":"https:\/\/www.ladiagonale.net\/index.php\/wp-json\/wp\/v2\/posts"}],"about":[{"href":"https:\/\/www.ladiagonale.net\/index.php\/wp-json\/wp\/v2\/types\/post"}],"author":[{"embeddable":true,"href":"https:\/\/www.ladiagonale.net\/index.php\/wp-json\/wp\/v2\/users\/2"}],"replies":[{"embeddable":true,"href":"https:\/\/www.ladiagonale.net\/index.php\/wp-json\/wp\/v2\/comments?post=36449"}],"version-history":[{"count":2,"href":"https:\/\/www.ladiagonale.net\/index.php\/wp-json\/wp\/v2\/posts\/36449\/revisions"}],"predecessor-version":[{"id":36453,"href":"https:\/\/www.ladiagonale.net\/index.php\/wp-json\/wp\/v2\/posts\/36449\/revisions\/36453"}],"wp:attachment":[{"href":"https:\/\/www.ladiagonale.net\/index.php\/wp-json\/wp\/v2\/media?parent=36449"}],"wp:term":[{"taxonomy":"category","embeddable":true,"href":"https:\/\/www.ladiagonale.net\/index.php\/wp-json\/wp\/v2\/categories?post=36449"},{"taxonomy":"post_tag","embeddable":true,"href":"https:\/\/www.ladiagonale.net\/index.php\/wp-json\/wp\/v2\/tags?post=36449"}],"curies":[{"name":"wp","href":"https:\/\/api.w.org\/{rel}","templated":true}]}}