{"id":36454,"date":"2026-01-26T14:42:14","date_gmt":"2026-01-26T13:42:14","guid":{"rendered":"https:\/\/www.ladiagonale.net\/?p=36454"},"modified":"2026-01-26T14:42:15","modified_gmt":"2026-01-26T13:42:15","slug":"victorieux-contre-colomiers-les-u19-toujours-en-tete","status":"publish","type":"post","link":"https:\/\/www.ladiagonale.net\/index.php\/2026\/01\/26\/victorieux-contre-colomiers-les-u19-toujours-en-tete\/","title":{"rendered":"Victorieux contre Colomiers, les U19 toujours en t\u00eate"},"content":{"rendered":"\n\n\n<p>Apr\u00e8s un match nul dans le derby contre Nice le week-end pr\u00e9c\u00e9dent, les U19 de l&rsquo;AS Monaco se sont impos\u00e9s contre Colomiers (1-0), \u00e0 l&rsquo;occasion de la 17<sup>e<\/sup> journ\u00e9e de Championnat. Les Rouge et Blanc se sont impos\u00e9s gr\u00e2ce \u00e0 une r\u00e9alisation de Nah\u00ebl Haddani \u00e0 la 20<sup>e<\/sup> minute. Une victoire qui leur permet de prendre leurs distances en t\u00eate du classement, avec quatre longueurs d&rsquo;avance sur l&rsquo;OM, qui compte toutefois deux matches en moins. <\/p>\n\n\n\n<p>Pour la prochaine journ\u00e9e de Championnat, les joueurs de Fr\u00e9d\u00e9ric Barilaro affronteront l&rsquo;Olympique Rovenain le 8 f\u00e9vrier. Mais avant cela, une partie du groupe affrontera Nice en Coupe Gambardella, le 31 janvier, puis le Club Bruges le 3 f\u00e9vrier \u00e0 l&rsquo;occasion du 16<sup>e<\/sup> de finale de <em>Youth League<\/em>. Un programme charg\u00e9 en perspective pour les jeunes pousses as\u00e9mistes.<\/p>\n","protected":false},"excerpt":{"rendered":"<p>Apr\u00e8s un match nul dans le derby contre Nice le week-end pr\u00e9c\u00e9dent, les U19 de l&rsquo;AS Monaco se sont impos\u00e9s contre Colomiers (1-0), \u00e0 l&rsquo;occasion de la 17e journ\u00e9e de Championnat. Les Rouge et Blanc se sont impos\u00e9s gr\u00e2ce \u00e0 une r\u00e9alisation de Nah\u00ebl Haddani \u00e0 la 20e minute. Une victoire qui leur permet de [&#8230;]\n","protected":false},"author":2,"featured_media":0,"comment_status":"open","ping_status":"open","sticky":false,"template":"","format":"standard","meta":[],"categories":[1110,6],"tags":[76,86,112],"yoast_head":"<!-- This site is optimized with the Yoast SEO plugin v19.8 - https:\/\/yoast.com\/wordpress\/plugins\/seo\/ -->\n<title>Victorieux contre Colomiers, les U19 toujours en t\u00eate - La Diagonale<\/title>\n<meta name=\"robots\" content=\"index, follow, max-snippet:-1, max-image-preview:large, max-video-preview:-1\" \/>\n<link rel=\"canonical\" href=\"https:\/\/www.ladiagonale.net\/index.php\/2026\/01\/26\/victorieux-contre-colomiers-les-u19-toujours-en-tete\/\" \/>\n<meta property=\"og:locale\" content=\"fr_FR\" \/>\n<meta property=\"og:type\" content=\"article\" \/>\n<meta property=\"og:title\" content=\"Victorieux contre Colomiers, les U19 toujours en t\u00eate - La Diagonale\" \/>\n<meta property=\"og:description\" content=\"Apr\u00e8s un match nul dans le derby contre Nice le week-end pr\u00e9c\u00e9dent, les U19 de l&rsquo;AS Monaco se sont impos\u00e9s contre Colomiers (1-0), \u00e0 l&rsquo;occasion de la 17e journ\u00e9e de Championnat. Les Rouge et Blanc se sont impos\u00e9s gr\u00e2ce \u00e0 une r\u00e9alisation de Nah\u00ebl Haddani \u00e0 la 20e minute. Une victoire qui leur permet de [...]\" \/>\n<meta property=\"og:url\" content=\"https:\/\/www.ladiagonale.net\/index.php\/2026\/01\/26\/victorieux-contre-colomiers-les-u19-toujours-en-tete\/\" \/>\n<meta property=\"og:site_name\" content=\"La Diagonale\" \/>\n<meta property=\"article:published_time\" content=\"2026-01-26T13:42:14+00:00\" \/>\n<meta property=\"article:modified_time\" content=\"2026-01-26T13:42:15+00:00\" \/>\n<meta property=\"og:image\" content=\"https:\/\/www.ladiagonale.net\/wp-content\/uploads\/2025\/08\/Dodo-Haddani.png\" \/>\n\t<meta property=\"og:image:width\" content=\"1160\" \/>\n\t<meta property=\"og:image:height\" content=\"650\" \/>\n\t<meta property=\"og:image:type\" content=\"image\/png\" \/>\n<meta name=\"author\" content=\"Damien Dellerba\" \/>\n<meta name=\"twitter:card\" content=\"summary_large_image\" \/>\n<meta name=\"twitter:image\" content=\"https:\/\/www.ladiagonale.net\/wp-content\/uploads\/2025\/08\/Dodo-Haddani.png\" \/>\n<meta name=\"twitter:label1\" content=\"\u00c9crit par\" \/>\n\t<meta name=\"twitter:data1\" content=\"Damien Dellerba\" \/>\n\t<meta name=\"twitter:label2\" content=\"Dur\u00e9e de lecture estim\u00e9e\" \/>\n\t<meta name=\"twitter:data2\" content=\"1 minute\" \/>\n<script type=\"application\/ld+json\" class=\"yoast-schema-graph\">{\"@context\":\"https:\/\/schema.org\",\"@graph\":[{\"@type\":\"WebPage\",\"@id\":\"https:\/\/www.ladiagonale.net\/index.php\/2026\/01\/26\/victorieux-contre-colomiers-les-u19-toujours-en-tete\/\",\"url\":\"https:\/\/www.ladiagonale.net\/index.php\/2026\/01\/26\/victorieux-contre-colomiers-les-u19-toujours-en-tete\/\",\"name\":\"Victorieux contre Colomiers, les U19 toujours en t\u00eate - La Diagonale\",\"isPartOf\":{\"@id\":\"https:\/\/www.ladiagonale.net\/#website\"},\"datePublished\":\"2026-01-26T13:42:14+00:00\",\"dateModified\":\"2026-01-26T13:42:15+00:00\",\"author\":{\"@id\":\"https:\/\/www.ladiagonale.net\/#\/schema\/person\/79ff1e7b0853ed01b2aa26e64ad300bf\"},\"breadcrumb\":{\"@id\":\"https:\/\/www.ladiagonale.net\/index.php\/2026\/01\/26\/victorieux-contre-colomiers-les-u19-toujours-en-tete\/#breadcrumb\"},\"inLanguage\":\"fr-FR\",\"potentialAction\":[{\"@type\":\"ReadAction\",\"target\":[\"https:\/\/www.ladiagonale.net\/index.php\/2026\/01\/26\/victorieux-contre-colomiers-les-u19-toujours-en-tete\/\"]}]},{\"@type\":\"BreadcrumbList\",\"@id\":\"https:\/\/www.ladiagonale.net\/index.php\/2026\/01\/26\/victorieux-contre-colomiers-les-u19-toujours-en-tete\/#breadcrumb\",\"itemListElement\":[{\"@type\":\"ListItem\",\"position\":1,\"name\":\"Accueil\",\"item\":\"https:\/\/www.ladiagonale.net\/\"},{\"@type\":\"ListItem\",\"position\":2,\"name\":\"Victorieux contre Colomiers, les U19 toujours en t\u00eate\"}]},{\"@type\":\"WebSite\",\"@id\":\"https:\/\/www.ladiagonale.net\/#website\",\"url\":\"https:\/\/www.ladiagonale.net\/\",\"name\":\"La Diagonale\",\"description\":\"Le site des supporters de l&#039;AS Monaco FC\",\"potentialAction\":[{\"@type\":\"SearchAction\",\"target\":{\"@type\":\"EntryPoint\",\"urlTemplate\":\"https:\/\/www.ladiagonale.net\/?s={search_term_string}\"},\"query-input\":\"required name=search_term_string\"}],\"inLanguage\":\"fr-FR\"},{\"@type\":\"Person\",\"@id\":\"https:\/\/www.ladiagonale.net\/#\/schema\/person\/79ff1e7b0853ed01b2aa26e64ad300bf\",\"name\":\"Damien Dellerba\",\"image\":{\"@type\":\"ImageObject\",\"inLanguage\":\"fr-FR\",\"@id\":\"https:\/\/www.ladiagonale.net\/#\/schema\/person\/image\/\",\"url\":\"https:\/\/secure.gravatar.com\/avatar\/c7850e06d3ff63cdbaee88b7fc16e2f0?s=96&d=mm&r=g\",\"contentUrl\":\"https:\/\/secure.gravatar.com\/avatar\/c7850e06d3ff63cdbaee88b7fc16e2f0?s=96&d=mm&r=g\",\"caption\":\"Damien Dellerba\"},\"url\":\"https:\/\/www.ladiagonale.net\/index.php\/author\/damien\/\"}]}<\/script>\n<!-- \/ Yoast SEO plugin. -->","yoast_head_json":{"title":"Victorieux contre Colomiers, les U19 toujours en t\u00eate - La Diagonale","robots":{"index":"index","follow":"follow","max-snippet":"max-snippet:-1","max-image-preview":"max-image-preview:large","max-video-preview":"max-video-preview:-1"},"canonical":"https:\/\/www.ladiagonale.net\/index.php\/2026\/01\/26\/victorieux-contre-colomiers-les-u19-toujours-en-tete\/","og_locale":"fr_FR","og_type":"article","og_title":"Victorieux contre Colomiers, les U19 toujours en t\u00eate - La Diagonale","og_description":"Apr\u00e8s un match nul dans le derby contre Nice le week-end pr\u00e9c\u00e9dent, les U19 de l&rsquo;AS Monaco se sont impos\u00e9s contre Colomiers (1-0), \u00e0 l&rsquo;occasion de la 17e journ\u00e9e de Championnat. Les Rouge et Blanc se sont impos\u00e9s gr\u00e2ce \u00e0 une r\u00e9alisation de Nah\u00ebl Haddani \u00e0 la 20e minute. Une victoire qui leur permet de [...]","og_url":"https:\/\/www.ladiagonale.net\/index.php\/2026\/01\/26\/victorieux-contre-colomiers-les-u19-toujours-en-tete\/","og_site_name":"La Diagonale","article_published_time":"2026-01-26T13:42:14+00:00","article_modified_time":"2026-01-26T13:42:15+00:00","og_image":[{"width":1160,"height":650,"url":"https:\/\/www.ladiagonale.net\/wp-content\/uploads\/2025\/08\/Dodo-Haddani.png","type":"image\/png"}],"author":"Damien Dellerba","twitter_card":"summary_large_image","twitter_image":"https:\/\/www.ladiagonale.net\/wp-content\/uploads\/2025\/08\/Dodo-Haddani.png","twitter_misc":{"\u00c9crit par":"Damien Dellerba","Dur\u00e9e de lecture estim\u00e9e":"1 minute"},"schema":{"@context":"https:\/\/schema.org","@graph":[{"@type":"WebPage","@id":"https:\/\/www.ladiagonale.net\/index.php\/2026\/01\/26\/victorieux-contre-colomiers-les-u19-toujours-en-tete\/","url":"https:\/\/www.ladiagonale.net\/index.php\/2026\/01\/26\/victorieux-contre-colomiers-les-u19-toujours-en-tete\/","name":"Victorieux contre Colomiers, les U19 toujours en t\u00eate - La Diagonale","isPartOf":{"@id":"https:\/\/www.ladiagonale.net\/#website"},"datePublished":"2026-01-26T13:42:14+00:00","dateModified":"2026-01-26T13:42:15+00:00","author":{"@id":"https:\/\/www.ladiagonale.net\/#\/schema\/person\/79ff1e7b0853ed01b2aa26e64ad300bf"},"breadcrumb":{"@id":"https:\/\/www.ladiagonale.net\/index.php\/2026\/01\/26\/victorieux-contre-colomiers-les-u19-toujours-en-tete\/#breadcrumb"},"inLanguage":"fr-FR","potentialAction":[{"@type":"ReadAction","target":["https:\/\/www.ladiagonale.net\/index.php\/2026\/01\/26\/victorieux-contre-colomiers-les-u19-toujours-en-tete\/"]}]},{"@type":"BreadcrumbList","@id":"https:\/\/www.ladiagonale.net\/index.php\/2026\/01\/26\/victorieux-contre-colomiers-les-u19-toujours-en-tete\/#breadcrumb","itemListElement":[{"@type":"ListItem","position":1,"name":"Accueil","item":"https:\/\/www.ladiagonale.net\/"},{"@type":"ListItem","position":2,"name":"Victorieux contre Colomiers, les U19 toujours en t\u00eate"}]},{"@type":"WebSite","@id":"https:\/\/www.ladiagonale.net\/#website","url":"https:\/\/www.ladiagonale.net\/","name":"La Diagonale","description":"Le site des supporters de l&#039;AS Monaco FC","potentialAction":[{"@type":"SearchAction","target":{"@type":"EntryPoint","urlTemplate":"https:\/\/www.ladiagonale.net\/?s={search_term_string}"},"query-input":"required name=search_term_string"}],"inLanguage":"fr-FR"},{"@type":"Person","@id":"https:\/\/www.ladiagonale.net\/#\/schema\/person\/79ff1e7b0853ed01b2aa26e64ad300bf","name":"Damien Dellerba","image":{"@type":"ImageObject","inLanguage":"fr-FR","@id":"https:\/\/www.ladiagonale.net\/#\/schema\/person\/image\/","url":"https:\/\/secure.gravatar.com\/avatar\/c7850e06d3ff63cdbaee88b7fc16e2f0?s=96&d=mm&r=g","contentUrl":"https:\/\/secure.gravatar.com\/avatar\/c7850e06d3ff63cdbaee88b7fc16e2f0?s=96&d=mm&r=g","caption":"Damien Dellerba"},"url":"https:\/\/www.ladiagonale.net\/index.php\/author\/damien\/"}]}},"_links":{"self":[{"href":"https:\/\/www.ladiagonale.net\/index.php\/wp-json\/wp\/v2\/posts\/36454"}],"collection":[{"href":"https:\/\/www.ladiagonale.net\/index.php\/wp-json\/wp\/v2\/posts"}],"about":[{"href":"https:\/\/www.ladiagonale.net\/index.php\/wp-json\/wp\/v2\/types\/post"}],"author":[{"embeddable":true,"href":"https:\/\/www.ladiagonale.net\/index.php\/wp-json\/wp\/v2\/users\/2"}],"replies":[{"embeddable":true,"href":"https:\/\/www.ladiagonale.net\/index.php\/wp-json\/wp\/v2\/comments?post=36454"}],"version-history":[{"count":1,"href":"https:\/\/www.ladiagonale.net\/index.php\/wp-json\/wp\/v2\/posts\/36454\/revisions"}],"predecessor-version":[{"id":36455,"href":"https:\/\/www.ladiagonale.net\/index.php\/wp-json\/wp\/v2\/posts\/36454\/revisions\/36455"}],"wp:attachment":[{"href":"https:\/\/www.ladiagonale.net\/index.php\/wp-json\/wp\/v2\/media?parent=36454"}],"wp:term":[{"taxonomy":"category","embeddable":true,"href":"https:\/\/www.ladiagonale.net\/index.php\/wp-json\/wp\/v2\/categories?post=36454"},{"taxonomy":"post_tag","embeddable":true,"href":"https:\/\/www.ladiagonale.net\/index.php\/wp-json\/wp\/v2\/tags?post=36454"}],"curies":[{"name":"wp","href":"https:\/\/api.w.org\/{rel}","templated":true}]}}