{"id":36456,"date":"2026-01-26T14:57:39","date_gmt":"2026-01-26T13:57:39","guid":{"rendered":"https:\/\/www.ladiagonale.net\/?p=36456"},"modified":"2026-01-26T16:01:20","modified_gmt":"2026-01-26T15:01:20","slug":"les-u17-simposent-face-a-valence","status":"publish","type":"post","link":"https:\/\/www.ladiagonale.net\/index.php\/2026\/01\/26\/les-u17-simposent-face-a-valence\/","title":{"rendered":"Les U17 s&rsquo;imposent face \u00e0 Valence"},"content":{"rendered":"\n\n\n<p>Comme leurs a\u00een\u00e9s en U19, les U17 de l&rsquo;AS Monaco avaient termin\u00e9 leur derby contre Nice par un r\u00e9sultat nul et ils ont r\u00e9ussi \u00e0 repartir de l&rsquo;avant. Les joueurs de Manu Dos Santos ont battu l&rsquo;Olympique Valence (3-1), gr\u00e2ce notamment \u00e0 un doubl\u00e9 de Jo\u00ebl Olavio Afonso Mendes. L&rsquo;attaquant, entr\u00e9 en jeu \u00e0 la 70<sup>e<\/sup> minute, a d\u00e9bloqu\u00e9 la situation dans le dernier quart d&rsquo;heure (78<sup>e<\/sup>, 86<sup>e<\/sup>), alors que les deux \u00e9quipes \u00e9taient \u00e0 \u00e9galit\u00e9 depuis la 49<sup>e<\/sup> minute, Matteo Fabre ayant r\u00e9pondu au Mon\u00e9gasques Diapson Gomis (25<sup>e<\/sup>).<\/p>\n\n\n\n<p>Au classement, les Rouge et Blanc progressent d&rsquo;une position et se classent \u00e0 la cinqui\u00e8me place avec 28 points. Dans quinze jours, ils iront \u00e0 Saint-\u00c9tienne. Mais avant cela, ils seront aussi concern\u00e9s par le nouveau derby contre Nice en Coupe Gambardella pr\u00e9vu ce week-end.<\/p>\n","protected":false},"excerpt":{"rendered":"<p>Comme leurs a\u00een\u00e9s en U19, les U17 de l&rsquo;AS Monaco avaient termin\u00e9 leur derby contre Nice par un r\u00e9sultat nul et ils ont r\u00e9ussi \u00e0 repartir de l&rsquo;avant. Les joueurs de Manu Dos Santos ont battu l&rsquo;Olympique Valence (3-1), gr\u00e2ce notamment \u00e0 un doubl\u00e9 de Jo\u00ebl Olavio Afonso Mendes. L&rsquo;attaquant, entr\u00e9 en jeu \u00e0 la [&#8230;]\n","protected":false},"author":2,"featured_media":0,"comment_status":"open","ping_status":"open","sticky":false,"template":"","format":"standard","meta":[],"categories":[1110,6],"tags":[76,86,130],"yoast_head":"<!-- This site is optimized with the Yoast SEO plugin v19.8 - https:\/\/yoast.com\/wordpress\/plugins\/seo\/ -->\n<title>Les U17 s&#039;imposent face \u00e0 Valence - La Diagonale<\/title>\n<meta name=\"robots\" content=\"index, follow, max-snippet:-1, max-image-preview:large, max-video-preview:-1\" \/>\n<link rel=\"canonical\" href=\"https:\/\/www.ladiagonale.net\/index.php\/2026\/01\/26\/les-u17-simposent-face-a-valence\/\" \/>\n<meta property=\"og:locale\" content=\"fr_FR\" \/>\n<meta property=\"og:type\" content=\"article\" \/>\n<meta property=\"og:title\" content=\"Les U17 s&#039;imposent face \u00e0 Valence - La Diagonale\" \/>\n<meta property=\"og:description\" content=\"Comme leurs a\u00een\u00e9s en U19, les U17 de l&rsquo;AS Monaco avaient termin\u00e9 leur derby contre Nice par un r\u00e9sultat nul et ils ont r\u00e9ussi \u00e0 repartir de l&rsquo;avant. Les joueurs de Manu Dos Santos ont battu l&rsquo;Olympique Valence (3-1), gr\u00e2ce notamment \u00e0 un doubl\u00e9 de Jo\u00ebl Olavio Afonso Mendes. L&rsquo;attaquant, entr\u00e9 en jeu \u00e0 la [...]\" \/>\n<meta property=\"og:url\" content=\"https:\/\/www.ladiagonale.net\/index.php\/2026\/01\/26\/les-u17-simposent-face-a-valence\/\" \/>\n<meta property=\"og:site_name\" content=\"La Diagonale\" \/>\n<meta property=\"article:published_time\" content=\"2026-01-26T13:57:39+00:00\" \/>\n<meta property=\"article:modified_time\" content=\"2026-01-26T15:01:20+00:00\" \/>\n<meta property=\"og:image\" content=\"https:\/\/www.ladiagonale.net\/wp-content\/uploads\/2025\/11\/Mendes.png\" \/>\n\t<meta property=\"og:image:width\" content=\"1160\" \/>\n\t<meta property=\"og:image:height\" content=\"650\" \/>\n\t<meta property=\"og:image:type\" content=\"image\/png\" \/>\n<meta name=\"author\" content=\"Damien Dellerba\" \/>\n<meta name=\"twitter:card\" content=\"summary_large_image\" \/>\n<meta name=\"twitter:image\" content=\"https:\/\/www.ladiagonale.net\/wp-content\/uploads\/2025\/11\/Mendes.png\" \/>\n<meta name=\"twitter:label1\" content=\"\u00c9crit par\" \/>\n\t<meta name=\"twitter:data1\" content=\"Damien Dellerba\" \/>\n\t<meta name=\"twitter:label2\" content=\"Dur\u00e9e de lecture estim\u00e9e\" \/>\n\t<meta name=\"twitter:data2\" content=\"1 minute\" \/>\n<script type=\"application\/ld+json\" class=\"yoast-schema-graph\">{\"@context\":\"https:\/\/schema.org\",\"@graph\":[{\"@type\":\"WebPage\",\"@id\":\"https:\/\/www.ladiagonale.net\/index.php\/2026\/01\/26\/les-u17-simposent-face-a-valence\/\",\"url\":\"https:\/\/www.ladiagonale.net\/index.php\/2026\/01\/26\/les-u17-simposent-face-a-valence\/\",\"name\":\"Les U17 s'imposent face \u00e0 Valence - La Diagonale\",\"isPartOf\":{\"@id\":\"https:\/\/www.ladiagonale.net\/#website\"},\"datePublished\":\"2026-01-26T13:57:39+00:00\",\"dateModified\":\"2026-01-26T15:01:20+00:00\",\"author\":{\"@id\":\"https:\/\/www.ladiagonale.net\/#\/schema\/person\/79ff1e7b0853ed01b2aa26e64ad300bf\"},\"breadcrumb\":{\"@id\":\"https:\/\/www.ladiagonale.net\/index.php\/2026\/01\/26\/les-u17-simposent-face-a-valence\/#breadcrumb\"},\"inLanguage\":\"fr-FR\",\"potentialAction\":[{\"@type\":\"ReadAction\",\"target\":[\"https:\/\/www.ladiagonale.net\/index.php\/2026\/01\/26\/les-u17-simposent-face-a-valence\/\"]}]},{\"@type\":\"BreadcrumbList\",\"@id\":\"https:\/\/www.ladiagonale.net\/index.php\/2026\/01\/26\/les-u17-simposent-face-a-valence\/#breadcrumb\",\"itemListElement\":[{\"@type\":\"ListItem\",\"position\":1,\"name\":\"Accueil\",\"item\":\"https:\/\/www.ladiagonale.net\/\"},{\"@type\":\"ListItem\",\"position\":2,\"name\":\"Les U17 s&rsquo;imposent face \u00e0 Valence\"}]},{\"@type\":\"WebSite\",\"@id\":\"https:\/\/www.ladiagonale.net\/#website\",\"url\":\"https:\/\/www.ladiagonale.net\/\",\"name\":\"La Diagonale\",\"description\":\"Le site des supporters de l&#039;AS Monaco FC\",\"potentialAction\":[{\"@type\":\"SearchAction\",\"target\":{\"@type\":\"EntryPoint\",\"urlTemplate\":\"https:\/\/www.ladiagonale.net\/?s={search_term_string}\"},\"query-input\":\"required name=search_term_string\"}],\"inLanguage\":\"fr-FR\"},{\"@type\":\"Person\",\"@id\":\"https:\/\/www.ladiagonale.net\/#\/schema\/person\/79ff1e7b0853ed01b2aa26e64ad300bf\",\"name\":\"Damien Dellerba\",\"image\":{\"@type\":\"ImageObject\",\"inLanguage\":\"fr-FR\",\"@id\":\"https:\/\/www.ladiagonale.net\/#\/schema\/person\/image\/\",\"url\":\"https:\/\/secure.gravatar.com\/avatar\/c7850e06d3ff63cdbaee88b7fc16e2f0?s=96&d=mm&r=g\",\"contentUrl\":\"https:\/\/secure.gravatar.com\/avatar\/c7850e06d3ff63cdbaee88b7fc16e2f0?s=96&d=mm&r=g\",\"caption\":\"Damien Dellerba\"},\"url\":\"https:\/\/www.ladiagonale.net\/index.php\/author\/damien\/\"}]}<\/script>\n<!-- \/ Yoast SEO plugin. -->","yoast_head_json":{"title":"Les U17 s'imposent face \u00e0 Valence - La Diagonale","robots":{"index":"index","follow":"follow","max-snippet":"max-snippet:-1","max-image-preview":"max-image-preview:large","max-video-preview":"max-video-preview:-1"},"canonical":"https:\/\/www.ladiagonale.net\/index.php\/2026\/01\/26\/les-u17-simposent-face-a-valence\/","og_locale":"fr_FR","og_type":"article","og_title":"Les U17 s'imposent face \u00e0 Valence - La Diagonale","og_description":"Comme leurs a\u00een\u00e9s en U19, les U17 de l&rsquo;AS Monaco avaient termin\u00e9 leur derby contre Nice par un r\u00e9sultat nul et ils ont r\u00e9ussi \u00e0 repartir de l&rsquo;avant. Les joueurs de Manu Dos Santos ont battu l&rsquo;Olympique Valence (3-1), gr\u00e2ce notamment \u00e0 un doubl\u00e9 de Jo\u00ebl Olavio Afonso Mendes. L&rsquo;attaquant, entr\u00e9 en jeu \u00e0 la [...]","og_url":"https:\/\/www.ladiagonale.net\/index.php\/2026\/01\/26\/les-u17-simposent-face-a-valence\/","og_site_name":"La Diagonale","article_published_time":"2026-01-26T13:57:39+00:00","article_modified_time":"2026-01-26T15:01:20+00:00","og_image":[{"width":1160,"height":650,"url":"https:\/\/www.ladiagonale.net\/wp-content\/uploads\/2025\/11\/Mendes.png","type":"image\/png"}],"author":"Damien Dellerba","twitter_card":"summary_large_image","twitter_image":"https:\/\/www.ladiagonale.net\/wp-content\/uploads\/2025\/11\/Mendes.png","twitter_misc":{"\u00c9crit par":"Damien Dellerba","Dur\u00e9e de lecture estim\u00e9e":"1 minute"},"schema":{"@context":"https:\/\/schema.org","@graph":[{"@type":"WebPage","@id":"https:\/\/www.ladiagonale.net\/index.php\/2026\/01\/26\/les-u17-simposent-face-a-valence\/","url":"https:\/\/www.ladiagonale.net\/index.php\/2026\/01\/26\/les-u17-simposent-face-a-valence\/","name":"Les U17 s'imposent face \u00e0 Valence - La Diagonale","isPartOf":{"@id":"https:\/\/www.ladiagonale.net\/#website"},"datePublished":"2026-01-26T13:57:39+00:00","dateModified":"2026-01-26T15:01:20+00:00","author":{"@id":"https:\/\/www.ladiagonale.net\/#\/schema\/person\/79ff1e7b0853ed01b2aa26e64ad300bf"},"breadcrumb":{"@id":"https:\/\/www.ladiagonale.net\/index.php\/2026\/01\/26\/les-u17-simposent-face-a-valence\/#breadcrumb"},"inLanguage":"fr-FR","potentialAction":[{"@type":"ReadAction","target":["https:\/\/www.ladiagonale.net\/index.php\/2026\/01\/26\/les-u17-simposent-face-a-valence\/"]}]},{"@type":"BreadcrumbList","@id":"https:\/\/www.ladiagonale.net\/index.php\/2026\/01\/26\/les-u17-simposent-face-a-valence\/#breadcrumb","itemListElement":[{"@type":"ListItem","position":1,"name":"Accueil","item":"https:\/\/www.ladiagonale.net\/"},{"@type":"ListItem","position":2,"name":"Les U17 s&rsquo;imposent face \u00e0 Valence"}]},{"@type":"WebSite","@id":"https:\/\/www.ladiagonale.net\/#website","url":"https:\/\/www.ladiagonale.net\/","name":"La Diagonale","description":"Le site des supporters de l&#039;AS Monaco FC","potentialAction":[{"@type":"SearchAction","target":{"@type":"EntryPoint","urlTemplate":"https:\/\/www.ladiagonale.net\/?s={search_term_string}"},"query-input":"required name=search_term_string"}],"inLanguage":"fr-FR"},{"@type":"Person","@id":"https:\/\/www.ladiagonale.net\/#\/schema\/person\/79ff1e7b0853ed01b2aa26e64ad300bf","name":"Damien Dellerba","image":{"@type":"ImageObject","inLanguage":"fr-FR","@id":"https:\/\/www.ladiagonale.net\/#\/schema\/person\/image\/","url":"https:\/\/secure.gravatar.com\/avatar\/c7850e06d3ff63cdbaee88b7fc16e2f0?s=96&d=mm&r=g","contentUrl":"https:\/\/secure.gravatar.com\/avatar\/c7850e06d3ff63cdbaee88b7fc16e2f0?s=96&d=mm&r=g","caption":"Damien Dellerba"},"url":"https:\/\/www.ladiagonale.net\/index.php\/author\/damien\/"}]}},"_links":{"self":[{"href":"https:\/\/www.ladiagonale.net\/index.php\/wp-json\/wp\/v2\/posts\/36456"}],"collection":[{"href":"https:\/\/www.ladiagonale.net\/index.php\/wp-json\/wp\/v2\/posts"}],"about":[{"href":"https:\/\/www.ladiagonale.net\/index.php\/wp-json\/wp\/v2\/types\/post"}],"author":[{"embeddable":true,"href":"https:\/\/www.ladiagonale.net\/index.php\/wp-json\/wp\/v2\/users\/2"}],"replies":[{"embeddable":true,"href":"https:\/\/www.ladiagonale.net\/index.php\/wp-json\/wp\/v2\/comments?post=36456"}],"version-history":[{"count":1,"href":"https:\/\/www.ladiagonale.net\/index.php\/wp-json\/wp\/v2\/posts\/36456\/revisions"}],"predecessor-version":[{"id":36457,"href":"https:\/\/www.ladiagonale.net\/index.php\/wp-json\/wp\/v2\/posts\/36456\/revisions\/36457"}],"wp:attachment":[{"href":"https:\/\/www.ladiagonale.net\/index.php\/wp-json\/wp\/v2\/media?parent=36456"}],"wp:term":[{"taxonomy":"category","embeddable":true,"href":"https:\/\/www.ladiagonale.net\/index.php\/wp-json\/wp\/v2\/categories?post=36456"},{"taxonomy":"post_tag","embeddable":true,"href":"https:\/\/www.ladiagonale.net\/index.php\/wp-json\/wp\/v2\/tags?post=36456"}],"curies":[{"name":"wp","href":"https:\/\/api.w.org\/{rel}","templated":true}]}}