{"id":36461,"date":"2026-01-26T23:28:57","date_gmt":"2026-01-26T22:28:57","guid":{"rendered":"https:\/\/www.ladiagonale.net\/?p=36461"},"modified":"2026-01-26T23:51:32","modified_gmt":"2026-01-26T22:51:32","slug":"monaco-envisagerait-une-autre-recrue-en-defense-centrale","status":"publish","type":"post","link":"https:\/\/www.ladiagonale.net\/index.php\/2026\/01\/26\/monaco-envisagerait-une-autre-recrue-en-defense-centrale\/","title":{"rendered":"Monaco envisagerait une autre recrue en d\u00e9fense centrale"},"content":{"rendered":"\n\n\n<p>Si le r\u00e9sultat contre Le Havre a constitu\u00e9 du mieux, puisque l&rsquo;AS Monaco a \u00e9vit\u00e9 la d\u00e9faite, la rencontre a laiss\u00e9 des traces avec les blessures de Wout Faes, sa recrue de janvier, victime d\u2019une entorse de la cheville gauche, et d\u2019Eric Dier, touch\u00e9 \u00e0 l\u2019ischio-jambier droit. Les deux joueurs seront indisponibles pour environ un mois et cela fragilise le secteur d\u00e9fensif. D\u2019apr\u00e8s <em>L\u2019\u00c9quipe<\/em>, l\u2019AS Monaco r\u00e9fl\u00e9chirait \u00e0 recruter un nouvel axial \u00e0 la suite de ces \u00e9v\u00e8nements et selon le quotidien, la piste menant au <em>Cityzen<\/em> Nathan Ak\u00e9 a \u00e9t\u00e9 envisag\u00e9e avant d&rsquo;\u00eatre rapidement abandonn\u00e9e.<\/p>\n\n\n\n<p>Pour l\u2019heure, Monaco ne compte qu\u2019un seul d\u00e9fenseur central valide avec Thilo Kehrer et mercredi, face \u00e0 la Juventus, c\u2019est Jordan Teze qui devrait \u00eatre associ\u00e9 \u00e0 l\u2019Allemand en charni\u00e8re. Outre les absences de Faes et Dier, Christian Mawissa est toujours sur le flanc, lui aussi victime une fois de plus des ischios en d\u00e9but de mois contre Lyon. Quant \u00e0 Mohammed Salisu, sa saison est termin\u00e9e apr\u00e8s la rupture du ligament crois\u00e9 ant\u00e9rieur du genou gauche.<\/p>\n","protected":false},"excerpt":{"rendered":"<p>Si le r\u00e9sultat contre Le Havre a constitu\u00e9 du mieux, puisque l&rsquo;AS Monaco a \u00e9vit\u00e9 la d\u00e9faite, la rencontre a laiss\u00e9 des traces avec les blessures de Wout Faes, sa recrue de janvier, victime d\u2019une entorse de la cheville gauche, et d\u2019Eric Dier, touch\u00e9 \u00e0 l\u2019ischio-jambier droit. Les deux joueurs seront indisponibles pour environ un [&#8230;]\n","protected":false},"author":2,"featured_media":0,"comment_status":"open","ping_status":"open","sticky":false,"template":"","format":"standard","meta":[],"categories":[6,1086],"tags":[86,111,110],"yoast_head":"<!-- This site is optimized with the Yoast SEO plugin v19.8 - https:\/\/yoast.com\/wordpress\/plugins\/seo\/ -->\n<title>Monaco envisagerait une autre recrue en d\u00e9fense centrale - La Diagonale<\/title>\n<meta name=\"robots\" content=\"index, follow, max-snippet:-1, max-image-preview:large, max-video-preview:-1\" \/>\n<link rel=\"canonical\" href=\"https:\/\/www.ladiagonale.net\/index.php\/2026\/01\/26\/monaco-envisagerait-une-autre-recrue-en-defense-centrale\/\" \/>\n<meta property=\"og:locale\" content=\"fr_FR\" \/>\n<meta property=\"og:type\" content=\"article\" \/>\n<meta property=\"og:title\" content=\"Monaco envisagerait une autre recrue en d\u00e9fense centrale - La Diagonale\" \/>\n<meta property=\"og:description\" content=\"Si le r\u00e9sultat contre Le Havre a constitu\u00e9 du mieux, puisque l&rsquo;AS Monaco a \u00e9vit\u00e9 la d\u00e9faite, la rencontre a laiss\u00e9 des traces avec les blessures de Wout Faes, sa recrue de janvier, victime d\u2019une entorse de la cheville gauche, et d\u2019Eric Dier, touch\u00e9 \u00e0 l\u2019ischio-jambier droit. Les deux joueurs seront indisponibles pour environ un [...]\" \/>\n<meta property=\"og:url\" content=\"https:\/\/www.ladiagonale.net\/index.php\/2026\/01\/26\/monaco-envisagerait-une-autre-recrue-en-defense-centrale\/\" \/>\n<meta property=\"og:site_name\" content=\"La Diagonale\" \/>\n<meta property=\"article:published_time\" content=\"2026-01-26T22:28:57+00:00\" \/>\n<meta property=\"article:modified_time\" content=\"2026-01-26T22:51:32+00:00\" \/>\n<meta property=\"og:image\" content=\"https:\/\/www.ladiagonale.net\/wp-content\/uploads\/2026\/01\/Faes-blessure.png\" \/>\n\t<meta property=\"og:image:width\" content=\"1160\" \/>\n\t<meta property=\"og:image:height\" content=\"650\" \/>\n\t<meta property=\"og:image:type\" content=\"image\/png\" \/>\n<meta name=\"author\" content=\"Damien Dellerba\" \/>\n<meta name=\"twitter:card\" content=\"summary_large_image\" \/>\n<meta name=\"twitter:image\" content=\"https:\/\/www.ladiagonale.net\/wp-content\/uploads\/2026\/01\/Faes-blessure.png\" \/>\n<meta name=\"twitter:label1\" content=\"\u00c9crit par\" \/>\n\t<meta name=\"twitter:data1\" content=\"Damien Dellerba\" \/>\n\t<meta name=\"twitter:label2\" content=\"Dur\u00e9e de lecture estim\u00e9e\" \/>\n\t<meta name=\"twitter:data2\" content=\"1 minute\" \/>\n<script type=\"application\/ld+json\" class=\"yoast-schema-graph\">{\"@context\":\"https:\/\/schema.org\",\"@graph\":[{\"@type\":\"WebPage\",\"@id\":\"https:\/\/www.ladiagonale.net\/index.php\/2026\/01\/26\/monaco-envisagerait-une-autre-recrue-en-defense-centrale\/\",\"url\":\"https:\/\/www.ladiagonale.net\/index.php\/2026\/01\/26\/monaco-envisagerait-une-autre-recrue-en-defense-centrale\/\",\"name\":\"Monaco envisagerait une autre recrue en d\u00e9fense centrale - La Diagonale\",\"isPartOf\":{\"@id\":\"https:\/\/www.ladiagonale.net\/#website\"},\"datePublished\":\"2026-01-26T22:28:57+00:00\",\"dateModified\":\"2026-01-26T22:51:32+00:00\",\"author\":{\"@id\":\"https:\/\/www.ladiagonale.net\/#\/schema\/person\/79ff1e7b0853ed01b2aa26e64ad300bf\"},\"breadcrumb\":{\"@id\":\"https:\/\/www.ladiagonale.net\/index.php\/2026\/01\/26\/monaco-envisagerait-une-autre-recrue-en-defense-centrale\/#breadcrumb\"},\"inLanguage\":\"fr-FR\",\"potentialAction\":[{\"@type\":\"ReadAction\",\"target\":[\"https:\/\/www.ladiagonale.net\/index.php\/2026\/01\/26\/monaco-envisagerait-une-autre-recrue-en-defense-centrale\/\"]}]},{\"@type\":\"BreadcrumbList\",\"@id\":\"https:\/\/www.ladiagonale.net\/index.php\/2026\/01\/26\/monaco-envisagerait-une-autre-recrue-en-defense-centrale\/#breadcrumb\",\"itemListElement\":[{\"@type\":\"ListItem\",\"position\":1,\"name\":\"Accueil\",\"item\":\"https:\/\/www.ladiagonale.net\/\"},{\"@type\":\"ListItem\",\"position\":2,\"name\":\"Monaco envisagerait une autre recrue en d\u00e9fense centrale\"}]},{\"@type\":\"WebSite\",\"@id\":\"https:\/\/www.ladiagonale.net\/#website\",\"url\":\"https:\/\/www.ladiagonale.net\/\",\"name\":\"La Diagonale\",\"description\":\"Le site des supporters de l&#039;AS Monaco FC\",\"potentialAction\":[{\"@type\":\"SearchAction\",\"target\":{\"@type\":\"EntryPoint\",\"urlTemplate\":\"https:\/\/www.ladiagonale.net\/?s={search_term_string}\"},\"query-input\":\"required name=search_term_string\"}],\"inLanguage\":\"fr-FR\"},{\"@type\":\"Person\",\"@id\":\"https:\/\/www.ladiagonale.net\/#\/schema\/person\/79ff1e7b0853ed01b2aa26e64ad300bf\",\"name\":\"Damien Dellerba\",\"image\":{\"@type\":\"ImageObject\",\"inLanguage\":\"fr-FR\",\"@id\":\"https:\/\/www.ladiagonale.net\/#\/schema\/person\/image\/\",\"url\":\"https:\/\/secure.gravatar.com\/avatar\/c7850e06d3ff63cdbaee88b7fc16e2f0?s=96&d=mm&r=g\",\"contentUrl\":\"https:\/\/secure.gravatar.com\/avatar\/c7850e06d3ff63cdbaee88b7fc16e2f0?s=96&d=mm&r=g\",\"caption\":\"Damien Dellerba\"},\"url\":\"https:\/\/www.ladiagonale.net\/index.php\/author\/damien\/\"}]}<\/script>\n<!-- \/ Yoast SEO plugin. -->","yoast_head_json":{"title":"Monaco envisagerait une autre recrue en d\u00e9fense centrale - La Diagonale","robots":{"index":"index","follow":"follow","max-snippet":"max-snippet:-1","max-image-preview":"max-image-preview:large","max-video-preview":"max-video-preview:-1"},"canonical":"https:\/\/www.ladiagonale.net\/index.php\/2026\/01\/26\/monaco-envisagerait-une-autre-recrue-en-defense-centrale\/","og_locale":"fr_FR","og_type":"article","og_title":"Monaco envisagerait une autre recrue en d\u00e9fense centrale - La Diagonale","og_description":"Si le r\u00e9sultat contre Le Havre a constitu\u00e9 du mieux, puisque l&rsquo;AS Monaco a \u00e9vit\u00e9 la d\u00e9faite, la rencontre a laiss\u00e9 des traces avec les blessures de Wout Faes, sa recrue de janvier, victime d\u2019une entorse de la cheville gauche, et d\u2019Eric Dier, touch\u00e9 \u00e0 l\u2019ischio-jambier droit. Les deux joueurs seront indisponibles pour environ un [...]","og_url":"https:\/\/www.ladiagonale.net\/index.php\/2026\/01\/26\/monaco-envisagerait-une-autre-recrue-en-defense-centrale\/","og_site_name":"La Diagonale","article_published_time":"2026-01-26T22:28:57+00:00","article_modified_time":"2026-01-26T22:51:32+00:00","og_image":[{"width":1160,"height":650,"url":"https:\/\/www.ladiagonale.net\/wp-content\/uploads\/2026\/01\/Faes-blessure.png","type":"image\/png"}],"author":"Damien Dellerba","twitter_card":"summary_large_image","twitter_image":"https:\/\/www.ladiagonale.net\/wp-content\/uploads\/2026\/01\/Faes-blessure.png","twitter_misc":{"\u00c9crit par":"Damien Dellerba","Dur\u00e9e de lecture estim\u00e9e":"1 minute"},"schema":{"@context":"https:\/\/schema.org","@graph":[{"@type":"WebPage","@id":"https:\/\/www.ladiagonale.net\/index.php\/2026\/01\/26\/monaco-envisagerait-une-autre-recrue-en-defense-centrale\/","url":"https:\/\/www.ladiagonale.net\/index.php\/2026\/01\/26\/monaco-envisagerait-une-autre-recrue-en-defense-centrale\/","name":"Monaco envisagerait une autre recrue en d\u00e9fense centrale - La Diagonale","isPartOf":{"@id":"https:\/\/www.ladiagonale.net\/#website"},"datePublished":"2026-01-26T22:28:57+00:00","dateModified":"2026-01-26T22:51:32+00:00","author":{"@id":"https:\/\/www.ladiagonale.net\/#\/schema\/person\/79ff1e7b0853ed01b2aa26e64ad300bf"},"breadcrumb":{"@id":"https:\/\/www.ladiagonale.net\/index.php\/2026\/01\/26\/monaco-envisagerait-une-autre-recrue-en-defense-centrale\/#breadcrumb"},"inLanguage":"fr-FR","potentialAction":[{"@type":"ReadAction","target":["https:\/\/www.ladiagonale.net\/index.php\/2026\/01\/26\/monaco-envisagerait-une-autre-recrue-en-defense-centrale\/"]}]},{"@type":"BreadcrumbList","@id":"https:\/\/www.ladiagonale.net\/index.php\/2026\/01\/26\/monaco-envisagerait-une-autre-recrue-en-defense-centrale\/#breadcrumb","itemListElement":[{"@type":"ListItem","position":1,"name":"Accueil","item":"https:\/\/www.ladiagonale.net\/"},{"@type":"ListItem","position":2,"name":"Monaco envisagerait une autre recrue en d\u00e9fense centrale"}]},{"@type":"WebSite","@id":"https:\/\/www.ladiagonale.net\/#website","url":"https:\/\/www.ladiagonale.net\/","name":"La Diagonale","description":"Le site des supporters de l&#039;AS Monaco FC","potentialAction":[{"@type":"SearchAction","target":{"@type":"EntryPoint","urlTemplate":"https:\/\/www.ladiagonale.net\/?s={search_term_string}"},"query-input":"required name=search_term_string"}],"inLanguage":"fr-FR"},{"@type":"Person","@id":"https:\/\/www.ladiagonale.net\/#\/schema\/person\/79ff1e7b0853ed01b2aa26e64ad300bf","name":"Damien Dellerba","image":{"@type":"ImageObject","inLanguage":"fr-FR","@id":"https:\/\/www.ladiagonale.net\/#\/schema\/person\/image\/","url":"https:\/\/secure.gravatar.com\/avatar\/c7850e06d3ff63cdbaee88b7fc16e2f0?s=96&d=mm&r=g","contentUrl":"https:\/\/secure.gravatar.com\/avatar\/c7850e06d3ff63cdbaee88b7fc16e2f0?s=96&d=mm&r=g","caption":"Damien Dellerba"},"url":"https:\/\/www.ladiagonale.net\/index.php\/author\/damien\/"}]}},"_links":{"self":[{"href":"https:\/\/www.ladiagonale.net\/index.php\/wp-json\/wp\/v2\/posts\/36461"}],"collection":[{"href":"https:\/\/www.ladiagonale.net\/index.php\/wp-json\/wp\/v2\/posts"}],"about":[{"href":"https:\/\/www.ladiagonale.net\/index.php\/wp-json\/wp\/v2\/types\/post"}],"author":[{"embeddable":true,"href":"https:\/\/www.ladiagonale.net\/index.php\/wp-json\/wp\/v2\/users\/2"}],"replies":[{"embeddable":true,"href":"https:\/\/www.ladiagonale.net\/index.php\/wp-json\/wp\/v2\/comments?post=36461"}],"version-history":[{"count":2,"href":"https:\/\/www.ladiagonale.net\/index.php\/wp-json\/wp\/v2\/posts\/36461\/revisions"}],"predecessor-version":[{"id":36466,"href":"https:\/\/www.ladiagonale.net\/index.php\/wp-json\/wp\/v2\/posts\/36461\/revisions\/36466"}],"wp:attachment":[{"href":"https:\/\/www.ladiagonale.net\/index.php\/wp-json\/wp\/v2\/media?parent=36461"}],"wp:term":[{"taxonomy":"category","embeddable":true,"href":"https:\/\/www.ladiagonale.net\/index.php\/wp-json\/wp\/v2\/categories?post=36461"},{"taxonomy":"post_tag","embeddable":true,"href":"https:\/\/www.ladiagonale.net\/index.php\/wp-json\/wp\/v2\/tags?post=36461"}],"curies":[{"name":"wp","href":"https:\/\/api.w.org\/{rel}","templated":true}]}}