{"id":36467,"date":"2026-01-27T00:46:50","date_gmt":"2026-01-26T23:46:50","guid":{"rendered":"https:\/\/www.ladiagonale.net\/?p=36467"},"modified":"2026-01-27T00:46:51","modified_gmt":"2026-01-26T23:46:51","slug":"tchaouna-sonde-par-lasm","status":"publish","type":"post","link":"https:\/\/www.ladiagonale.net\/index.php\/2026\/01\/27\/tchaouna-sonde-par-lasm\/","title":{"rendered":"Tchaouna sond\u00e9 par l\u2019ASM ?"},"content":{"rendered":"\n<p>Dimanche, le m\u00e9dia allemand <em>Kicker<\/em> a r\u00e9v\u00e9l\u00e9 qu\u2019<a href=\"https:\/\/www.ladiagonale.net\/index.php\/2026\/01\/25\/ben-seghir-de-retour-a-monaco\/\" target=\"_blank\" rel=\"noreferrer noopener\">un retour d\u2019Eliesse Ben Seghir<\/a> \u00e9tait envisag\u00e9 du c\u00f4t\u00e9 de l\u2019AS Monaco. Tout porte \u00e0 croire que le club de la Principaut\u00e9 chercherait \u00e0 combler le vide laiss\u00e9 par Takumi Minamino \u00e0 la suite de sa grave blessure au genou gauche. Lundi,<em> L\u2019\u00c9quipe<\/em> a r\u00e9v\u00e9l\u00e9 le nom d\u2019une autre piste pour l\u2019attaque mon\u00e9gasque, celle menant \u00e0 Loum Tchaouna. L\u2019ailier droit de Burnley, au profil pourtant bien diff\u00e9rent du Japonais, aurait fait l\u2019objet de renseignements de la part de l\u2019ASM.<\/p>\n\n\n\n<p>\u00c2g\u00e9 de 22 ans, Tchaouna a rejoint l\u2019actuel 19<sup>e<\/sup> de <em>Premier League<\/em> l\u2019\u00e9t\u00e9 dernier, en provenance de la Lazio Rome contre un peu plus de quinze millions d\u2019euros. Il a jou\u00e9 19 rencontres, dont 11 comme titulaire, mais n\u2019a inscrit que deux buts. Le joueur form\u00e9 au Stade Rennais est sous contrat avec les <em>Clarets<\/em> jusqu\u2019en 2030, ce qui laisse envisager un transfert on\u00e9reux et sans doute hors d\u2019atteinte pour les finances de l\u2019ASM, qui doit se serrer la ceinture et d\u2019abord vendre avant d\u2019acheter.<\/p>\n","protected":false},"excerpt":{"rendered":"<p>Dimanche, le m\u00e9dia allemand Kicker a r\u00e9v\u00e9l\u00e9 qu\u2019un retour d\u2019Eliesse Ben Seghir \u00e9tait envisag\u00e9 du c\u00f4t\u00e9 de l\u2019AS Monaco. Tout porte \u00e0 croire que le club de la Principaut\u00e9 chercherait \u00e0 combler le vide laiss\u00e9 par Takumi Minamino \u00e0 la suite de sa grave blessure au genou gauche. Lundi, L\u2019\u00c9quipe a r\u00e9v\u00e9l\u00e9 le nom d\u2019une [&#8230;]\n","protected":false},"author":2,"featured_media":0,"comment_status":"open","ping_status":"open","sticky":false,"template":"","format":"standard","meta":[],"categories":[6,1086],"tags":[86,1183,111,110],"yoast_head":"<!-- This site is optimized with the Yoast SEO plugin v19.8 - https:\/\/yoast.com\/wordpress\/plugins\/seo\/ -->\n<title>Tchaouna sond\u00e9 par l\u2019ASM ? - La Diagonale<\/title>\n<meta name=\"robots\" content=\"index, follow, max-snippet:-1, max-image-preview:large, max-video-preview:-1\" \/>\n<link rel=\"canonical\" href=\"https:\/\/www.ladiagonale.net\/index.php\/2026\/01\/27\/tchaouna-sonde-par-lasm\/\" \/>\n<meta property=\"og:locale\" content=\"fr_FR\" \/>\n<meta property=\"og:type\" content=\"article\" \/>\n<meta property=\"og:title\" content=\"Tchaouna sond\u00e9 par l\u2019ASM ? - La Diagonale\" \/>\n<meta property=\"og:description\" content=\"Dimanche, le m\u00e9dia allemand Kicker a r\u00e9v\u00e9l\u00e9 qu\u2019un retour d\u2019Eliesse Ben Seghir \u00e9tait envisag\u00e9 du c\u00f4t\u00e9 de l\u2019AS Monaco. Tout porte \u00e0 croire que le club de la Principaut\u00e9 chercherait \u00e0 combler le vide laiss\u00e9 par Takumi Minamino \u00e0 la suite de sa grave blessure au genou gauche. Lundi, L\u2019\u00c9quipe a r\u00e9v\u00e9l\u00e9 le nom d\u2019une [...]\" \/>\n<meta property=\"og:url\" content=\"https:\/\/www.ladiagonale.net\/index.php\/2026\/01\/27\/tchaouna-sonde-par-lasm\/\" \/>\n<meta property=\"og:site_name\" content=\"La Diagonale\" \/>\n<meta property=\"article:published_time\" content=\"2026-01-26T23:46:50+00:00\" \/>\n<meta property=\"article:modified_time\" content=\"2026-01-26T23:46:51+00:00\" \/>\n<meta property=\"og:image\" content=\"https:\/\/www.ladiagonale.net\/wp-content\/uploads\/2026\/01\/Tchaouna.png\" \/>\n\t<meta property=\"og:image:width\" content=\"1160\" \/>\n\t<meta property=\"og:image:height\" content=\"650\" \/>\n\t<meta property=\"og:image:type\" content=\"image\/png\" \/>\n<meta name=\"author\" content=\"Damien Dellerba\" \/>\n<meta name=\"twitter:card\" content=\"summary_large_image\" \/>\n<meta name=\"twitter:image\" content=\"https:\/\/www.ladiagonale.net\/wp-content\/uploads\/2026\/01\/Tchaouna.png\" \/>\n<meta name=\"twitter:label1\" content=\"\u00c9crit par\" \/>\n\t<meta name=\"twitter:data1\" content=\"Damien Dellerba\" \/>\n\t<meta name=\"twitter:label2\" content=\"Dur\u00e9e de lecture estim\u00e9e\" \/>\n\t<meta name=\"twitter:data2\" content=\"1 minute\" \/>\n<script type=\"application\/ld+json\" class=\"yoast-schema-graph\">{\"@context\":\"https:\/\/schema.org\",\"@graph\":[{\"@type\":\"WebPage\",\"@id\":\"https:\/\/www.ladiagonale.net\/index.php\/2026\/01\/27\/tchaouna-sonde-par-lasm\/\",\"url\":\"https:\/\/www.ladiagonale.net\/index.php\/2026\/01\/27\/tchaouna-sonde-par-lasm\/\",\"name\":\"Tchaouna sond\u00e9 par l\u2019ASM ? - La Diagonale\",\"isPartOf\":{\"@id\":\"https:\/\/www.ladiagonale.net\/#website\"},\"datePublished\":\"2026-01-26T23:46:50+00:00\",\"dateModified\":\"2026-01-26T23:46:51+00:00\",\"author\":{\"@id\":\"https:\/\/www.ladiagonale.net\/#\/schema\/person\/79ff1e7b0853ed01b2aa26e64ad300bf\"},\"breadcrumb\":{\"@id\":\"https:\/\/www.ladiagonale.net\/index.php\/2026\/01\/27\/tchaouna-sonde-par-lasm\/#breadcrumb\"},\"inLanguage\":\"fr-FR\",\"potentialAction\":[{\"@type\":\"ReadAction\",\"target\":[\"https:\/\/www.ladiagonale.net\/index.php\/2026\/01\/27\/tchaouna-sonde-par-lasm\/\"]}]},{\"@type\":\"BreadcrumbList\",\"@id\":\"https:\/\/www.ladiagonale.net\/index.php\/2026\/01\/27\/tchaouna-sonde-par-lasm\/#breadcrumb\",\"itemListElement\":[{\"@type\":\"ListItem\",\"position\":1,\"name\":\"Accueil\",\"item\":\"https:\/\/www.ladiagonale.net\/\"},{\"@type\":\"ListItem\",\"position\":2,\"name\":\"Tchaouna sond\u00e9 par l\u2019ASM ?\"}]},{\"@type\":\"WebSite\",\"@id\":\"https:\/\/www.ladiagonale.net\/#website\",\"url\":\"https:\/\/www.ladiagonale.net\/\",\"name\":\"La Diagonale\",\"description\":\"Le site des supporters de l&#039;AS Monaco FC\",\"potentialAction\":[{\"@type\":\"SearchAction\",\"target\":{\"@type\":\"EntryPoint\",\"urlTemplate\":\"https:\/\/www.ladiagonale.net\/?s={search_term_string}\"},\"query-input\":\"required name=search_term_string\"}],\"inLanguage\":\"fr-FR\"},{\"@type\":\"Person\",\"@id\":\"https:\/\/www.ladiagonale.net\/#\/schema\/person\/79ff1e7b0853ed01b2aa26e64ad300bf\",\"name\":\"Damien Dellerba\",\"image\":{\"@type\":\"ImageObject\",\"inLanguage\":\"fr-FR\",\"@id\":\"https:\/\/www.ladiagonale.net\/#\/schema\/person\/image\/\",\"url\":\"https:\/\/secure.gravatar.com\/avatar\/c7850e06d3ff63cdbaee88b7fc16e2f0?s=96&d=mm&r=g\",\"contentUrl\":\"https:\/\/secure.gravatar.com\/avatar\/c7850e06d3ff63cdbaee88b7fc16e2f0?s=96&d=mm&r=g\",\"caption\":\"Damien Dellerba\"},\"url\":\"https:\/\/www.ladiagonale.net\/index.php\/author\/damien\/\"}]}<\/script>\n<!-- \/ Yoast SEO plugin. -->","yoast_head_json":{"title":"Tchaouna sond\u00e9 par l\u2019ASM ? - La Diagonale","robots":{"index":"index","follow":"follow","max-snippet":"max-snippet:-1","max-image-preview":"max-image-preview:large","max-video-preview":"max-video-preview:-1"},"canonical":"https:\/\/www.ladiagonale.net\/index.php\/2026\/01\/27\/tchaouna-sonde-par-lasm\/","og_locale":"fr_FR","og_type":"article","og_title":"Tchaouna sond\u00e9 par l\u2019ASM ? - La Diagonale","og_description":"Dimanche, le m\u00e9dia allemand Kicker a r\u00e9v\u00e9l\u00e9 qu\u2019un retour d\u2019Eliesse Ben Seghir \u00e9tait envisag\u00e9 du c\u00f4t\u00e9 de l\u2019AS Monaco. Tout porte \u00e0 croire que le club de la Principaut\u00e9 chercherait \u00e0 combler le vide laiss\u00e9 par Takumi Minamino \u00e0 la suite de sa grave blessure au genou gauche. Lundi, L\u2019\u00c9quipe a r\u00e9v\u00e9l\u00e9 le nom d\u2019une [...]","og_url":"https:\/\/www.ladiagonale.net\/index.php\/2026\/01\/27\/tchaouna-sonde-par-lasm\/","og_site_name":"La Diagonale","article_published_time":"2026-01-26T23:46:50+00:00","article_modified_time":"2026-01-26T23:46:51+00:00","og_image":[{"width":1160,"height":650,"url":"https:\/\/www.ladiagonale.net\/wp-content\/uploads\/2026\/01\/Tchaouna.png","type":"image\/png"}],"author":"Damien Dellerba","twitter_card":"summary_large_image","twitter_image":"https:\/\/www.ladiagonale.net\/wp-content\/uploads\/2026\/01\/Tchaouna.png","twitter_misc":{"\u00c9crit par":"Damien Dellerba","Dur\u00e9e de lecture estim\u00e9e":"1 minute"},"schema":{"@context":"https:\/\/schema.org","@graph":[{"@type":"WebPage","@id":"https:\/\/www.ladiagonale.net\/index.php\/2026\/01\/27\/tchaouna-sonde-par-lasm\/","url":"https:\/\/www.ladiagonale.net\/index.php\/2026\/01\/27\/tchaouna-sonde-par-lasm\/","name":"Tchaouna sond\u00e9 par l\u2019ASM ? - La Diagonale","isPartOf":{"@id":"https:\/\/www.ladiagonale.net\/#website"},"datePublished":"2026-01-26T23:46:50+00:00","dateModified":"2026-01-26T23:46:51+00:00","author":{"@id":"https:\/\/www.ladiagonale.net\/#\/schema\/person\/79ff1e7b0853ed01b2aa26e64ad300bf"},"breadcrumb":{"@id":"https:\/\/www.ladiagonale.net\/index.php\/2026\/01\/27\/tchaouna-sonde-par-lasm\/#breadcrumb"},"inLanguage":"fr-FR","potentialAction":[{"@type":"ReadAction","target":["https:\/\/www.ladiagonale.net\/index.php\/2026\/01\/27\/tchaouna-sonde-par-lasm\/"]}]},{"@type":"BreadcrumbList","@id":"https:\/\/www.ladiagonale.net\/index.php\/2026\/01\/27\/tchaouna-sonde-par-lasm\/#breadcrumb","itemListElement":[{"@type":"ListItem","position":1,"name":"Accueil","item":"https:\/\/www.ladiagonale.net\/"},{"@type":"ListItem","position":2,"name":"Tchaouna sond\u00e9 par l\u2019ASM ?"}]},{"@type":"WebSite","@id":"https:\/\/www.ladiagonale.net\/#website","url":"https:\/\/www.ladiagonale.net\/","name":"La Diagonale","description":"Le site des supporters de l&#039;AS Monaco FC","potentialAction":[{"@type":"SearchAction","target":{"@type":"EntryPoint","urlTemplate":"https:\/\/www.ladiagonale.net\/?s={search_term_string}"},"query-input":"required name=search_term_string"}],"inLanguage":"fr-FR"},{"@type":"Person","@id":"https:\/\/www.ladiagonale.net\/#\/schema\/person\/79ff1e7b0853ed01b2aa26e64ad300bf","name":"Damien Dellerba","image":{"@type":"ImageObject","inLanguage":"fr-FR","@id":"https:\/\/www.ladiagonale.net\/#\/schema\/person\/image\/","url":"https:\/\/secure.gravatar.com\/avatar\/c7850e06d3ff63cdbaee88b7fc16e2f0?s=96&d=mm&r=g","contentUrl":"https:\/\/secure.gravatar.com\/avatar\/c7850e06d3ff63cdbaee88b7fc16e2f0?s=96&d=mm&r=g","caption":"Damien Dellerba"},"url":"https:\/\/www.ladiagonale.net\/index.php\/author\/damien\/"}]}},"_links":{"self":[{"href":"https:\/\/www.ladiagonale.net\/index.php\/wp-json\/wp\/v2\/posts\/36467"}],"collection":[{"href":"https:\/\/www.ladiagonale.net\/index.php\/wp-json\/wp\/v2\/posts"}],"about":[{"href":"https:\/\/www.ladiagonale.net\/index.php\/wp-json\/wp\/v2\/types\/post"}],"author":[{"embeddable":true,"href":"https:\/\/www.ladiagonale.net\/index.php\/wp-json\/wp\/v2\/users\/2"}],"replies":[{"embeddable":true,"href":"https:\/\/www.ladiagonale.net\/index.php\/wp-json\/wp\/v2\/comments?post=36467"}],"version-history":[{"count":1,"href":"https:\/\/www.ladiagonale.net\/index.php\/wp-json\/wp\/v2\/posts\/36467\/revisions"}],"predecessor-version":[{"id":36469,"href":"https:\/\/www.ladiagonale.net\/index.php\/wp-json\/wp\/v2\/posts\/36467\/revisions\/36469"}],"wp:attachment":[{"href":"https:\/\/www.ladiagonale.net\/index.php\/wp-json\/wp\/v2\/media?parent=36467"}],"wp:term":[{"taxonomy":"category","embeddable":true,"href":"https:\/\/www.ladiagonale.net\/index.php\/wp-json\/wp\/v2\/categories?post=36467"},{"taxonomy":"post_tag","embeddable":true,"href":"https:\/\/www.ladiagonale.net\/index.php\/wp-json\/wp\/v2\/tags?post=36467"}],"curies":[{"name":"wp","href":"https:\/\/api.w.org\/{rel}","templated":true}]}}