{"id":36470,"date":"2026-01-27T02:37:58","date_gmt":"2026-01-27T01:37:58","guid":{"rendered":"https:\/\/www.ladiagonale.net\/?p=36470"},"modified":"2026-01-27T02:37:58","modified_gmt":"2026-01-27T01:37:58","slug":"monaco-aurait-ete-recale-pour-djeidi-gassama","status":"publish","type":"post","link":"https:\/\/www.ladiagonale.net\/index.php\/2026\/01\/27\/monaco-aurait-ete-recale-pour-djeidi-gassama\/","title":{"rendered":"Monaco aurait \u00e9t\u00e9 recal\u00e9 pour Djeidi Gassama"},"content":{"rendered":"\n<p>L\u2019AS Monaco est-elle en train de passer la vitesse sup\u00e9rieure sur ce mercato hivernal ? La multiplication des rumeurs semble l\u2019indiquer. Apr\u00e8s Eliesse Ben Seghir et Loum Tchaouna, c\u2019est sur le dossier Djeidi Gassama que le club de la Principaut\u00e9 se serait pench\u00e9. Et aurait m\u00eame tent\u00e9 d\u2019avancer rapidement, puisque selon <em>Foot Mercato<\/em>, les dirigeants mon\u00e9gasques auraient formul\u00e9 une offre de pr\u00eat avec obligation d\u2019achat. Celle-ci aurait cependant \u00e9t\u00e9 refus\u00e9e par les Rangers, avec qui le Fran\u00e7ais de 22 ans est li\u00e9 jusqu\u2019en 2029.<\/p>\n\n\n\n<p>Il n&rsquo;est pas dit que l\u2019ASM puisse revenir \u00e0 la charge avec d\u2019autres arguments, en raison de ses finances limit\u00e9es, d\u2019autant plus que le club \u00e9cossais semble compter sur l\u2019ailier gauche pour cette deuxi\u00e8me moiti\u00e9 de saison. R\u00e9guli\u00e8rement titulaire avec l&rsquo;actuel deuxi\u00e8me de <em>Scottish Premiership<\/em>, Gassama a d\u00e9j\u00e0 disput\u00e9 le nombre \u00e9lev\u00e9 de 39 rencontres toutes comp\u00e9titions confondues pour sept buts inscrits.<\/p>\n\n\n","protected":false},"excerpt":{"rendered":"<p>L\u2019AS Monaco est-elle en train de passer la vitesse sup\u00e9rieure sur ce mercato hivernal ? La multiplication des rumeurs semble l\u2019indiquer. Apr\u00e8s Eliesse Ben Seghir et Loum Tchaouna, c\u2019est sur le dossier Djeidi Gassama que le club de la Principaut\u00e9 se serait pench\u00e9. Et aurait m\u00eame tent\u00e9 d\u2019avancer rapidement, puisque selon Foot Mercato, les dirigeants [&#8230;]\n","protected":false},"author":2,"featured_media":0,"comment_status":"open","ping_status":"open","sticky":false,"template":"","format":"standard","meta":[],"categories":[6,1086],"tags":[86,1184,111,110],"yoast_head":"<!-- This site is optimized with the Yoast SEO plugin v19.8 - https:\/\/yoast.com\/wordpress\/plugins\/seo\/ -->\n<title>Monaco aurait \u00e9t\u00e9 recal\u00e9 pour Djeidi Gassama - La Diagonale<\/title>\n<meta name=\"robots\" content=\"index, follow, max-snippet:-1, max-image-preview:large, max-video-preview:-1\" \/>\n<link rel=\"canonical\" href=\"https:\/\/www.ladiagonale.net\/index.php\/2026\/01\/27\/monaco-aurait-ete-recale-pour-djeidi-gassama\/\" \/>\n<meta property=\"og:locale\" content=\"fr_FR\" \/>\n<meta property=\"og:type\" content=\"article\" \/>\n<meta property=\"og:title\" content=\"Monaco aurait \u00e9t\u00e9 recal\u00e9 pour Djeidi Gassama - La Diagonale\" \/>\n<meta property=\"og:description\" content=\"L\u2019AS Monaco est-elle en train de passer la vitesse sup\u00e9rieure sur ce mercato hivernal ? La multiplication des rumeurs semble l\u2019indiquer. Apr\u00e8s Eliesse Ben Seghir et Loum Tchaouna, c\u2019est sur le dossier Djeidi Gassama que le club de la Principaut\u00e9 se serait pench\u00e9. Et aurait m\u00eame tent\u00e9 d\u2019avancer rapidement, puisque selon Foot Mercato, les dirigeants [...]\" \/>\n<meta property=\"og:url\" content=\"https:\/\/www.ladiagonale.net\/index.php\/2026\/01\/27\/monaco-aurait-ete-recale-pour-djeidi-gassama\/\" \/>\n<meta property=\"og:site_name\" content=\"La Diagonale\" \/>\n<meta property=\"article:published_time\" content=\"2026-01-27T01:37:58+00:00\" \/>\n<meta property=\"og:image\" content=\"https:\/\/www.ladiagonale.net\/wp-content\/uploads\/2026\/01\/Gassama.png\" \/>\n\t<meta property=\"og:image:width\" content=\"1160\" \/>\n\t<meta property=\"og:image:height\" content=\"650\" \/>\n\t<meta property=\"og:image:type\" content=\"image\/png\" \/>\n<meta name=\"author\" content=\"Damien Dellerba\" \/>\n<meta name=\"twitter:card\" content=\"summary_large_image\" \/>\n<meta name=\"twitter:image\" content=\"https:\/\/www.ladiagonale.net\/wp-content\/uploads\/2026\/01\/Gassama.png\" \/>\n<meta name=\"twitter:label1\" content=\"\u00c9crit par\" \/>\n\t<meta name=\"twitter:data1\" content=\"Damien Dellerba\" \/>\n\t<meta name=\"twitter:label2\" content=\"Dur\u00e9e de lecture estim\u00e9e\" \/>\n\t<meta name=\"twitter:data2\" content=\"1 minute\" \/>\n<script type=\"application\/ld+json\" class=\"yoast-schema-graph\">{\"@context\":\"https:\/\/schema.org\",\"@graph\":[{\"@type\":\"WebPage\",\"@id\":\"https:\/\/www.ladiagonale.net\/index.php\/2026\/01\/27\/monaco-aurait-ete-recale-pour-djeidi-gassama\/\",\"url\":\"https:\/\/www.ladiagonale.net\/index.php\/2026\/01\/27\/monaco-aurait-ete-recale-pour-djeidi-gassama\/\",\"name\":\"Monaco aurait \u00e9t\u00e9 recal\u00e9 pour Djeidi Gassama - La Diagonale\",\"isPartOf\":{\"@id\":\"https:\/\/www.ladiagonale.net\/#website\"},\"datePublished\":\"2026-01-27T01:37:58+00:00\",\"dateModified\":\"2026-01-27T01:37:58+00:00\",\"author\":{\"@id\":\"https:\/\/www.ladiagonale.net\/#\/schema\/person\/79ff1e7b0853ed01b2aa26e64ad300bf\"},\"breadcrumb\":{\"@id\":\"https:\/\/www.ladiagonale.net\/index.php\/2026\/01\/27\/monaco-aurait-ete-recale-pour-djeidi-gassama\/#breadcrumb\"},\"inLanguage\":\"fr-FR\",\"potentialAction\":[{\"@type\":\"ReadAction\",\"target\":[\"https:\/\/www.ladiagonale.net\/index.php\/2026\/01\/27\/monaco-aurait-ete-recale-pour-djeidi-gassama\/\"]}]},{\"@type\":\"BreadcrumbList\",\"@id\":\"https:\/\/www.ladiagonale.net\/index.php\/2026\/01\/27\/monaco-aurait-ete-recale-pour-djeidi-gassama\/#breadcrumb\",\"itemListElement\":[{\"@type\":\"ListItem\",\"position\":1,\"name\":\"Accueil\",\"item\":\"https:\/\/www.ladiagonale.net\/\"},{\"@type\":\"ListItem\",\"position\":2,\"name\":\"Monaco aurait \u00e9t\u00e9 recal\u00e9 pour Djeidi Gassama\"}]},{\"@type\":\"WebSite\",\"@id\":\"https:\/\/www.ladiagonale.net\/#website\",\"url\":\"https:\/\/www.ladiagonale.net\/\",\"name\":\"La Diagonale\",\"description\":\"Le site des supporters de l&#039;AS Monaco FC\",\"potentialAction\":[{\"@type\":\"SearchAction\",\"target\":{\"@type\":\"EntryPoint\",\"urlTemplate\":\"https:\/\/www.ladiagonale.net\/?s={search_term_string}\"},\"query-input\":\"required name=search_term_string\"}],\"inLanguage\":\"fr-FR\"},{\"@type\":\"Person\",\"@id\":\"https:\/\/www.ladiagonale.net\/#\/schema\/person\/79ff1e7b0853ed01b2aa26e64ad300bf\",\"name\":\"Damien Dellerba\",\"image\":{\"@type\":\"ImageObject\",\"inLanguage\":\"fr-FR\",\"@id\":\"https:\/\/www.ladiagonale.net\/#\/schema\/person\/image\/\",\"url\":\"https:\/\/secure.gravatar.com\/avatar\/c7850e06d3ff63cdbaee88b7fc16e2f0?s=96&d=mm&r=g\",\"contentUrl\":\"https:\/\/secure.gravatar.com\/avatar\/c7850e06d3ff63cdbaee88b7fc16e2f0?s=96&d=mm&r=g\",\"caption\":\"Damien Dellerba\"},\"url\":\"https:\/\/www.ladiagonale.net\/index.php\/author\/damien\/\"}]}<\/script>\n<!-- \/ Yoast SEO plugin. -->","yoast_head_json":{"title":"Monaco aurait \u00e9t\u00e9 recal\u00e9 pour Djeidi Gassama - La Diagonale","robots":{"index":"index","follow":"follow","max-snippet":"max-snippet:-1","max-image-preview":"max-image-preview:large","max-video-preview":"max-video-preview:-1"},"canonical":"https:\/\/www.ladiagonale.net\/index.php\/2026\/01\/27\/monaco-aurait-ete-recale-pour-djeidi-gassama\/","og_locale":"fr_FR","og_type":"article","og_title":"Monaco aurait \u00e9t\u00e9 recal\u00e9 pour Djeidi Gassama - La Diagonale","og_description":"L\u2019AS Monaco est-elle en train de passer la vitesse sup\u00e9rieure sur ce mercato hivernal ? La multiplication des rumeurs semble l\u2019indiquer. Apr\u00e8s Eliesse Ben Seghir et Loum Tchaouna, c\u2019est sur le dossier Djeidi Gassama que le club de la Principaut\u00e9 se serait pench\u00e9. Et aurait m\u00eame tent\u00e9 d\u2019avancer rapidement, puisque selon Foot Mercato, les dirigeants [...]","og_url":"https:\/\/www.ladiagonale.net\/index.php\/2026\/01\/27\/monaco-aurait-ete-recale-pour-djeidi-gassama\/","og_site_name":"La Diagonale","article_published_time":"2026-01-27T01:37:58+00:00","og_image":[{"width":1160,"height":650,"url":"https:\/\/www.ladiagonale.net\/wp-content\/uploads\/2026\/01\/Gassama.png","type":"image\/png"}],"author":"Damien Dellerba","twitter_card":"summary_large_image","twitter_image":"https:\/\/www.ladiagonale.net\/wp-content\/uploads\/2026\/01\/Gassama.png","twitter_misc":{"\u00c9crit par":"Damien Dellerba","Dur\u00e9e de lecture estim\u00e9e":"1 minute"},"schema":{"@context":"https:\/\/schema.org","@graph":[{"@type":"WebPage","@id":"https:\/\/www.ladiagonale.net\/index.php\/2026\/01\/27\/monaco-aurait-ete-recale-pour-djeidi-gassama\/","url":"https:\/\/www.ladiagonale.net\/index.php\/2026\/01\/27\/monaco-aurait-ete-recale-pour-djeidi-gassama\/","name":"Monaco aurait \u00e9t\u00e9 recal\u00e9 pour Djeidi Gassama - La Diagonale","isPartOf":{"@id":"https:\/\/www.ladiagonale.net\/#website"},"datePublished":"2026-01-27T01:37:58+00:00","dateModified":"2026-01-27T01:37:58+00:00","author":{"@id":"https:\/\/www.ladiagonale.net\/#\/schema\/person\/79ff1e7b0853ed01b2aa26e64ad300bf"},"breadcrumb":{"@id":"https:\/\/www.ladiagonale.net\/index.php\/2026\/01\/27\/monaco-aurait-ete-recale-pour-djeidi-gassama\/#breadcrumb"},"inLanguage":"fr-FR","potentialAction":[{"@type":"ReadAction","target":["https:\/\/www.ladiagonale.net\/index.php\/2026\/01\/27\/monaco-aurait-ete-recale-pour-djeidi-gassama\/"]}]},{"@type":"BreadcrumbList","@id":"https:\/\/www.ladiagonale.net\/index.php\/2026\/01\/27\/monaco-aurait-ete-recale-pour-djeidi-gassama\/#breadcrumb","itemListElement":[{"@type":"ListItem","position":1,"name":"Accueil","item":"https:\/\/www.ladiagonale.net\/"},{"@type":"ListItem","position":2,"name":"Monaco aurait \u00e9t\u00e9 recal\u00e9 pour Djeidi Gassama"}]},{"@type":"WebSite","@id":"https:\/\/www.ladiagonale.net\/#website","url":"https:\/\/www.ladiagonale.net\/","name":"La Diagonale","description":"Le site des supporters de l&#039;AS Monaco FC","potentialAction":[{"@type":"SearchAction","target":{"@type":"EntryPoint","urlTemplate":"https:\/\/www.ladiagonale.net\/?s={search_term_string}"},"query-input":"required name=search_term_string"}],"inLanguage":"fr-FR"},{"@type":"Person","@id":"https:\/\/www.ladiagonale.net\/#\/schema\/person\/79ff1e7b0853ed01b2aa26e64ad300bf","name":"Damien Dellerba","image":{"@type":"ImageObject","inLanguage":"fr-FR","@id":"https:\/\/www.ladiagonale.net\/#\/schema\/person\/image\/","url":"https:\/\/secure.gravatar.com\/avatar\/c7850e06d3ff63cdbaee88b7fc16e2f0?s=96&d=mm&r=g","contentUrl":"https:\/\/secure.gravatar.com\/avatar\/c7850e06d3ff63cdbaee88b7fc16e2f0?s=96&d=mm&r=g","caption":"Damien Dellerba"},"url":"https:\/\/www.ladiagonale.net\/index.php\/author\/damien\/"}]}},"_links":{"self":[{"href":"https:\/\/www.ladiagonale.net\/index.php\/wp-json\/wp\/v2\/posts\/36470"}],"collection":[{"href":"https:\/\/www.ladiagonale.net\/index.php\/wp-json\/wp\/v2\/posts"}],"about":[{"href":"https:\/\/www.ladiagonale.net\/index.php\/wp-json\/wp\/v2\/types\/post"}],"author":[{"embeddable":true,"href":"https:\/\/www.ladiagonale.net\/index.php\/wp-json\/wp\/v2\/users\/2"}],"replies":[{"embeddable":true,"href":"https:\/\/www.ladiagonale.net\/index.php\/wp-json\/wp\/v2\/comments?post=36470"}],"version-history":[{"count":1,"href":"https:\/\/www.ladiagonale.net\/index.php\/wp-json\/wp\/v2\/posts\/36470\/revisions"}],"predecessor-version":[{"id":36472,"href":"https:\/\/www.ladiagonale.net\/index.php\/wp-json\/wp\/v2\/posts\/36470\/revisions\/36472"}],"wp:attachment":[{"href":"https:\/\/www.ladiagonale.net\/index.php\/wp-json\/wp\/v2\/media?parent=36470"}],"wp:term":[{"taxonomy":"category","embeddable":true,"href":"https:\/\/www.ladiagonale.net\/index.php\/wp-json\/wp\/v2\/categories?post=36470"},{"taxonomy":"post_tag","embeddable":true,"href":"https:\/\/www.ladiagonale.net\/index.php\/wp-json\/wp\/v2\/tags?post=36470"}],"curies":[{"name":"wp","href":"https:\/\/api.w.org\/{rel}","templated":true}]}}